{"id":24745,"date":"2025-10-24T17:22:03","date_gmt":"2025-10-24T20:22:03","guid":{"rendered":"https:\/\/serrafm879.com.br\/serrafm\/?p=24745"},"modified":"2025-10-27T17:22:52","modified_gmt":"2025-10-27T20:22:52","slug":"pe-terceiro-estado-com-menos-guardas-armadas-do-brasil","status":"publish","type":"post","link":"https:\/\/serrafm879.com.br\/serrafm\/2025\/10\/pe-terceiro-estado-com-menos-guardas-armadas-do-brasil\/","title":{"rendered":"PE: Terceiro estado com menos guardas armadas do Brasil"},"content":{"rendered":"<p>Pernambuco ocupa o terceiro lugar entre os estados com menor percentual de guardas municipais armadas do pa\u00eds, segundo o Diagn\u00f3stico Nacional das Guardas Municipais, divulgado pelo Minist\u00e9rio da Justi\u00e7a e Seguran\u00e7a P\u00fablica (MJSP). Apenas 6,38% das corpora\u00e7\u00f5es pernambucanas fazem uso de armas de fogo, \u00edndice inferior \u00e0 m\u00e9dia nacional (41,15%) e que coloca o estado atr\u00e1s apenas de Rond\u00f4nia (0%) e Rio de Janeiro (2,33%).<\/p>\n<p>O levantamento, o primeiro do tipo realizado no Brasil, foi conduzido pela Universidade Federal de Vi\u00e7osa (UFV) em parceria com a Secretaria Nacional de Seguran\u00e7a P\u00fablica (Senasp) e o Programa das Na\u00e7\u00f5es Unidas para o Desenvolvimento (PNUD). O estudo faz parte das a\u00e7\u00f5es do Programa Munic\u00edpio Mais Seguro, que pretende investir R$ 171 milh\u00f5es em munic\u00edpios brasileiros para fortalecer as estruturas locais de seguran\u00e7a e ampliar a atua\u00e7\u00e3o das guardas municipais.<\/p>\n<p>Em territ\u00f3rio pernambucano, 89 munic\u00edpios possuem uma corpora\u00e7\u00e3o desse tipo estruturada. Entre eles est\u00e3o, por exemplo, Recife, Olinda, Jaboat\u00e3o dos Guararapes, Cabo de Santo Agostinho e Paulista, na Regi\u00e3o Metropolitana; Vit\u00f3ria de Santo Ant\u00e3o, Carpina, Gl\u00f3ria do Goit\u00e1, Escada, Palmares e Ribeir\u00e3o, nas zonas da Mata Norte e Sul; Santa Cruz do Capibaribe, Caruaru e Garanhuns, no Agreste; Triunfo, Tabira, Serra Talhada e Orob\u00f3, no Sert\u00e3o; entre outras. Esse n\u00famero corresponde a 48,11% do total de munic\u00edpios do estado. No entanto, apenas 47 responderam \u00e0s perguntas para participar do diagn\u00f3stico realizado pelo Minist\u00e9rio.<\/p>\n<p>Em todo o pa\u00eds, a pasta identificou a exist\u00eancia de 1.238 guardas municipais, mas s\u00f3 678 participaram do levantamento. O Nordeste lidera em n\u00famero absoluto de corpora\u00e7\u00f5es: 653, o que representa 52,75% do total de efetivos do pa\u00eds. Por outro lado, o Sul (79,37%) e o Centro-Oeste (70,37%) concentram as maiores propor\u00e7\u00f5es de guardas armadas em rela\u00e7\u00e3o ao n\u00famero de corpora\u00e7\u00f5es existentes.<\/p>\n","protected":false},"excerpt":{"rendered":"<p>Pernambuco ocupa o terceiro lugar entre os estados com menor percentual de guardas municipais armadas do pa\u00eds, segundo o Diagn\u00f3stico Nacional das Guardas Municipais, divulgado pelo Minist\u00e9rio da Justi\u00e7a e Seguran\u00e7a P\u00fablica (MJSP). Apenas 6,38% das corpora\u00e7\u00f5es pernambucanas fazem uso de armas de fogo, \u00edndice inferior \u00e0 m\u00e9dia nacional (41,15%) e que coloca o estado atr\u00e1s apenas de Rond\u00f4nia (0%) e Rio de Janeiro (2,33%). O levantamento, o primeiro do tipo realizado no Brasil, foi conduzido pela Universidade Federal de Vi\u00e7osa (UFV) em parceria com a Secretaria Nacional de Seguran\u00e7a P\u00fablica (Senasp) e o Programa das Na\u00e7\u00f5es Unidas para o [&hellip;]<\/p>\n","protected":false},"author":2,"featured_media":14995,"comment_status":"open","ping_status":"open","sticky":false,"template":"","format":"standard","meta":{"_jetpack_newsletter_access":"","_jetpack_dont_email_post_to_subs":false,"_jetpack_newsletter_tier_id":0,"_jetpack_memberships_contains_paywalled_content":false,"_jetpack_feature_clip_id":0,"_jetpack_memberships_contains_paid_content":false,"footnotes":"","jetpack_publicize_message":"","jetpack_publicize_feature_enabled":true,"jetpack_social_post_already_shared":true,"jetpack_social_options":{"image_generator_settings":{"template":"highway","default_image_id":0,"font":"","enabled":false},"version":2},"jetpack_post_was_ever_published":false},"categories":[288],"tags":[],"class_list":["post-24745","post","type-post","status-publish","format-standard","has-post-thumbnail","hentry","category-pernambuco"],"aioseo_notices":[],"aioseo_head":"\n\t\t<!-- All in One SEO 4.9.10 - aioseo.com -->\n\t<meta name=\"description\" content=\"Pernambuco ocupa o terceiro lugar entre os estados com menor percentual de guardas municipais armadas do pa\u00eds, segundo o Diagn\u00f3stico Nacional das Guardas Municipais, divulgado pelo Minist\u00e9rio da Justi\u00e7a e Seguran\u00e7a P\u00fablica (MJSP). Apenas 6,38% das corpora\u00e7\u00f5es pernambucanas fazem uso de armas de fogo, \u00edndice inferior \u00e0 m\u00e9dia nacional (41,15%) e que coloca o estado\" \/>\n\t<meta name=\"robots\" content=\"max-image-preview:large\" \/>\n\t<meta name=\"author\" content=\"serrafm87\"\/>\n\t<link rel=\"canonical\" href=\"https:\/\/serrafm879.com.br\/serrafm\/2025\/10\/pe-terceiro-estado-com-menos-guardas-armadas-do-brasil\/\" \/>\n\t<meta name=\"generator\" content=\"All in One SEO (AIOSEO) 4.9.10\" \/>\n\t\t<meta name=\"twitter:card\" content=\"summary_large_image\" \/>\n\t\t<meta name=\"twitter:title\" content=\"PE: Terceiro estado com menos guardas armadas do Brasil - Serra FM 87,9\" \/>\n\t\t<meta name=\"twitter:description\" content=\"Pernambuco ocupa o terceiro lugar entre os estados com menor percentual de guardas municipais armadas do pa\u00eds, segundo o Diagn\u00f3stico Nacional das Guardas Municipais, divulgado pelo Minist\u00e9rio da Justi\u00e7a e Seguran\u00e7a P\u00fablica (MJSP). Apenas 6,38% das corpora\u00e7\u00f5es pernambucanas fazem uso de armas de fogo, \u00edndice inferior \u00e0 m\u00e9dia nacional (41,15%) e que coloca o estado\" \/>\n\t\t<meta name=\"twitter:image\" content=\"https:\/\/serrafm879.com.br\/serrafm\/wp-content\/uploads\/2023\/11\/guarda-660x330-1.jpg\" \/>\n\t\t<script type=\"application\/ld+json\" class=\"aioseo-schema\">\n\t\t\t{\"@context\":\"https:\\\/\\\/schema.org\",\"@graph\":[{\"@type\":\"BlogPosting\",\"@id\":\"https:\\\/\\\/serrafm879.com.br\\\/serrafm\\\/2025\\\/10\\\/pe-terceiro-estado-com-menos-guardas-armadas-do-brasil\\\/#blogposting\",\"name\":\"PE: Terceiro estado com menos guardas armadas do Brasil - Serra FM 87,9\",\"headline\":\"PE: Terceiro estado com menos guardas armadas do Brasil\",\"author\":{\"@id\":\"https:\\\/\\\/serrafm879.com.br\\\/serrafm\\\/author\\\/serrafm87\\\/#author\"},\"publisher\":{\"@id\":\"https:\\\/\\\/serrafm879.com.br\\\/serrafm\\\/#organization\"},\"image\":{\"@type\":\"ImageObject\",\"url\":\"https:\\\/\\\/serrafm879.com.br\\\/serrafm\\\/wp-content\\\/uploads\\\/2023\\\/11\\\/guarda-660x330-1.jpg\",\"width\":660,\"height\":330},\"datePublished\":\"2025-10-24T17:22:03-03:00\",\"dateModified\":\"2025-10-27T17:22:52-03:00\",\"inLanguage\":\"pt-BR\",\"mainEntityOfPage\":{\"@id\":\"https:\\\/\\\/serrafm879.com.br\\\/serrafm\\\/2025\\\/10\\\/pe-terceiro-estado-com-menos-guardas-armadas-do-brasil\\\/#webpage\"},\"isPartOf\":{\"@id\":\"https:\\\/\\\/serrafm879.com.br\\\/serrafm\\\/2025\\\/10\\\/pe-terceiro-estado-com-menos-guardas-armadas-do-brasil\\\/#webpage\"},\"articleSection\":\"Pernambuco\"},{\"@type\":\"BreadcrumbList\",\"@id\":\"https:\\\/\\\/serrafm879.com.br\\\/serrafm\\\/2025\\\/10\\\/pe-terceiro-estado-com-menos-guardas-armadas-do-brasil\\\/#breadcrumblist\",\"itemListElement\":[{\"@type\":\"ListItem\",\"@id\":\"https:\\\/\\\/serrafm879.com.br\\\/serrafm#listItem\",\"position\":1,\"name\":\"Home\",\"item\":\"https:\\\/\\\/serrafm879.com.br\\\/serrafm\",\"nextItem\":{\"@type\":\"ListItem\",\"@id\":\"https:\\\/\\\/serrafm879.com.br\\\/serrafm\\\/categoria\\\/pernambuco\\\/#listItem\",\"name\":\"Pernambuco\"}},{\"@type\":\"ListItem\",\"@id\":\"https:\\\/\\\/serrafm879.com.br\\\/serrafm\\\/categoria\\\/pernambuco\\\/#listItem\",\"position\":2,\"name\":\"Pernambuco\",\"item\":\"https:\\\/\\\/serrafm879.com.br\\\/serrafm\\\/categoria\\\/pernambuco\\\/\",\"nextItem\":{\"@type\":\"ListItem\",\"@id\":\"https:\\\/\\\/serrafm879.com.br\\\/serrafm\\\/2025\\\/10\\\/pe-terceiro-estado-com-menos-guardas-armadas-do-brasil\\\/#listItem\",\"name\":\"PE: Terceiro estado com menos guardas armadas do Brasil\"},\"previousItem\":{\"@type\":\"ListItem\",\"@id\":\"https:\\\/\\\/serrafm879.com.br\\\/serrafm#listItem\",\"name\":\"Home\"}},{\"@type\":\"ListItem\",\"@id\":\"https:\\\/\\\/serrafm879.com.br\\\/serrafm\\\/2025\\\/10\\\/pe-terceiro-estado-com-menos-guardas-armadas-do-brasil\\\/#listItem\",\"position\":3,\"name\":\"PE: Terceiro estado com menos guardas armadas do Brasil\",\"previousItem\":{\"@type\":\"ListItem\",\"@id\":\"https:\\\/\\\/serrafm879.com.br\\\/serrafm\\\/categoria\\\/pernambuco\\\/#listItem\",\"name\":\"Pernambuco\"}}]},{\"@type\":\"Organization\",\"@id\":\"https:\\\/\\\/serrafm879.com.br\\\/serrafm\\\/#organization\",\"name\":\"Serra FM 87,9\",\"description\":\"O seu novo amor!\",\"url\":\"https:\\\/\\\/serrafm879.com.br\\\/serrafm\\\/\"},{\"@type\":\"Person\",\"@id\":\"https:\\\/\\\/serrafm879.com.br\\\/serrafm\\\/author\\\/serrafm87\\\/#author\",\"url\":\"https:\\\/\\\/serrafm879.com.br\\\/serrafm\\\/author\\\/serrafm87\\\/\",\"name\":\"serrafm87\",\"image\":{\"@type\":\"ImageObject\",\"@id\":\"https:\\\/\\\/serrafm879.com.br\\\/serrafm\\\/2025\\\/10\\\/pe-terceiro-estado-com-menos-guardas-armadas-do-brasil\\\/#authorImage\",\"url\":\"https:\\\/\\\/secure.gravatar.com\\\/avatar\\\/a743233f1112d34f48bb3dc9559b76eb930bab8b27175856cba6362608736235?s=96&d=mm&r=g\",\"width\":96,\"height\":96,\"caption\":\"serrafm87\"}},{\"@type\":\"WebPage\",\"@id\":\"https:\\\/\\\/serrafm879.com.br\\\/serrafm\\\/2025\\\/10\\\/pe-terceiro-estado-com-menos-guardas-armadas-do-brasil\\\/#webpage\",\"url\":\"https:\\\/\\\/serrafm879.com.br\\\/serrafm\\\/2025\\\/10\\\/pe-terceiro-estado-com-menos-guardas-armadas-do-brasil\\\/\",\"name\":\"PE: Terceiro estado com menos guardas armadas do Brasil - Serra FM 87,9\",\"description\":\"Pernambuco ocupa o terceiro lugar entre os estados com menor percentual de guardas municipais armadas do pa\\u00eds, segundo o Diagn\\u00f3stico Nacional das Guardas Municipais, divulgado pelo Minist\\u00e9rio da Justi\\u00e7a e Seguran\\u00e7a P\\u00fablica (MJSP). Apenas 6,38% das corpora\\u00e7\\u00f5es pernambucanas fazem uso de armas de fogo, \\u00edndice inferior \\u00e0 m\\u00e9dia nacional (41,15%) e que coloca o estado\",\"inLanguage\":\"pt-BR\",\"isPartOf\":{\"@id\":\"https:\\\/\\\/serrafm879.com.br\\\/serrafm\\\/#website\"},\"breadcrumb\":{\"@id\":\"https:\\\/\\\/serrafm879.com.br\\\/serrafm\\\/2025\\\/10\\\/pe-terceiro-estado-com-menos-guardas-armadas-do-brasil\\\/#breadcrumblist\"},\"author\":{\"@id\":\"https:\\\/\\\/serrafm879.com.br\\\/serrafm\\\/author\\\/serrafm87\\\/#author\"},\"creator\":{\"@id\":\"https:\\\/\\\/serrafm879.com.br\\\/serrafm\\\/author\\\/serrafm87\\\/#author\"},\"image\":{\"@type\":\"ImageObject\",\"url\":\"https:\\\/\\\/serrafm879.com.br\\\/serrafm\\\/wp-content\\\/uploads\\\/2023\\\/11\\\/guarda-660x330-1.jpg\",\"@id\":\"https:\\\/\\\/serrafm879.com.br\\\/serrafm\\\/2025\\\/10\\\/pe-terceiro-estado-com-menos-guardas-armadas-do-brasil\\\/#mainImage\",\"width\":660,\"height\":330},\"primaryImageOfPage\":{\"@id\":\"https:\\\/\\\/serrafm879.com.br\\\/serrafm\\\/2025\\\/10\\\/pe-terceiro-estado-com-menos-guardas-armadas-do-brasil\\\/#mainImage\"},\"datePublished\":\"2025-10-24T17:22:03-03:00\",\"dateModified\":\"2025-10-27T17:22:52-03:00\"},{\"@type\":\"WebSite\",\"@id\":\"https:\\\/\\\/serrafm879.com.br\\\/serrafm\\\/#website\",\"url\":\"https:\\\/\\\/serrafm879.com.br\\\/serrafm\\\/\",\"name\":\"Serra FM 87,9\",\"description\":\"O seu novo amor!\",\"inLanguage\":\"pt-BR\",\"publisher\":{\"@id\":\"https:\\\/\\\/serrafm879.com.br\\\/serrafm\\\/#organization\"}}]}\n\t\t<\/script>\n\t\t<!-- All in One SEO -->\n\n","aioseo_head_json":{"title":"PE: Terceiro estado com menos guardas armadas do Brasil - Serra FM 87,9","description":"Pernambuco ocupa o terceiro lugar entre os estados com menor percentual de guardas municipais armadas do pa\u00eds, segundo o Diagn\u00f3stico Nacional das Guardas Municipais, divulgado pelo Minist\u00e9rio da Justi\u00e7a e Seguran\u00e7a P\u00fablica (MJSP). Apenas 6,38% das corpora\u00e7\u00f5es pernambucanas fazem uso de armas de fogo, \u00edndice inferior \u00e0 m\u00e9dia nacional (41,15%) e que coloca o estado","canonical_url":"https:\/\/serrafm879.com.br\/serrafm\/2025\/10\/pe-terceiro-estado-com-menos-guardas-armadas-do-brasil\/","robots":"max-image-preview:large","keywords":"","webmasterTools":{"miscellaneous":""},"schema":{"@context":"https:\/\/schema.org","@graph":[{"@type":"BlogPosting","@id":"https:\/\/serrafm879.com.br\/serrafm\/2025\/10\/pe-terceiro-estado-com-menos-guardas-armadas-do-brasil\/#blogposting","name":"PE: Terceiro estado com menos guardas armadas do Brasil - Serra FM 87,9","headline":"PE: Terceiro estado com menos guardas armadas do Brasil","author":{"@id":"https:\/\/serrafm879.com.br\/serrafm\/author\/serrafm87\/#author"},"publisher":{"@id":"https:\/\/serrafm879.com.br\/serrafm\/#organization"},"image":{"@type":"ImageObject","url":"https:\/\/serrafm879.com.br\/serrafm\/wp-content\/uploads\/2023\/11\/guarda-660x330-1.jpg","width":660,"height":330},"datePublished":"2025-10-24T17:22:03-03:00","dateModified":"2025-10-27T17:22:52-03:00","inLanguage":"pt-BR","mainEntityOfPage":{"@id":"https:\/\/serrafm879.com.br\/serrafm\/2025\/10\/pe-terceiro-estado-com-menos-guardas-armadas-do-brasil\/#webpage"},"isPartOf":{"@id":"https:\/\/serrafm879.com.br\/serrafm\/2025\/10\/pe-terceiro-estado-com-menos-guardas-armadas-do-brasil\/#webpage"},"articleSection":"Pernambuco"},{"@type":"BreadcrumbList","@id":"https:\/\/serrafm879.com.br\/serrafm\/2025\/10\/pe-terceiro-estado-com-menos-guardas-armadas-do-brasil\/#breadcrumblist","itemListElement":[{"@type":"ListItem","@id":"https:\/\/serrafm879.com.br\/serrafm#listItem","position":1,"name":"Home","item":"https:\/\/serrafm879.com.br\/serrafm","nextItem":{"@type":"ListItem","@id":"https:\/\/serrafm879.com.br\/serrafm\/categoria\/pernambuco\/#listItem","name":"Pernambuco"}},{"@type":"ListItem","@id":"https:\/\/serrafm879.com.br\/serrafm\/categoria\/pernambuco\/#listItem","position":2,"name":"Pernambuco","item":"https:\/\/serrafm879.com.br\/serrafm\/categoria\/pernambuco\/","nextItem":{"@type":"ListItem","@id":"https:\/\/serrafm879.com.br\/serrafm\/2025\/10\/pe-terceiro-estado-com-menos-guardas-armadas-do-brasil\/#listItem","name":"PE: Terceiro estado com menos guardas armadas do Brasil"},"previousItem":{"@type":"ListItem","@id":"https:\/\/serrafm879.com.br\/serrafm#listItem","name":"Home"}},{"@type":"ListItem","@id":"https:\/\/serrafm879.com.br\/serrafm\/2025\/10\/pe-terceiro-estado-com-menos-guardas-armadas-do-brasil\/#listItem","position":3,"name":"PE: Terceiro estado com menos guardas armadas do Brasil","previousItem":{"@type":"ListItem","@id":"https:\/\/serrafm879.com.br\/serrafm\/categoria\/pernambuco\/#listItem","name":"Pernambuco"}}]},{"@type":"Organization","@id":"https:\/\/serrafm879.com.br\/serrafm\/#organization","name":"Serra FM 87,9","description":"O seu novo amor!","url":"https:\/\/serrafm879.com.br\/serrafm\/"},{"@type":"Person","@id":"https:\/\/serrafm879.com.br\/serrafm\/author\/serrafm87\/#author","url":"https:\/\/serrafm879.com.br\/serrafm\/author\/serrafm87\/","name":"serrafm87","image":{"@type":"ImageObject","@id":"https:\/\/serrafm879.com.br\/serrafm\/2025\/10\/pe-terceiro-estado-com-menos-guardas-armadas-do-brasil\/#authorImage","url":"https:\/\/secure.gravatar.com\/avatar\/a743233f1112d34f48bb3dc9559b76eb930bab8b27175856cba6362608736235?s=96&d=mm&r=g","width":96,"height":96,"caption":"serrafm87"}},{"@type":"WebPage","@id":"https:\/\/serrafm879.com.br\/serrafm\/2025\/10\/pe-terceiro-estado-com-menos-guardas-armadas-do-brasil\/#webpage","url":"https:\/\/serrafm879.com.br\/serrafm\/2025\/10\/pe-terceiro-estado-com-menos-guardas-armadas-do-brasil\/","name":"PE: Terceiro estado com menos guardas armadas do Brasil - Serra FM 87,9","description":"Pernambuco ocupa o terceiro lugar entre os estados com menor percentual de guardas municipais armadas do pa\u00eds, segundo o Diagn\u00f3stico Nacional das Guardas Municipais, divulgado pelo Minist\u00e9rio da Justi\u00e7a e Seguran\u00e7a P\u00fablica (MJSP). Apenas 6,38% das corpora\u00e7\u00f5es pernambucanas fazem uso de armas de fogo, \u00edndice inferior \u00e0 m\u00e9dia nacional (41,15%) e que coloca o estado","inLanguage":"pt-BR","isPartOf":{"@id":"https:\/\/serrafm879.com.br\/serrafm\/#website"},"breadcrumb":{"@id":"https:\/\/serrafm879.com.br\/serrafm\/2025\/10\/pe-terceiro-estado-com-menos-guardas-armadas-do-brasil\/#breadcrumblist"},"author":{"@id":"https:\/\/serrafm879.com.br\/serrafm\/author\/serrafm87\/#author"},"creator":{"@id":"https:\/\/serrafm879.com.br\/serrafm\/author\/serrafm87\/#author"},"image":{"@type":"ImageObject","url":"https:\/\/serrafm879.com.br\/serrafm\/wp-content\/uploads\/2023\/11\/guarda-660x330-1.jpg","@id":"https:\/\/serrafm879.com.br\/serrafm\/2025\/10\/pe-terceiro-estado-com-menos-guardas-armadas-do-brasil\/#mainImage","width":660,"height":330},"primaryImageOfPage":{"@id":"https:\/\/serrafm879.com.br\/serrafm\/2025\/10\/pe-terceiro-estado-com-menos-guardas-armadas-do-brasil\/#mainImage"},"datePublished":"2025-10-24T17:22:03-03:00","dateModified":"2025-10-27T17:22:52-03:00"},{"@type":"WebSite","@id":"https:\/\/serrafm879.com.br\/serrafm\/#website","url":"https:\/\/serrafm879.com.br\/serrafm\/","name":"Serra FM 87,9","description":"O seu novo amor!","inLanguage":"pt-BR","publisher":{"@id":"https:\/\/serrafm879.com.br\/serrafm\/#organization"}}]},"twitter:card":"summary_large_image","twitter:title":"PE: Terceiro estado com menos guardas armadas do Brasil - Serra FM 87,9","twitter:description":"Pernambuco ocupa o terceiro lugar entre os estados com menor percentual de guardas municipais armadas do pa\u00eds, segundo o Diagn\u00f3stico Nacional das Guardas Municipais, divulgado pelo Minist\u00e9rio da Justi\u00e7a e Seguran\u00e7a P\u00fablica (MJSP). Apenas 6,38% das corpora\u00e7\u00f5es pernambucanas fazem uso de armas de fogo, \u00edndice inferior \u00e0 m\u00e9dia nacional (41,15%) e que coloca o estado","twitter:image":"https:\/\/serrafm879.com.br\/serrafm\/wp-content\/uploads\/2023\/11\/guarda-660x330-1.jpg"},"aioseo_meta_data":{"post_id":"24745","title":null,"description":null,"keywords":null,"keyphrases":null,"primary_term":null,"canonical_url":null,"og_title":null,"og_description":null,"og_object_type":"default","og_image_type":"default","og_image_custom_url":null,"og_image_custom_fields":null,"og_image_url":null,"og_image_width":null,"og_image_height":null,"og_video":null,"og_custom_url":null,"og_article_section":null,"og_article_tags":null,"twitter_use_og":false,"twitter_card":"default","twitter_image_type":"default","twitter_image_custom_url":null,"twitter_image_custom_fields":null,"twitter_image_url":null,"twitter_title":null,"twitter_description":null,"schema_type":"default","schema_type_options":null,"schema":{"blockGraphs":[],"customGraphs":[],"default":{"data":{"Article":[],"Course":[],"Dataset":[],"FAQPage":[],"Movie":[],"Person":[],"Product":[],"ProductReview":[],"Car":[],"Recipe":[],"Service":[],"SoftwareApplication":[],"WebPage":[]},"graphName":"","isEnabled":true},"graphs":[]},"pillar_content":false,"robots_default":true,"robots_noindex":false,"robots_noarchive":false,"robots_nosnippet":false,"robots_nofollow":false,"robots_noimageindex":false,"robots_noodp":false,"robots_notranslate":false,"robots_max_snippet":null,"robots_max_videopreview":null,"robots_max_imagepreview":"large","priority":null,"frequency":null,"local_seo":null,"limit_modified_date":false,"ai":null,"breadcrumb_settings":null,"seo_analyzer_scan_date":null,"created":"2026-07-21 17:38:12","updated":"2026-07-21 17:38:12"},"aioseo_breadcrumb":"<div class=\"aioseo-breadcrumbs\"><span class=\"aioseo-breadcrumb\">\n\t\t\t<a href=\"https:\/\/serrafm879.com.br\/serrafm\" title=\"Home\">Home<\/a>\n\t\t<\/span><span class=\"aioseo-breadcrumb-separator\">&raquo;<\/span><span class=\"aioseo-breadcrumb\">\n\t\t\t<a href=\"https:\/\/serrafm879.com.br\/serrafm\/categoria\/pernambuco\/\" title=\"Pernambuco\">Pernambuco<\/a>\n\t\t<\/span><span class=\"aioseo-breadcrumb-separator\">&raquo;<\/span><span class=\"aioseo-breadcrumb\">\n\t\t\tPE: Terceiro estado com menos guardas armadas do Brasil\n\t\t<\/span><\/div>","aioseo_breadcrumb_json":[{"label":"Home","link":"https:\/\/serrafm879.com.br\/serrafm"},{"label":"Pernambuco","link":"https:\/\/serrafm879.com.br\/serrafm\/categoria\/pernambuco\/"},{"label":"PE: Terceiro estado com menos guardas armadas do Brasil","link":"https:\/\/serrafm879.com.br\/serrafm\/2025\/10\/pe-terceiro-estado-com-menos-guardas-armadas-do-brasil\/"}],"jetpack_publicize_connections":[],"jetpack_featured_media_url":"https:\/\/serrafm879.com.br\/serrafm\/wp-content\/uploads\/2023\/11\/guarda-660x330-1.jpg","jetpack_shortlink":"https:\/\/wp.me\/p7HyXg-6r7","jetpack_sharing_enabled":true,"_links":{"self":[{"href":"https:\/\/serrafm879.com.br\/serrafm\/wp-json\/wp\/v2\/posts\/24745","targetHints":{"allow":["GET"]}}],"collection":[{"href":"https:\/\/serrafm879.com.br\/serrafm\/wp-json\/wp\/v2\/posts"}],"about":[{"href":"https:\/\/serrafm879.com.br\/serrafm\/wp-json\/wp\/v2\/types\/post"}],"author":[{"embeddable":true,"href":"https:\/\/serrafm879.com.br\/serrafm\/wp-json\/wp\/v2\/users\/2"}],"replies":[{"embeddable":true,"href":"https:\/\/serrafm879.com.br\/serrafm\/wp-json\/wp\/v2\/comments?post=24745"}],"version-history":[{"count":1,"href":"https:\/\/serrafm879.com.br\/serrafm\/wp-json\/wp\/v2\/posts\/24745\/revisions"}],"predecessor-version":[{"id":24746,"href":"https:\/\/serrafm879.com.br\/serrafm\/wp-json\/wp\/v2\/posts\/24745\/revisions\/24746"}],"wp:featuredmedia":[{"embeddable":true,"href":"https:\/\/serrafm879.com.br\/serrafm\/wp-json\/wp\/v2\/media\/14995"}],"wp:attachment":[{"href":"https:\/\/serrafm879.com.br\/serrafm\/wp-json\/wp\/v2\/media?parent=24745"}],"wp:term":[{"taxonomy":"category","embeddable":true,"href":"https:\/\/serrafm879.com.br\/serrafm\/wp-json\/wp\/v2\/categories?post=24745"},{"taxonomy":"post_tag","embeddable":true,"href":"https:\/\/serrafm879.com.br\/serrafm\/wp-json\/wp\/v2\/tags?post=24745"}],"curies":[{"name":"wp","href":"https:\/\/api.w.org\/{rel}","templated":true}]}}