{"id":24762,"date":"2025-10-29T11:58:55","date_gmt":"2025-10-29T14:58:55","guid":{"rendered":"https:\/\/serrafm879.com.br\/serrafm\/?p=24762"},"modified":"2025-10-29T11:58:55","modified_gmt":"2025-10-29T14:58:55","slug":"pe-abre-novo-ciclo-de-inscricoes-para-o-maes-de-pernambuco","status":"publish","type":"post","link":"https:\/\/serrafm879.com.br\/serrafm\/2025\/10\/pe-abre-novo-ciclo-de-inscricoes-para-o-maes-de-pernambuco\/","title":{"rendered":"PE abre novo ciclo de inscri\u00e7\u00f5es para o M\u00e3es de Pernambuco"},"content":{"rendered":"<p>O Governo de Pernambuco deu in\u00edcio, nesta segunda-feira (28), a um novo ciclo de confirma\u00e7\u00f5es do Programa M\u00e3es de Pernambuco, que oferece um apoio financeiro mensal de R$ 300 a mulheres em situa\u00e7\u00e3o de vulnerabilidade social respons\u00e1veis por crian\u00e7as de at\u00e9 seis anos. Nesta etapa, ser\u00e3o disponibilizadas 2.340 novas vagas, e as interessadas t\u00eam at\u00e9 o dia 24 de novembro para realizar a confirma\u00e7\u00e3o por meio do site maesdepernambuco.pe.gov.br. O pagamento referente a este ciclo ser\u00e1 efetuado no dia 5 de dezembro.<\/p>\n<p>De acordo com a Secretaria de Assist\u00eancia Social, Combate \u00e0 Fome e Pol\u00edticas sobre Drogas (SAS), o programa utiliza informa\u00e7\u00f5es do Cadastro \u00danico para priorizar fam\u00edlias em maior situa\u00e7\u00e3o de vulnerabilidade. Entre os crit\u00e9rios exigidos est\u00e3o residir em Pernambuco, ter o Cad\u00danico atualizado, ser respons\u00e1vel pela fam\u00edlia, estar gestante ou ser m\u00e3e de crian\u00e7a de at\u00e9 seis anos, n\u00e3o possuir v\u00ednculo formal de trabalho e ser benefici\u00e1ria do Bolsa Fam\u00edlia. As mulheres que estiverem na lista de espera devem acessar o site mensalmente para acompanhar sua classifica\u00e7\u00e3o e poss\u00edveis mudan\u00e7as na coloca\u00e7\u00e3o.<\/p>\n<p>Desde o lan\u00e7amento, em mar\u00e7o de 2024, o M\u00e3es de Pernambuco j\u00e1 beneficiou mais de 132 mil mulheres, incluindo cerca de 28 mil gestantes, e impactou diretamente mais de 170 mil crian\u00e7as na primeira inf\u00e2ncia. Com investimento superior a R$ 507 milh\u00f5es, a iniciativa faz parte do programa Pernambuco Sem Fome e \u00e9 considerada a maior a\u00e7\u00e3o de transfer\u00eancia de renda do Norte e Nordeste. D\u00favidas podem ser esclarecidas nos Centros de Refer\u00eancia de Assist\u00eancia Social (CRAS) ou pela Ouvidoria Social da SAS, atrav\u00e9s do e-mail ouvidoria@sas.pe.gov.br.<\/p>\n","protected":false},"excerpt":{"rendered":"<p>O Governo de Pernambuco deu in\u00edcio, nesta segunda-feira (28), a um novo ciclo de confirma\u00e7\u00f5es do Programa M\u00e3es de Pernambuco, que oferece um apoio financeiro mensal de R$ 300 a mulheres em situa\u00e7\u00e3o de vulnerabilidade social respons\u00e1veis por crian\u00e7as de at\u00e9 seis anos. Nesta etapa, ser\u00e3o disponibilizadas 2.340 novas vagas, e as interessadas t\u00eam at\u00e9 o dia 24 de novembro para realizar a confirma\u00e7\u00e3o por meio do site maesdepernambuco.pe.gov.br. O pagamento referente a este ciclo ser\u00e1 efetuado no dia 5 de dezembro. De acordo com a Secretaria de Assist\u00eancia Social, Combate \u00e0 Fome e Pol\u00edticas sobre Drogas (SAS), o programa [&hellip;]<\/p>\n","protected":false},"author":2,"featured_media":21085,"comment_status":"open","ping_status":"open","sticky":false,"template":"","format":"standard","meta":{"_jetpack_newsletter_access":"","_jetpack_dont_email_post_to_subs":false,"_jetpack_newsletter_tier_id":0,"_jetpack_memberships_contains_paywalled_content":false,"_jetpack_feature_clip_id":0,"_jetpack_memberships_contains_paid_content":false,"footnotes":"","jetpack_publicize_message":"","jetpack_publicize_feature_enabled":true,"jetpack_social_post_already_shared":true,"jetpack_social_options":{"image_generator_settings":{"template":"highway","default_image_id":0,"font":"","enabled":false},"version":2},"jetpack_post_was_ever_published":false},"categories":[288],"tags":[],"class_list":["post-24762","post","type-post","status-publish","format-standard","has-post-thumbnail","hentry","category-pernambuco"],"aioseo_notices":[],"aioseo_head":"\n\t\t<!-- All in One SEO 4.9.10 - aioseo.com -->\n\t<meta name=\"description\" content=\"O Governo de Pernambuco deu in\u00edcio, nesta segunda-feira (28), a um novo ciclo de confirma\u00e7\u00f5es do Programa M\u00e3es de Pernambuco, que oferece um apoio financeiro mensal de R$ 300 a mulheres em situa\u00e7\u00e3o de vulnerabilidade social respons\u00e1veis por crian\u00e7as de at\u00e9 seis anos. Nesta etapa, ser\u00e3o disponibilizadas 2.340 novas vagas, e as interessadas t\u00eam at\u00e9\" \/>\n\t<meta name=\"robots\" content=\"max-image-preview:large\" \/>\n\t<meta name=\"author\" content=\"serrafm87\"\/>\n\t<link rel=\"canonical\" href=\"https:\/\/serrafm879.com.br\/serrafm\/2025\/10\/pe-abre-novo-ciclo-de-inscricoes-para-o-maes-de-pernambuco\/\" \/>\n\t<meta name=\"generator\" content=\"All in One SEO (AIOSEO) 4.9.10\" \/>\n\t\t<meta name=\"twitter:card\" content=\"summary_large_image\" \/>\n\t\t<meta name=\"twitter:title\" content=\"PE abre novo ciclo de inscri\u00e7\u00f5es para o M\u00e3es de Pernambuco - Serra FM 87,9\" \/>\n\t\t<meta name=\"twitter:description\" content=\"O Governo de Pernambuco deu in\u00edcio, nesta segunda-feira (28), a um novo ciclo de confirma\u00e7\u00f5es do Programa M\u00e3es de Pernambuco, que oferece um apoio financeiro mensal de R$ 300 a mulheres em situa\u00e7\u00e3o de vulnerabilidade social respons\u00e1veis por crian\u00e7as de at\u00e9 seis anos. Nesta etapa, ser\u00e3o disponibilizadas 2.340 novas vagas, e as interessadas t\u00eam at\u00e9\" \/>\n\t\t<meta name=\"twitter:image\" content=\"https:\/\/serrafm879.com.br\/serrafm\/wp-content\/uploads\/2025\/02\/maesdepe.jpg\" \/>\n\t\t<script type=\"application\/ld+json\" class=\"aioseo-schema\">\n\t\t\t{\"@context\":\"https:\\\/\\\/schema.org\",\"@graph\":[{\"@type\":\"BlogPosting\",\"@id\":\"https:\\\/\\\/serrafm879.com.br\\\/serrafm\\\/2025\\\/10\\\/pe-abre-novo-ciclo-de-inscricoes-para-o-maes-de-pernambuco\\\/#blogposting\",\"name\":\"PE abre novo ciclo de inscri\\u00e7\\u00f5es para o M\\u00e3es de Pernambuco - Serra FM 87,9\",\"headline\":\"PE abre novo ciclo de inscri\\u00e7\\u00f5es para o M\\u00e3es de Pernambuco\",\"author\":{\"@id\":\"https:\\\/\\\/serrafm879.com.br\\\/serrafm\\\/author\\\/serrafm87\\\/#author\"},\"publisher\":{\"@id\":\"https:\\\/\\\/serrafm879.com.br\\\/serrafm\\\/#organization\"},\"image\":{\"@type\":\"ImageObject\",\"url\":\"https:\\\/\\\/serrafm879.com.br\\\/serrafm\\\/wp-content\\\/uploads\\\/2025\\\/02\\\/maesdepe.jpg\",\"width\":400,\"height\":220},\"datePublished\":\"2025-10-29T11:58:55-03:00\",\"dateModified\":\"2025-10-29T11:58:55-03:00\",\"inLanguage\":\"pt-BR\",\"mainEntityOfPage\":{\"@id\":\"https:\\\/\\\/serrafm879.com.br\\\/serrafm\\\/2025\\\/10\\\/pe-abre-novo-ciclo-de-inscricoes-para-o-maes-de-pernambuco\\\/#webpage\"},\"isPartOf\":{\"@id\":\"https:\\\/\\\/serrafm879.com.br\\\/serrafm\\\/2025\\\/10\\\/pe-abre-novo-ciclo-de-inscricoes-para-o-maes-de-pernambuco\\\/#webpage\"},\"articleSection\":\"Pernambuco\"},{\"@type\":\"BreadcrumbList\",\"@id\":\"https:\\\/\\\/serrafm879.com.br\\\/serrafm\\\/2025\\\/10\\\/pe-abre-novo-ciclo-de-inscricoes-para-o-maes-de-pernambuco\\\/#breadcrumblist\",\"itemListElement\":[{\"@type\":\"ListItem\",\"@id\":\"https:\\\/\\\/serrafm879.com.br\\\/serrafm#listItem\",\"position\":1,\"name\":\"Home\",\"item\":\"https:\\\/\\\/serrafm879.com.br\\\/serrafm\",\"nextItem\":{\"@type\":\"ListItem\",\"@id\":\"https:\\\/\\\/serrafm879.com.br\\\/serrafm\\\/categoria\\\/pernambuco\\\/#listItem\",\"name\":\"Pernambuco\"}},{\"@type\":\"ListItem\",\"@id\":\"https:\\\/\\\/serrafm879.com.br\\\/serrafm\\\/categoria\\\/pernambuco\\\/#listItem\",\"position\":2,\"name\":\"Pernambuco\",\"item\":\"https:\\\/\\\/serrafm879.com.br\\\/serrafm\\\/categoria\\\/pernambuco\\\/\",\"nextItem\":{\"@type\":\"ListItem\",\"@id\":\"https:\\\/\\\/serrafm879.com.br\\\/serrafm\\\/2025\\\/10\\\/pe-abre-novo-ciclo-de-inscricoes-para-o-maes-de-pernambuco\\\/#listItem\",\"name\":\"PE abre novo ciclo de inscri\\u00e7\\u00f5es para o M\\u00e3es de Pernambuco\"},\"previousItem\":{\"@type\":\"ListItem\",\"@id\":\"https:\\\/\\\/serrafm879.com.br\\\/serrafm#listItem\",\"name\":\"Home\"}},{\"@type\":\"ListItem\",\"@id\":\"https:\\\/\\\/serrafm879.com.br\\\/serrafm\\\/2025\\\/10\\\/pe-abre-novo-ciclo-de-inscricoes-para-o-maes-de-pernambuco\\\/#listItem\",\"position\":3,\"name\":\"PE abre novo ciclo de inscri\\u00e7\\u00f5es para o M\\u00e3es de Pernambuco\",\"previousItem\":{\"@type\":\"ListItem\",\"@id\":\"https:\\\/\\\/serrafm879.com.br\\\/serrafm\\\/categoria\\\/pernambuco\\\/#listItem\",\"name\":\"Pernambuco\"}}]},{\"@type\":\"Organization\",\"@id\":\"https:\\\/\\\/serrafm879.com.br\\\/serrafm\\\/#organization\",\"name\":\"Serra FM 87,9\",\"description\":\"O seu novo amor!\",\"url\":\"https:\\\/\\\/serrafm879.com.br\\\/serrafm\\\/\"},{\"@type\":\"Person\",\"@id\":\"https:\\\/\\\/serrafm879.com.br\\\/serrafm\\\/author\\\/serrafm87\\\/#author\",\"url\":\"https:\\\/\\\/serrafm879.com.br\\\/serrafm\\\/author\\\/serrafm87\\\/\",\"name\":\"serrafm87\",\"image\":{\"@type\":\"ImageObject\",\"@id\":\"https:\\\/\\\/serrafm879.com.br\\\/serrafm\\\/2025\\\/10\\\/pe-abre-novo-ciclo-de-inscricoes-para-o-maes-de-pernambuco\\\/#authorImage\",\"url\":\"https:\\\/\\\/secure.gravatar.com\\\/avatar\\\/a743233f1112d34f48bb3dc9559b76eb930bab8b27175856cba6362608736235?s=96&d=mm&r=g\",\"width\":96,\"height\":96,\"caption\":\"serrafm87\"}},{\"@type\":\"WebPage\",\"@id\":\"https:\\\/\\\/serrafm879.com.br\\\/serrafm\\\/2025\\\/10\\\/pe-abre-novo-ciclo-de-inscricoes-para-o-maes-de-pernambuco\\\/#webpage\",\"url\":\"https:\\\/\\\/serrafm879.com.br\\\/serrafm\\\/2025\\\/10\\\/pe-abre-novo-ciclo-de-inscricoes-para-o-maes-de-pernambuco\\\/\",\"name\":\"PE abre novo ciclo de inscri\\u00e7\\u00f5es para o M\\u00e3es de Pernambuco - Serra FM 87,9\",\"description\":\"O Governo de Pernambuco deu in\\u00edcio, nesta segunda-feira (28), a um novo ciclo de confirma\\u00e7\\u00f5es do Programa M\\u00e3es de Pernambuco, que oferece um apoio financeiro mensal de R$ 300 a mulheres em situa\\u00e7\\u00e3o de vulnerabilidade social respons\\u00e1veis por crian\\u00e7as de at\\u00e9 seis anos. Nesta etapa, ser\\u00e3o disponibilizadas 2.340 novas vagas, e as interessadas t\\u00eam at\\u00e9\",\"inLanguage\":\"pt-BR\",\"isPartOf\":{\"@id\":\"https:\\\/\\\/serrafm879.com.br\\\/serrafm\\\/#website\"},\"breadcrumb\":{\"@id\":\"https:\\\/\\\/serrafm879.com.br\\\/serrafm\\\/2025\\\/10\\\/pe-abre-novo-ciclo-de-inscricoes-para-o-maes-de-pernambuco\\\/#breadcrumblist\"},\"author\":{\"@id\":\"https:\\\/\\\/serrafm879.com.br\\\/serrafm\\\/author\\\/serrafm87\\\/#author\"},\"creator\":{\"@id\":\"https:\\\/\\\/serrafm879.com.br\\\/serrafm\\\/author\\\/serrafm87\\\/#author\"},\"image\":{\"@type\":\"ImageObject\",\"url\":\"https:\\\/\\\/serrafm879.com.br\\\/serrafm\\\/wp-content\\\/uploads\\\/2025\\\/02\\\/maesdepe.jpg\",\"@id\":\"https:\\\/\\\/serrafm879.com.br\\\/serrafm\\\/2025\\\/10\\\/pe-abre-novo-ciclo-de-inscricoes-para-o-maes-de-pernambuco\\\/#mainImage\",\"width\":400,\"height\":220},\"primaryImageOfPage\":{\"@id\":\"https:\\\/\\\/serrafm879.com.br\\\/serrafm\\\/2025\\\/10\\\/pe-abre-novo-ciclo-de-inscricoes-para-o-maes-de-pernambuco\\\/#mainImage\"},\"datePublished\":\"2025-10-29T11:58:55-03:00\",\"dateModified\":\"2025-10-29T11:58:55-03:00\"},{\"@type\":\"WebSite\",\"@id\":\"https:\\\/\\\/serrafm879.com.br\\\/serrafm\\\/#website\",\"url\":\"https:\\\/\\\/serrafm879.com.br\\\/serrafm\\\/\",\"name\":\"Serra FM 87,9\",\"description\":\"O seu novo amor!\",\"inLanguage\":\"pt-BR\",\"publisher\":{\"@id\":\"https:\\\/\\\/serrafm879.com.br\\\/serrafm\\\/#organization\"}}]}\n\t\t<\/script>\n\t\t<!-- All in One SEO -->\n\n","aioseo_head_json":{"title":"PE abre novo ciclo de inscri\u00e7\u00f5es para o M\u00e3es de Pernambuco - Serra FM 87,9","description":"O Governo de Pernambuco deu in\u00edcio, nesta segunda-feira (28), a um novo ciclo de confirma\u00e7\u00f5es do Programa M\u00e3es de Pernambuco, que oferece um apoio financeiro mensal de R$ 300 a mulheres em situa\u00e7\u00e3o de vulnerabilidade social respons\u00e1veis por crian\u00e7as de at\u00e9 seis anos. Nesta etapa, ser\u00e3o disponibilizadas 2.340 novas vagas, e as interessadas t\u00eam at\u00e9","canonical_url":"https:\/\/serrafm879.com.br\/serrafm\/2025\/10\/pe-abre-novo-ciclo-de-inscricoes-para-o-maes-de-pernambuco\/","robots":"max-image-preview:large","keywords":"","webmasterTools":{"miscellaneous":""},"schema":{"@context":"https:\/\/schema.org","@graph":[{"@type":"BlogPosting","@id":"https:\/\/serrafm879.com.br\/serrafm\/2025\/10\/pe-abre-novo-ciclo-de-inscricoes-para-o-maes-de-pernambuco\/#blogposting","name":"PE abre novo ciclo de inscri\u00e7\u00f5es para o M\u00e3es de Pernambuco - Serra FM 87,9","headline":"PE abre novo ciclo de inscri\u00e7\u00f5es para o M\u00e3es de Pernambuco","author":{"@id":"https:\/\/serrafm879.com.br\/serrafm\/author\/serrafm87\/#author"},"publisher":{"@id":"https:\/\/serrafm879.com.br\/serrafm\/#organization"},"image":{"@type":"ImageObject","url":"https:\/\/serrafm879.com.br\/serrafm\/wp-content\/uploads\/2025\/02\/maesdepe.jpg","width":400,"height":220},"datePublished":"2025-10-29T11:58:55-03:00","dateModified":"2025-10-29T11:58:55-03:00","inLanguage":"pt-BR","mainEntityOfPage":{"@id":"https:\/\/serrafm879.com.br\/serrafm\/2025\/10\/pe-abre-novo-ciclo-de-inscricoes-para-o-maes-de-pernambuco\/#webpage"},"isPartOf":{"@id":"https:\/\/serrafm879.com.br\/serrafm\/2025\/10\/pe-abre-novo-ciclo-de-inscricoes-para-o-maes-de-pernambuco\/#webpage"},"articleSection":"Pernambuco"},{"@type":"BreadcrumbList","@id":"https:\/\/serrafm879.com.br\/serrafm\/2025\/10\/pe-abre-novo-ciclo-de-inscricoes-para-o-maes-de-pernambuco\/#breadcrumblist","itemListElement":[{"@type":"ListItem","@id":"https:\/\/serrafm879.com.br\/serrafm#listItem","position":1,"name":"Home","item":"https:\/\/serrafm879.com.br\/serrafm","nextItem":{"@type":"ListItem","@id":"https:\/\/serrafm879.com.br\/serrafm\/categoria\/pernambuco\/#listItem","name":"Pernambuco"}},{"@type":"ListItem","@id":"https:\/\/serrafm879.com.br\/serrafm\/categoria\/pernambuco\/#listItem","position":2,"name":"Pernambuco","item":"https:\/\/serrafm879.com.br\/serrafm\/categoria\/pernambuco\/","nextItem":{"@type":"ListItem","@id":"https:\/\/serrafm879.com.br\/serrafm\/2025\/10\/pe-abre-novo-ciclo-de-inscricoes-para-o-maes-de-pernambuco\/#listItem","name":"PE abre novo ciclo de inscri\u00e7\u00f5es para o M\u00e3es de Pernambuco"},"previousItem":{"@type":"ListItem","@id":"https:\/\/serrafm879.com.br\/serrafm#listItem","name":"Home"}},{"@type":"ListItem","@id":"https:\/\/serrafm879.com.br\/serrafm\/2025\/10\/pe-abre-novo-ciclo-de-inscricoes-para-o-maes-de-pernambuco\/#listItem","position":3,"name":"PE abre novo ciclo de inscri\u00e7\u00f5es para o M\u00e3es de Pernambuco","previousItem":{"@type":"ListItem","@id":"https:\/\/serrafm879.com.br\/serrafm\/categoria\/pernambuco\/#listItem","name":"Pernambuco"}}]},{"@type":"Organization","@id":"https:\/\/serrafm879.com.br\/serrafm\/#organization","name":"Serra FM 87,9","description":"O seu novo amor!","url":"https:\/\/serrafm879.com.br\/serrafm\/"},{"@type":"Person","@id":"https:\/\/serrafm879.com.br\/serrafm\/author\/serrafm87\/#author","url":"https:\/\/serrafm879.com.br\/serrafm\/author\/serrafm87\/","name":"serrafm87","image":{"@type":"ImageObject","@id":"https:\/\/serrafm879.com.br\/serrafm\/2025\/10\/pe-abre-novo-ciclo-de-inscricoes-para-o-maes-de-pernambuco\/#authorImage","url":"https:\/\/secure.gravatar.com\/avatar\/a743233f1112d34f48bb3dc9559b76eb930bab8b27175856cba6362608736235?s=96&d=mm&r=g","width":96,"height":96,"caption":"serrafm87"}},{"@type":"WebPage","@id":"https:\/\/serrafm879.com.br\/serrafm\/2025\/10\/pe-abre-novo-ciclo-de-inscricoes-para-o-maes-de-pernambuco\/#webpage","url":"https:\/\/serrafm879.com.br\/serrafm\/2025\/10\/pe-abre-novo-ciclo-de-inscricoes-para-o-maes-de-pernambuco\/","name":"PE abre novo ciclo de inscri\u00e7\u00f5es para o M\u00e3es de Pernambuco - Serra FM 87,9","description":"O Governo de Pernambuco deu in\u00edcio, nesta segunda-feira (28), a um novo ciclo de confirma\u00e7\u00f5es do Programa M\u00e3es de Pernambuco, que oferece um apoio financeiro mensal de R$ 300 a mulheres em situa\u00e7\u00e3o de vulnerabilidade social respons\u00e1veis por crian\u00e7as de at\u00e9 seis anos. Nesta etapa, ser\u00e3o disponibilizadas 2.340 novas vagas, e as interessadas t\u00eam at\u00e9","inLanguage":"pt-BR","isPartOf":{"@id":"https:\/\/serrafm879.com.br\/serrafm\/#website"},"breadcrumb":{"@id":"https:\/\/serrafm879.com.br\/serrafm\/2025\/10\/pe-abre-novo-ciclo-de-inscricoes-para-o-maes-de-pernambuco\/#breadcrumblist"},"author":{"@id":"https:\/\/serrafm879.com.br\/serrafm\/author\/serrafm87\/#author"},"creator":{"@id":"https:\/\/serrafm879.com.br\/serrafm\/author\/serrafm87\/#author"},"image":{"@type":"ImageObject","url":"https:\/\/serrafm879.com.br\/serrafm\/wp-content\/uploads\/2025\/02\/maesdepe.jpg","@id":"https:\/\/serrafm879.com.br\/serrafm\/2025\/10\/pe-abre-novo-ciclo-de-inscricoes-para-o-maes-de-pernambuco\/#mainImage","width":400,"height":220},"primaryImageOfPage":{"@id":"https:\/\/serrafm879.com.br\/serrafm\/2025\/10\/pe-abre-novo-ciclo-de-inscricoes-para-o-maes-de-pernambuco\/#mainImage"},"datePublished":"2025-10-29T11:58:55-03:00","dateModified":"2025-10-29T11:58:55-03:00"},{"@type":"WebSite","@id":"https:\/\/serrafm879.com.br\/serrafm\/#website","url":"https:\/\/serrafm879.com.br\/serrafm\/","name":"Serra FM 87,9","description":"O seu novo amor!","inLanguage":"pt-BR","publisher":{"@id":"https:\/\/serrafm879.com.br\/serrafm\/#organization"}}]},"twitter:card":"summary_large_image","twitter:title":"PE abre novo ciclo de inscri\u00e7\u00f5es para o M\u00e3es de Pernambuco - Serra FM 87,9","twitter:description":"O Governo de Pernambuco deu in\u00edcio, nesta segunda-feira (28), a um novo ciclo de confirma\u00e7\u00f5es do Programa M\u00e3es de Pernambuco, que oferece um apoio financeiro mensal de R$ 300 a mulheres em situa\u00e7\u00e3o de vulnerabilidade social respons\u00e1veis por crian\u00e7as de at\u00e9 seis anos. Nesta etapa, ser\u00e3o disponibilizadas 2.340 novas vagas, e as interessadas t\u00eam at\u00e9","twitter:image":"https:\/\/serrafm879.com.br\/serrafm\/wp-content\/uploads\/2025\/02\/maesdepe.jpg"},"aioseo_meta_data":{"post_id":"24762","title":null,"description":null,"keywords":null,"keyphrases":null,"primary_term":null,"canonical_url":null,"og_title":null,"og_description":null,"og_object_type":"default","og_image_type":"default","og_image_custom_url":null,"og_image_custom_fields":null,"og_image_url":null,"og_image_width":null,"og_image_height":null,"og_video":null,"og_custom_url":null,"og_article_section":null,"og_article_tags":null,"twitter_use_og":false,"twitter_card":"default","twitter_image_type":"default","twitter_image_custom_url":null,"twitter_image_custom_fields":null,"twitter_image_url":null,"twitter_title":null,"twitter_description":null,"schema_type":"default","schema_type_options":null,"schema":{"blockGraphs":[],"customGraphs":[],"default":{"data":{"Article":[],"Course":[],"Dataset":[],"FAQPage":[],"Movie":[],"Person":[],"Product":[],"ProductReview":[],"Car":[],"Recipe":[],"Service":[],"SoftwareApplication":[],"WebPage":[]},"graphName":"","isEnabled":true},"graphs":[]},"pillar_content":false,"robots_default":true,"robots_noindex":false,"robots_noarchive":false,"robots_nosnippet":false,"robots_nofollow":false,"robots_noimageindex":false,"robots_noodp":false,"robots_notranslate":false,"robots_max_snippet":null,"robots_max_videopreview":null,"robots_max_imagepreview":"large","priority":null,"frequency":null,"local_seo":null,"limit_modified_date":false,"ai":null,"breadcrumb_settings":null,"seo_analyzer_scan_date":null,"created":"2026-07-21 17:38:12","updated":"2026-07-21 17:38:12"},"aioseo_breadcrumb":"<div class=\"aioseo-breadcrumbs\"><span class=\"aioseo-breadcrumb\">\n\t\t\t<a href=\"https:\/\/serrafm879.com.br\/serrafm\" title=\"Home\">Home<\/a>\n\t\t<\/span><span class=\"aioseo-breadcrumb-separator\">&raquo;<\/span><span class=\"aioseo-breadcrumb\">\n\t\t\t<a href=\"https:\/\/serrafm879.com.br\/serrafm\/categoria\/pernambuco\/\" title=\"Pernambuco\">Pernambuco<\/a>\n\t\t<\/span><span class=\"aioseo-breadcrumb-separator\">&raquo;<\/span><span class=\"aioseo-breadcrumb\">\n\t\t\tPE abre novo ciclo de inscri\u00e7\u00f5es para o M\u00e3es de Pernambuco\n\t\t<\/span><\/div>","aioseo_breadcrumb_json":[{"label":"Home","link":"https:\/\/serrafm879.com.br\/serrafm"},{"label":"Pernambuco","link":"https:\/\/serrafm879.com.br\/serrafm\/categoria\/pernambuco\/"},{"label":"PE abre novo ciclo de inscri\u00e7\u00f5es para o M\u00e3es de Pernambuco","link":"https:\/\/serrafm879.com.br\/serrafm\/2025\/10\/pe-abre-novo-ciclo-de-inscricoes-para-o-maes-de-pernambuco\/"}],"jetpack_publicize_connections":[],"jetpack_featured_media_url":"https:\/\/serrafm879.com.br\/serrafm\/wp-content\/uploads\/2025\/02\/maesdepe.jpg","jetpack_shortlink":"https:\/\/wp.me\/p7HyXg-6ro","jetpack_sharing_enabled":true,"_links":{"self":[{"href":"https:\/\/serrafm879.com.br\/serrafm\/wp-json\/wp\/v2\/posts\/24762","targetHints":{"allow":["GET"]}}],"collection":[{"href":"https:\/\/serrafm879.com.br\/serrafm\/wp-json\/wp\/v2\/posts"}],"about":[{"href":"https:\/\/serrafm879.com.br\/serrafm\/wp-json\/wp\/v2\/types\/post"}],"author":[{"embeddable":true,"href":"https:\/\/serrafm879.com.br\/serrafm\/wp-json\/wp\/v2\/users\/2"}],"replies":[{"embeddable":true,"href":"https:\/\/serrafm879.com.br\/serrafm\/wp-json\/wp\/v2\/comments?post=24762"}],"version-history":[{"count":1,"href":"https:\/\/serrafm879.com.br\/serrafm\/wp-json\/wp\/v2\/posts\/24762\/revisions"}],"predecessor-version":[{"id":24763,"href":"https:\/\/serrafm879.com.br\/serrafm\/wp-json\/wp\/v2\/posts\/24762\/revisions\/24763"}],"wp:featuredmedia":[{"embeddable":true,"href":"https:\/\/serrafm879.com.br\/serrafm\/wp-json\/wp\/v2\/media\/21085"}],"wp:attachment":[{"href":"https:\/\/serrafm879.com.br\/serrafm\/wp-json\/wp\/v2\/media?parent=24762"}],"wp:term":[{"taxonomy":"category","embeddable":true,"href":"https:\/\/serrafm879.com.br\/serrafm\/wp-json\/wp\/v2\/categories?post=24762"},{"taxonomy":"post_tag","embeddable":true,"href":"https:\/\/serrafm879.com.br\/serrafm\/wp-json\/wp\/v2\/tags?post=24762"}],"curies":[{"name":"wp","href":"https:\/\/api.w.org\/{rel}","templated":true}]}}