{"id":24764,"date":"2025-10-29T11:59:48","date_gmt":"2025-10-29T14:59:48","guid":{"rendered":"https:\/\/serrafm879.com.br\/serrafm\/?p=24764"},"modified":"2025-10-29T11:59:48","modified_gmt":"2025-10-29T14:59:48","slug":"1a-turma-do-stf-comeca-a-julgar-recursos-de-bolsonaro","status":"publish","type":"post","link":"https:\/\/serrafm879.com.br\/serrafm\/2025\/10\/1a-turma-do-stf-comeca-a-julgar-recursos-de-bolsonaro\/","title":{"rendered":"1\u00aa turma do STF come\u00e7a a julgar recursos de Bolsonaro"},"content":{"rendered":"<p>O presidente da Primeira Turma do Supremo Tribunal Federal (STF), ministro Fl\u00e1vio Dino, agendou o in\u00edcio do julgamento dos recursos do ex-presidente Jair Bolsonaro e de outros seis r\u00e9us do chamado n\u00facleo crucial da trama golpista para o dia 7 de novembro. A sess\u00e3o se estender\u00e1 at\u00e9 o dia 14 no plen\u00e1rio virtual.<\/p>\n<p>Al\u00e9m de Dino, participar\u00e3o do julgamento Alexandre de Moraes, C\u00e1rmen L\u00facia e Cristiano Zanin. Luiz Fux, que deixou a Primeira Turma na semana passada, n\u00e3o deve votar.<\/p>\n<p>O prazo para recurso dos r\u00e9us condenados terminou nesta segunda-feira (27). Foram condenados oito r\u00e9us desse n\u00facleo em setembro. Apenas o tenente-coronel Mauro Cid n\u00e3o apresentou recurso, pois conseguiu manter os benef\u00edcios previstos no acordo de dela\u00e7\u00e3o premiada.<\/p>\n<p>Os recursos que ser\u00e3o julgados s\u00e3o embargos de declara\u00e7\u00e3o. Eles n\u00e3o t\u00eam potencial para reverter as condena\u00e7\u00f5es, mas podem resultar em ajustes pontuais \u00e0s penas impostas aos r\u00e9us. Bolsonaro foi condenado a 27 anos e tr\u00eas meses de pris\u00e3o.<\/p>\n<p>Ap\u00f3s a an\u00e1lise dos recursos, os ministros decidir\u00e3o se receber\u00e3o outros recursos na sequ\u00eancia, ou se decretar\u00e3o o tr\u00e2nsito em julgado logo. Apenas com os processos oficialmente encerrados \u00e9 que pode ser determinado o in\u00edcio do cumprimento da pena e a defini\u00e7\u00e3o se isso ocorrer\u00e1 no sistema prisional ou em casa.<\/p>\n<p>Da FolhaPE<\/p>\n","protected":false},"excerpt":{"rendered":"<p>O presidente da Primeira Turma do Supremo Tribunal Federal (STF), ministro Fl\u00e1vio Dino, agendou o in\u00edcio do julgamento dos recursos do ex-presidente Jair Bolsonaro e de outros seis r\u00e9us do chamado n\u00facleo crucial da trama golpista para o dia 7 de novembro. A sess\u00e3o se estender\u00e1 at\u00e9 o dia 14 no plen\u00e1rio virtual. Al\u00e9m de Dino, participar\u00e3o do julgamento Alexandre de Moraes, C\u00e1rmen L\u00facia e Cristiano Zanin. Luiz Fux, que deixou a Primeira Turma na semana passada, n\u00e3o deve votar. O prazo para recurso dos r\u00e9us condenados terminou nesta segunda-feira (27). Foram condenados oito r\u00e9us desse n\u00facleo em setembro. Apenas [&hellip;]<\/p>\n","protected":false},"author":2,"featured_media":8173,"comment_status":"open","ping_status":"open","sticky":false,"template":"","format":"standard","meta":{"_jetpack_newsletter_access":"","_jetpack_dont_email_post_to_subs":false,"_jetpack_newsletter_tier_id":0,"_jetpack_memberships_contains_paywalled_content":false,"_jetpack_feature_clip_id":0,"_jetpack_memberships_contains_paid_content":false,"footnotes":"","jetpack_publicize_message":"","jetpack_publicize_feature_enabled":true,"jetpack_social_post_already_shared":true,"jetpack_social_options":{"image_generator_settings":{"template":"highway","default_image_id":0,"font":"","enabled":false},"version":2},"jetpack_post_was_ever_published":false},"categories":[149],"tags":[],"class_list":["post-24764","post","type-post","status-publish","format-standard","has-post-thumbnail","hentry","category-brasil"],"aioseo_notices":[],"aioseo_head":"\n\t\t<!-- All in One SEO 4.9.10 - aioseo.com -->\n\t<meta name=\"description\" content=\"O presidente da Primeira Turma do Supremo Tribunal Federal (STF), ministro Fl\u00e1vio Dino, agendou o in\u00edcio do julgamento dos recursos do ex-presidente Jair Bolsonaro e de outros seis r\u00e9us do chamado n\u00facleo crucial da trama golpista para o dia 7 de novembro. A sess\u00e3o se estender\u00e1 at\u00e9 o dia 14 no plen\u00e1rio virtual. Al\u00e9m de\" \/>\n\t<meta name=\"robots\" content=\"max-image-preview:large\" \/>\n\t<meta name=\"author\" content=\"serrafm87\"\/>\n\t<link rel=\"canonical\" href=\"https:\/\/serrafm879.com.br\/serrafm\/2025\/10\/1a-turma-do-stf-comeca-a-julgar-recursos-de-bolsonaro\/\" \/>\n\t<meta name=\"generator\" content=\"All in One SEO (AIOSEO) 4.9.10\" \/>\n\t\t<meta name=\"twitter:card\" content=\"summary_large_image\" \/>\n\t\t<meta name=\"twitter:title\" content=\"1\u00aa turma do STF come\u00e7a a julgar recursos de Bolsonaro - Serra FM 87,9\" \/>\n\t\t<meta name=\"twitter:description\" content=\"O presidente da Primeira Turma do Supremo Tribunal Federal (STF), ministro Fl\u00e1vio Dino, agendou o in\u00edcio do julgamento dos recursos do ex-presidente Jair Bolsonaro e de outros seis r\u00e9us do chamado n\u00facleo crucial da trama golpista para o dia 7 de novembro. A sess\u00e3o se estender\u00e1 at\u00e9 o dia 14 no plen\u00e1rio virtual. Al\u00e9m de\" \/>\n\t\t<meta name=\"twitter:image\" content=\"https:\/\/serrafm879.com.br\/serrafm\/wp-content\/uploads\/2021\/11\/stf.jpg\" \/>\n\t\t<script type=\"application\/ld+json\" class=\"aioseo-schema\">\n\t\t\t{\"@context\":\"https:\\\/\\\/schema.org\",\"@graph\":[{\"@type\":\"BlogPosting\",\"@id\":\"https:\\\/\\\/serrafm879.com.br\\\/serrafm\\\/2025\\\/10\\\/1a-turma-do-stf-comeca-a-julgar-recursos-de-bolsonaro\\\/#blogposting\",\"name\":\"1\\u00aa turma do STF come\\u00e7a a julgar recursos de Bolsonaro - Serra FM 87,9\",\"headline\":\"1\\u00aa turma do STF come\\u00e7a a julgar recursos de Bolsonaro\",\"author\":{\"@id\":\"https:\\\/\\\/serrafm879.com.br\\\/serrafm\\\/author\\\/serrafm87\\\/#author\"},\"publisher\":{\"@id\":\"https:\\\/\\\/serrafm879.com.br\\\/serrafm\\\/#organization\"},\"image\":{\"@type\":\"ImageObject\",\"url\":\"https:\\\/\\\/serrafm879.com.br\\\/serrafm\\\/wp-content\\\/uploads\\\/2021\\\/11\\\/stf.jpg\",\"width\":275,\"height\":183},\"datePublished\":\"2025-10-29T11:59:48-03:00\",\"dateModified\":\"2025-10-29T11:59:48-03:00\",\"inLanguage\":\"pt-BR\",\"mainEntityOfPage\":{\"@id\":\"https:\\\/\\\/serrafm879.com.br\\\/serrafm\\\/2025\\\/10\\\/1a-turma-do-stf-comeca-a-julgar-recursos-de-bolsonaro\\\/#webpage\"},\"isPartOf\":{\"@id\":\"https:\\\/\\\/serrafm879.com.br\\\/serrafm\\\/2025\\\/10\\\/1a-turma-do-stf-comeca-a-julgar-recursos-de-bolsonaro\\\/#webpage\"},\"articleSection\":\"Brasil\"},{\"@type\":\"BreadcrumbList\",\"@id\":\"https:\\\/\\\/serrafm879.com.br\\\/serrafm\\\/2025\\\/10\\\/1a-turma-do-stf-comeca-a-julgar-recursos-de-bolsonaro\\\/#breadcrumblist\",\"itemListElement\":[{\"@type\":\"ListItem\",\"@id\":\"https:\\\/\\\/serrafm879.com.br\\\/serrafm#listItem\",\"position\":1,\"name\":\"Home\",\"item\":\"https:\\\/\\\/serrafm879.com.br\\\/serrafm\",\"nextItem\":{\"@type\":\"ListItem\",\"@id\":\"https:\\\/\\\/serrafm879.com.br\\\/serrafm\\\/categoria\\\/brasil\\\/#listItem\",\"name\":\"Brasil\"}},{\"@type\":\"ListItem\",\"@id\":\"https:\\\/\\\/serrafm879.com.br\\\/serrafm\\\/categoria\\\/brasil\\\/#listItem\",\"position\":2,\"name\":\"Brasil\",\"item\":\"https:\\\/\\\/serrafm879.com.br\\\/serrafm\\\/categoria\\\/brasil\\\/\",\"nextItem\":{\"@type\":\"ListItem\",\"@id\":\"https:\\\/\\\/serrafm879.com.br\\\/serrafm\\\/2025\\\/10\\\/1a-turma-do-stf-comeca-a-julgar-recursos-de-bolsonaro\\\/#listItem\",\"name\":\"1\\u00aa turma do STF come\\u00e7a a julgar recursos de Bolsonaro\"},\"previousItem\":{\"@type\":\"ListItem\",\"@id\":\"https:\\\/\\\/serrafm879.com.br\\\/serrafm#listItem\",\"name\":\"Home\"}},{\"@type\":\"ListItem\",\"@id\":\"https:\\\/\\\/serrafm879.com.br\\\/serrafm\\\/2025\\\/10\\\/1a-turma-do-stf-comeca-a-julgar-recursos-de-bolsonaro\\\/#listItem\",\"position\":3,\"name\":\"1\\u00aa turma do STF come\\u00e7a a julgar recursos de Bolsonaro\",\"previousItem\":{\"@type\":\"ListItem\",\"@id\":\"https:\\\/\\\/serrafm879.com.br\\\/serrafm\\\/categoria\\\/brasil\\\/#listItem\",\"name\":\"Brasil\"}}]},{\"@type\":\"Organization\",\"@id\":\"https:\\\/\\\/serrafm879.com.br\\\/serrafm\\\/#organization\",\"name\":\"Serra FM 87,9\",\"description\":\"O seu novo amor!\",\"url\":\"https:\\\/\\\/serrafm879.com.br\\\/serrafm\\\/\"},{\"@type\":\"Person\",\"@id\":\"https:\\\/\\\/serrafm879.com.br\\\/serrafm\\\/author\\\/serrafm87\\\/#author\",\"url\":\"https:\\\/\\\/serrafm879.com.br\\\/serrafm\\\/author\\\/serrafm87\\\/\",\"name\":\"serrafm87\",\"image\":{\"@type\":\"ImageObject\",\"@id\":\"https:\\\/\\\/serrafm879.com.br\\\/serrafm\\\/2025\\\/10\\\/1a-turma-do-stf-comeca-a-julgar-recursos-de-bolsonaro\\\/#authorImage\",\"url\":\"https:\\\/\\\/secure.gravatar.com\\\/avatar\\\/a743233f1112d34f48bb3dc9559b76eb930bab8b27175856cba6362608736235?s=96&d=mm&r=g\",\"width\":96,\"height\":96,\"caption\":\"serrafm87\"}},{\"@type\":\"WebPage\",\"@id\":\"https:\\\/\\\/serrafm879.com.br\\\/serrafm\\\/2025\\\/10\\\/1a-turma-do-stf-comeca-a-julgar-recursos-de-bolsonaro\\\/#webpage\",\"url\":\"https:\\\/\\\/serrafm879.com.br\\\/serrafm\\\/2025\\\/10\\\/1a-turma-do-stf-comeca-a-julgar-recursos-de-bolsonaro\\\/\",\"name\":\"1\\u00aa turma do STF come\\u00e7a a julgar recursos de Bolsonaro - Serra FM 87,9\",\"description\":\"O presidente da Primeira Turma do Supremo Tribunal Federal (STF), ministro Fl\\u00e1vio Dino, agendou o in\\u00edcio do julgamento dos recursos do ex-presidente Jair Bolsonaro e de outros seis r\\u00e9us do chamado n\\u00facleo crucial da trama golpista para o dia 7 de novembro. A sess\\u00e3o se estender\\u00e1 at\\u00e9 o dia 14 no plen\\u00e1rio virtual. Al\\u00e9m de\",\"inLanguage\":\"pt-BR\",\"isPartOf\":{\"@id\":\"https:\\\/\\\/serrafm879.com.br\\\/serrafm\\\/#website\"},\"breadcrumb\":{\"@id\":\"https:\\\/\\\/serrafm879.com.br\\\/serrafm\\\/2025\\\/10\\\/1a-turma-do-stf-comeca-a-julgar-recursos-de-bolsonaro\\\/#breadcrumblist\"},\"author\":{\"@id\":\"https:\\\/\\\/serrafm879.com.br\\\/serrafm\\\/author\\\/serrafm87\\\/#author\"},\"creator\":{\"@id\":\"https:\\\/\\\/serrafm879.com.br\\\/serrafm\\\/author\\\/serrafm87\\\/#author\"},\"image\":{\"@type\":\"ImageObject\",\"url\":\"https:\\\/\\\/serrafm879.com.br\\\/serrafm\\\/wp-content\\\/uploads\\\/2021\\\/11\\\/stf.jpg\",\"@id\":\"https:\\\/\\\/serrafm879.com.br\\\/serrafm\\\/2025\\\/10\\\/1a-turma-do-stf-comeca-a-julgar-recursos-de-bolsonaro\\\/#mainImage\",\"width\":275,\"height\":183},\"primaryImageOfPage\":{\"@id\":\"https:\\\/\\\/serrafm879.com.br\\\/serrafm\\\/2025\\\/10\\\/1a-turma-do-stf-comeca-a-julgar-recursos-de-bolsonaro\\\/#mainImage\"},\"datePublished\":\"2025-10-29T11:59:48-03:00\",\"dateModified\":\"2025-10-29T11:59:48-03:00\"},{\"@type\":\"WebSite\",\"@id\":\"https:\\\/\\\/serrafm879.com.br\\\/serrafm\\\/#website\",\"url\":\"https:\\\/\\\/serrafm879.com.br\\\/serrafm\\\/\",\"name\":\"Serra FM 87,9\",\"description\":\"O seu novo amor!\",\"inLanguage\":\"pt-BR\",\"publisher\":{\"@id\":\"https:\\\/\\\/serrafm879.com.br\\\/serrafm\\\/#organization\"}}]}\n\t\t<\/script>\n\t\t<!-- All in One SEO -->\n\n","aioseo_head_json":{"title":"1\u00aa turma do STF come\u00e7a a julgar recursos de Bolsonaro - Serra FM 87,9","description":"O presidente da Primeira Turma do Supremo Tribunal Federal (STF), ministro Fl\u00e1vio Dino, agendou o in\u00edcio do julgamento dos recursos do ex-presidente Jair Bolsonaro e de outros seis r\u00e9us do chamado n\u00facleo crucial da trama golpista para o dia 7 de novembro. A sess\u00e3o se estender\u00e1 at\u00e9 o dia 14 no plen\u00e1rio virtual. Al\u00e9m de","canonical_url":"https:\/\/serrafm879.com.br\/serrafm\/2025\/10\/1a-turma-do-stf-comeca-a-julgar-recursos-de-bolsonaro\/","robots":"max-image-preview:large","keywords":"","webmasterTools":{"miscellaneous":""},"schema":{"@context":"https:\/\/schema.org","@graph":[{"@type":"BlogPosting","@id":"https:\/\/serrafm879.com.br\/serrafm\/2025\/10\/1a-turma-do-stf-comeca-a-julgar-recursos-de-bolsonaro\/#blogposting","name":"1\u00aa turma do STF come\u00e7a a julgar recursos de Bolsonaro - Serra FM 87,9","headline":"1\u00aa turma do STF come\u00e7a a julgar recursos de Bolsonaro","author":{"@id":"https:\/\/serrafm879.com.br\/serrafm\/author\/serrafm87\/#author"},"publisher":{"@id":"https:\/\/serrafm879.com.br\/serrafm\/#organization"},"image":{"@type":"ImageObject","url":"https:\/\/serrafm879.com.br\/serrafm\/wp-content\/uploads\/2021\/11\/stf.jpg","width":275,"height":183},"datePublished":"2025-10-29T11:59:48-03:00","dateModified":"2025-10-29T11:59:48-03:00","inLanguage":"pt-BR","mainEntityOfPage":{"@id":"https:\/\/serrafm879.com.br\/serrafm\/2025\/10\/1a-turma-do-stf-comeca-a-julgar-recursos-de-bolsonaro\/#webpage"},"isPartOf":{"@id":"https:\/\/serrafm879.com.br\/serrafm\/2025\/10\/1a-turma-do-stf-comeca-a-julgar-recursos-de-bolsonaro\/#webpage"},"articleSection":"Brasil"},{"@type":"BreadcrumbList","@id":"https:\/\/serrafm879.com.br\/serrafm\/2025\/10\/1a-turma-do-stf-comeca-a-julgar-recursos-de-bolsonaro\/#breadcrumblist","itemListElement":[{"@type":"ListItem","@id":"https:\/\/serrafm879.com.br\/serrafm#listItem","position":1,"name":"Home","item":"https:\/\/serrafm879.com.br\/serrafm","nextItem":{"@type":"ListItem","@id":"https:\/\/serrafm879.com.br\/serrafm\/categoria\/brasil\/#listItem","name":"Brasil"}},{"@type":"ListItem","@id":"https:\/\/serrafm879.com.br\/serrafm\/categoria\/brasil\/#listItem","position":2,"name":"Brasil","item":"https:\/\/serrafm879.com.br\/serrafm\/categoria\/brasil\/","nextItem":{"@type":"ListItem","@id":"https:\/\/serrafm879.com.br\/serrafm\/2025\/10\/1a-turma-do-stf-comeca-a-julgar-recursos-de-bolsonaro\/#listItem","name":"1\u00aa turma do STF come\u00e7a a julgar recursos de Bolsonaro"},"previousItem":{"@type":"ListItem","@id":"https:\/\/serrafm879.com.br\/serrafm#listItem","name":"Home"}},{"@type":"ListItem","@id":"https:\/\/serrafm879.com.br\/serrafm\/2025\/10\/1a-turma-do-stf-comeca-a-julgar-recursos-de-bolsonaro\/#listItem","position":3,"name":"1\u00aa turma do STF come\u00e7a a julgar recursos de Bolsonaro","previousItem":{"@type":"ListItem","@id":"https:\/\/serrafm879.com.br\/serrafm\/categoria\/brasil\/#listItem","name":"Brasil"}}]},{"@type":"Organization","@id":"https:\/\/serrafm879.com.br\/serrafm\/#organization","name":"Serra FM 87,9","description":"O seu novo amor!","url":"https:\/\/serrafm879.com.br\/serrafm\/"},{"@type":"Person","@id":"https:\/\/serrafm879.com.br\/serrafm\/author\/serrafm87\/#author","url":"https:\/\/serrafm879.com.br\/serrafm\/author\/serrafm87\/","name":"serrafm87","image":{"@type":"ImageObject","@id":"https:\/\/serrafm879.com.br\/serrafm\/2025\/10\/1a-turma-do-stf-comeca-a-julgar-recursos-de-bolsonaro\/#authorImage","url":"https:\/\/secure.gravatar.com\/avatar\/a743233f1112d34f48bb3dc9559b76eb930bab8b27175856cba6362608736235?s=96&d=mm&r=g","width":96,"height":96,"caption":"serrafm87"}},{"@type":"WebPage","@id":"https:\/\/serrafm879.com.br\/serrafm\/2025\/10\/1a-turma-do-stf-comeca-a-julgar-recursos-de-bolsonaro\/#webpage","url":"https:\/\/serrafm879.com.br\/serrafm\/2025\/10\/1a-turma-do-stf-comeca-a-julgar-recursos-de-bolsonaro\/","name":"1\u00aa turma do STF come\u00e7a a julgar recursos de Bolsonaro - Serra FM 87,9","description":"O presidente da Primeira Turma do Supremo Tribunal Federal (STF), ministro Fl\u00e1vio Dino, agendou o in\u00edcio do julgamento dos recursos do ex-presidente Jair Bolsonaro e de outros seis r\u00e9us do chamado n\u00facleo crucial da trama golpista para o dia 7 de novembro. A sess\u00e3o se estender\u00e1 at\u00e9 o dia 14 no plen\u00e1rio virtual. Al\u00e9m de","inLanguage":"pt-BR","isPartOf":{"@id":"https:\/\/serrafm879.com.br\/serrafm\/#website"},"breadcrumb":{"@id":"https:\/\/serrafm879.com.br\/serrafm\/2025\/10\/1a-turma-do-stf-comeca-a-julgar-recursos-de-bolsonaro\/#breadcrumblist"},"author":{"@id":"https:\/\/serrafm879.com.br\/serrafm\/author\/serrafm87\/#author"},"creator":{"@id":"https:\/\/serrafm879.com.br\/serrafm\/author\/serrafm87\/#author"},"image":{"@type":"ImageObject","url":"https:\/\/serrafm879.com.br\/serrafm\/wp-content\/uploads\/2021\/11\/stf.jpg","@id":"https:\/\/serrafm879.com.br\/serrafm\/2025\/10\/1a-turma-do-stf-comeca-a-julgar-recursos-de-bolsonaro\/#mainImage","width":275,"height":183},"primaryImageOfPage":{"@id":"https:\/\/serrafm879.com.br\/serrafm\/2025\/10\/1a-turma-do-stf-comeca-a-julgar-recursos-de-bolsonaro\/#mainImage"},"datePublished":"2025-10-29T11:59:48-03:00","dateModified":"2025-10-29T11:59:48-03:00"},{"@type":"WebSite","@id":"https:\/\/serrafm879.com.br\/serrafm\/#website","url":"https:\/\/serrafm879.com.br\/serrafm\/","name":"Serra FM 87,9","description":"O seu novo amor!","inLanguage":"pt-BR","publisher":{"@id":"https:\/\/serrafm879.com.br\/serrafm\/#organization"}}]},"twitter:card":"summary_large_image","twitter:title":"1\u00aa turma do STF come\u00e7a a julgar recursos de Bolsonaro - Serra FM 87,9","twitter:description":"O presidente da Primeira Turma do Supremo Tribunal Federal (STF), ministro Fl\u00e1vio Dino, agendou o in\u00edcio do julgamento dos recursos do ex-presidente Jair Bolsonaro e de outros seis r\u00e9us do chamado n\u00facleo crucial da trama golpista para o dia 7 de novembro. A sess\u00e3o se estender\u00e1 at\u00e9 o dia 14 no plen\u00e1rio virtual. Al\u00e9m de","twitter:image":"https:\/\/serrafm879.com.br\/serrafm\/wp-content\/uploads\/2021\/11\/stf.jpg"},"aioseo_meta_data":{"post_id":"24764","title":null,"description":null,"keywords":null,"keyphrases":null,"primary_term":null,"canonical_url":null,"og_title":null,"og_description":null,"og_object_type":"default","og_image_type":"default","og_image_custom_url":null,"og_image_custom_fields":null,"og_image_url":null,"og_image_width":null,"og_image_height":null,"og_video":null,"og_custom_url":null,"og_article_section":null,"og_article_tags":null,"twitter_use_og":false,"twitter_card":"default","twitter_image_type":"default","twitter_image_custom_url":null,"twitter_image_custom_fields":null,"twitter_image_url":null,"twitter_title":null,"twitter_description":null,"schema_type":"default","schema_type_options":null,"schema":{"blockGraphs":[],"customGraphs":[],"default":{"data":{"Article":[],"Course":[],"Dataset":[],"FAQPage":[],"Movie":[],"Person":[],"Product":[],"ProductReview":[],"Car":[],"Recipe":[],"Service":[],"SoftwareApplication":[],"WebPage":[]},"graphName":"","isEnabled":true},"graphs":[]},"pillar_content":false,"robots_default":true,"robots_noindex":false,"robots_noarchive":false,"robots_nosnippet":false,"robots_nofollow":false,"robots_noimageindex":false,"robots_noodp":false,"robots_notranslate":false,"robots_max_snippet":null,"robots_max_videopreview":null,"robots_max_imagepreview":"large","priority":null,"frequency":null,"local_seo":null,"limit_modified_date":false,"ai":null,"breadcrumb_settings":null,"seo_analyzer_scan_date":null,"created":"2026-07-21 17:38:12","updated":"2026-07-21 17:38:12"},"aioseo_breadcrumb":"<div class=\"aioseo-breadcrumbs\"><span class=\"aioseo-breadcrumb\">\n\t\t\t<a href=\"https:\/\/serrafm879.com.br\/serrafm\" title=\"Home\">Home<\/a>\n\t\t<\/span><span class=\"aioseo-breadcrumb-separator\">&raquo;<\/span><span class=\"aioseo-breadcrumb\">\n\t\t\t<a href=\"https:\/\/serrafm879.com.br\/serrafm\/categoria\/brasil\/\" title=\"Brasil\">Brasil<\/a>\n\t\t<\/span><span class=\"aioseo-breadcrumb-separator\">&raquo;<\/span><span class=\"aioseo-breadcrumb\">\n\t\t\t1\u00aa turma do STF come\u00e7a a julgar recursos de Bolsonaro\n\t\t<\/span><\/div>","aioseo_breadcrumb_json":[{"label":"Home","link":"https:\/\/serrafm879.com.br\/serrafm"},{"label":"Brasil","link":"https:\/\/serrafm879.com.br\/serrafm\/categoria\/brasil\/"},{"label":"1\u00aa turma do STF come\u00e7a a julgar recursos de Bolsonaro","link":"https:\/\/serrafm879.com.br\/serrafm\/2025\/10\/1a-turma-do-stf-comeca-a-julgar-recursos-de-bolsonaro\/"}],"jetpack_publicize_connections":[],"jetpack_featured_media_url":"https:\/\/serrafm879.com.br\/serrafm\/wp-content\/uploads\/2021\/11\/stf.jpg","jetpack_shortlink":"https:\/\/wp.me\/p7HyXg-6rq","jetpack_sharing_enabled":true,"_links":{"self":[{"href":"https:\/\/serrafm879.com.br\/serrafm\/wp-json\/wp\/v2\/posts\/24764","targetHints":{"allow":["GET"]}}],"collection":[{"href":"https:\/\/serrafm879.com.br\/serrafm\/wp-json\/wp\/v2\/posts"}],"about":[{"href":"https:\/\/serrafm879.com.br\/serrafm\/wp-json\/wp\/v2\/types\/post"}],"author":[{"embeddable":true,"href":"https:\/\/serrafm879.com.br\/serrafm\/wp-json\/wp\/v2\/users\/2"}],"replies":[{"embeddable":true,"href":"https:\/\/serrafm879.com.br\/serrafm\/wp-json\/wp\/v2\/comments?post=24764"}],"version-history":[{"count":1,"href":"https:\/\/serrafm879.com.br\/serrafm\/wp-json\/wp\/v2\/posts\/24764\/revisions"}],"predecessor-version":[{"id":24765,"href":"https:\/\/serrafm879.com.br\/serrafm\/wp-json\/wp\/v2\/posts\/24764\/revisions\/24765"}],"wp:featuredmedia":[{"embeddable":true,"href":"https:\/\/serrafm879.com.br\/serrafm\/wp-json\/wp\/v2\/media\/8173"}],"wp:attachment":[{"href":"https:\/\/serrafm879.com.br\/serrafm\/wp-json\/wp\/v2\/media?parent=24764"}],"wp:term":[{"taxonomy":"category","embeddable":true,"href":"https:\/\/serrafm879.com.br\/serrafm\/wp-json\/wp\/v2\/categories?post=24764"},{"taxonomy":"post_tag","embeddable":true,"href":"https:\/\/serrafm879.com.br\/serrafm\/wp-json\/wp\/v2\/tags?post=24764"}],"curies":[{"name":"wp","href":"https:\/\/api.w.org\/{rel}","templated":true}]}}