{"id":24787,"date":"2025-10-31T09:22:37","date_gmt":"2025-10-31T12:22:37","guid":{"rendered":"https:\/\/serrafm879.com.br\/serrafm\/?p=24787"},"modified":"2025-10-31T09:22:37","modified_gmt":"2025-10-31T12:22:37","slug":"agencia-do-trabalho-atualiza-quadro-de-vagas-para-serra-talhada-nesta-6a","status":"publish","type":"post","link":"https:\/\/serrafm879.com.br\/serrafm\/2025\/10\/agencia-do-trabalho-atualiza-quadro-de-vagas-para-serra-talhada-nesta-6a\/","title":{"rendered":"Ag\u00eancia do Trabalho atualiza quadro de vagas para Serra Talhada nesta 6\u00aa"},"content":{"rendered":"<p>A Ag\u00eancia do Trabalho de Pernambuco atualizou o quadro de vagas de emprego nos principais munic\u00edpios do estado. Destaque 17 oportunidades em\u00a0<a href=\"https:\/\/faroldenoticias.com.br\/categoria\/serra-talhada\/\">Serra Talhada<\/a>\u00a0para esta sexta-feira (31).<\/p>\n<p>Entre as vagas dispon\u00edveis, h\u00e1 posi\u00e7\u00f5es para atendente, auxiliar de manuten\u00e7\u00e3o, repositor e vendedor, com exig\u00eancias de ensino fundamental ou m\u00e9dio completo e sem necessidade de experi\u00eancia anterior.<\/p>\n<p>Confira as vagas dispon\u00edveis:<\/p>\n<p><strong>\u2013 3 vagas para Atendente de Lojas e Mercados<\/strong><\/p>\n<p>Detalhes: Ensino M\u00e9dio completo | Sem experi\u00eancia | Contrato permanente | Sal\u00e1rio n\u00e3o informado<\/p>\n<p><strong>\u2013 3 vagas para Auxiliar de Manuten\u00e7\u00e3o de Linha F\u00e9rrea<\/strong><\/p>\n<p>Detalhes: Ensino M\u00e9dio completo | Sem experi\u00eancia | Contrato permanente | Sal\u00e1rio n\u00e3o informado<\/p>\n<p><strong>\u2013 3 vagas para Repositor em Supermercados<\/strong><\/p>\n<p>Detalhes:\u00a0 Ensino M\u00e9dio completo | Sem experi\u00eancia | Contrato permanente | Sal\u00e1rio n\u00e3o informado<\/p>\n<p><strong>\u2013 2 vagas para Vendedor Interno<\/strong><\/p>\n<p>Detalhes:\u00a0 Ensino M\u00e9dio completo | Sem experi\u00eancia | Contrato permanente | Sal\u00e1rio n\u00e3o informado<\/p>\n<p><strong>\u2013 6 vagas para Vendedor Pracista<\/strong><\/p>\n<p>Detalhes: Ensino Fundamental completo | Sem experi\u00eancia | Contrato permanente | Sal\u00e1rio: R$ 1.518,00<\/p>\n<h5>MAIS INFORMA\u00c7\u00d5ES<\/h5>\n<p>Para participar da sele\u00e7\u00e3o \u00e9 necess\u00e1rio ter cadastro na ag\u00eancia do trabalho ou comparecer portando documentos pessoais, para realizar o cadastro.<\/p>\n<p>Para mais informa\u00e7\u00f5es, os interessados podem entrar em contato pelo n\u00famero: (87) 3831-9240.<\/p>\n<p>Devido a um per\u00edodo de reformas na sede da Ag\u00eancia do Trabalho, os serra-talhadenses podem se candidatar as vagas na Secretaria de Desenvolvimento Econ\u00f4mico, no Centro Administrativo Municipal, na Rua Cust\u00f3dio Conrado, em frente ao ETE Cl\u00f3vis Nogueira Alves.<\/p>\n","protected":false},"excerpt":{"rendered":"<p>A Ag\u00eancia do Trabalho de Pernambuco atualizou o quadro de vagas de emprego nos principais munic\u00edpios do estado. Destaque 17 oportunidades em\u00a0Serra Talhada\u00a0para esta sexta-feira (31). Entre as vagas dispon\u00edveis, h\u00e1 posi\u00e7\u00f5es para atendente, auxiliar de manuten\u00e7\u00e3o, repositor e vendedor, com exig\u00eancias de ensino fundamental ou m\u00e9dio completo e sem necessidade de experi\u00eancia anterior. Confira as vagas dispon\u00edveis: \u2013 3 vagas para Atendente de Lojas e Mercados Detalhes: Ensino M\u00e9dio completo | Sem experi\u00eancia | Contrato permanente | Sal\u00e1rio n\u00e3o informado \u2013 3 vagas para Auxiliar de Manuten\u00e7\u00e3o de Linha F\u00e9rrea Detalhes: Ensino M\u00e9dio completo | Sem experi\u00eancia | Contrato [&hellip;]<\/p>\n","protected":false},"author":2,"featured_media":15496,"comment_status":"open","ping_status":"open","sticky":false,"template":"","format":"standard","meta":{"_jetpack_newsletter_access":"","_jetpack_dont_email_post_to_subs":false,"_jetpack_newsletter_tier_id":0,"_jetpack_memberships_contains_paywalled_content":false,"_jetpack_feature_clip_id":0,"_jetpack_memberships_contains_paid_content":false,"footnotes":"","jetpack_publicize_message":"","jetpack_publicize_feature_enabled":true,"jetpack_social_post_already_shared":true,"jetpack_social_options":{"image_generator_settings":{"template":"highway","default_image_id":0,"font":"","enabled":false},"version":2},"jetpack_post_was_ever_published":false},"categories":[290],"tags":[],"class_list":["post-24787","post","type-post","status-publish","format-standard","has-post-thumbnail","hentry","category-serra-talhada"],"aioseo_notices":[],"aioseo_head":"\n\t\t<!-- All in One SEO 4.9.10 - aioseo.com -->\n\t<meta name=\"description\" content=\"A Ag\u00eancia do Trabalho de Pernambuco atualizou o quadro de vagas de emprego nos principais munic\u00edpios do estado. Destaque 17 oportunidades em Serra Talhada para esta sexta-feira (31). Entre as vagas dispon\u00edveis, h\u00e1 posi\u00e7\u00f5es para atendente, auxiliar de manuten\u00e7\u00e3o, repositor e vendedor, com exig\u00eancias de ensino fundamental ou m\u00e9dio completo e sem necessidade de experi\u00eancia anterior. Confira\" \/>\n\t<meta name=\"robots\" content=\"max-image-preview:large\" \/>\n\t<meta name=\"author\" content=\"serrafm87\"\/>\n\t<link rel=\"canonical\" href=\"https:\/\/serrafm879.com.br\/serrafm\/2025\/10\/agencia-do-trabalho-atualiza-quadro-de-vagas-para-serra-talhada-nesta-6a\/\" \/>\n\t<meta name=\"generator\" content=\"All in One SEO (AIOSEO) 4.9.10\" \/>\n\t\t<meta name=\"twitter:card\" content=\"summary_large_image\" \/>\n\t\t<meta name=\"twitter:title\" content=\"Ag\u00eancia do Trabalho atualiza quadro de vagas para Serra Talhada nesta 6\u00aa - Serra FM 87,9\" \/>\n\t\t<meta name=\"twitter:description\" content=\"A Ag\u00eancia do Trabalho de Pernambuco atualizou o quadro de vagas de emprego nos principais munic\u00edpios do estado. Destaque 17 oportunidades em Serra Talhada para esta sexta-feira (31). Entre as vagas dispon\u00edveis, h\u00e1 posi\u00e7\u00f5es para atendente, auxiliar de manuten\u00e7\u00e3o, repositor e vendedor, com exig\u00eancias de ensino fundamental ou m\u00e9dio completo e sem necessidade de experi\u00eancia anterior. Confira\" \/>\n\t\t<meta name=\"twitter:image\" content=\"https:\/\/serrafm879.com.br\/serrafm\/wp-content\/uploads\/2024\/01\/CARTEIRA-DE-TRABALHO.webp\" \/>\n\t\t<script type=\"application\/ld+json\" class=\"aioseo-schema\">\n\t\t\t{\"@context\":\"https:\\\/\\\/schema.org\",\"@graph\":[{\"@type\":\"BlogPosting\",\"@id\":\"https:\\\/\\\/serrafm879.com.br\\\/serrafm\\\/2025\\\/10\\\/agencia-do-trabalho-atualiza-quadro-de-vagas-para-serra-talhada-nesta-6a\\\/#blogposting\",\"name\":\"Ag\\u00eancia do Trabalho atualiza quadro de vagas para Serra Talhada nesta 6\\u00aa - Serra FM 87,9\",\"headline\":\"Ag\\u00eancia do Trabalho atualiza quadro de vagas para Serra Talhada nesta 6\\u00aa\",\"author\":{\"@id\":\"https:\\\/\\\/serrafm879.com.br\\\/serrafm\\\/author\\\/serrafm87\\\/#author\"},\"publisher\":{\"@id\":\"https:\\\/\\\/serrafm879.com.br\\\/serrafm\\\/#organization\"},\"image\":{\"@type\":\"ImageObject\",\"url\":\"https:\\\/\\\/serrafm879.com.br\\\/serrafm\\\/wp-content\\\/uploads\\\/2024\\\/01\\\/CARTEIRA-DE-TRABALHO.webp\",\"width\":600,\"height\":400},\"datePublished\":\"2025-10-31T09:22:37-03:00\",\"dateModified\":\"2025-10-31T09:22:37-03:00\",\"inLanguage\":\"pt-BR\",\"mainEntityOfPage\":{\"@id\":\"https:\\\/\\\/serrafm879.com.br\\\/serrafm\\\/2025\\\/10\\\/agencia-do-trabalho-atualiza-quadro-de-vagas-para-serra-talhada-nesta-6a\\\/#webpage\"},\"isPartOf\":{\"@id\":\"https:\\\/\\\/serrafm879.com.br\\\/serrafm\\\/2025\\\/10\\\/agencia-do-trabalho-atualiza-quadro-de-vagas-para-serra-talhada-nesta-6a\\\/#webpage\"},\"articleSection\":\"Serra Talhada\"},{\"@type\":\"BreadcrumbList\",\"@id\":\"https:\\\/\\\/serrafm879.com.br\\\/serrafm\\\/2025\\\/10\\\/agencia-do-trabalho-atualiza-quadro-de-vagas-para-serra-talhada-nesta-6a\\\/#breadcrumblist\",\"itemListElement\":[{\"@type\":\"ListItem\",\"@id\":\"https:\\\/\\\/serrafm879.com.br\\\/serrafm#listItem\",\"position\":1,\"name\":\"Home\",\"item\":\"https:\\\/\\\/serrafm879.com.br\\\/serrafm\",\"nextItem\":{\"@type\":\"ListItem\",\"@id\":\"https:\\\/\\\/serrafm879.com.br\\\/serrafm\\\/categoria\\\/serra-talhada\\\/#listItem\",\"name\":\"Serra Talhada\"}},{\"@type\":\"ListItem\",\"@id\":\"https:\\\/\\\/serrafm879.com.br\\\/serrafm\\\/categoria\\\/serra-talhada\\\/#listItem\",\"position\":2,\"name\":\"Serra Talhada\",\"item\":\"https:\\\/\\\/serrafm879.com.br\\\/serrafm\\\/categoria\\\/serra-talhada\\\/\",\"nextItem\":{\"@type\":\"ListItem\",\"@id\":\"https:\\\/\\\/serrafm879.com.br\\\/serrafm\\\/2025\\\/10\\\/agencia-do-trabalho-atualiza-quadro-de-vagas-para-serra-talhada-nesta-6a\\\/#listItem\",\"name\":\"Ag\\u00eancia do Trabalho atualiza quadro de vagas para Serra Talhada nesta 6\\u00aa\"},\"previousItem\":{\"@type\":\"ListItem\",\"@id\":\"https:\\\/\\\/serrafm879.com.br\\\/serrafm#listItem\",\"name\":\"Home\"}},{\"@type\":\"ListItem\",\"@id\":\"https:\\\/\\\/serrafm879.com.br\\\/serrafm\\\/2025\\\/10\\\/agencia-do-trabalho-atualiza-quadro-de-vagas-para-serra-talhada-nesta-6a\\\/#listItem\",\"position\":3,\"name\":\"Ag\\u00eancia do Trabalho atualiza quadro de vagas para Serra Talhada nesta 6\\u00aa\",\"previousItem\":{\"@type\":\"ListItem\",\"@id\":\"https:\\\/\\\/serrafm879.com.br\\\/serrafm\\\/categoria\\\/serra-talhada\\\/#listItem\",\"name\":\"Serra Talhada\"}}]},{\"@type\":\"Organization\",\"@id\":\"https:\\\/\\\/serrafm879.com.br\\\/serrafm\\\/#organization\",\"name\":\"Serra FM 87,9\",\"description\":\"O seu novo amor!\",\"url\":\"https:\\\/\\\/serrafm879.com.br\\\/serrafm\\\/\"},{\"@type\":\"Person\",\"@id\":\"https:\\\/\\\/serrafm879.com.br\\\/serrafm\\\/author\\\/serrafm87\\\/#author\",\"url\":\"https:\\\/\\\/serrafm879.com.br\\\/serrafm\\\/author\\\/serrafm87\\\/\",\"name\":\"serrafm87\",\"image\":{\"@type\":\"ImageObject\",\"@id\":\"https:\\\/\\\/serrafm879.com.br\\\/serrafm\\\/2025\\\/10\\\/agencia-do-trabalho-atualiza-quadro-de-vagas-para-serra-talhada-nesta-6a\\\/#authorImage\",\"url\":\"https:\\\/\\\/secure.gravatar.com\\\/avatar\\\/a743233f1112d34f48bb3dc9559b76eb930bab8b27175856cba6362608736235?s=96&d=mm&r=g\",\"width\":96,\"height\":96,\"caption\":\"serrafm87\"}},{\"@type\":\"WebPage\",\"@id\":\"https:\\\/\\\/serrafm879.com.br\\\/serrafm\\\/2025\\\/10\\\/agencia-do-trabalho-atualiza-quadro-de-vagas-para-serra-talhada-nesta-6a\\\/#webpage\",\"url\":\"https:\\\/\\\/serrafm879.com.br\\\/serrafm\\\/2025\\\/10\\\/agencia-do-trabalho-atualiza-quadro-de-vagas-para-serra-talhada-nesta-6a\\\/\",\"name\":\"Ag\\u00eancia do Trabalho atualiza quadro de vagas para Serra Talhada nesta 6\\u00aa - Serra FM 87,9\",\"description\":\"A Ag\\u00eancia do Trabalho de Pernambuco atualizou o quadro de vagas de emprego nos principais munic\\u00edpios do estado. Destaque 17 oportunidades em Serra Talhada para esta sexta-feira (31). Entre as vagas dispon\\u00edveis, h\\u00e1 posi\\u00e7\\u00f5es para atendente, auxiliar de manuten\\u00e7\\u00e3o, repositor e vendedor, com exig\\u00eancias de ensino fundamental ou m\\u00e9dio completo e sem necessidade de experi\\u00eancia anterior. Confira\",\"inLanguage\":\"pt-BR\",\"isPartOf\":{\"@id\":\"https:\\\/\\\/serrafm879.com.br\\\/serrafm\\\/#website\"},\"breadcrumb\":{\"@id\":\"https:\\\/\\\/serrafm879.com.br\\\/serrafm\\\/2025\\\/10\\\/agencia-do-trabalho-atualiza-quadro-de-vagas-para-serra-talhada-nesta-6a\\\/#breadcrumblist\"},\"author\":{\"@id\":\"https:\\\/\\\/serrafm879.com.br\\\/serrafm\\\/author\\\/serrafm87\\\/#author\"},\"creator\":{\"@id\":\"https:\\\/\\\/serrafm879.com.br\\\/serrafm\\\/author\\\/serrafm87\\\/#author\"},\"image\":{\"@type\":\"ImageObject\",\"url\":\"https:\\\/\\\/serrafm879.com.br\\\/serrafm\\\/wp-content\\\/uploads\\\/2024\\\/01\\\/CARTEIRA-DE-TRABALHO.webp\",\"@id\":\"https:\\\/\\\/serrafm879.com.br\\\/serrafm\\\/2025\\\/10\\\/agencia-do-trabalho-atualiza-quadro-de-vagas-para-serra-talhada-nesta-6a\\\/#mainImage\",\"width\":600,\"height\":400},\"primaryImageOfPage\":{\"@id\":\"https:\\\/\\\/serrafm879.com.br\\\/serrafm\\\/2025\\\/10\\\/agencia-do-trabalho-atualiza-quadro-de-vagas-para-serra-talhada-nesta-6a\\\/#mainImage\"},\"datePublished\":\"2025-10-31T09:22:37-03:00\",\"dateModified\":\"2025-10-31T09:22:37-03:00\"},{\"@type\":\"WebSite\",\"@id\":\"https:\\\/\\\/serrafm879.com.br\\\/serrafm\\\/#website\",\"url\":\"https:\\\/\\\/serrafm879.com.br\\\/serrafm\\\/\",\"name\":\"Serra FM 87,9\",\"description\":\"O seu novo amor!\",\"inLanguage\":\"pt-BR\",\"publisher\":{\"@id\":\"https:\\\/\\\/serrafm879.com.br\\\/serrafm\\\/#organization\"}}]}\n\t\t<\/script>\n\t\t<!-- All in One SEO -->\n\n","aioseo_head_json":{"title":"Ag\u00eancia do Trabalho atualiza quadro de vagas para Serra Talhada nesta 6\u00aa - Serra FM 87,9","description":"A Ag\u00eancia do Trabalho de Pernambuco atualizou o quadro de vagas de emprego nos principais munic\u00edpios do estado. Destaque 17 oportunidades em Serra Talhada para esta sexta-feira (31). Entre as vagas dispon\u00edveis, h\u00e1 posi\u00e7\u00f5es para atendente, auxiliar de manuten\u00e7\u00e3o, repositor e vendedor, com exig\u00eancias de ensino fundamental ou m\u00e9dio completo e sem necessidade de experi\u00eancia anterior. Confira","canonical_url":"https:\/\/serrafm879.com.br\/serrafm\/2025\/10\/agencia-do-trabalho-atualiza-quadro-de-vagas-para-serra-talhada-nesta-6a\/","robots":"max-image-preview:large","keywords":"","webmasterTools":{"miscellaneous":""},"schema":{"@context":"https:\/\/schema.org","@graph":[{"@type":"BlogPosting","@id":"https:\/\/serrafm879.com.br\/serrafm\/2025\/10\/agencia-do-trabalho-atualiza-quadro-de-vagas-para-serra-talhada-nesta-6a\/#blogposting","name":"Ag\u00eancia do Trabalho atualiza quadro de vagas para Serra Talhada nesta 6\u00aa - Serra FM 87,9","headline":"Ag\u00eancia do Trabalho atualiza quadro de vagas para Serra Talhada nesta 6\u00aa","author":{"@id":"https:\/\/serrafm879.com.br\/serrafm\/author\/serrafm87\/#author"},"publisher":{"@id":"https:\/\/serrafm879.com.br\/serrafm\/#organization"},"image":{"@type":"ImageObject","url":"https:\/\/serrafm879.com.br\/serrafm\/wp-content\/uploads\/2024\/01\/CARTEIRA-DE-TRABALHO.webp","width":600,"height":400},"datePublished":"2025-10-31T09:22:37-03:00","dateModified":"2025-10-31T09:22:37-03:00","inLanguage":"pt-BR","mainEntityOfPage":{"@id":"https:\/\/serrafm879.com.br\/serrafm\/2025\/10\/agencia-do-trabalho-atualiza-quadro-de-vagas-para-serra-talhada-nesta-6a\/#webpage"},"isPartOf":{"@id":"https:\/\/serrafm879.com.br\/serrafm\/2025\/10\/agencia-do-trabalho-atualiza-quadro-de-vagas-para-serra-talhada-nesta-6a\/#webpage"},"articleSection":"Serra Talhada"},{"@type":"BreadcrumbList","@id":"https:\/\/serrafm879.com.br\/serrafm\/2025\/10\/agencia-do-trabalho-atualiza-quadro-de-vagas-para-serra-talhada-nesta-6a\/#breadcrumblist","itemListElement":[{"@type":"ListItem","@id":"https:\/\/serrafm879.com.br\/serrafm#listItem","position":1,"name":"Home","item":"https:\/\/serrafm879.com.br\/serrafm","nextItem":{"@type":"ListItem","@id":"https:\/\/serrafm879.com.br\/serrafm\/categoria\/serra-talhada\/#listItem","name":"Serra Talhada"}},{"@type":"ListItem","@id":"https:\/\/serrafm879.com.br\/serrafm\/categoria\/serra-talhada\/#listItem","position":2,"name":"Serra Talhada","item":"https:\/\/serrafm879.com.br\/serrafm\/categoria\/serra-talhada\/","nextItem":{"@type":"ListItem","@id":"https:\/\/serrafm879.com.br\/serrafm\/2025\/10\/agencia-do-trabalho-atualiza-quadro-de-vagas-para-serra-talhada-nesta-6a\/#listItem","name":"Ag\u00eancia do Trabalho atualiza quadro de vagas para Serra Talhada nesta 6\u00aa"},"previousItem":{"@type":"ListItem","@id":"https:\/\/serrafm879.com.br\/serrafm#listItem","name":"Home"}},{"@type":"ListItem","@id":"https:\/\/serrafm879.com.br\/serrafm\/2025\/10\/agencia-do-trabalho-atualiza-quadro-de-vagas-para-serra-talhada-nesta-6a\/#listItem","position":3,"name":"Ag\u00eancia do Trabalho atualiza quadro de vagas para Serra Talhada nesta 6\u00aa","previousItem":{"@type":"ListItem","@id":"https:\/\/serrafm879.com.br\/serrafm\/categoria\/serra-talhada\/#listItem","name":"Serra Talhada"}}]},{"@type":"Organization","@id":"https:\/\/serrafm879.com.br\/serrafm\/#organization","name":"Serra FM 87,9","description":"O seu novo amor!","url":"https:\/\/serrafm879.com.br\/serrafm\/"},{"@type":"Person","@id":"https:\/\/serrafm879.com.br\/serrafm\/author\/serrafm87\/#author","url":"https:\/\/serrafm879.com.br\/serrafm\/author\/serrafm87\/","name":"serrafm87","image":{"@type":"ImageObject","@id":"https:\/\/serrafm879.com.br\/serrafm\/2025\/10\/agencia-do-trabalho-atualiza-quadro-de-vagas-para-serra-talhada-nesta-6a\/#authorImage","url":"https:\/\/secure.gravatar.com\/avatar\/a743233f1112d34f48bb3dc9559b76eb930bab8b27175856cba6362608736235?s=96&d=mm&r=g","width":96,"height":96,"caption":"serrafm87"}},{"@type":"WebPage","@id":"https:\/\/serrafm879.com.br\/serrafm\/2025\/10\/agencia-do-trabalho-atualiza-quadro-de-vagas-para-serra-talhada-nesta-6a\/#webpage","url":"https:\/\/serrafm879.com.br\/serrafm\/2025\/10\/agencia-do-trabalho-atualiza-quadro-de-vagas-para-serra-talhada-nesta-6a\/","name":"Ag\u00eancia do Trabalho atualiza quadro de vagas para Serra Talhada nesta 6\u00aa - Serra FM 87,9","description":"A Ag\u00eancia do Trabalho de Pernambuco atualizou o quadro de vagas de emprego nos principais munic\u00edpios do estado. Destaque 17 oportunidades em Serra Talhada para esta sexta-feira (31). Entre as vagas dispon\u00edveis, h\u00e1 posi\u00e7\u00f5es para atendente, auxiliar de manuten\u00e7\u00e3o, repositor e vendedor, com exig\u00eancias de ensino fundamental ou m\u00e9dio completo e sem necessidade de experi\u00eancia anterior. Confira","inLanguage":"pt-BR","isPartOf":{"@id":"https:\/\/serrafm879.com.br\/serrafm\/#website"},"breadcrumb":{"@id":"https:\/\/serrafm879.com.br\/serrafm\/2025\/10\/agencia-do-trabalho-atualiza-quadro-de-vagas-para-serra-talhada-nesta-6a\/#breadcrumblist"},"author":{"@id":"https:\/\/serrafm879.com.br\/serrafm\/author\/serrafm87\/#author"},"creator":{"@id":"https:\/\/serrafm879.com.br\/serrafm\/author\/serrafm87\/#author"},"image":{"@type":"ImageObject","url":"https:\/\/serrafm879.com.br\/serrafm\/wp-content\/uploads\/2024\/01\/CARTEIRA-DE-TRABALHO.webp","@id":"https:\/\/serrafm879.com.br\/serrafm\/2025\/10\/agencia-do-trabalho-atualiza-quadro-de-vagas-para-serra-talhada-nesta-6a\/#mainImage","width":600,"height":400},"primaryImageOfPage":{"@id":"https:\/\/serrafm879.com.br\/serrafm\/2025\/10\/agencia-do-trabalho-atualiza-quadro-de-vagas-para-serra-talhada-nesta-6a\/#mainImage"},"datePublished":"2025-10-31T09:22:37-03:00","dateModified":"2025-10-31T09:22:37-03:00"},{"@type":"WebSite","@id":"https:\/\/serrafm879.com.br\/serrafm\/#website","url":"https:\/\/serrafm879.com.br\/serrafm\/","name":"Serra FM 87,9","description":"O seu novo amor!","inLanguage":"pt-BR","publisher":{"@id":"https:\/\/serrafm879.com.br\/serrafm\/#organization"}}]},"twitter:card":"summary_large_image","twitter:title":"Ag\u00eancia do Trabalho atualiza quadro de vagas para Serra Talhada nesta 6\u00aa - Serra FM 87,9","twitter:description":"A Ag\u00eancia do Trabalho de Pernambuco atualizou o quadro de vagas de emprego nos principais munic\u00edpios do estado. Destaque 17 oportunidades em Serra Talhada para esta sexta-feira (31). Entre as vagas dispon\u00edveis, h\u00e1 posi\u00e7\u00f5es para atendente, auxiliar de manuten\u00e7\u00e3o, repositor e vendedor, com exig\u00eancias de ensino fundamental ou m\u00e9dio completo e sem necessidade de experi\u00eancia anterior. Confira","twitter:image":"https:\/\/serrafm879.com.br\/serrafm\/wp-content\/uploads\/2024\/01\/CARTEIRA-DE-TRABALHO.webp"},"aioseo_meta_data":{"post_id":"24787","title":null,"description":null,"keywords":null,"keyphrases":null,"primary_term":null,"canonical_url":null,"og_title":null,"og_description":null,"og_object_type":"default","og_image_type":"default","og_image_custom_url":null,"og_image_custom_fields":null,"og_image_url":null,"og_image_width":null,"og_image_height":null,"og_video":null,"og_custom_url":null,"og_article_section":null,"og_article_tags":null,"twitter_use_og":false,"twitter_card":"default","twitter_image_type":"default","twitter_image_custom_url":null,"twitter_image_custom_fields":null,"twitter_image_url":null,"twitter_title":null,"twitter_description":null,"schema_type":"default","schema_type_options":null,"schema":{"blockGraphs":[],"customGraphs":[],"default":{"data":{"Article":[],"Course":[],"Dataset":[],"FAQPage":[],"Movie":[],"Person":[],"Product":[],"ProductReview":[],"Car":[],"Recipe":[],"Service":[],"SoftwareApplication":[],"WebPage":[]},"graphName":"","isEnabled":true},"graphs":[]},"pillar_content":false,"robots_default":true,"robots_noindex":false,"robots_noarchive":false,"robots_nosnippet":false,"robots_nofollow":false,"robots_noimageindex":false,"robots_noodp":false,"robots_notranslate":false,"robots_max_snippet":null,"robots_max_videopreview":null,"robots_max_imagepreview":"large","priority":null,"frequency":null,"local_seo":null,"limit_modified_date":false,"ai":null,"breadcrumb_settings":null,"seo_analyzer_scan_date":null,"created":"2026-07-21 17:43:13","updated":"2026-07-21 17:43:13"},"aioseo_breadcrumb":"<div class=\"aioseo-breadcrumbs\"><span class=\"aioseo-breadcrumb\">\n\t\t\t<a href=\"https:\/\/serrafm879.com.br\/serrafm\" title=\"Home\">Home<\/a>\n\t\t<\/span><span class=\"aioseo-breadcrumb-separator\">&raquo;<\/span><span class=\"aioseo-breadcrumb\">\n\t\t\t<a href=\"https:\/\/serrafm879.com.br\/serrafm\/categoria\/serra-talhada\/\" title=\"Serra Talhada\">Serra Talhada<\/a>\n\t\t<\/span><span class=\"aioseo-breadcrumb-separator\">&raquo;<\/span><span class=\"aioseo-breadcrumb\">\n\t\t\tAg\u00eancia do Trabalho atualiza quadro de vagas para Serra Talhada nesta 6\u00aa\n\t\t<\/span><\/div>","aioseo_breadcrumb_json":[{"label":"Home","link":"https:\/\/serrafm879.com.br\/serrafm"},{"label":"Serra Talhada","link":"https:\/\/serrafm879.com.br\/serrafm\/categoria\/serra-talhada\/"},{"label":"Ag\u00eancia do Trabalho atualiza quadro de vagas para Serra Talhada nesta 6\u00aa","link":"https:\/\/serrafm879.com.br\/serrafm\/2025\/10\/agencia-do-trabalho-atualiza-quadro-de-vagas-para-serra-talhada-nesta-6a\/"}],"jetpack_publicize_connections":[],"jetpack_featured_media_url":"https:\/\/serrafm879.com.br\/serrafm\/wp-content\/uploads\/2024\/01\/CARTEIRA-DE-TRABALHO.webp","jetpack_shortlink":"https:\/\/wp.me\/p7HyXg-6rN","jetpack_sharing_enabled":true,"_links":{"self":[{"href":"https:\/\/serrafm879.com.br\/serrafm\/wp-json\/wp\/v2\/posts\/24787","targetHints":{"allow":["GET"]}}],"collection":[{"href":"https:\/\/serrafm879.com.br\/serrafm\/wp-json\/wp\/v2\/posts"}],"about":[{"href":"https:\/\/serrafm879.com.br\/serrafm\/wp-json\/wp\/v2\/types\/post"}],"author":[{"embeddable":true,"href":"https:\/\/serrafm879.com.br\/serrafm\/wp-json\/wp\/v2\/users\/2"}],"replies":[{"embeddable":true,"href":"https:\/\/serrafm879.com.br\/serrafm\/wp-json\/wp\/v2\/comments?post=24787"}],"version-history":[{"count":1,"href":"https:\/\/serrafm879.com.br\/serrafm\/wp-json\/wp\/v2\/posts\/24787\/revisions"}],"predecessor-version":[{"id":24788,"href":"https:\/\/serrafm879.com.br\/serrafm\/wp-json\/wp\/v2\/posts\/24787\/revisions\/24788"}],"wp:featuredmedia":[{"embeddable":true,"href":"https:\/\/serrafm879.com.br\/serrafm\/wp-json\/wp\/v2\/media\/15496"}],"wp:attachment":[{"href":"https:\/\/serrafm879.com.br\/serrafm\/wp-json\/wp\/v2\/media?parent=24787"}],"wp:term":[{"taxonomy":"category","embeddable":true,"href":"https:\/\/serrafm879.com.br\/serrafm\/wp-json\/wp\/v2\/categories?post=24787"},{"taxonomy":"post_tag","embeddable":true,"href":"https:\/\/serrafm879.com.br\/serrafm\/wp-json\/wp\/v2\/tags?post=24787"}],"curies":[{"name":"wp","href":"https:\/\/api.w.org\/{rel}","templated":true}]}}