{"id":24789,"date":"2025-11-01T21:01:53","date_gmt":"2025-11-02T00:01:53","guid":{"rendered":"https:\/\/serrafm879.com.br\/serrafm\/?p=24789"},"modified":"2025-11-02T21:03:38","modified_gmt":"2025-11-03T00:03:38","slug":"aneel-mantera-bandeira-para-vermelha-1-na-conta-de-luz-em-novembro","status":"publish","type":"post","link":"https:\/\/serrafm879.com.br\/serrafm\/2025\/11\/aneel-mantera-bandeira-para-vermelha-1-na-conta-de-luz-em-novembro\/","title":{"rendered":"Aneel manter\u00e1 bandeira para vermelha 1 na conta de luz em novembro"},"content":{"rendered":"<p>A Ag\u00eancia Nacional de Energia El\u00e9trica (Aneel) anunciou nesta sexta-feira (31) a manuten\u00e7\u00e3o da bandeira vermelha patamar 1 ir\u00e1 vigorar no m\u00eas de outubro. Isso significa que as contas de energia el\u00e9trica ter\u00e3o adicional de R$ 4,46 para cada 100 quilowatts-hora (kWh) consumidos.<\/p>\n<p>Em agosto e setembro, a Aneel havia acionado a bandeira vermelha patamar 2, com adicional de R$ 7,87 por 100 kWh. Em outubro, a bandeira foi reduzida para o patamar 1.<\/p>\n<p>De acordo com a Aneel, a medida foi adotada por causa do baixo volume de chuvas, afetando o n\u00edvel dos reservat\u00f3rios para a gera\u00e7\u00e3o de energia nas usinas hidrel\u00e9tricas.<\/p>\n<p>\u201cO cen\u00e1rio segue desfavor\u00e1vel para a gera\u00e7\u00e3o hidrel\u00e9trica, devido ao volume de chuvas abaixo da m\u00e9dia e \u00e0 redu\u00e7\u00e3o nos n\u00edveis dos reservat\u00f3rios. Dessa forma, para garantir o fornecimento de energia \u00e9 necess\u00e1rio acionar usinas termel\u00e9tricas, que t\u00eam custo mais elevado, justificando a manuten\u00e7\u00e3o da bandeira vermelha patamar 1\u201d, informou a ag\u00eancia.<\/p>\n<p>A ag\u00eancia reguladora de energia el\u00e9trica acrescentou \u201cque a fonte solar de gera\u00e7\u00e3o \u00e9 intermitente e n\u00e3o injeta energia para o sistema o dia inteiro\u201d. \u201cPor essa raz\u00e3o, \u00e9 necess\u00e1rio o acionamento das termel\u00e9tricas para garantir a gera\u00e7\u00e3o de energia quando n\u00e3o h\u00e1 ilumina\u00e7\u00e3o solar, inclusive no hor\u00e1rio de ponta\u201d, acrescentou.<\/p>\n<p>Custos extras<\/p>\n<p>Criado em 2015 pela Aneel, o sistema de bandeiras tarif\u00e1rias reflete os custos vari\u00e1veis da gera\u00e7\u00e3o de energia el\u00e9trica. Divididas em cores, as bandeiras indicam quanto est\u00e1 custando para o Sistema Interligado Nacional (SIN) gerar a energia usada nas resid\u00eancias, em estabelecimentos comerciais e nas ind\u00fastrias.<\/p>\n<p>Quando a conta de luz \u00e9 calculada pela bandeira verde, n\u00e3o h\u00e1 nenhum acr\u00e9scimo. Quando s\u00e3o aplicadas as bandeiras vermelha ou amarela, a conta sofre acr\u00e9scimos a cada 100 quilowatts-hora (kWh) consumidos.<\/p>\n","protected":false},"excerpt":{"rendered":"<p>A Ag\u00eancia Nacional de Energia El\u00e9trica (Aneel) anunciou nesta sexta-feira (31) a manuten\u00e7\u00e3o da bandeira vermelha patamar 1 ir\u00e1 vigorar no m\u00eas de outubro. Isso significa que as contas de energia el\u00e9trica ter\u00e3o adicional de R$ 4,46 para cada 100 quilowatts-hora (kWh) consumidos. Em agosto e setembro, a Aneel havia acionado a bandeira vermelha patamar 2, com adicional de R$ 7,87 por 100 kWh. Em outubro, a bandeira foi reduzida para o patamar 1. De acordo com a Aneel, a medida foi adotada por causa do baixo volume de chuvas, afetando o n\u00edvel dos reservat\u00f3rios para a gera\u00e7\u00e3o de energia [&hellip;]<\/p>\n","protected":false},"author":2,"featured_media":2359,"comment_status":"open","ping_status":"open","sticky":false,"template":"","format":"standard","meta":{"_jetpack_newsletter_access":"","_jetpack_dont_email_post_to_subs":false,"_jetpack_newsletter_tier_id":0,"_jetpack_memberships_contains_paywalled_content":false,"_jetpack_feature_clip_id":0,"_jetpack_memberships_contains_paid_content":false,"footnotes":"","jetpack_publicize_message":"","jetpack_publicize_feature_enabled":true,"jetpack_social_post_already_shared":true,"jetpack_social_options":{"image_generator_settings":{"template":"highway","default_image_id":0,"font":"","enabled":false},"version":2},"jetpack_post_was_ever_published":false},"categories":[149],"tags":[],"class_list":["post-24789","post","type-post","status-publish","format-standard","has-post-thumbnail","hentry","category-brasil"],"aioseo_notices":[],"aioseo_head":"\n\t\t<!-- All in One SEO 4.9.10 - aioseo.com -->\n\t<meta name=\"description\" content=\"A Ag\u00eancia Nacional de Energia El\u00e9trica (Aneel) anunciou nesta sexta-feira (31) a manuten\u00e7\u00e3o da bandeira vermelha patamar 1 ir\u00e1 vigorar no m\u00eas de outubro. Isso significa que as contas de energia el\u00e9trica ter\u00e3o adicional de R$ 4,46 para cada 100 quilowatts-hora (kWh) consumidos. Em agosto e setembro, a Aneel havia acionado a bandeira vermelha patamar\" \/>\n\t<meta name=\"robots\" content=\"max-image-preview:large\" \/>\n\t<meta name=\"author\" content=\"serrafm87\"\/>\n\t<link rel=\"canonical\" href=\"https:\/\/serrafm879.com.br\/serrafm\/2025\/11\/aneel-mantera-bandeira-para-vermelha-1-na-conta-de-luz-em-novembro\/\" \/>\n\t<meta name=\"generator\" content=\"All in One SEO (AIOSEO) 4.9.10\" \/>\n\t\t<meta name=\"twitter:card\" content=\"summary_large_image\" \/>\n\t\t<meta name=\"twitter:title\" content=\"Aneel manter\u00e1 bandeira para vermelha 1 na conta de luz em novembro - Serra FM 87,9\" \/>\n\t\t<meta name=\"twitter:description\" content=\"A Ag\u00eancia Nacional de Energia El\u00e9trica (Aneel) anunciou nesta sexta-feira (31) a manuten\u00e7\u00e3o da bandeira vermelha patamar 1 ir\u00e1 vigorar no m\u00eas de outubro. Isso significa que as contas de energia el\u00e9trica ter\u00e3o adicional de R$ 4,46 para cada 100 quilowatts-hora (kWh) consumidos. Em agosto e setembro, a Aneel havia acionado a bandeira vermelha patamar\" \/>\n\t\t<meta name=\"twitter:image\" content=\"https:\/\/serrafm879.com.br\/serrafm\/wp-content\/uploads\/2020\/03\/ecoluz.jpg\" \/>\n\t\t<script type=\"application\/ld+json\" class=\"aioseo-schema\">\n\t\t\t{\"@context\":\"https:\\\/\\\/schema.org\",\"@graph\":[{\"@type\":\"BlogPosting\",\"@id\":\"https:\\\/\\\/serrafm879.com.br\\\/serrafm\\\/2025\\\/11\\\/aneel-mantera-bandeira-para-vermelha-1-na-conta-de-luz-em-novembro\\\/#blogposting\",\"name\":\"Aneel manter\\u00e1 bandeira para vermelha 1 na conta de luz em novembro - Serra FM 87,9\",\"headline\":\"Aneel manter\\u00e1 bandeira para vermelha 1 na conta de luz em novembro\",\"author\":{\"@id\":\"https:\\\/\\\/serrafm879.com.br\\\/serrafm\\\/author\\\/serrafm87\\\/#author\"},\"publisher\":{\"@id\":\"https:\\\/\\\/serrafm879.com.br\\\/serrafm\\\/#organization\"},\"image\":{\"@type\":\"ImageObject\",\"url\":\"https:\\\/\\\/serrafm879.com.br\\\/serrafm\\\/wp-content\\\/uploads\\\/2020\\\/03\\\/ecoluz.jpg\",\"width\":276,\"height\":183},\"datePublished\":\"2025-11-01T21:01:53-03:00\",\"dateModified\":\"2025-11-02T21:03:38-03:00\",\"inLanguage\":\"pt-BR\",\"mainEntityOfPage\":{\"@id\":\"https:\\\/\\\/serrafm879.com.br\\\/serrafm\\\/2025\\\/11\\\/aneel-mantera-bandeira-para-vermelha-1-na-conta-de-luz-em-novembro\\\/#webpage\"},\"isPartOf\":{\"@id\":\"https:\\\/\\\/serrafm879.com.br\\\/serrafm\\\/2025\\\/11\\\/aneel-mantera-bandeira-para-vermelha-1-na-conta-de-luz-em-novembro\\\/#webpage\"},\"articleSection\":\"Brasil\"},{\"@type\":\"BreadcrumbList\",\"@id\":\"https:\\\/\\\/serrafm879.com.br\\\/serrafm\\\/2025\\\/11\\\/aneel-mantera-bandeira-para-vermelha-1-na-conta-de-luz-em-novembro\\\/#breadcrumblist\",\"itemListElement\":[{\"@type\":\"ListItem\",\"@id\":\"https:\\\/\\\/serrafm879.com.br\\\/serrafm#listItem\",\"position\":1,\"name\":\"Home\",\"item\":\"https:\\\/\\\/serrafm879.com.br\\\/serrafm\",\"nextItem\":{\"@type\":\"ListItem\",\"@id\":\"https:\\\/\\\/serrafm879.com.br\\\/serrafm\\\/categoria\\\/brasil\\\/#listItem\",\"name\":\"Brasil\"}},{\"@type\":\"ListItem\",\"@id\":\"https:\\\/\\\/serrafm879.com.br\\\/serrafm\\\/categoria\\\/brasil\\\/#listItem\",\"position\":2,\"name\":\"Brasil\",\"item\":\"https:\\\/\\\/serrafm879.com.br\\\/serrafm\\\/categoria\\\/brasil\\\/\",\"nextItem\":{\"@type\":\"ListItem\",\"@id\":\"https:\\\/\\\/serrafm879.com.br\\\/serrafm\\\/2025\\\/11\\\/aneel-mantera-bandeira-para-vermelha-1-na-conta-de-luz-em-novembro\\\/#listItem\",\"name\":\"Aneel manter\\u00e1 bandeira para vermelha 1 na conta de luz em novembro\"},\"previousItem\":{\"@type\":\"ListItem\",\"@id\":\"https:\\\/\\\/serrafm879.com.br\\\/serrafm#listItem\",\"name\":\"Home\"}},{\"@type\":\"ListItem\",\"@id\":\"https:\\\/\\\/serrafm879.com.br\\\/serrafm\\\/2025\\\/11\\\/aneel-mantera-bandeira-para-vermelha-1-na-conta-de-luz-em-novembro\\\/#listItem\",\"position\":3,\"name\":\"Aneel manter\\u00e1 bandeira para vermelha 1 na conta de luz em novembro\",\"previousItem\":{\"@type\":\"ListItem\",\"@id\":\"https:\\\/\\\/serrafm879.com.br\\\/serrafm\\\/categoria\\\/brasil\\\/#listItem\",\"name\":\"Brasil\"}}]},{\"@type\":\"Organization\",\"@id\":\"https:\\\/\\\/serrafm879.com.br\\\/serrafm\\\/#organization\",\"name\":\"Serra FM 87,9\",\"description\":\"O seu novo amor!\",\"url\":\"https:\\\/\\\/serrafm879.com.br\\\/serrafm\\\/\"},{\"@type\":\"Person\",\"@id\":\"https:\\\/\\\/serrafm879.com.br\\\/serrafm\\\/author\\\/serrafm87\\\/#author\",\"url\":\"https:\\\/\\\/serrafm879.com.br\\\/serrafm\\\/author\\\/serrafm87\\\/\",\"name\":\"serrafm87\",\"image\":{\"@type\":\"ImageObject\",\"@id\":\"https:\\\/\\\/serrafm879.com.br\\\/serrafm\\\/2025\\\/11\\\/aneel-mantera-bandeira-para-vermelha-1-na-conta-de-luz-em-novembro\\\/#authorImage\",\"url\":\"https:\\\/\\\/secure.gravatar.com\\\/avatar\\\/a743233f1112d34f48bb3dc9559b76eb930bab8b27175856cba6362608736235?s=96&d=mm&r=g\",\"width\":96,\"height\":96,\"caption\":\"serrafm87\"}},{\"@type\":\"WebPage\",\"@id\":\"https:\\\/\\\/serrafm879.com.br\\\/serrafm\\\/2025\\\/11\\\/aneel-mantera-bandeira-para-vermelha-1-na-conta-de-luz-em-novembro\\\/#webpage\",\"url\":\"https:\\\/\\\/serrafm879.com.br\\\/serrafm\\\/2025\\\/11\\\/aneel-mantera-bandeira-para-vermelha-1-na-conta-de-luz-em-novembro\\\/\",\"name\":\"Aneel manter\\u00e1 bandeira para vermelha 1 na conta de luz em novembro - Serra FM 87,9\",\"description\":\"A Ag\\u00eancia Nacional de Energia El\\u00e9trica (Aneel) anunciou nesta sexta-feira (31) a manuten\\u00e7\\u00e3o da bandeira vermelha patamar 1 ir\\u00e1 vigorar no m\\u00eas de outubro. Isso significa que as contas de energia el\\u00e9trica ter\\u00e3o adicional de R$ 4,46 para cada 100 quilowatts-hora (kWh) consumidos. Em agosto e setembro, a Aneel havia acionado a bandeira vermelha patamar\",\"inLanguage\":\"pt-BR\",\"isPartOf\":{\"@id\":\"https:\\\/\\\/serrafm879.com.br\\\/serrafm\\\/#website\"},\"breadcrumb\":{\"@id\":\"https:\\\/\\\/serrafm879.com.br\\\/serrafm\\\/2025\\\/11\\\/aneel-mantera-bandeira-para-vermelha-1-na-conta-de-luz-em-novembro\\\/#breadcrumblist\"},\"author\":{\"@id\":\"https:\\\/\\\/serrafm879.com.br\\\/serrafm\\\/author\\\/serrafm87\\\/#author\"},\"creator\":{\"@id\":\"https:\\\/\\\/serrafm879.com.br\\\/serrafm\\\/author\\\/serrafm87\\\/#author\"},\"image\":{\"@type\":\"ImageObject\",\"url\":\"https:\\\/\\\/serrafm879.com.br\\\/serrafm\\\/wp-content\\\/uploads\\\/2020\\\/03\\\/ecoluz.jpg\",\"@id\":\"https:\\\/\\\/serrafm879.com.br\\\/serrafm\\\/2025\\\/11\\\/aneel-mantera-bandeira-para-vermelha-1-na-conta-de-luz-em-novembro\\\/#mainImage\",\"width\":276,\"height\":183},\"primaryImageOfPage\":{\"@id\":\"https:\\\/\\\/serrafm879.com.br\\\/serrafm\\\/2025\\\/11\\\/aneel-mantera-bandeira-para-vermelha-1-na-conta-de-luz-em-novembro\\\/#mainImage\"},\"datePublished\":\"2025-11-01T21:01:53-03:00\",\"dateModified\":\"2025-11-02T21:03:38-03:00\"},{\"@type\":\"WebSite\",\"@id\":\"https:\\\/\\\/serrafm879.com.br\\\/serrafm\\\/#website\",\"url\":\"https:\\\/\\\/serrafm879.com.br\\\/serrafm\\\/\",\"name\":\"Serra FM 87,9\",\"description\":\"O seu novo amor!\",\"inLanguage\":\"pt-BR\",\"publisher\":{\"@id\":\"https:\\\/\\\/serrafm879.com.br\\\/serrafm\\\/#organization\"}}]}\n\t\t<\/script>\n\t\t<!-- All in One SEO -->\n\n","aioseo_head_json":{"title":"Aneel manter\u00e1 bandeira para vermelha 1 na conta de luz em novembro - Serra FM 87,9","description":"A Ag\u00eancia Nacional de Energia El\u00e9trica (Aneel) anunciou nesta sexta-feira (31) a manuten\u00e7\u00e3o da bandeira vermelha patamar 1 ir\u00e1 vigorar no m\u00eas de outubro. Isso significa que as contas de energia el\u00e9trica ter\u00e3o adicional de R$ 4,46 para cada 100 quilowatts-hora (kWh) consumidos. Em agosto e setembro, a Aneel havia acionado a bandeira vermelha patamar","canonical_url":"https:\/\/serrafm879.com.br\/serrafm\/2025\/11\/aneel-mantera-bandeira-para-vermelha-1-na-conta-de-luz-em-novembro\/","robots":"max-image-preview:large","keywords":"","webmasterTools":{"miscellaneous":""},"schema":{"@context":"https:\/\/schema.org","@graph":[{"@type":"BlogPosting","@id":"https:\/\/serrafm879.com.br\/serrafm\/2025\/11\/aneel-mantera-bandeira-para-vermelha-1-na-conta-de-luz-em-novembro\/#blogposting","name":"Aneel manter\u00e1 bandeira para vermelha 1 na conta de luz em novembro - Serra FM 87,9","headline":"Aneel manter\u00e1 bandeira para vermelha 1 na conta de luz em novembro","author":{"@id":"https:\/\/serrafm879.com.br\/serrafm\/author\/serrafm87\/#author"},"publisher":{"@id":"https:\/\/serrafm879.com.br\/serrafm\/#organization"},"image":{"@type":"ImageObject","url":"https:\/\/serrafm879.com.br\/serrafm\/wp-content\/uploads\/2020\/03\/ecoluz.jpg","width":276,"height":183},"datePublished":"2025-11-01T21:01:53-03:00","dateModified":"2025-11-02T21:03:38-03:00","inLanguage":"pt-BR","mainEntityOfPage":{"@id":"https:\/\/serrafm879.com.br\/serrafm\/2025\/11\/aneel-mantera-bandeira-para-vermelha-1-na-conta-de-luz-em-novembro\/#webpage"},"isPartOf":{"@id":"https:\/\/serrafm879.com.br\/serrafm\/2025\/11\/aneel-mantera-bandeira-para-vermelha-1-na-conta-de-luz-em-novembro\/#webpage"},"articleSection":"Brasil"},{"@type":"BreadcrumbList","@id":"https:\/\/serrafm879.com.br\/serrafm\/2025\/11\/aneel-mantera-bandeira-para-vermelha-1-na-conta-de-luz-em-novembro\/#breadcrumblist","itemListElement":[{"@type":"ListItem","@id":"https:\/\/serrafm879.com.br\/serrafm#listItem","position":1,"name":"Home","item":"https:\/\/serrafm879.com.br\/serrafm","nextItem":{"@type":"ListItem","@id":"https:\/\/serrafm879.com.br\/serrafm\/categoria\/brasil\/#listItem","name":"Brasil"}},{"@type":"ListItem","@id":"https:\/\/serrafm879.com.br\/serrafm\/categoria\/brasil\/#listItem","position":2,"name":"Brasil","item":"https:\/\/serrafm879.com.br\/serrafm\/categoria\/brasil\/","nextItem":{"@type":"ListItem","@id":"https:\/\/serrafm879.com.br\/serrafm\/2025\/11\/aneel-mantera-bandeira-para-vermelha-1-na-conta-de-luz-em-novembro\/#listItem","name":"Aneel manter\u00e1 bandeira para vermelha 1 na conta de luz em novembro"},"previousItem":{"@type":"ListItem","@id":"https:\/\/serrafm879.com.br\/serrafm#listItem","name":"Home"}},{"@type":"ListItem","@id":"https:\/\/serrafm879.com.br\/serrafm\/2025\/11\/aneel-mantera-bandeira-para-vermelha-1-na-conta-de-luz-em-novembro\/#listItem","position":3,"name":"Aneel manter\u00e1 bandeira para vermelha 1 na conta de luz em novembro","previousItem":{"@type":"ListItem","@id":"https:\/\/serrafm879.com.br\/serrafm\/categoria\/brasil\/#listItem","name":"Brasil"}}]},{"@type":"Organization","@id":"https:\/\/serrafm879.com.br\/serrafm\/#organization","name":"Serra FM 87,9","description":"O seu novo amor!","url":"https:\/\/serrafm879.com.br\/serrafm\/"},{"@type":"Person","@id":"https:\/\/serrafm879.com.br\/serrafm\/author\/serrafm87\/#author","url":"https:\/\/serrafm879.com.br\/serrafm\/author\/serrafm87\/","name":"serrafm87","image":{"@type":"ImageObject","@id":"https:\/\/serrafm879.com.br\/serrafm\/2025\/11\/aneel-mantera-bandeira-para-vermelha-1-na-conta-de-luz-em-novembro\/#authorImage","url":"https:\/\/secure.gravatar.com\/avatar\/a743233f1112d34f48bb3dc9559b76eb930bab8b27175856cba6362608736235?s=96&d=mm&r=g","width":96,"height":96,"caption":"serrafm87"}},{"@type":"WebPage","@id":"https:\/\/serrafm879.com.br\/serrafm\/2025\/11\/aneel-mantera-bandeira-para-vermelha-1-na-conta-de-luz-em-novembro\/#webpage","url":"https:\/\/serrafm879.com.br\/serrafm\/2025\/11\/aneel-mantera-bandeira-para-vermelha-1-na-conta-de-luz-em-novembro\/","name":"Aneel manter\u00e1 bandeira para vermelha 1 na conta de luz em novembro - Serra FM 87,9","description":"A Ag\u00eancia Nacional de Energia El\u00e9trica (Aneel) anunciou nesta sexta-feira (31) a manuten\u00e7\u00e3o da bandeira vermelha patamar 1 ir\u00e1 vigorar no m\u00eas de outubro. Isso significa que as contas de energia el\u00e9trica ter\u00e3o adicional de R$ 4,46 para cada 100 quilowatts-hora (kWh) consumidos. Em agosto e setembro, a Aneel havia acionado a bandeira vermelha patamar","inLanguage":"pt-BR","isPartOf":{"@id":"https:\/\/serrafm879.com.br\/serrafm\/#website"},"breadcrumb":{"@id":"https:\/\/serrafm879.com.br\/serrafm\/2025\/11\/aneel-mantera-bandeira-para-vermelha-1-na-conta-de-luz-em-novembro\/#breadcrumblist"},"author":{"@id":"https:\/\/serrafm879.com.br\/serrafm\/author\/serrafm87\/#author"},"creator":{"@id":"https:\/\/serrafm879.com.br\/serrafm\/author\/serrafm87\/#author"},"image":{"@type":"ImageObject","url":"https:\/\/serrafm879.com.br\/serrafm\/wp-content\/uploads\/2020\/03\/ecoluz.jpg","@id":"https:\/\/serrafm879.com.br\/serrafm\/2025\/11\/aneel-mantera-bandeira-para-vermelha-1-na-conta-de-luz-em-novembro\/#mainImage","width":276,"height":183},"primaryImageOfPage":{"@id":"https:\/\/serrafm879.com.br\/serrafm\/2025\/11\/aneel-mantera-bandeira-para-vermelha-1-na-conta-de-luz-em-novembro\/#mainImage"},"datePublished":"2025-11-01T21:01:53-03:00","dateModified":"2025-11-02T21:03:38-03:00"},{"@type":"WebSite","@id":"https:\/\/serrafm879.com.br\/serrafm\/#website","url":"https:\/\/serrafm879.com.br\/serrafm\/","name":"Serra FM 87,9","description":"O seu novo amor!","inLanguage":"pt-BR","publisher":{"@id":"https:\/\/serrafm879.com.br\/serrafm\/#organization"}}]},"twitter:card":"summary_large_image","twitter:title":"Aneel manter\u00e1 bandeira para vermelha 1 na conta de luz em novembro - Serra FM 87,9","twitter:description":"A Ag\u00eancia Nacional de Energia El\u00e9trica (Aneel) anunciou nesta sexta-feira (31) a manuten\u00e7\u00e3o da bandeira vermelha patamar 1 ir\u00e1 vigorar no m\u00eas de outubro. Isso significa que as contas de energia el\u00e9trica ter\u00e3o adicional de R$ 4,46 para cada 100 quilowatts-hora (kWh) consumidos. Em agosto e setembro, a Aneel havia acionado a bandeira vermelha patamar","twitter:image":"https:\/\/serrafm879.com.br\/serrafm\/wp-content\/uploads\/2020\/03\/ecoluz.jpg"},"aioseo_meta_data":{"post_id":"24789","title":null,"description":null,"keywords":null,"keyphrases":null,"primary_term":null,"canonical_url":null,"og_title":null,"og_description":null,"og_object_type":"default","og_image_type":"default","og_image_custom_url":null,"og_image_custom_fields":null,"og_image_url":null,"og_image_width":null,"og_image_height":null,"og_video":null,"og_custom_url":null,"og_article_section":null,"og_article_tags":null,"twitter_use_og":false,"twitter_card":"default","twitter_image_type":"default","twitter_image_custom_url":null,"twitter_image_custom_fields":null,"twitter_image_url":null,"twitter_title":null,"twitter_description":null,"schema_type":"default","schema_type_options":null,"schema":{"blockGraphs":[],"customGraphs":[],"default":{"data":{"Article":[],"Course":[],"Dataset":[],"FAQPage":[],"Movie":[],"Person":[],"Product":[],"ProductReview":[],"Car":[],"Recipe":[],"Service":[],"SoftwareApplication":[],"WebPage":[]},"graphName":"","isEnabled":true},"graphs":[]},"pillar_content":false,"robots_default":true,"robots_noindex":false,"robots_noarchive":false,"robots_nosnippet":false,"robots_nofollow":false,"robots_noimageindex":false,"robots_noodp":false,"robots_notranslate":false,"robots_max_snippet":null,"robots_max_videopreview":null,"robots_max_imagepreview":"large","priority":null,"frequency":null,"local_seo":null,"limit_modified_date":false,"ai":null,"breadcrumb_settings":null,"seo_analyzer_scan_date":null,"created":"2026-07-21 17:43:13","updated":"2026-07-21 17:43:13"},"aioseo_breadcrumb":"<div class=\"aioseo-breadcrumbs\"><span class=\"aioseo-breadcrumb\">\n\t\t\t<a href=\"https:\/\/serrafm879.com.br\/serrafm\" title=\"Home\">Home<\/a>\n\t\t<\/span><span class=\"aioseo-breadcrumb-separator\">&raquo;<\/span><span class=\"aioseo-breadcrumb\">\n\t\t\t<a href=\"https:\/\/serrafm879.com.br\/serrafm\/categoria\/brasil\/\" title=\"Brasil\">Brasil<\/a>\n\t\t<\/span><span class=\"aioseo-breadcrumb-separator\">&raquo;<\/span><span class=\"aioseo-breadcrumb\">\n\t\t\tAneel manter\u00e1 bandeira para vermelha 1 na conta de luz em novembro\n\t\t<\/span><\/div>","aioseo_breadcrumb_json":[{"label":"Home","link":"https:\/\/serrafm879.com.br\/serrafm"},{"label":"Brasil","link":"https:\/\/serrafm879.com.br\/serrafm\/categoria\/brasil\/"},{"label":"Aneel manter\u00e1 bandeira para vermelha 1 na conta de luz em novembro","link":"https:\/\/serrafm879.com.br\/serrafm\/2025\/11\/aneel-mantera-bandeira-para-vermelha-1-na-conta-de-luz-em-novembro\/"}],"jetpack_publicize_connections":[],"jetpack_featured_media_url":"https:\/\/serrafm879.com.br\/serrafm\/wp-content\/uploads\/2020\/03\/ecoluz.jpg","jetpack_shortlink":"https:\/\/wp.me\/p7HyXg-6rP","jetpack_sharing_enabled":true,"_links":{"self":[{"href":"https:\/\/serrafm879.com.br\/serrafm\/wp-json\/wp\/v2\/posts\/24789","targetHints":{"allow":["GET"]}}],"collection":[{"href":"https:\/\/serrafm879.com.br\/serrafm\/wp-json\/wp\/v2\/posts"}],"about":[{"href":"https:\/\/serrafm879.com.br\/serrafm\/wp-json\/wp\/v2\/types\/post"}],"author":[{"embeddable":true,"href":"https:\/\/serrafm879.com.br\/serrafm\/wp-json\/wp\/v2\/users\/2"}],"replies":[{"embeddable":true,"href":"https:\/\/serrafm879.com.br\/serrafm\/wp-json\/wp\/v2\/comments?post=24789"}],"version-history":[{"count":1,"href":"https:\/\/serrafm879.com.br\/serrafm\/wp-json\/wp\/v2\/posts\/24789\/revisions"}],"predecessor-version":[{"id":24790,"href":"https:\/\/serrafm879.com.br\/serrafm\/wp-json\/wp\/v2\/posts\/24789\/revisions\/24790"}],"wp:featuredmedia":[{"embeddable":true,"href":"https:\/\/serrafm879.com.br\/serrafm\/wp-json\/wp\/v2\/media\/2359"}],"wp:attachment":[{"href":"https:\/\/serrafm879.com.br\/serrafm\/wp-json\/wp\/v2\/media?parent=24789"}],"wp:term":[{"taxonomy":"category","embeddable":true,"href":"https:\/\/serrafm879.com.br\/serrafm\/wp-json\/wp\/v2\/categories?post=24789"},{"taxonomy":"post_tag","embeddable":true,"href":"https:\/\/serrafm879.com.br\/serrafm\/wp-json\/wp\/v2\/tags?post=24789"}],"curies":[{"name":"wp","href":"https:\/\/api.w.org\/{rel}","templated":true}]}}