{"id":24793,"date":"2025-10-31T23:06:05","date_gmt":"2025-11-01T02:06:05","guid":{"rendered":"https:\/\/serrafm879.com.br\/serrafm\/?p=24793"},"modified":"2025-11-02T21:09:16","modified_gmt":"2025-11-03T00:09:16","slug":"william-bonner-deixa-bancada-do-jornal-nacional-com-ultimo-boa-noite","status":"publish","type":"post","link":"https:\/\/serrafm879.com.br\/serrafm\/2025\/10\/william-bonner-deixa-bancada-do-jornal-nacional-com-ultimo-boa-noite\/","title":{"rendered":"William Bonner deixa bancada do Jornal Nacional com ultimo &#8220;Boa noite&#8221;"},"content":{"rendered":"<p>Quase 30 anos depois de sua estreia, William Bonner deixa, nesta sexta-feira (31), a bancada do Jornal Nacional. O jornalista apresenta a \u00faltima edi\u00e7\u00e3o do JN antes de passar o bast\u00e3o para C\u00e9sar Tralli, que come\u00e7a no posto na pr\u00f3xima segunda-feira (3).<\/p>\n<p>A edi\u00e7\u00e3o final de Bonner est\u00e1 prevista para come\u00e7ar ao vivo, segundo a grade oficial da TV Globo, \u00e0s 20h30, depois da novela \u201cDona de mim\u201d.<\/p>\n<p>Na \u00e9poca do an\u00fancio de sua sa\u00edda, em setembro, Bonner disse: \u201cN\u00e3o estou pronto para me aposentar, s\u00f3 estava precisando mudar de ares e ter uma rotina nova\u201d.<\/p>\n<p>O jornalista segue para o o Globo Rep\u00f3rter em 2026, ao lado de Sandra Annenberg. Renata Vasconcellos permanece na apresenta\u00e7\u00e3o do JN, que ter\u00e1 como editora-chefe Cristiana Souza Cruz, atual editora adjunta.<\/p>\n<p>Mudan\u00e7as tamb\u00e9m no Jornal Hoje e no Hora 1: Roberto Kovalick substitui Tralli no vespertino e Tiago Scheuer entra no matinal.<\/p>\n<p>William Bonner entrou no JN em 1996, ao lado de Lillian Witte Fibe, substituindo S\u00e9rgio Chapelin e Cid Moreira. O jornalista \u00e9 o apresentador com maior tempo no programa, mais at\u00e9 do que o pr\u00f3prio Cid. S\u00e3o 29 anos de um, contra 26 de outro. O paulistano radicado no Rio disse que a decis\u00e3o de deixar os cargos de apresentador e editor-chefe foi puramente pessoal e come\u00e7ou a ser tomada em 2020, durante a pandemia da Covid-19. Os boatos sobre sua poss\u00edvel sa\u00edda j\u00e1 corriam desde ent\u00e3o.<\/p>\n","protected":false},"excerpt":{"rendered":"<p>Quase 30 anos depois de sua estreia, William Bonner deixa, nesta sexta-feira (31), a bancada do Jornal Nacional. O jornalista apresenta a \u00faltima edi\u00e7\u00e3o do JN antes de passar o bast\u00e3o para C\u00e9sar Tralli, que come\u00e7a no posto na pr\u00f3xima segunda-feira (3). A edi\u00e7\u00e3o final de Bonner est\u00e1 prevista para come\u00e7ar ao vivo, segundo a grade oficial da TV Globo, \u00e0s 20h30, depois da novela \u201cDona de mim\u201d. Na \u00e9poca do an\u00fancio de sua sa\u00edda, em setembro, Bonner disse: \u201cN\u00e3o estou pronto para me aposentar, s\u00f3 estava precisando mudar de ares e ter uma rotina nova\u201d. O jornalista segue para [&hellip;]<\/p>\n","protected":false},"author":2,"featured_media":24794,"comment_status":"open","ping_status":"open","sticky":false,"template":"","format":"standard","meta":{"_jetpack_newsletter_access":"","_jetpack_dont_email_post_to_subs":false,"_jetpack_newsletter_tier_id":0,"_jetpack_memberships_contains_paywalled_content":false,"_jetpack_feature_clip_id":0,"_jetpack_memberships_contains_paid_content":false,"footnotes":"","jetpack_publicize_message":"","jetpack_publicize_feature_enabled":true,"jetpack_social_post_already_shared":true,"jetpack_social_options":{"image_generator_settings":{"template":"highway","default_image_id":0,"font":"","enabled":false},"version":2},"jetpack_post_was_ever_published":false},"categories":[2],"tags":[],"class_list":["post-24793","post","type-post","status-publish","format-standard","has-post-thumbnail","hentry","category-noticias"],"aioseo_notices":[],"aioseo_head":"\n\t\t<!-- All in One SEO 4.9.10 - aioseo.com -->\n\t<meta name=\"description\" content=\"Quase 30 anos depois de sua estreia, William Bonner deixa, nesta sexta-feira (31), a bancada do Jornal Nacional. O jornalista apresenta a \u00faltima edi\u00e7\u00e3o do JN antes de passar o bast\u00e3o para C\u00e9sar Tralli, que come\u00e7a no posto na pr\u00f3xima segunda-feira (3). A edi\u00e7\u00e3o final de Bonner est\u00e1 prevista para come\u00e7ar ao vivo, segundo a\" \/>\n\t<meta name=\"robots\" content=\"max-image-preview:large\" \/>\n\t<meta name=\"author\" content=\"serrafm87\"\/>\n\t<link rel=\"canonical\" href=\"https:\/\/serrafm879.com.br\/serrafm\/2025\/10\/william-bonner-deixa-bancada-do-jornal-nacional-com-ultimo-boa-noite\/\" \/>\n\t<meta name=\"generator\" content=\"All in One SEO (AIOSEO) 4.9.10\" \/>\n\t\t<meta name=\"twitter:card\" content=\"summary_large_image\" \/>\n\t\t<meta name=\"twitter:title\" content=\"William Bonner deixa bancada do Jornal Nacional com ultimo \u201cBoa noite\u201d - Serra FM 87,9\" \/>\n\t\t<meta name=\"twitter:description\" content=\"Quase 30 anos depois de sua estreia, William Bonner deixa, nesta sexta-feira (31), a bancada do Jornal Nacional. O jornalista apresenta a \u00faltima edi\u00e7\u00e3o do JN antes de passar o bast\u00e3o para C\u00e9sar Tralli, que come\u00e7a no posto na pr\u00f3xima segunda-feira (3). A edi\u00e7\u00e3o final de Bonner est\u00e1 prevista para come\u00e7ar ao vivo, segundo a\" \/>\n\t\t<meta name=\"twitter:image\" content=\"https:\/\/serrafm879.com.br\/serrafm\/wp-content\/uploads\/2025\/11\/Captura-de-tela-2025-11-02-211000.png\" \/>\n\t\t<script type=\"application\/ld+json\" class=\"aioseo-schema\">\n\t\t\t{\"@context\":\"https:\\\/\\\/schema.org\",\"@graph\":[{\"@type\":\"BlogPosting\",\"@id\":\"https:\\\/\\\/serrafm879.com.br\\\/serrafm\\\/2025\\\/10\\\/william-bonner-deixa-bancada-do-jornal-nacional-com-ultimo-boa-noite\\\/#blogposting\",\"name\":\"William Bonner deixa bancada do Jornal Nacional com ultimo \\u201cBoa noite\\u201d - Serra FM 87,9\",\"headline\":\"William Bonner deixa bancada do Jornal Nacional com ultimo &#8220;Boa noite&#8221;\",\"author\":{\"@id\":\"https:\\\/\\\/serrafm879.com.br\\\/serrafm\\\/author\\\/serrafm87\\\/#author\"},\"publisher\":{\"@id\":\"https:\\\/\\\/serrafm879.com.br\\\/serrafm\\\/#organization\"},\"image\":{\"@type\":\"ImageObject\",\"url\":\"https:\\\/\\\/serrafm879.com.br\\\/serrafm\\\/wp-content\\\/uploads\\\/2025\\\/11\\\/Captura-de-tela-2025-11-02-211000.png\",\"width\":889,\"height\":561},\"datePublished\":\"2025-10-31T23:06:05-03:00\",\"dateModified\":\"2025-11-02T21:09:16-03:00\",\"inLanguage\":\"pt-BR\",\"mainEntityOfPage\":{\"@id\":\"https:\\\/\\\/serrafm879.com.br\\\/serrafm\\\/2025\\\/10\\\/william-bonner-deixa-bancada-do-jornal-nacional-com-ultimo-boa-noite\\\/#webpage\"},\"isPartOf\":{\"@id\":\"https:\\\/\\\/serrafm879.com.br\\\/serrafm\\\/2025\\\/10\\\/william-bonner-deixa-bancada-do-jornal-nacional-com-ultimo-boa-noite\\\/#webpage\"},\"articleSection\":\"Not\\u00edcias\"},{\"@type\":\"BreadcrumbList\",\"@id\":\"https:\\\/\\\/serrafm879.com.br\\\/serrafm\\\/2025\\\/10\\\/william-bonner-deixa-bancada-do-jornal-nacional-com-ultimo-boa-noite\\\/#breadcrumblist\",\"itemListElement\":[{\"@type\":\"ListItem\",\"@id\":\"https:\\\/\\\/serrafm879.com.br\\\/serrafm#listItem\",\"position\":1,\"name\":\"Home\",\"item\":\"https:\\\/\\\/serrafm879.com.br\\\/serrafm\",\"nextItem\":{\"@type\":\"ListItem\",\"@id\":\"https:\\\/\\\/serrafm879.com.br\\\/serrafm\\\/categoria\\\/noticias\\\/#listItem\",\"name\":\"Not\\u00edcias\"}},{\"@type\":\"ListItem\",\"@id\":\"https:\\\/\\\/serrafm879.com.br\\\/serrafm\\\/categoria\\\/noticias\\\/#listItem\",\"position\":2,\"name\":\"Not\\u00edcias\",\"item\":\"https:\\\/\\\/serrafm879.com.br\\\/serrafm\\\/categoria\\\/noticias\\\/\",\"nextItem\":{\"@type\":\"ListItem\",\"@id\":\"https:\\\/\\\/serrafm879.com.br\\\/serrafm\\\/2025\\\/10\\\/william-bonner-deixa-bancada-do-jornal-nacional-com-ultimo-boa-noite\\\/#listItem\",\"name\":\"William Bonner deixa bancada do Jornal Nacional com ultimo &#8220;Boa noite&#8221;\"},\"previousItem\":{\"@type\":\"ListItem\",\"@id\":\"https:\\\/\\\/serrafm879.com.br\\\/serrafm#listItem\",\"name\":\"Home\"}},{\"@type\":\"ListItem\",\"@id\":\"https:\\\/\\\/serrafm879.com.br\\\/serrafm\\\/2025\\\/10\\\/william-bonner-deixa-bancada-do-jornal-nacional-com-ultimo-boa-noite\\\/#listItem\",\"position\":3,\"name\":\"William Bonner deixa bancada do Jornal Nacional com ultimo &#8220;Boa noite&#8221;\",\"previousItem\":{\"@type\":\"ListItem\",\"@id\":\"https:\\\/\\\/serrafm879.com.br\\\/serrafm\\\/categoria\\\/noticias\\\/#listItem\",\"name\":\"Not\\u00edcias\"}}]},{\"@type\":\"Organization\",\"@id\":\"https:\\\/\\\/serrafm879.com.br\\\/serrafm\\\/#organization\",\"name\":\"Serra FM 87,9\",\"description\":\"O seu novo amor!\",\"url\":\"https:\\\/\\\/serrafm879.com.br\\\/serrafm\\\/\"},{\"@type\":\"Person\",\"@id\":\"https:\\\/\\\/serrafm879.com.br\\\/serrafm\\\/author\\\/serrafm87\\\/#author\",\"url\":\"https:\\\/\\\/serrafm879.com.br\\\/serrafm\\\/author\\\/serrafm87\\\/\",\"name\":\"serrafm87\",\"image\":{\"@type\":\"ImageObject\",\"@id\":\"https:\\\/\\\/serrafm879.com.br\\\/serrafm\\\/2025\\\/10\\\/william-bonner-deixa-bancada-do-jornal-nacional-com-ultimo-boa-noite\\\/#authorImage\",\"url\":\"https:\\\/\\\/secure.gravatar.com\\\/avatar\\\/a743233f1112d34f48bb3dc9559b76eb930bab8b27175856cba6362608736235?s=96&d=mm&r=g\",\"width\":96,\"height\":96,\"caption\":\"serrafm87\"}},{\"@type\":\"WebPage\",\"@id\":\"https:\\\/\\\/serrafm879.com.br\\\/serrafm\\\/2025\\\/10\\\/william-bonner-deixa-bancada-do-jornal-nacional-com-ultimo-boa-noite\\\/#webpage\",\"url\":\"https:\\\/\\\/serrafm879.com.br\\\/serrafm\\\/2025\\\/10\\\/william-bonner-deixa-bancada-do-jornal-nacional-com-ultimo-boa-noite\\\/\",\"name\":\"William Bonner deixa bancada do Jornal Nacional com ultimo \\u201cBoa noite\\u201d - Serra FM 87,9\",\"description\":\"Quase 30 anos depois de sua estreia, William Bonner deixa, nesta sexta-feira (31), a bancada do Jornal Nacional. O jornalista apresenta a \\u00faltima edi\\u00e7\\u00e3o do JN antes de passar o bast\\u00e3o para C\\u00e9sar Tralli, que come\\u00e7a no posto na pr\\u00f3xima segunda-feira (3). A edi\\u00e7\\u00e3o final de Bonner est\\u00e1 prevista para come\\u00e7ar ao vivo, segundo a\",\"inLanguage\":\"pt-BR\",\"isPartOf\":{\"@id\":\"https:\\\/\\\/serrafm879.com.br\\\/serrafm\\\/#website\"},\"breadcrumb\":{\"@id\":\"https:\\\/\\\/serrafm879.com.br\\\/serrafm\\\/2025\\\/10\\\/william-bonner-deixa-bancada-do-jornal-nacional-com-ultimo-boa-noite\\\/#breadcrumblist\"},\"author\":{\"@id\":\"https:\\\/\\\/serrafm879.com.br\\\/serrafm\\\/author\\\/serrafm87\\\/#author\"},\"creator\":{\"@id\":\"https:\\\/\\\/serrafm879.com.br\\\/serrafm\\\/author\\\/serrafm87\\\/#author\"},\"image\":{\"@type\":\"ImageObject\",\"url\":\"https:\\\/\\\/serrafm879.com.br\\\/serrafm\\\/wp-content\\\/uploads\\\/2025\\\/11\\\/Captura-de-tela-2025-11-02-211000.png\",\"@id\":\"https:\\\/\\\/serrafm879.com.br\\\/serrafm\\\/2025\\\/10\\\/william-bonner-deixa-bancada-do-jornal-nacional-com-ultimo-boa-noite\\\/#mainImage\",\"width\":889,\"height\":561},\"primaryImageOfPage\":{\"@id\":\"https:\\\/\\\/serrafm879.com.br\\\/serrafm\\\/2025\\\/10\\\/william-bonner-deixa-bancada-do-jornal-nacional-com-ultimo-boa-noite\\\/#mainImage\"},\"datePublished\":\"2025-10-31T23:06:05-03:00\",\"dateModified\":\"2025-11-02T21:09:16-03:00\"},{\"@type\":\"WebSite\",\"@id\":\"https:\\\/\\\/serrafm879.com.br\\\/serrafm\\\/#website\",\"url\":\"https:\\\/\\\/serrafm879.com.br\\\/serrafm\\\/\",\"name\":\"Serra FM 87,9\",\"description\":\"O seu novo amor!\",\"inLanguage\":\"pt-BR\",\"publisher\":{\"@id\":\"https:\\\/\\\/serrafm879.com.br\\\/serrafm\\\/#organization\"}}]}\n\t\t<\/script>\n\t\t<!-- All in One SEO -->\n\n","aioseo_head_json":{"title":"William Bonner deixa bancada do Jornal Nacional com ultimo \u201cBoa noite\u201d - Serra FM 87,9","description":"Quase 30 anos depois de sua estreia, William Bonner deixa, nesta sexta-feira (31), a bancada do Jornal Nacional. O jornalista apresenta a \u00faltima edi\u00e7\u00e3o do JN antes de passar o bast\u00e3o para C\u00e9sar Tralli, que come\u00e7a no posto na pr\u00f3xima segunda-feira (3). A edi\u00e7\u00e3o final de Bonner est\u00e1 prevista para come\u00e7ar ao vivo, segundo a","canonical_url":"https:\/\/serrafm879.com.br\/serrafm\/2025\/10\/william-bonner-deixa-bancada-do-jornal-nacional-com-ultimo-boa-noite\/","robots":"max-image-preview:large","keywords":"","webmasterTools":{"miscellaneous":""},"schema":{"@context":"https:\/\/schema.org","@graph":[{"@type":"BlogPosting","@id":"https:\/\/serrafm879.com.br\/serrafm\/2025\/10\/william-bonner-deixa-bancada-do-jornal-nacional-com-ultimo-boa-noite\/#blogposting","name":"William Bonner deixa bancada do Jornal Nacional com ultimo \u201cBoa noite\u201d - Serra FM 87,9","headline":"William Bonner deixa bancada do Jornal Nacional com ultimo &#8220;Boa noite&#8221;","author":{"@id":"https:\/\/serrafm879.com.br\/serrafm\/author\/serrafm87\/#author"},"publisher":{"@id":"https:\/\/serrafm879.com.br\/serrafm\/#organization"},"image":{"@type":"ImageObject","url":"https:\/\/serrafm879.com.br\/serrafm\/wp-content\/uploads\/2025\/11\/Captura-de-tela-2025-11-02-211000.png","width":889,"height":561},"datePublished":"2025-10-31T23:06:05-03:00","dateModified":"2025-11-02T21:09:16-03:00","inLanguage":"pt-BR","mainEntityOfPage":{"@id":"https:\/\/serrafm879.com.br\/serrafm\/2025\/10\/william-bonner-deixa-bancada-do-jornal-nacional-com-ultimo-boa-noite\/#webpage"},"isPartOf":{"@id":"https:\/\/serrafm879.com.br\/serrafm\/2025\/10\/william-bonner-deixa-bancada-do-jornal-nacional-com-ultimo-boa-noite\/#webpage"},"articleSection":"Not\u00edcias"},{"@type":"BreadcrumbList","@id":"https:\/\/serrafm879.com.br\/serrafm\/2025\/10\/william-bonner-deixa-bancada-do-jornal-nacional-com-ultimo-boa-noite\/#breadcrumblist","itemListElement":[{"@type":"ListItem","@id":"https:\/\/serrafm879.com.br\/serrafm#listItem","position":1,"name":"Home","item":"https:\/\/serrafm879.com.br\/serrafm","nextItem":{"@type":"ListItem","@id":"https:\/\/serrafm879.com.br\/serrafm\/categoria\/noticias\/#listItem","name":"Not\u00edcias"}},{"@type":"ListItem","@id":"https:\/\/serrafm879.com.br\/serrafm\/categoria\/noticias\/#listItem","position":2,"name":"Not\u00edcias","item":"https:\/\/serrafm879.com.br\/serrafm\/categoria\/noticias\/","nextItem":{"@type":"ListItem","@id":"https:\/\/serrafm879.com.br\/serrafm\/2025\/10\/william-bonner-deixa-bancada-do-jornal-nacional-com-ultimo-boa-noite\/#listItem","name":"William Bonner deixa bancada do Jornal Nacional com ultimo &#8220;Boa noite&#8221;"},"previousItem":{"@type":"ListItem","@id":"https:\/\/serrafm879.com.br\/serrafm#listItem","name":"Home"}},{"@type":"ListItem","@id":"https:\/\/serrafm879.com.br\/serrafm\/2025\/10\/william-bonner-deixa-bancada-do-jornal-nacional-com-ultimo-boa-noite\/#listItem","position":3,"name":"William Bonner deixa bancada do Jornal Nacional com ultimo &#8220;Boa noite&#8221;","previousItem":{"@type":"ListItem","@id":"https:\/\/serrafm879.com.br\/serrafm\/categoria\/noticias\/#listItem","name":"Not\u00edcias"}}]},{"@type":"Organization","@id":"https:\/\/serrafm879.com.br\/serrafm\/#organization","name":"Serra FM 87,9","description":"O seu novo amor!","url":"https:\/\/serrafm879.com.br\/serrafm\/"},{"@type":"Person","@id":"https:\/\/serrafm879.com.br\/serrafm\/author\/serrafm87\/#author","url":"https:\/\/serrafm879.com.br\/serrafm\/author\/serrafm87\/","name":"serrafm87","image":{"@type":"ImageObject","@id":"https:\/\/serrafm879.com.br\/serrafm\/2025\/10\/william-bonner-deixa-bancada-do-jornal-nacional-com-ultimo-boa-noite\/#authorImage","url":"https:\/\/secure.gravatar.com\/avatar\/a743233f1112d34f48bb3dc9559b76eb930bab8b27175856cba6362608736235?s=96&d=mm&r=g","width":96,"height":96,"caption":"serrafm87"}},{"@type":"WebPage","@id":"https:\/\/serrafm879.com.br\/serrafm\/2025\/10\/william-bonner-deixa-bancada-do-jornal-nacional-com-ultimo-boa-noite\/#webpage","url":"https:\/\/serrafm879.com.br\/serrafm\/2025\/10\/william-bonner-deixa-bancada-do-jornal-nacional-com-ultimo-boa-noite\/","name":"William Bonner deixa bancada do Jornal Nacional com ultimo \u201cBoa noite\u201d - Serra FM 87,9","description":"Quase 30 anos depois de sua estreia, William Bonner deixa, nesta sexta-feira (31), a bancada do Jornal Nacional. O jornalista apresenta a \u00faltima edi\u00e7\u00e3o do JN antes de passar o bast\u00e3o para C\u00e9sar Tralli, que come\u00e7a no posto na pr\u00f3xima segunda-feira (3). A edi\u00e7\u00e3o final de Bonner est\u00e1 prevista para come\u00e7ar ao vivo, segundo a","inLanguage":"pt-BR","isPartOf":{"@id":"https:\/\/serrafm879.com.br\/serrafm\/#website"},"breadcrumb":{"@id":"https:\/\/serrafm879.com.br\/serrafm\/2025\/10\/william-bonner-deixa-bancada-do-jornal-nacional-com-ultimo-boa-noite\/#breadcrumblist"},"author":{"@id":"https:\/\/serrafm879.com.br\/serrafm\/author\/serrafm87\/#author"},"creator":{"@id":"https:\/\/serrafm879.com.br\/serrafm\/author\/serrafm87\/#author"},"image":{"@type":"ImageObject","url":"https:\/\/serrafm879.com.br\/serrafm\/wp-content\/uploads\/2025\/11\/Captura-de-tela-2025-11-02-211000.png","@id":"https:\/\/serrafm879.com.br\/serrafm\/2025\/10\/william-bonner-deixa-bancada-do-jornal-nacional-com-ultimo-boa-noite\/#mainImage","width":889,"height":561},"primaryImageOfPage":{"@id":"https:\/\/serrafm879.com.br\/serrafm\/2025\/10\/william-bonner-deixa-bancada-do-jornal-nacional-com-ultimo-boa-noite\/#mainImage"},"datePublished":"2025-10-31T23:06:05-03:00","dateModified":"2025-11-02T21:09:16-03:00"},{"@type":"WebSite","@id":"https:\/\/serrafm879.com.br\/serrafm\/#website","url":"https:\/\/serrafm879.com.br\/serrafm\/","name":"Serra FM 87,9","description":"O seu novo amor!","inLanguage":"pt-BR","publisher":{"@id":"https:\/\/serrafm879.com.br\/serrafm\/#organization"}}]},"twitter:card":"summary_large_image","twitter:title":"William Bonner deixa bancada do Jornal Nacional com ultimo \u201cBoa noite\u201d - Serra FM 87,9","twitter:description":"Quase 30 anos depois de sua estreia, William Bonner deixa, nesta sexta-feira (31), a bancada do Jornal Nacional. O jornalista apresenta a \u00faltima edi\u00e7\u00e3o do JN antes de passar o bast\u00e3o para C\u00e9sar Tralli, que come\u00e7a no posto na pr\u00f3xima segunda-feira (3). A edi\u00e7\u00e3o final de Bonner est\u00e1 prevista para come\u00e7ar ao vivo, segundo a","twitter:image":"https:\/\/serrafm879.com.br\/serrafm\/wp-content\/uploads\/2025\/11\/Captura-de-tela-2025-11-02-211000.png"},"aioseo_meta_data":{"post_id":"24793","title":null,"description":null,"keywords":null,"keyphrases":null,"primary_term":null,"canonical_url":null,"og_title":null,"og_description":null,"og_object_type":"default","og_image_type":"default","og_image_custom_url":null,"og_image_custom_fields":null,"og_image_url":null,"og_image_width":null,"og_image_height":null,"og_video":null,"og_custom_url":null,"og_article_section":null,"og_article_tags":null,"twitter_use_og":false,"twitter_card":"default","twitter_image_type":"default","twitter_image_custom_url":null,"twitter_image_custom_fields":null,"twitter_image_url":null,"twitter_title":null,"twitter_description":null,"schema_type":"default","schema_type_options":null,"schema":{"blockGraphs":[],"customGraphs":[],"default":{"data":{"Article":[],"Course":[],"Dataset":[],"FAQPage":[],"Movie":[],"Person":[],"Product":[],"ProductReview":[],"Car":[],"Recipe":[],"Service":[],"SoftwareApplication":[],"WebPage":[]},"graphName":"","isEnabled":true},"graphs":[]},"pillar_content":false,"robots_default":true,"robots_noindex":false,"robots_noarchive":false,"robots_nosnippet":false,"robots_nofollow":false,"robots_noimageindex":false,"robots_noodp":false,"robots_notranslate":false,"robots_max_snippet":null,"robots_max_videopreview":null,"robots_max_imagepreview":"large","priority":null,"frequency":null,"local_seo":null,"limit_modified_date":false,"ai":null,"breadcrumb_settings":null,"seo_analyzer_scan_date":null,"created":"2026-07-21 17:44:20","updated":"2026-07-21 17:44:20"},"aioseo_breadcrumb":"<div class=\"aioseo-breadcrumbs\"><span class=\"aioseo-breadcrumb\">\n\t\t\t<a href=\"https:\/\/serrafm879.com.br\/serrafm\" title=\"Home\">Home<\/a>\n\t\t<\/span><span class=\"aioseo-breadcrumb-separator\">&raquo;<\/span><span class=\"aioseo-breadcrumb\">\n\t\t\t<a href=\"https:\/\/serrafm879.com.br\/serrafm\/categoria\/noticias\/\" title=\"Not\u00edcias\">Not\u00edcias<\/a>\n\t\t<\/span><span class=\"aioseo-breadcrumb-separator\">&raquo;<\/span><span class=\"aioseo-breadcrumb\">\n\t\t\tWilliam Bonner deixa bancada do Jornal Nacional com ultimo \u201cBoa noite\u201d\n\t\t<\/span><\/div>","aioseo_breadcrumb_json":[{"label":"Home","link":"https:\/\/serrafm879.com.br\/serrafm"},{"label":"Not\u00edcias","link":"https:\/\/serrafm879.com.br\/serrafm\/categoria\/noticias\/"},{"label":"William Bonner deixa bancada do Jornal Nacional com ultimo &#8220;Boa noite&#8221;","link":"https:\/\/serrafm879.com.br\/serrafm\/2025\/10\/william-bonner-deixa-bancada-do-jornal-nacional-com-ultimo-boa-noite\/"}],"jetpack_publicize_connections":[],"jetpack_featured_media_url":"https:\/\/serrafm879.com.br\/serrafm\/wp-content\/uploads\/2025\/11\/Captura-de-tela-2025-11-02-211000.png","jetpack_shortlink":"https:\/\/wp.me\/p7HyXg-6rT","jetpack_sharing_enabled":true,"_links":{"self":[{"href":"https:\/\/serrafm879.com.br\/serrafm\/wp-json\/wp\/v2\/posts\/24793","targetHints":{"allow":["GET"]}}],"collection":[{"href":"https:\/\/serrafm879.com.br\/serrafm\/wp-json\/wp\/v2\/posts"}],"about":[{"href":"https:\/\/serrafm879.com.br\/serrafm\/wp-json\/wp\/v2\/types\/post"}],"author":[{"embeddable":true,"href":"https:\/\/serrafm879.com.br\/serrafm\/wp-json\/wp\/v2\/users\/2"}],"replies":[{"embeddable":true,"href":"https:\/\/serrafm879.com.br\/serrafm\/wp-json\/wp\/v2\/comments?post=24793"}],"version-history":[{"count":1,"href":"https:\/\/serrafm879.com.br\/serrafm\/wp-json\/wp\/v2\/posts\/24793\/revisions"}],"predecessor-version":[{"id":24795,"href":"https:\/\/serrafm879.com.br\/serrafm\/wp-json\/wp\/v2\/posts\/24793\/revisions\/24795"}],"wp:featuredmedia":[{"embeddable":true,"href":"https:\/\/serrafm879.com.br\/serrafm\/wp-json\/wp\/v2\/media\/24794"}],"wp:attachment":[{"href":"https:\/\/serrafm879.com.br\/serrafm\/wp-json\/wp\/v2\/media?parent=24793"}],"wp:term":[{"taxonomy":"category","embeddable":true,"href":"https:\/\/serrafm879.com.br\/serrafm\/wp-json\/wp\/v2\/categories?post=24793"},{"taxonomy":"post_tag","embeddable":true,"href":"https:\/\/serrafm879.com.br\/serrafm\/wp-json\/wp\/v2\/tags?post=24793"}],"curies":[{"name":"wp","href":"https:\/\/api.w.org\/{rel}","templated":true}]}}