{"id":24898,"date":"2025-11-10T15:10:47","date_gmt":"2025-11-10T18:10:47","guid":{"rendered":"https:\/\/serrafm879.com.br\/serrafm\/?p=24898"},"modified":"2025-11-10T15:10:47","modified_gmt":"2025-11-10T18:10:47","slug":"abstencao-no-primeiro-dia-do-enem-2025-chegou-a-27","status":"publish","type":"post","link":"https:\/\/serrafm879.com.br\/serrafm\/2025\/11\/abstencao-no-primeiro-dia-do-enem-2025-chegou-a-27\/","title":{"rendered":"Absten\u00e7\u00e3o no primeiro dia do Enem 2025 chegou a 27%"},"content":{"rendered":"<p>O primeiro dia de prova do Exame Nacional do Ensino M\u00e9dio (Enem) 2025 teve 27% de absten\u00e7\u00e3o, mantendo uma taxa semelhante \u00e0 do ano passado (26,6%). A porcentagem \u00e9 menor do que nos anos de 2023 (28,1%) e 2022 (28,3%).<\/p>\n<p>\u201cA absten\u00e7\u00e3o manteve a m\u00e9dia e aumentou o n\u00famero de participantes\u201d, disse o ministro da Educa\u00e7\u00e3o, Camilo Santana, na noite deste domingo (9).<\/p>\n<p>Mais de 4,8 milh\u00f5es de candidatos estavam habilitados a participar do Enem. Ele disse que houve 3.240 participantes eliminados por diferentes irregularidades. \u201cFoi tudo tranquilo\u201d, destacou.<\/p>\n<p>O ministro citou que foram eliminados candidatos que n\u00e3o atenderam as orienta\u00e7\u00f5es dos fiscais, utilizaram materiais impressos, ausentaram-se dos assentos fora do hor\u00e1rio permitido, portaram equipamentos eletr\u00f4nicos ou deixaram o local da prova portando o caderno de quest\u00f5es antes de 30 minutos do final da aplica\u00e7\u00e3o<\/p>\n<p>Gabarito<br \/>\nO ministro informou que o gabarito oficial do primeiro dia de prova deve ser divulgado na pr\u00f3xima quinta-feira (13). Camilo Santana recordou que o exame foi aplicado em 1.805 munic\u00edpios e envolveu mais de 300 mil pessoas de apoio.<\/p>\n<p>Neste domingo, o exame cobrou quest\u00f5es de m\u00faltipla escolha das seguintes \u00e1reas do conhecimento: l\u00edngua portuguesa; literatura; l\u00edngua estrangeira (ingl\u00eas ou espanhol); hist\u00f3ria; geografia; filosofia e sociologia, artes, educa\u00e7\u00e3o f\u00edsica e tecnologias da informa\u00e7\u00e3o e comunica\u00e7\u00e3o. Foram 90 quest\u00f5es al\u00e9m da reda\u00e7\u00e3o.<\/p>\n<p>O ministro defendeu o tema da reda\u00e7\u00e3o, sobre as perspectivas acerca do envelhecimento na sociedade brasileira.<\/p>\n<p>\u201cAchei que foi um tema muito atual e que exige de todos n\u00f3s brasileiros um olhar muito cuidadoso, porque o pa\u00eds come\u00e7ou a inverter a sua curva et\u00e1ria, aumentando o n\u00famero de pessoas idosas\u201d.<\/p>\n<p>Segundo professores ouvidos pela Ag\u00eancia Brasil, o tema da reda\u00e7\u00e3o do Enem, ajudou a promover debates atuais como viola\u00e7\u00f5es de direitos e etarismo, que \u00e9 o preconceito contra uma pessoa por causa de sua idade.<\/p>\n","protected":false},"excerpt":{"rendered":"<p>O primeiro dia de prova do Exame Nacional do Ensino M\u00e9dio (Enem) 2025 teve 27% de absten\u00e7\u00e3o, mantendo uma taxa semelhante \u00e0 do ano passado (26,6%). A porcentagem \u00e9 menor do que nos anos de 2023 (28,1%) e 2022 (28,3%). \u201cA absten\u00e7\u00e3o manteve a m\u00e9dia e aumentou o n\u00famero de participantes\u201d, disse o ministro da Educa\u00e7\u00e3o, Camilo Santana, na noite deste domingo (9). Mais de 4,8 milh\u00f5es de candidatos estavam habilitados a participar do Enem. Ele disse que houve 3.240 participantes eliminados por diferentes irregularidades. \u201cFoi tudo tranquilo\u201d, destacou. O ministro citou que foram eliminados candidatos que n\u00e3o atenderam as [&hellip;]<\/p>\n","protected":false},"author":2,"featured_media":24899,"comment_status":"open","ping_status":"open","sticky":false,"template":"","format":"standard","meta":{"_jetpack_newsletter_access":"","_jetpack_dont_email_post_to_subs":false,"_jetpack_newsletter_tier_id":0,"_jetpack_memberships_contains_paywalled_content":false,"_jetpack_feature_clip_id":0,"_jetpack_memberships_contains_paid_content":false,"footnotes":"","jetpack_publicize_message":"","jetpack_publicize_feature_enabled":true,"jetpack_social_post_already_shared":true,"jetpack_social_options":{"image_generator_settings":{"template":"highway","default_image_id":0,"font":"","enabled":false},"version":2},"jetpack_post_was_ever_published":false},"categories":[149],"tags":[],"class_list":["post-24898","post","type-post","status-publish","format-standard","has-post-thumbnail","hentry","category-brasil"],"aioseo_notices":[],"aioseo_head":"\n\t\t<!-- All in One SEO 4.9.10 - aioseo.com -->\n\t<meta name=\"description\" content=\"O primeiro dia de prova do Exame Nacional do Ensino M\u00e9dio (Enem) 2025 teve 27% de absten\u00e7\u00e3o, mantendo uma taxa semelhante \u00e0 do ano passado (26,6%). A porcentagem \u00e9 menor do que nos anos de 2023 (28,1%) e 2022 (28,3%). \u201cA absten\u00e7\u00e3o manteve a m\u00e9dia e aumentou o n\u00famero de participantes\u201d, disse o ministro da\" \/>\n\t<meta name=\"robots\" content=\"max-image-preview:large\" \/>\n\t<meta name=\"author\" content=\"serrafm87\"\/>\n\t<link rel=\"canonical\" href=\"https:\/\/serrafm879.com.br\/serrafm\/2025\/11\/abstencao-no-primeiro-dia-do-enem-2025-chegou-a-27\/\" \/>\n\t<meta name=\"generator\" content=\"All in One SEO (AIOSEO) 4.9.10\" \/>\n\t\t<meta name=\"twitter:card\" content=\"summary_large_image\" \/>\n\t\t<meta name=\"twitter:title\" content=\"Absten\u00e7\u00e3o no primeiro dia do Enem 2025 chegou a 27% - Serra FM 87,9\" \/>\n\t\t<meta name=\"twitter:description\" content=\"O primeiro dia de prova do Exame Nacional do Ensino M\u00e9dio (Enem) 2025 teve 27% de absten\u00e7\u00e3o, mantendo uma taxa semelhante \u00e0 do ano passado (26,6%). A porcentagem \u00e9 menor do que nos anos de 2023 (28,1%) e 2022 (28,3%). \u201cA absten\u00e7\u00e3o manteve a m\u00e9dia e aumentou o n\u00famero de participantes\u201d, disse o ministro da\" \/>\n\t\t<meta name=\"twitter:image\" content=\"https:\/\/serrafm879.com.br\/serrafm\/wp-content\/uploads\/2025\/11\/Anotacao-2025-11-10-151002.png\" \/>\n\t\t<script type=\"application\/ld+json\" class=\"aioseo-schema\">\n\t\t\t{\"@context\":\"https:\\\/\\\/schema.org\",\"@graph\":[{\"@type\":\"BlogPosting\",\"@id\":\"https:\\\/\\\/serrafm879.com.br\\\/serrafm\\\/2025\\\/11\\\/abstencao-no-primeiro-dia-do-enem-2025-chegou-a-27\\\/#blogposting\",\"name\":\"Absten\\u00e7\\u00e3o no primeiro dia do Enem 2025 chegou a 27% - Serra FM 87,9\",\"headline\":\"Absten\\u00e7\\u00e3o no primeiro dia do Enem 2025 chegou a 27%\",\"author\":{\"@id\":\"https:\\\/\\\/serrafm879.com.br\\\/serrafm\\\/author\\\/serrafm87\\\/#author\"},\"publisher\":{\"@id\":\"https:\\\/\\\/serrafm879.com.br\\\/serrafm\\\/#organization\"},\"image\":{\"@type\":\"ImageObject\",\"url\":\"https:\\\/\\\/serrafm879.com.br\\\/serrafm\\\/wp-content\\\/uploads\\\/2025\\\/11\\\/Anotacao-2025-11-10-151002.png\",\"width\":954,\"height\":515},\"datePublished\":\"2025-11-10T15:10:47-03:00\",\"dateModified\":\"2025-11-10T15:10:47-03:00\",\"inLanguage\":\"pt-BR\",\"mainEntityOfPage\":{\"@id\":\"https:\\\/\\\/serrafm879.com.br\\\/serrafm\\\/2025\\\/11\\\/abstencao-no-primeiro-dia-do-enem-2025-chegou-a-27\\\/#webpage\"},\"isPartOf\":{\"@id\":\"https:\\\/\\\/serrafm879.com.br\\\/serrafm\\\/2025\\\/11\\\/abstencao-no-primeiro-dia-do-enem-2025-chegou-a-27\\\/#webpage\"},\"articleSection\":\"Brasil\"},{\"@type\":\"BreadcrumbList\",\"@id\":\"https:\\\/\\\/serrafm879.com.br\\\/serrafm\\\/2025\\\/11\\\/abstencao-no-primeiro-dia-do-enem-2025-chegou-a-27\\\/#breadcrumblist\",\"itemListElement\":[{\"@type\":\"ListItem\",\"@id\":\"https:\\\/\\\/serrafm879.com.br\\\/serrafm#listItem\",\"position\":1,\"name\":\"Home\",\"item\":\"https:\\\/\\\/serrafm879.com.br\\\/serrafm\",\"nextItem\":{\"@type\":\"ListItem\",\"@id\":\"https:\\\/\\\/serrafm879.com.br\\\/serrafm\\\/categoria\\\/brasil\\\/#listItem\",\"name\":\"Brasil\"}},{\"@type\":\"ListItem\",\"@id\":\"https:\\\/\\\/serrafm879.com.br\\\/serrafm\\\/categoria\\\/brasil\\\/#listItem\",\"position\":2,\"name\":\"Brasil\",\"item\":\"https:\\\/\\\/serrafm879.com.br\\\/serrafm\\\/categoria\\\/brasil\\\/\",\"nextItem\":{\"@type\":\"ListItem\",\"@id\":\"https:\\\/\\\/serrafm879.com.br\\\/serrafm\\\/2025\\\/11\\\/abstencao-no-primeiro-dia-do-enem-2025-chegou-a-27\\\/#listItem\",\"name\":\"Absten\\u00e7\\u00e3o no primeiro dia do Enem 2025 chegou a 27%\"},\"previousItem\":{\"@type\":\"ListItem\",\"@id\":\"https:\\\/\\\/serrafm879.com.br\\\/serrafm#listItem\",\"name\":\"Home\"}},{\"@type\":\"ListItem\",\"@id\":\"https:\\\/\\\/serrafm879.com.br\\\/serrafm\\\/2025\\\/11\\\/abstencao-no-primeiro-dia-do-enem-2025-chegou-a-27\\\/#listItem\",\"position\":3,\"name\":\"Absten\\u00e7\\u00e3o no primeiro dia do Enem 2025 chegou a 27%\",\"previousItem\":{\"@type\":\"ListItem\",\"@id\":\"https:\\\/\\\/serrafm879.com.br\\\/serrafm\\\/categoria\\\/brasil\\\/#listItem\",\"name\":\"Brasil\"}}]},{\"@type\":\"Organization\",\"@id\":\"https:\\\/\\\/serrafm879.com.br\\\/serrafm\\\/#organization\",\"name\":\"Serra FM 87,9\",\"description\":\"O seu novo amor!\",\"url\":\"https:\\\/\\\/serrafm879.com.br\\\/serrafm\\\/\"},{\"@type\":\"Person\",\"@id\":\"https:\\\/\\\/serrafm879.com.br\\\/serrafm\\\/author\\\/serrafm87\\\/#author\",\"url\":\"https:\\\/\\\/serrafm879.com.br\\\/serrafm\\\/author\\\/serrafm87\\\/\",\"name\":\"serrafm87\",\"image\":{\"@type\":\"ImageObject\",\"@id\":\"https:\\\/\\\/serrafm879.com.br\\\/serrafm\\\/2025\\\/11\\\/abstencao-no-primeiro-dia-do-enem-2025-chegou-a-27\\\/#authorImage\",\"url\":\"https:\\\/\\\/secure.gravatar.com\\\/avatar\\\/a743233f1112d34f48bb3dc9559b76eb930bab8b27175856cba6362608736235?s=96&d=mm&r=g\",\"width\":96,\"height\":96,\"caption\":\"serrafm87\"}},{\"@type\":\"WebPage\",\"@id\":\"https:\\\/\\\/serrafm879.com.br\\\/serrafm\\\/2025\\\/11\\\/abstencao-no-primeiro-dia-do-enem-2025-chegou-a-27\\\/#webpage\",\"url\":\"https:\\\/\\\/serrafm879.com.br\\\/serrafm\\\/2025\\\/11\\\/abstencao-no-primeiro-dia-do-enem-2025-chegou-a-27\\\/\",\"name\":\"Absten\\u00e7\\u00e3o no primeiro dia do Enem 2025 chegou a 27% - Serra FM 87,9\",\"description\":\"O primeiro dia de prova do Exame Nacional do Ensino M\\u00e9dio (Enem) 2025 teve 27% de absten\\u00e7\\u00e3o, mantendo uma taxa semelhante \\u00e0 do ano passado (26,6%). A porcentagem \\u00e9 menor do que nos anos de 2023 (28,1%) e 2022 (28,3%). \\u201cA absten\\u00e7\\u00e3o manteve a m\\u00e9dia e aumentou o n\\u00famero de participantes\\u201d, disse o ministro da\",\"inLanguage\":\"pt-BR\",\"isPartOf\":{\"@id\":\"https:\\\/\\\/serrafm879.com.br\\\/serrafm\\\/#website\"},\"breadcrumb\":{\"@id\":\"https:\\\/\\\/serrafm879.com.br\\\/serrafm\\\/2025\\\/11\\\/abstencao-no-primeiro-dia-do-enem-2025-chegou-a-27\\\/#breadcrumblist\"},\"author\":{\"@id\":\"https:\\\/\\\/serrafm879.com.br\\\/serrafm\\\/author\\\/serrafm87\\\/#author\"},\"creator\":{\"@id\":\"https:\\\/\\\/serrafm879.com.br\\\/serrafm\\\/author\\\/serrafm87\\\/#author\"},\"image\":{\"@type\":\"ImageObject\",\"url\":\"https:\\\/\\\/serrafm879.com.br\\\/serrafm\\\/wp-content\\\/uploads\\\/2025\\\/11\\\/Anotacao-2025-11-10-151002.png\",\"@id\":\"https:\\\/\\\/serrafm879.com.br\\\/serrafm\\\/2025\\\/11\\\/abstencao-no-primeiro-dia-do-enem-2025-chegou-a-27\\\/#mainImage\",\"width\":954,\"height\":515},\"primaryImageOfPage\":{\"@id\":\"https:\\\/\\\/serrafm879.com.br\\\/serrafm\\\/2025\\\/11\\\/abstencao-no-primeiro-dia-do-enem-2025-chegou-a-27\\\/#mainImage\"},\"datePublished\":\"2025-11-10T15:10:47-03:00\",\"dateModified\":\"2025-11-10T15:10:47-03:00\"},{\"@type\":\"WebSite\",\"@id\":\"https:\\\/\\\/serrafm879.com.br\\\/serrafm\\\/#website\",\"url\":\"https:\\\/\\\/serrafm879.com.br\\\/serrafm\\\/\",\"name\":\"Serra FM 87,9\",\"description\":\"O seu novo amor!\",\"inLanguage\":\"pt-BR\",\"publisher\":{\"@id\":\"https:\\\/\\\/serrafm879.com.br\\\/serrafm\\\/#organization\"}}]}\n\t\t<\/script>\n\t\t<!-- All in One SEO -->\n\n","aioseo_head_json":{"title":"Absten\u00e7\u00e3o no primeiro dia do Enem 2025 chegou a 27% - Serra FM 87,9","description":"O primeiro dia de prova do Exame Nacional do Ensino M\u00e9dio (Enem) 2025 teve 27% de absten\u00e7\u00e3o, mantendo uma taxa semelhante \u00e0 do ano passado (26,6%). A porcentagem \u00e9 menor do que nos anos de 2023 (28,1%) e 2022 (28,3%). \u201cA absten\u00e7\u00e3o manteve a m\u00e9dia e aumentou o n\u00famero de participantes\u201d, disse o ministro da","canonical_url":"https:\/\/serrafm879.com.br\/serrafm\/2025\/11\/abstencao-no-primeiro-dia-do-enem-2025-chegou-a-27\/","robots":"max-image-preview:large","keywords":"","webmasterTools":{"miscellaneous":""},"schema":{"@context":"https:\/\/schema.org","@graph":[{"@type":"BlogPosting","@id":"https:\/\/serrafm879.com.br\/serrafm\/2025\/11\/abstencao-no-primeiro-dia-do-enem-2025-chegou-a-27\/#blogposting","name":"Absten\u00e7\u00e3o no primeiro dia do Enem 2025 chegou a 27% - Serra FM 87,9","headline":"Absten\u00e7\u00e3o no primeiro dia do Enem 2025 chegou a 27%","author":{"@id":"https:\/\/serrafm879.com.br\/serrafm\/author\/serrafm87\/#author"},"publisher":{"@id":"https:\/\/serrafm879.com.br\/serrafm\/#organization"},"image":{"@type":"ImageObject","url":"https:\/\/serrafm879.com.br\/serrafm\/wp-content\/uploads\/2025\/11\/Anotacao-2025-11-10-151002.png","width":954,"height":515},"datePublished":"2025-11-10T15:10:47-03:00","dateModified":"2025-11-10T15:10:47-03:00","inLanguage":"pt-BR","mainEntityOfPage":{"@id":"https:\/\/serrafm879.com.br\/serrafm\/2025\/11\/abstencao-no-primeiro-dia-do-enem-2025-chegou-a-27\/#webpage"},"isPartOf":{"@id":"https:\/\/serrafm879.com.br\/serrafm\/2025\/11\/abstencao-no-primeiro-dia-do-enem-2025-chegou-a-27\/#webpage"},"articleSection":"Brasil"},{"@type":"BreadcrumbList","@id":"https:\/\/serrafm879.com.br\/serrafm\/2025\/11\/abstencao-no-primeiro-dia-do-enem-2025-chegou-a-27\/#breadcrumblist","itemListElement":[{"@type":"ListItem","@id":"https:\/\/serrafm879.com.br\/serrafm#listItem","position":1,"name":"Home","item":"https:\/\/serrafm879.com.br\/serrafm","nextItem":{"@type":"ListItem","@id":"https:\/\/serrafm879.com.br\/serrafm\/categoria\/brasil\/#listItem","name":"Brasil"}},{"@type":"ListItem","@id":"https:\/\/serrafm879.com.br\/serrafm\/categoria\/brasil\/#listItem","position":2,"name":"Brasil","item":"https:\/\/serrafm879.com.br\/serrafm\/categoria\/brasil\/","nextItem":{"@type":"ListItem","@id":"https:\/\/serrafm879.com.br\/serrafm\/2025\/11\/abstencao-no-primeiro-dia-do-enem-2025-chegou-a-27\/#listItem","name":"Absten\u00e7\u00e3o no primeiro dia do Enem 2025 chegou a 27%"},"previousItem":{"@type":"ListItem","@id":"https:\/\/serrafm879.com.br\/serrafm#listItem","name":"Home"}},{"@type":"ListItem","@id":"https:\/\/serrafm879.com.br\/serrafm\/2025\/11\/abstencao-no-primeiro-dia-do-enem-2025-chegou-a-27\/#listItem","position":3,"name":"Absten\u00e7\u00e3o no primeiro dia do Enem 2025 chegou a 27%","previousItem":{"@type":"ListItem","@id":"https:\/\/serrafm879.com.br\/serrafm\/categoria\/brasil\/#listItem","name":"Brasil"}}]},{"@type":"Organization","@id":"https:\/\/serrafm879.com.br\/serrafm\/#organization","name":"Serra FM 87,9","description":"O seu novo amor!","url":"https:\/\/serrafm879.com.br\/serrafm\/"},{"@type":"Person","@id":"https:\/\/serrafm879.com.br\/serrafm\/author\/serrafm87\/#author","url":"https:\/\/serrafm879.com.br\/serrafm\/author\/serrafm87\/","name":"serrafm87","image":{"@type":"ImageObject","@id":"https:\/\/serrafm879.com.br\/serrafm\/2025\/11\/abstencao-no-primeiro-dia-do-enem-2025-chegou-a-27\/#authorImage","url":"https:\/\/secure.gravatar.com\/avatar\/a743233f1112d34f48bb3dc9559b76eb930bab8b27175856cba6362608736235?s=96&d=mm&r=g","width":96,"height":96,"caption":"serrafm87"}},{"@type":"WebPage","@id":"https:\/\/serrafm879.com.br\/serrafm\/2025\/11\/abstencao-no-primeiro-dia-do-enem-2025-chegou-a-27\/#webpage","url":"https:\/\/serrafm879.com.br\/serrafm\/2025\/11\/abstencao-no-primeiro-dia-do-enem-2025-chegou-a-27\/","name":"Absten\u00e7\u00e3o no primeiro dia do Enem 2025 chegou a 27% - Serra FM 87,9","description":"O primeiro dia de prova do Exame Nacional do Ensino M\u00e9dio (Enem) 2025 teve 27% de absten\u00e7\u00e3o, mantendo uma taxa semelhante \u00e0 do ano passado (26,6%). A porcentagem \u00e9 menor do que nos anos de 2023 (28,1%) e 2022 (28,3%). \u201cA absten\u00e7\u00e3o manteve a m\u00e9dia e aumentou o n\u00famero de participantes\u201d, disse o ministro da","inLanguage":"pt-BR","isPartOf":{"@id":"https:\/\/serrafm879.com.br\/serrafm\/#website"},"breadcrumb":{"@id":"https:\/\/serrafm879.com.br\/serrafm\/2025\/11\/abstencao-no-primeiro-dia-do-enem-2025-chegou-a-27\/#breadcrumblist"},"author":{"@id":"https:\/\/serrafm879.com.br\/serrafm\/author\/serrafm87\/#author"},"creator":{"@id":"https:\/\/serrafm879.com.br\/serrafm\/author\/serrafm87\/#author"},"image":{"@type":"ImageObject","url":"https:\/\/serrafm879.com.br\/serrafm\/wp-content\/uploads\/2025\/11\/Anotacao-2025-11-10-151002.png","@id":"https:\/\/serrafm879.com.br\/serrafm\/2025\/11\/abstencao-no-primeiro-dia-do-enem-2025-chegou-a-27\/#mainImage","width":954,"height":515},"primaryImageOfPage":{"@id":"https:\/\/serrafm879.com.br\/serrafm\/2025\/11\/abstencao-no-primeiro-dia-do-enem-2025-chegou-a-27\/#mainImage"},"datePublished":"2025-11-10T15:10:47-03:00","dateModified":"2025-11-10T15:10:47-03:00"},{"@type":"WebSite","@id":"https:\/\/serrafm879.com.br\/serrafm\/#website","url":"https:\/\/serrafm879.com.br\/serrafm\/","name":"Serra FM 87,9","description":"O seu novo amor!","inLanguage":"pt-BR","publisher":{"@id":"https:\/\/serrafm879.com.br\/serrafm\/#organization"}}]},"twitter:card":"summary_large_image","twitter:title":"Absten\u00e7\u00e3o no primeiro dia do Enem 2025 chegou a 27% - Serra FM 87,9","twitter:description":"O primeiro dia de prova do Exame Nacional do Ensino M\u00e9dio (Enem) 2025 teve 27% de absten\u00e7\u00e3o, mantendo uma taxa semelhante \u00e0 do ano passado (26,6%). A porcentagem \u00e9 menor do que nos anos de 2023 (28,1%) e 2022 (28,3%). \u201cA absten\u00e7\u00e3o manteve a m\u00e9dia e aumentou o n\u00famero de participantes\u201d, disse o ministro da","twitter:image":"https:\/\/serrafm879.com.br\/serrafm\/wp-content\/uploads\/2025\/11\/Anotacao-2025-11-10-151002.png"},"aioseo_meta_data":{"post_id":"24898","title":null,"description":null,"keywords":null,"keyphrases":null,"primary_term":null,"canonical_url":null,"og_title":null,"og_description":null,"og_object_type":"default","og_image_type":"default","og_image_custom_url":null,"og_image_custom_fields":null,"og_image_url":null,"og_image_width":null,"og_image_height":null,"og_video":null,"og_custom_url":null,"og_article_section":null,"og_article_tags":null,"twitter_use_og":false,"twitter_card":"default","twitter_image_type":"default","twitter_image_custom_url":null,"twitter_image_custom_fields":null,"twitter_image_url":null,"twitter_title":null,"twitter_description":null,"schema_type":"default","schema_type_options":null,"schema":{"blockGraphs":[],"customGraphs":[],"default":{"data":{"Article":[],"Course":[],"Dataset":[],"FAQPage":[],"Movie":[],"Person":[],"Product":[],"ProductReview":[],"Car":[],"Recipe":[],"Service":[],"SoftwareApplication":[],"WebPage":[]},"graphName":"","isEnabled":true},"graphs":[]},"pillar_content":false,"robots_default":true,"robots_noindex":false,"robots_noarchive":false,"robots_nosnippet":false,"robots_nofollow":false,"robots_noimageindex":false,"robots_noodp":false,"robots_notranslate":false,"robots_max_snippet":null,"robots_max_videopreview":null,"robots_max_imagepreview":"large","priority":null,"frequency":null,"local_seo":null,"limit_modified_date":false,"ai":null,"breadcrumb_settings":null,"seo_analyzer_scan_date":null,"created":"2026-07-21 17:52:11","updated":"2026-07-21 17:52:11"},"aioseo_breadcrumb":"<div class=\"aioseo-breadcrumbs\"><span class=\"aioseo-breadcrumb\">\n\t\t\t<a href=\"https:\/\/serrafm879.com.br\/serrafm\" title=\"Home\">Home<\/a>\n\t\t<\/span><span class=\"aioseo-breadcrumb-separator\">&raquo;<\/span><span class=\"aioseo-breadcrumb\">\n\t\t\t<a href=\"https:\/\/serrafm879.com.br\/serrafm\/categoria\/brasil\/\" title=\"Brasil\">Brasil<\/a>\n\t\t<\/span><span class=\"aioseo-breadcrumb-separator\">&raquo;<\/span><span class=\"aioseo-breadcrumb\">\n\t\t\tAbsten\u00e7\u00e3o no primeiro dia do Enem 2025 chegou a 27%\n\t\t<\/span><\/div>","aioseo_breadcrumb_json":[{"label":"Home","link":"https:\/\/serrafm879.com.br\/serrafm"},{"label":"Brasil","link":"https:\/\/serrafm879.com.br\/serrafm\/categoria\/brasil\/"},{"label":"Absten\u00e7\u00e3o no primeiro dia do Enem 2025 chegou a 27%","link":"https:\/\/serrafm879.com.br\/serrafm\/2025\/11\/abstencao-no-primeiro-dia-do-enem-2025-chegou-a-27\/"}],"jetpack_publicize_connections":[],"jetpack_featured_media_url":"https:\/\/serrafm879.com.br\/serrafm\/wp-content\/uploads\/2025\/11\/Anotacao-2025-11-10-151002.png","jetpack_shortlink":"https:\/\/wp.me\/p7HyXg-6tA","jetpack_sharing_enabled":true,"_links":{"self":[{"href":"https:\/\/serrafm879.com.br\/serrafm\/wp-json\/wp\/v2\/posts\/24898","targetHints":{"allow":["GET"]}}],"collection":[{"href":"https:\/\/serrafm879.com.br\/serrafm\/wp-json\/wp\/v2\/posts"}],"about":[{"href":"https:\/\/serrafm879.com.br\/serrafm\/wp-json\/wp\/v2\/types\/post"}],"author":[{"embeddable":true,"href":"https:\/\/serrafm879.com.br\/serrafm\/wp-json\/wp\/v2\/users\/2"}],"replies":[{"embeddable":true,"href":"https:\/\/serrafm879.com.br\/serrafm\/wp-json\/wp\/v2\/comments?post=24898"}],"version-history":[{"count":1,"href":"https:\/\/serrafm879.com.br\/serrafm\/wp-json\/wp\/v2\/posts\/24898\/revisions"}],"predecessor-version":[{"id":24900,"href":"https:\/\/serrafm879.com.br\/serrafm\/wp-json\/wp\/v2\/posts\/24898\/revisions\/24900"}],"wp:featuredmedia":[{"embeddable":true,"href":"https:\/\/serrafm879.com.br\/serrafm\/wp-json\/wp\/v2\/media\/24899"}],"wp:attachment":[{"href":"https:\/\/serrafm879.com.br\/serrafm\/wp-json\/wp\/v2\/media?parent=24898"}],"wp:term":[{"taxonomy":"category","embeddable":true,"href":"https:\/\/serrafm879.com.br\/serrafm\/wp-json\/wp\/v2\/categories?post=24898"},{"taxonomy":"post_tag","embeddable":true,"href":"https:\/\/serrafm879.com.br\/serrafm\/wp-json\/wp\/v2\/tags?post=24898"}],"curies":[{"name":"wp","href":"https:\/\/api.w.org\/{rel}","templated":true}]}}