{"id":24917,"date":"2025-11-11T16:13:43","date_gmt":"2025-11-11T19:13:43","guid":{"rendered":"https:\/\/serrafm879.com.br\/serrafm\/?p=24917"},"modified":"2025-11-11T16:13:43","modified_gmt":"2025-11-11T19:13:43","slug":"servidor-denuncia-sucateamento-do-ciretran-em-st-e-cobra-de-raquel","status":"publish","type":"post","link":"https:\/\/serrafm879.com.br\/serrafm\/2025\/11\/servidor-denuncia-sucateamento-do-ciretran-em-st-e-cobra-de-raquel\/","title":{"rendered":"Servidor denuncia sucateamento do Ciretran em ST e cobra de Raquel"},"content":{"rendered":"<p>Um <strong>servidor do Detran de\u00a0<a href=\"https:\/\/faroldenoticias.com.br\/categoria\/serra-talhada\/\">Serra Talhada<\/a><\/strong>\u00a0 denunciou\u00a0 as condi\u00e7\u00f5es prec\u00e1rias de trabalho no \u00f3rg\u00e3o. Por medo de repres\u00e1lias e at\u00e9 de perder o emprego, a pessoa pediu para n\u00e3o ter sua identidade revelada.<\/p>\n<p>De acordo com o denunciante, o ar-condicionado da \u00e1rea de atendimento geral est\u00e1 sem funcionar corretamente h\u00e1 anos, o que tem tornado o ambiente praticamente insuport\u00e1vel durante o per\u00edodo de calor intenso que atinge a cidade.<\/p>\n<p>\u201cO ar-condicionado do atendimento geral est\u00e1 h\u00e1 anos sem funcionar direito. A empresa respons\u00e1vel vem consertar, mas s\u00f3 dura dois dias e quebra de novo. \u00c9 um ar-condicionado muito antigo\u201d, relatou.<\/p>\n<p>Ainda segundo o servidor, as altas temperaturas t\u00eam afetado tanto os funcion\u00e1rios quanto os usu\u00e1rios, que enfrentam em um ambiente quente e abafado.<\/p>\n<p>\u201cNesse tempo quente, ningu\u00e9m aguenta. Tanto n\u00f3s, servidores, como quem vem resolver as coisas aqui. J\u00e1 informamos \u00e0 sede do Detran, mas nada \u00e9 feito. Estamos abandonados pelo governo\u201d, desabafou.<\/p>\n<p>Al\u00e9m do problema com o ar-condicionado, o funcion\u00e1rio tamb\u00e9m denunciou que as cadeiras de trabalho estavam quebradas, e os pr\u00f3prios servidores tiverem que arcar com os custos de reparo.<\/p>\n<p>\u201cAs cadeiras estavam quebradas e tivemos que tirar do nosso pr\u00f3prio bolso para consertar, se quis\u00e9ssemos atender sentados\u201d, afirmou.<\/p>\n<p>&nbsp;<\/p>\n<p>Fonte: Farol de Not\u00edcias<\/p>\n<p>&nbsp;<\/p>\n","protected":false},"excerpt":{"rendered":"<p>Um servidor do Detran de\u00a0Serra Talhada\u00a0 denunciou\u00a0 as condi\u00e7\u00f5es prec\u00e1rias de trabalho no \u00f3rg\u00e3o. Por medo de repres\u00e1lias e at\u00e9 de perder o emprego, a pessoa pediu para n\u00e3o ter sua identidade revelada. De acordo com o denunciante, o ar-condicionado da \u00e1rea de atendimento geral est\u00e1 sem funcionar corretamente h\u00e1 anos, o que tem tornado o ambiente praticamente insuport\u00e1vel durante o per\u00edodo de calor intenso que atinge a cidade. \u201cO ar-condicionado do atendimento geral est\u00e1 h\u00e1 anos sem funcionar direito. A empresa respons\u00e1vel vem consertar, mas s\u00f3 dura dois dias e quebra de novo. \u00c9 um ar-condicionado muito antigo\u201d, relatou. [&hellip;]<\/p>\n","protected":false},"author":2,"featured_media":24919,"comment_status":"open","ping_status":"open","sticky":false,"template":"","format":"standard","meta":{"_jetpack_newsletter_access":"","_jetpack_dont_email_post_to_subs":false,"_jetpack_newsletter_tier_id":0,"_jetpack_memberships_contains_paywalled_content":false,"_jetpack_feature_clip_id":0,"_jetpack_memberships_contains_paid_content":false,"footnotes":"","jetpack_publicize_message":"","jetpack_publicize_feature_enabled":true,"jetpack_social_post_already_shared":true,"jetpack_social_options":{"image_generator_settings":{"template":"highway","default_image_id":0,"font":"","enabled":false},"version":2},"jetpack_post_was_ever_published":false},"categories":[2],"tags":[],"class_list":["post-24917","post","type-post","status-publish","format-standard","has-post-thumbnail","hentry","category-noticias"],"aioseo_notices":[],"aioseo_head":"\n\t\t<!-- All in One SEO 4.9.10 - aioseo.com -->\n\t<meta name=\"description\" content=\"Um servidor do Detran de Serra Talhada denunciou as condi\u00e7\u00f5es prec\u00e1rias de trabalho no \u00f3rg\u00e3o. Por medo de repres\u00e1lias e at\u00e9 de perder o emprego, a pessoa pediu para n\u00e3o ter sua identidade revelada. De acordo com o denunciante, o ar-condicionado da \u00e1rea de atendimento geral est\u00e1 sem funcionar corretamente h\u00e1 anos, o que tem tornado\" \/>\n\t<meta name=\"robots\" content=\"max-image-preview:large\" \/>\n\t<meta name=\"author\" content=\"serrafm87\"\/>\n\t<link rel=\"canonical\" href=\"https:\/\/serrafm879.com.br\/serrafm\/2025\/11\/servidor-denuncia-sucateamento-do-ciretran-em-st-e-cobra-de-raquel\/\" \/>\n\t<meta name=\"generator\" content=\"All in One SEO (AIOSEO) 4.9.10\" \/>\n\t\t<meta name=\"twitter:card\" content=\"summary_large_image\" \/>\n\t\t<meta name=\"twitter:title\" content=\"Servidor denuncia sucateamento do Ciretran em ST e cobra de Raquel - Serra FM 87,9\" \/>\n\t\t<meta name=\"twitter:description\" content=\"Um servidor do Detran de Serra Talhada denunciou as condi\u00e7\u00f5es prec\u00e1rias de trabalho no \u00f3rg\u00e3o. Por medo de repres\u00e1lias e at\u00e9 de perder o emprego, a pessoa pediu para n\u00e3o ter sua identidade revelada. De acordo com o denunciante, o ar-condicionado da \u00e1rea de atendimento geral est\u00e1 sem funcionar corretamente h\u00e1 anos, o que tem tornado\" \/>\n\t\t<meta name=\"twitter:image\" content=\"https:\/\/serrafm879.com.br\/serrafm\/wp-content\/uploads\/2025\/11\/Captura-de-tela-de-2025-10-09-17-14-47.jpg\" \/>\n\t\t<script type=\"application\/ld+json\" class=\"aioseo-schema\">\n\t\t\t{\"@context\":\"https:\\\/\\\/schema.org\",\"@graph\":[{\"@type\":\"BlogPosting\",\"@id\":\"https:\\\/\\\/serrafm879.com.br\\\/serrafm\\\/2025\\\/11\\\/servidor-denuncia-sucateamento-do-ciretran-em-st-e-cobra-de-raquel\\\/#blogposting\",\"name\":\"Servidor denuncia sucateamento do Ciretran em ST e cobra de Raquel - Serra FM 87,9\",\"headline\":\"Servidor denuncia sucateamento do Ciretran em ST e cobra de Raquel\",\"author\":{\"@id\":\"https:\\\/\\\/serrafm879.com.br\\\/serrafm\\\/author\\\/serrafm87\\\/#author\"},\"publisher\":{\"@id\":\"https:\\\/\\\/serrafm879.com.br\\\/serrafm\\\/#organization\"},\"image\":{\"@type\":\"ImageObject\",\"url\":\"https:\\\/\\\/serrafm879.com.br\\\/serrafm\\\/wp-content\\\/uploads\\\/2025\\\/11\\\/Captura-de-tela-de-2025-10-09-17-14-47.jpg\",\"width\":852,\"height\":594},\"datePublished\":\"2025-11-11T16:13:43-03:00\",\"dateModified\":\"2025-11-11T16:13:43-03:00\",\"inLanguage\":\"pt-BR\",\"mainEntityOfPage\":{\"@id\":\"https:\\\/\\\/serrafm879.com.br\\\/serrafm\\\/2025\\\/11\\\/servidor-denuncia-sucateamento-do-ciretran-em-st-e-cobra-de-raquel\\\/#webpage\"},\"isPartOf\":{\"@id\":\"https:\\\/\\\/serrafm879.com.br\\\/serrafm\\\/2025\\\/11\\\/servidor-denuncia-sucateamento-do-ciretran-em-st-e-cobra-de-raquel\\\/#webpage\"},\"articleSection\":\"Not\\u00edcias\"},{\"@type\":\"BreadcrumbList\",\"@id\":\"https:\\\/\\\/serrafm879.com.br\\\/serrafm\\\/2025\\\/11\\\/servidor-denuncia-sucateamento-do-ciretran-em-st-e-cobra-de-raquel\\\/#breadcrumblist\",\"itemListElement\":[{\"@type\":\"ListItem\",\"@id\":\"https:\\\/\\\/serrafm879.com.br\\\/serrafm#listItem\",\"position\":1,\"name\":\"Home\",\"item\":\"https:\\\/\\\/serrafm879.com.br\\\/serrafm\",\"nextItem\":{\"@type\":\"ListItem\",\"@id\":\"https:\\\/\\\/serrafm879.com.br\\\/serrafm\\\/categoria\\\/noticias\\\/#listItem\",\"name\":\"Not\\u00edcias\"}},{\"@type\":\"ListItem\",\"@id\":\"https:\\\/\\\/serrafm879.com.br\\\/serrafm\\\/categoria\\\/noticias\\\/#listItem\",\"position\":2,\"name\":\"Not\\u00edcias\",\"item\":\"https:\\\/\\\/serrafm879.com.br\\\/serrafm\\\/categoria\\\/noticias\\\/\",\"nextItem\":{\"@type\":\"ListItem\",\"@id\":\"https:\\\/\\\/serrafm879.com.br\\\/serrafm\\\/2025\\\/11\\\/servidor-denuncia-sucateamento-do-ciretran-em-st-e-cobra-de-raquel\\\/#listItem\",\"name\":\"Servidor denuncia sucateamento do Ciretran em ST e cobra de Raquel\"},\"previousItem\":{\"@type\":\"ListItem\",\"@id\":\"https:\\\/\\\/serrafm879.com.br\\\/serrafm#listItem\",\"name\":\"Home\"}},{\"@type\":\"ListItem\",\"@id\":\"https:\\\/\\\/serrafm879.com.br\\\/serrafm\\\/2025\\\/11\\\/servidor-denuncia-sucateamento-do-ciretran-em-st-e-cobra-de-raquel\\\/#listItem\",\"position\":3,\"name\":\"Servidor denuncia sucateamento do Ciretran em ST e cobra de Raquel\",\"previousItem\":{\"@type\":\"ListItem\",\"@id\":\"https:\\\/\\\/serrafm879.com.br\\\/serrafm\\\/categoria\\\/noticias\\\/#listItem\",\"name\":\"Not\\u00edcias\"}}]},{\"@type\":\"Organization\",\"@id\":\"https:\\\/\\\/serrafm879.com.br\\\/serrafm\\\/#organization\",\"name\":\"Serra FM 87,9\",\"description\":\"O seu novo amor!\",\"url\":\"https:\\\/\\\/serrafm879.com.br\\\/serrafm\\\/\"},{\"@type\":\"Person\",\"@id\":\"https:\\\/\\\/serrafm879.com.br\\\/serrafm\\\/author\\\/serrafm87\\\/#author\",\"url\":\"https:\\\/\\\/serrafm879.com.br\\\/serrafm\\\/author\\\/serrafm87\\\/\",\"name\":\"serrafm87\",\"image\":{\"@type\":\"ImageObject\",\"@id\":\"https:\\\/\\\/serrafm879.com.br\\\/serrafm\\\/2025\\\/11\\\/servidor-denuncia-sucateamento-do-ciretran-em-st-e-cobra-de-raquel\\\/#authorImage\",\"url\":\"https:\\\/\\\/secure.gravatar.com\\\/avatar\\\/a743233f1112d34f48bb3dc9559b76eb930bab8b27175856cba6362608736235?s=96&d=mm&r=g\",\"width\":96,\"height\":96,\"caption\":\"serrafm87\"}},{\"@type\":\"WebPage\",\"@id\":\"https:\\\/\\\/serrafm879.com.br\\\/serrafm\\\/2025\\\/11\\\/servidor-denuncia-sucateamento-do-ciretran-em-st-e-cobra-de-raquel\\\/#webpage\",\"url\":\"https:\\\/\\\/serrafm879.com.br\\\/serrafm\\\/2025\\\/11\\\/servidor-denuncia-sucateamento-do-ciretran-em-st-e-cobra-de-raquel\\\/\",\"name\":\"Servidor denuncia sucateamento do Ciretran em ST e cobra de Raquel - Serra FM 87,9\",\"description\":\"Um servidor do Detran de Serra Talhada denunciou as condi\\u00e7\\u00f5es prec\\u00e1rias de trabalho no \\u00f3rg\\u00e3o. Por medo de repres\\u00e1lias e at\\u00e9 de perder o emprego, a pessoa pediu para n\\u00e3o ter sua identidade revelada. De acordo com o denunciante, o ar-condicionado da \\u00e1rea de atendimento geral est\\u00e1 sem funcionar corretamente h\\u00e1 anos, o que tem tornado\",\"inLanguage\":\"pt-BR\",\"isPartOf\":{\"@id\":\"https:\\\/\\\/serrafm879.com.br\\\/serrafm\\\/#website\"},\"breadcrumb\":{\"@id\":\"https:\\\/\\\/serrafm879.com.br\\\/serrafm\\\/2025\\\/11\\\/servidor-denuncia-sucateamento-do-ciretran-em-st-e-cobra-de-raquel\\\/#breadcrumblist\"},\"author\":{\"@id\":\"https:\\\/\\\/serrafm879.com.br\\\/serrafm\\\/author\\\/serrafm87\\\/#author\"},\"creator\":{\"@id\":\"https:\\\/\\\/serrafm879.com.br\\\/serrafm\\\/author\\\/serrafm87\\\/#author\"},\"image\":{\"@type\":\"ImageObject\",\"url\":\"https:\\\/\\\/serrafm879.com.br\\\/serrafm\\\/wp-content\\\/uploads\\\/2025\\\/11\\\/Captura-de-tela-de-2025-10-09-17-14-47.jpg\",\"@id\":\"https:\\\/\\\/serrafm879.com.br\\\/serrafm\\\/2025\\\/11\\\/servidor-denuncia-sucateamento-do-ciretran-em-st-e-cobra-de-raquel\\\/#mainImage\",\"width\":852,\"height\":594},\"primaryImageOfPage\":{\"@id\":\"https:\\\/\\\/serrafm879.com.br\\\/serrafm\\\/2025\\\/11\\\/servidor-denuncia-sucateamento-do-ciretran-em-st-e-cobra-de-raquel\\\/#mainImage\"},\"datePublished\":\"2025-11-11T16:13:43-03:00\",\"dateModified\":\"2025-11-11T16:13:43-03:00\"},{\"@type\":\"WebSite\",\"@id\":\"https:\\\/\\\/serrafm879.com.br\\\/serrafm\\\/#website\",\"url\":\"https:\\\/\\\/serrafm879.com.br\\\/serrafm\\\/\",\"name\":\"Serra FM 87,9\",\"description\":\"O seu novo amor!\",\"inLanguage\":\"pt-BR\",\"publisher\":{\"@id\":\"https:\\\/\\\/serrafm879.com.br\\\/serrafm\\\/#organization\"}}]}\n\t\t<\/script>\n\t\t<!-- All in One SEO -->\n\n","aioseo_head_json":{"title":"Servidor denuncia sucateamento do Ciretran em ST e cobra de Raquel - Serra FM 87,9","description":"Um servidor do Detran de Serra Talhada denunciou as condi\u00e7\u00f5es prec\u00e1rias de trabalho no \u00f3rg\u00e3o. Por medo de repres\u00e1lias e at\u00e9 de perder o emprego, a pessoa pediu para n\u00e3o ter sua identidade revelada. De acordo com o denunciante, o ar-condicionado da \u00e1rea de atendimento geral est\u00e1 sem funcionar corretamente h\u00e1 anos, o que tem tornado","canonical_url":"https:\/\/serrafm879.com.br\/serrafm\/2025\/11\/servidor-denuncia-sucateamento-do-ciretran-em-st-e-cobra-de-raquel\/","robots":"max-image-preview:large","keywords":"","webmasterTools":{"miscellaneous":""},"schema":{"@context":"https:\/\/schema.org","@graph":[{"@type":"BlogPosting","@id":"https:\/\/serrafm879.com.br\/serrafm\/2025\/11\/servidor-denuncia-sucateamento-do-ciretran-em-st-e-cobra-de-raquel\/#blogposting","name":"Servidor denuncia sucateamento do Ciretran em ST e cobra de Raquel - Serra FM 87,9","headline":"Servidor denuncia sucateamento do Ciretran em ST e cobra de Raquel","author":{"@id":"https:\/\/serrafm879.com.br\/serrafm\/author\/serrafm87\/#author"},"publisher":{"@id":"https:\/\/serrafm879.com.br\/serrafm\/#organization"},"image":{"@type":"ImageObject","url":"https:\/\/serrafm879.com.br\/serrafm\/wp-content\/uploads\/2025\/11\/Captura-de-tela-de-2025-10-09-17-14-47.jpg","width":852,"height":594},"datePublished":"2025-11-11T16:13:43-03:00","dateModified":"2025-11-11T16:13:43-03:00","inLanguage":"pt-BR","mainEntityOfPage":{"@id":"https:\/\/serrafm879.com.br\/serrafm\/2025\/11\/servidor-denuncia-sucateamento-do-ciretran-em-st-e-cobra-de-raquel\/#webpage"},"isPartOf":{"@id":"https:\/\/serrafm879.com.br\/serrafm\/2025\/11\/servidor-denuncia-sucateamento-do-ciretran-em-st-e-cobra-de-raquel\/#webpage"},"articleSection":"Not\u00edcias"},{"@type":"BreadcrumbList","@id":"https:\/\/serrafm879.com.br\/serrafm\/2025\/11\/servidor-denuncia-sucateamento-do-ciretran-em-st-e-cobra-de-raquel\/#breadcrumblist","itemListElement":[{"@type":"ListItem","@id":"https:\/\/serrafm879.com.br\/serrafm#listItem","position":1,"name":"Home","item":"https:\/\/serrafm879.com.br\/serrafm","nextItem":{"@type":"ListItem","@id":"https:\/\/serrafm879.com.br\/serrafm\/categoria\/noticias\/#listItem","name":"Not\u00edcias"}},{"@type":"ListItem","@id":"https:\/\/serrafm879.com.br\/serrafm\/categoria\/noticias\/#listItem","position":2,"name":"Not\u00edcias","item":"https:\/\/serrafm879.com.br\/serrafm\/categoria\/noticias\/","nextItem":{"@type":"ListItem","@id":"https:\/\/serrafm879.com.br\/serrafm\/2025\/11\/servidor-denuncia-sucateamento-do-ciretran-em-st-e-cobra-de-raquel\/#listItem","name":"Servidor denuncia sucateamento do Ciretran em ST e cobra de Raquel"},"previousItem":{"@type":"ListItem","@id":"https:\/\/serrafm879.com.br\/serrafm#listItem","name":"Home"}},{"@type":"ListItem","@id":"https:\/\/serrafm879.com.br\/serrafm\/2025\/11\/servidor-denuncia-sucateamento-do-ciretran-em-st-e-cobra-de-raquel\/#listItem","position":3,"name":"Servidor denuncia sucateamento do Ciretran em ST e cobra de Raquel","previousItem":{"@type":"ListItem","@id":"https:\/\/serrafm879.com.br\/serrafm\/categoria\/noticias\/#listItem","name":"Not\u00edcias"}}]},{"@type":"Organization","@id":"https:\/\/serrafm879.com.br\/serrafm\/#organization","name":"Serra FM 87,9","description":"O seu novo amor!","url":"https:\/\/serrafm879.com.br\/serrafm\/"},{"@type":"Person","@id":"https:\/\/serrafm879.com.br\/serrafm\/author\/serrafm87\/#author","url":"https:\/\/serrafm879.com.br\/serrafm\/author\/serrafm87\/","name":"serrafm87","image":{"@type":"ImageObject","@id":"https:\/\/serrafm879.com.br\/serrafm\/2025\/11\/servidor-denuncia-sucateamento-do-ciretran-em-st-e-cobra-de-raquel\/#authorImage","url":"https:\/\/secure.gravatar.com\/avatar\/a743233f1112d34f48bb3dc9559b76eb930bab8b27175856cba6362608736235?s=96&d=mm&r=g","width":96,"height":96,"caption":"serrafm87"}},{"@type":"WebPage","@id":"https:\/\/serrafm879.com.br\/serrafm\/2025\/11\/servidor-denuncia-sucateamento-do-ciretran-em-st-e-cobra-de-raquel\/#webpage","url":"https:\/\/serrafm879.com.br\/serrafm\/2025\/11\/servidor-denuncia-sucateamento-do-ciretran-em-st-e-cobra-de-raquel\/","name":"Servidor denuncia sucateamento do Ciretran em ST e cobra de Raquel - Serra FM 87,9","description":"Um servidor do Detran de Serra Talhada denunciou as condi\u00e7\u00f5es prec\u00e1rias de trabalho no \u00f3rg\u00e3o. Por medo de repres\u00e1lias e at\u00e9 de perder o emprego, a pessoa pediu para n\u00e3o ter sua identidade revelada. De acordo com o denunciante, o ar-condicionado da \u00e1rea de atendimento geral est\u00e1 sem funcionar corretamente h\u00e1 anos, o que tem tornado","inLanguage":"pt-BR","isPartOf":{"@id":"https:\/\/serrafm879.com.br\/serrafm\/#website"},"breadcrumb":{"@id":"https:\/\/serrafm879.com.br\/serrafm\/2025\/11\/servidor-denuncia-sucateamento-do-ciretran-em-st-e-cobra-de-raquel\/#breadcrumblist"},"author":{"@id":"https:\/\/serrafm879.com.br\/serrafm\/author\/serrafm87\/#author"},"creator":{"@id":"https:\/\/serrafm879.com.br\/serrafm\/author\/serrafm87\/#author"},"image":{"@type":"ImageObject","url":"https:\/\/serrafm879.com.br\/serrafm\/wp-content\/uploads\/2025\/11\/Captura-de-tela-de-2025-10-09-17-14-47.jpg","@id":"https:\/\/serrafm879.com.br\/serrafm\/2025\/11\/servidor-denuncia-sucateamento-do-ciretran-em-st-e-cobra-de-raquel\/#mainImage","width":852,"height":594},"primaryImageOfPage":{"@id":"https:\/\/serrafm879.com.br\/serrafm\/2025\/11\/servidor-denuncia-sucateamento-do-ciretran-em-st-e-cobra-de-raquel\/#mainImage"},"datePublished":"2025-11-11T16:13:43-03:00","dateModified":"2025-11-11T16:13:43-03:00"},{"@type":"WebSite","@id":"https:\/\/serrafm879.com.br\/serrafm\/#website","url":"https:\/\/serrafm879.com.br\/serrafm\/","name":"Serra FM 87,9","description":"O seu novo amor!","inLanguage":"pt-BR","publisher":{"@id":"https:\/\/serrafm879.com.br\/serrafm\/#organization"}}]},"twitter:card":"summary_large_image","twitter:title":"Servidor denuncia sucateamento do Ciretran em ST e cobra de Raquel - Serra FM 87,9","twitter:description":"Um servidor do Detran de Serra Talhada denunciou as condi\u00e7\u00f5es prec\u00e1rias de trabalho no \u00f3rg\u00e3o. Por medo de repres\u00e1lias e at\u00e9 de perder o emprego, a pessoa pediu para n\u00e3o ter sua identidade revelada. De acordo com o denunciante, o ar-condicionado da \u00e1rea de atendimento geral est\u00e1 sem funcionar corretamente h\u00e1 anos, o que tem tornado","twitter:image":"https:\/\/serrafm879.com.br\/serrafm\/wp-content\/uploads\/2025\/11\/Captura-de-tela-de-2025-10-09-17-14-47.jpg"},"aioseo_meta_data":{"post_id":"24917","title":null,"description":null,"keywords":null,"keyphrases":null,"primary_term":null,"canonical_url":null,"og_title":null,"og_description":null,"og_object_type":"default","og_image_type":"default","og_image_custom_url":null,"og_image_custom_fields":null,"og_image_url":null,"og_image_width":null,"og_image_height":null,"og_video":null,"og_custom_url":null,"og_article_section":null,"og_article_tags":null,"twitter_use_og":false,"twitter_card":"default","twitter_image_type":"default","twitter_image_custom_url":null,"twitter_image_custom_fields":null,"twitter_image_url":null,"twitter_title":null,"twitter_description":null,"schema_type":"default","schema_type_options":null,"schema":{"blockGraphs":[],"customGraphs":[],"default":{"data":{"Article":[],"Course":[],"Dataset":[],"FAQPage":[],"Movie":[],"Person":[],"Product":[],"ProductReview":[],"Car":[],"Recipe":[],"Service":[],"SoftwareApplication":[],"WebPage":[]},"graphName":"","isEnabled":true},"graphs":[]},"pillar_content":false,"robots_default":true,"robots_noindex":false,"robots_noarchive":false,"robots_nosnippet":false,"robots_nofollow":false,"robots_noimageindex":false,"robots_noodp":false,"robots_notranslate":false,"robots_max_snippet":null,"robots_max_videopreview":null,"robots_max_imagepreview":"large","priority":null,"frequency":null,"local_seo":null,"limit_modified_date":false,"ai":null,"breadcrumb_settings":null,"seo_analyzer_scan_date":null,"created":"2026-07-21 17:55:28","updated":"2026-07-21 17:55:28"},"aioseo_breadcrumb":"<div class=\"aioseo-breadcrumbs\"><span class=\"aioseo-breadcrumb\">\n\t\t\t<a href=\"https:\/\/serrafm879.com.br\/serrafm\" title=\"Home\">Home<\/a>\n\t\t<\/span><span class=\"aioseo-breadcrumb-separator\">&raquo;<\/span><span class=\"aioseo-breadcrumb\">\n\t\t\t<a href=\"https:\/\/serrafm879.com.br\/serrafm\/categoria\/noticias\/\" title=\"Not\u00edcias\">Not\u00edcias<\/a>\n\t\t<\/span><span class=\"aioseo-breadcrumb-separator\">&raquo;<\/span><span class=\"aioseo-breadcrumb\">\n\t\t\tServidor denuncia sucateamento do Ciretran em ST e cobra de Raquel\n\t\t<\/span><\/div>","aioseo_breadcrumb_json":[{"label":"Home","link":"https:\/\/serrafm879.com.br\/serrafm"},{"label":"Not\u00edcias","link":"https:\/\/serrafm879.com.br\/serrafm\/categoria\/noticias\/"},{"label":"Servidor denuncia sucateamento do Ciretran em ST e cobra de Raquel","link":"https:\/\/serrafm879.com.br\/serrafm\/2025\/11\/servidor-denuncia-sucateamento-do-ciretran-em-st-e-cobra-de-raquel\/"}],"jetpack_publicize_connections":[],"jetpack_featured_media_url":"https:\/\/serrafm879.com.br\/serrafm\/wp-content\/uploads\/2025\/11\/Captura-de-tela-de-2025-10-09-17-14-47.jpg","jetpack_shortlink":"https:\/\/wp.me\/p7HyXg-6tT","jetpack_sharing_enabled":true,"_links":{"self":[{"href":"https:\/\/serrafm879.com.br\/serrafm\/wp-json\/wp\/v2\/posts\/24917","targetHints":{"allow":["GET"]}}],"collection":[{"href":"https:\/\/serrafm879.com.br\/serrafm\/wp-json\/wp\/v2\/posts"}],"about":[{"href":"https:\/\/serrafm879.com.br\/serrafm\/wp-json\/wp\/v2\/types\/post"}],"author":[{"embeddable":true,"href":"https:\/\/serrafm879.com.br\/serrafm\/wp-json\/wp\/v2\/users\/2"}],"replies":[{"embeddable":true,"href":"https:\/\/serrafm879.com.br\/serrafm\/wp-json\/wp\/v2\/comments?post=24917"}],"version-history":[{"count":1,"href":"https:\/\/serrafm879.com.br\/serrafm\/wp-json\/wp\/v2\/posts\/24917\/revisions"}],"predecessor-version":[{"id":24921,"href":"https:\/\/serrafm879.com.br\/serrafm\/wp-json\/wp\/v2\/posts\/24917\/revisions\/24921"}],"wp:featuredmedia":[{"embeddable":true,"href":"https:\/\/serrafm879.com.br\/serrafm\/wp-json\/wp\/v2\/media\/24919"}],"wp:attachment":[{"href":"https:\/\/serrafm879.com.br\/serrafm\/wp-json\/wp\/v2\/media?parent=24917"}],"wp:term":[{"taxonomy":"category","embeddable":true,"href":"https:\/\/serrafm879.com.br\/serrafm\/wp-json\/wp\/v2\/categories?post=24917"},{"taxonomy":"post_tag","embeddable":true,"href":"https:\/\/serrafm879.com.br\/serrafm\/wp-json\/wp\/v2\/tags?post=24917"}],"curies":[{"name":"wp","href":"https:\/\/api.w.org\/{rel}","templated":true}]}}