{"id":24977,"date":"2025-11-17T17:06:34","date_gmt":"2025-11-17T20:06:34","guid":{"rendered":"https:\/\/serrafm879.com.br\/serrafm\/?p=24977"},"modified":"2025-11-17T17:06:34","modified_gmt":"2025-11-17T20:06:34","slug":"governo-de-pernambuco-reforca-compromisso-com-a-acessibilidade-no-sertao-com-acoes-do-programa-pernambuco-acessivel","status":"publish","type":"post","link":"https:\/\/serrafm879.com.br\/serrafm\/2025\/11\/governo-de-pernambuco-reforca-compromisso-com-a-acessibilidade-no-sertao-com-acoes-do-programa-pernambuco-acessivel\/","title":{"rendered":"Governo de Pernambuco refor\u00e7a compromisso com a acessibilidade no Sert\u00e3o com a\u00e7\u00f5es do Programa Pernambuco Acess\u00edvel"},"content":{"rendered":"<p>Entre os dias 17 e 19 de novembro, o Governo de Pernambuco realiza uma s\u00e9rie de a\u00e7\u00f5es voltadas \u00e0 acessibilidade e \u00e0 inclus\u00e3o de pessoas com defici\u00eancia nos munic\u00edpios de Serra Talhada e Petrolina, no Sert\u00e3o do Estado. A programa\u00e7\u00e3o inclui visitas a grupos e entidades de pessoas com defici\u00eancia, um encontro com usu\u00e1rios do Programa Pernambuco Conduz (PE Conduz), a apresenta\u00e7\u00e3o da plataforma T\u00e1 na M\u00e3o e o lan\u00e7amento do polo Petrolina da Central de Libras (CIL).<\/p>\n<p>As atividades integram o Programa Pernambuco Acess\u00edvel, lan\u00e7ado em fevereiro deste ano pela governadora Raquel Lyra, que reafirmou o compromisso de sua gest\u00e3o com a inclus\u00e3o e a igualdade de oportunidades. A iniciativa re\u00fane pol\u00edticas de mobilidade, acessibilidade e comunica\u00e7\u00e3o inclusiva, e \u00e9 coordenada pela Secretaria de Justi\u00e7a, Direitos Humanos e Preven\u00e7\u00e3o \u00e0 Viol\u00eancia (SJDH), por meio da Superintend\u00eancia Estadual de Apoio \u00e0 Pessoa com Defici\u00eancia (SEAD).<\/p>\n<p>Desde o lan\u00e7amento, o programa vem ampliando o alcance das pol\u00edticas p\u00fablicas voltadas \u00e0s pessoas com defici\u00eancia. Em Petrolina, o PE Conduz zerou a fila de espera ap\u00f3s a amplia\u00e7\u00e3o do n\u00famero de vans e ganhou mais um ve\u00edculo para o polo local \u2014 uma das metas estabelecidas no Pernambuco Acess\u00edvel. Al\u00e9m disso, institui\u00e7\u00f5es da cidade voltadas \u00e0s pessoas com defici\u00eancia foram beneficiadas pelo Chamamento P\u00fablico 002\/2025, que destinou aporte financeiro do Governo de Pernambuco ao fortalecimento de projetos de organiza\u00e7\u00f5es da sociedade civil.<\/p>\n<p>Encontro com usu\u00e1rios do PE Conduz<\/p>\n<p>Na quarta-feira (19), ser\u00e1 realizado um encontro com cerca de 130 usu\u00e1rios do Programa Pernambuco Conduz e seus acompanhantes, al\u00e9m de representantes de cl\u00ednicas e agentes de sa\u00fade. O objetivo \u00e9 ouvir os participantes, apresentar melhorias e celebrar o fim da lista de espera em Petrolina.<\/p>\n<p>Karine Aires, m\u00e3e de Luisa, usu\u00e1ria do PE Conduz, conta que a amplia\u00e7\u00e3o do programa transformou sua rotina. \u201cO PE Conduz atendeu as minhas expectativas, gra\u00e7as a Deus. Est\u00e1 sendo e vai ser muito \u00fatil para mim e para Lu\u00edsa. O carro \u00e9 excelente, os motoristas s\u00e3o super educados. Lu\u00edsa amou\u201d, disse.<\/p>\n<p>Com a amplia\u00e7\u00e3o do programa, outros polos tamb\u00e9m receberam novas vans e dois novos polos foram criados, fortalecendo o atendimento \u00e0s pessoas com defici\u00eancia em todas as regi\u00f5es do Estado.<\/p>\n<p>Apresenta\u00e7\u00e3o da plataforma T\u00e1 na M\u00e3o e entrega do Polo Petrolina da Central de Libras<\/p>\n<p>No per\u00edodo da tarde, \u00e0s 15h, ser\u00e1 realizada a apresenta\u00e7\u00e3o da plataforma T\u00e1 na M\u00e3o, voltada \u00e0 comunidade surda de Petrolina. A ferramenta \u00e9 mais uma a\u00e7\u00e3o do Governo de Pernambuco para garantir acessibilidade na comunica\u00e7\u00e3o, permitindo atendimento remoto em Libras, 24 horas por dia, todos os dias da semana.<\/p>\n<p>Na ocasi\u00e3o, ser\u00e1 entregue o polo Petrolina da Central de Libras (CIL), que permitir\u00e1 o agendamento de int\u00e9rpretes para acompanhar pessoas surdas em audi\u00eancias p\u00fablicas, atendimentos de sa\u00fade e demais servi\u00e7os, ampliando o acesso \u00e0 cidadania e aos direitos fundamentais.<\/p>\n<p>O superintendente estadual de apoio \u00e0 pessoa com defici\u00eancia, Marcos Gerv\u00e1sio, destaca que a agenda no Sert\u00e3o tem foco na escuta e no di\u00e1logo. \u201cEstamos acompanhando de perto as institui\u00e7\u00f5es que recebem recursos p\u00fablicos e ouvindo os usu\u00e1rios do PE Conduz para aprimorar o servi\u00e7o. \u00c9 com escuta e proximidade que constru\u00edmos pol\u00edticas p\u00fablicas mais humanas e efetivas\u201d, afirmou.<\/p>\n<p>A secret\u00e1ria de Justi\u00e7a, Direitos Humanos e Preven\u00e7\u00e3o \u00e0 Viol\u00eancia, Joanna Figueiredo, que acompanhar\u00e1 toda a agenda, refor\u00e7a que a a\u00e7\u00e3o expressa o car\u00e1ter descentralizado e inclusivo da gest\u00e3o estadual. \u201cO Programa Pernambuco Acess\u00edvel tem levado inclus\u00e3o e acessibilidade a todas as regi\u00f5es do Estado. Estar em Petrolina \u00e9 garantir que as pol\u00edticas p\u00fablicas cheguem de forma igualit\u00e1ria a todos os pernambucanos, com di\u00e1logo, escuta e respeito \u00e0s diferen\u00e7as\u201d, destacou.<\/p>\n<p>O Programa Pernambuco Acess\u00edvel, coordenado pela SJDH, \u00e9 uma das a\u00e7\u00f5es estruturantes da gest\u00e3o da governadora Raquel Lyra no campo da inclus\u00e3o e dos direitos humanos. Ele contempla a amplia\u00e7\u00e3o do PE Conduz, a interioriza\u00e7\u00e3o da Central de Interpreta\u00e7\u00e3o de Libras (CIL) e o incentivo a projetos da sociedade civil, reafirmando o compromisso do Governo de Pernambuco com a autonomia, a mobilidade e a cidadania das pessoas com defici\u00eancia em todo o territ\u00f3rio pernambucano.<\/p>\n","protected":false},"excerpt":{"rendered":"<p>Entre os dias 17 e 19 de novembro, o Governo de Pernambuco realiza uma s\u00e9rie de a\u00e7\u00f5es voltadas \u00e0 acessibilidade e \u00e0 inclus\u00e3o de pessoas com defici\u00eancia nos munic\u00edpios de Serra Talhada e Petrolina, no Sert\u00e3o do Estado. A programa\u00e7\u00e3o inclui visitas a grupos e entidades de pessoas com defici\u00eancia, um encontro com usu\u00e1rios do Programa Pernambuco Conduz (PE Conduz), a apresenta\u00e7\u00e3o da plataforma T\u00e1 na M\u00e3o e o lan\u00e7amento do polo Petrolina da Central de Libras (CIL). As atividades integram o Programa Pernambuco Acess\u00edvel, lan\u00e7ado em fevereiro deste ano pela governadora Raquel Lyra, que reafirmou o compromisso de sua [&hellip;]<\/p>\n","protected":false},"author":2,"featured_media":24978,"comment_status":"open","ping_status":"open","sticky":false,"template":"","format":"standard","meta":{"_jetpack_newsletter_access":"","_jetpack_dont_email_post_to_subs":false,"_jetpack_newsletter_tier_id":0,"_jetpack_memberships_contains_paywalled_content":false,"_jetpack_feature_clip_id":0,"_jetpack_memberships_contains_paid_content":false,"footnotes":"","jetpack_publicize_message":"","jetpack_publicize_feature_enabled":true,"jetpack_social_post_already_shared":true,"jetpack_social_options":{"image_generator_settings":{"template":"highway","default_image_id":0,"font":"","enabled":false},"version":2},"jetpack_post_was_ever_published":false},"categories":[2],"tags":[],"class_list":["post-24977","post","type-post","status-publish","format-standard","has-post-thumbnail","hentry","category-noticias"],"aioseo_notices":[],"aioseo_head":"\n\t\t<!-- All in One SEO 4.9.10 - aioseo.com -->\n\t<meta name=\"description\" content=\"Entre os dias 17 e 19 de novembro, o Governo de Pernambuco realiza uma s\u00e9rie de a\u00e7\u00f5es voltadas \u00e0 acessibilidade e \u00e0 inclus\u00e3o de pessoas com defici\u00eancia nos munic\u00edpios de Serra Talhada e Petrolina, no Sert\u00e3o do Estado. A programa\u00e7\u00e3o inclui visitas a grupos e entidades de pessoas com defici\u00eancia, um encontro com usu\u00e1rios do\" \/>\n\t<meta name=\"robots\" content=\"max-image-preview:large\" \/>\n\t<meta name=\"author\" content=\"serrafm87\"\/>\n\t<link rel=\"canonical\" href=\"https:\/\/serrafm879.com.br\/serrafm\/2025\/11\/governo-de-pernambuco-reforca-compromisso-com-a-acessibilidade-no-sertao-com-acoes-do-programa-pernambuco-acessivel\/\" \/>\n\t<meta name=\"generator\" content=\"All in One SEO (AIOSEO) 4.9.10\" \/>\n\t\t<meta name=\"twitter:card\" content=\"summary_large_image\" \/>\n\t\t<meta name=\"twitter:title\" content=\"Governo de Pernambuco refor\u00e7a compromisso com a acessibilidade no Sert\u00e3o com a\u00e7\u00f5es do Programa Pernambuco Acess\u00edvel - Serra FM 87,9\" \/>\n\t\t<meta name=\"twitter:description\" content=\"Entre os dias 17 e 19 de novembro, o Governo de Pernambuco realiza uma s\u00e9rie de a\u00e7\u00f5es voltadas \u00e0 acessibilidade e \u00e0 inclus\u00e3o de pessoas com defici\u00eancia nos munic\u00edpios de Serra Talhada e Petrolina, no Sert\u00e3o do Estado. A programa\u00e7\u00e3o inclui visitas a grupos e entidades de pessoas com defici\u00eancia, um encontro com usu\u00e1rios do\" \/>\n\t\t<meta name=\"twitter:image\" content=\"https:\/\/serrafm879.com.br\/serrafm\/wp-content\/uploads\/2025\/11\/PHOTO-2025-11-17-10-43-41.jpg\" \/>\n\t\t<script type=\"application\/ld+json\" class=\"aioseo-schema\">\n\t\t\t{\"@context\":\"https:\\\/\\\/schema.org\",\"@graph\":[{\"@type\":\"BlogPosting\",\"@id\":\"https:\\\/\\\/serrafm879.com.br\\\/serrafm\\\/2025\\\/11\\\/governo-de-pernambuco-reforca-compromisso-com-a-acessibilidade-no-sertao-com-acoes-do-programa-pernambuco-acessivel\\\/#blogposting\",\"name\":\"Governo de Pernambuco refor\\u00e7a compromisso com a acessibilidade no Sert\\u00e3o com a\\u00e7\\u00f5es do Programa Pernambuco Acess\\u00edvel - Serra FM 87,9\",\"headline\":\"Governo de Pernambuco refor\\u00e7a compromisso com a acessibilidade no Sert\\u00e3o com a\\u00e7\\u00f5es do Programa Pernambuco Acess\\u00edvel\",\"author\":{\"@id\":\"https:\\\/\\\/serrafm879.com.br\\\/serrafm\\\/author\\\/serrafm87\\\/#author\"},\"publisher\":{\"@id\":\"https:\\\/\\\/serrafm879.com.br\\\/serrafm\\\/#organization\"},\"image\":{\"@type\":\"ImageObject\",\"url\":\"https:\\\/\\\/serrafm879.com.br\\\/serrafm\\\/wp-content\\\/uploads\\\/2025\\\/11\\\/PHOTO-2025-11-17-10-43-41.jpg\",\"width\":480,\"height\":640},\"datePublished\":\"2025-11-17T17:06:34-03:00\",\"dateModified\":\"2025-11-17T17:06:34-03:00\",\"inLanguage\":\"pt-BR\",\"mainEntityOfPage\":{\"@id\":\"https:\\\/\\\/serrafm879.com.br\\\/serrafm\\\/2025\\\/11\\\/governo-de-pernambuco-reforca-compromisso-com-a-acessibilidade-no-sertao-com-acoes-do-programa-pernambuco-acessivel\\\/#webpage\"},\"isPartOf\":{\"@id\":\"https:\\\/\\\/serrafm879.com.br\\\/serrafm\\\/2025\\\/11\\\/governo-de-pernambuco-reforca-compromisso-com-a-acessibilidade-no-sertao-com-acoes-do-programa-pernambuco-acessivel\\\/#webpage\"},\"articleSection\":\"Not\\u00edcias\"},{\"@type\":\"BreadcrumbList\",\"@id\":\"https:\\\/\\\/serrafm879.com.br\\\/serrafm\\\/2025\\\/11\\\/governo-de-pernambuco-reforca-compromisso-com-a-acessibilidade-no-sertao-com-acoes-do-programa-pernambuco-acessivel\\\/#breadcrumblist\",\"itemListElement\":[{\"@type\":\"ListItem\",\"@id\":\"https:\\\/\\\/serrafm879.com.br\\\/serrafm#listItem\",\"position\":1,\"name\":\"Home\",\"item\":\"https:\\\/\\\/serrafm879.com.br\\\/serrafm\",\"nextItem\":{\"@type\":\"ListItem\",\"@id\":\"https:\\\/\\\/serrafm879.com.br\\\/serrafm\\\/categoria\\\/noticias\\\/#listItem\",\"name\":\"Not\\u00edcias\"}},{\"@type\":\"ListItem\",\"@id\":\"https:\\\/\\\/serrafm879.com.br\\\/serrafm\\\/categoria\\\/noticias\\\/#listItem\",\"position\":2,\"name\":\"Not\\u00edcias\",\"item\":\"https:\\\/\\\/serrafm879.com.br\\\/serrafm\\\/categoria\\\/noticias\\\/\",\"nextItem\":{\"@type\":\"ListItem\",\"@id\":\"https:\\\/\\\/serrafm879.com.br\\\/serrafm\\\/2025\\\/11\\\/governo-de-pernambuco-reforca-compromisso-com-a-acessibilidade-no-sertao-com-acoes-do-programa-pernambuco-acessivel\\\/#listItem\",\"name\":\"Governo de Pernambuco refor\\u00e7a compromisso com a acessibilidade no Sert\\u00e3o com a\\u00e7\\u00f5es do Programa Pernambuco Acess\\u00edvel\"},\"previousItem\":{\"@type\":\"ListItem\",\"@id\":\"https:\\\/\\\/serrafm879.com.br\\\/serrafm#listItem\",\"name\":\"Home\"}},{\"@type\":\"ListItem\",\"@id\":\"https:\\\/\\\/serrafm879.com.br\\\/serrafm\\\/2025\\\/11\\\/governo-de-pernambuco-reforca-compromisso-com-a-acessibilidade-no-sertao-com-acoes-do-programa-pernambuco-acessivel\\\/#listItem\",\"position\":3,\"name\":\"Governo de Pernambuco refor\\u00e7a compromisso com a acessibilidade no Sert\\u00e3o com a\\u00e7\\u00f5es do Programa Pernambuco Acess\\u00edvel\",\"previousItem\":{\"@type\":\"ListItem\",\"@id\":\"https:\\\/\\\/serrafm879.com.br\\\/serrafm\\\/categoria\\\/noticias\\\/#listItem\",\"name\":\"Not\\u00edcias\"}}]},{\"@type\":\"Organization\",\"@id\":\"https:\\\/\\\/serrafm879.com.br\\\/serrafm\\\/#organization\",\"name\":\"Serra FM 87,9\",\"description\":\"O seu novo amor!\",\"url\":\"https:\\\/\\\/serrafm879.com.br\\\/serrafm\\\/\"},{\"@type\":\"Person\",\"@id\":\"https:\\\/\\\/serrafm879.com.br\\\/serrafm\\\/author\\\/serrafm87\\\/#author\",\"url\":\"https:\\\/\\\/serrafm879.com.br\\\/serrafm\\\/author\\\/serrafm87\\\/\",\"name\":\"serrafm87\",\"image\":{\"@type\":\"ImageObject\",\"@id\":\"https:\\\/\\\/serrafm879.com.br\\\/serrafm\\\/2025\\\/11\\\/governo-de-pernambuco-reforca-compromisso-com-a-acessibilidade-no-sertao-com-acoes-do-programa-pernambuco-acessivel\\\/#authorImage\",\"url\":\"https:\\\/\\\/secure.gravatar.com\\\/avatar\\\/a743233f1112d34f48bb3dc9559b76eb930bab8b27175856cba6362608736235?s=96&d=mm&r=g\",\"width\":96,\"height\":96,\"caption\":\"serrafm87\"}},{\"@type\":\"WebPage\",\"@id\":\"https:\\\/\\\/serrafm879.com.br\\\/serrafm\\\/2025\\\/11\\\/governo-de-pernambuco-reforca-compromisso-com-a-acessibilidade-no-sertao-com-acoes-do-programa-pernambuco-acessivel\\\/#webpage\",\"url\":\"https:\\\/\\\/serrafm879.com.br\\\/serrafm\\\/2025\\\/11\\\/governo-de-pernambuco-reforca-compromisso-com-a-acessibilidade-no-sertao-com-acoes-do-programa-pernambuco-acessivel\\\/\",\"name\":\"Governo de Pernambuco refor\\u00e7a compromisso com a acessibilidade no Sert\\u00e3o com a\\u00e7\\u00f5es do Programa Pernambuco Acess\\u00edvel - Serra FM 87,9\",\"description\":\"Entre os dias 17 e 19 de novembro, o Governo de Pernambuco realiza uma s\\u00e9rie de a\\u00e7\\u00f5es voltadas \\u00e0 acessibilidade e \\u00e0 inclus\\u00e3o de pessoas com defici\\u00eancia nos munic\\u00edpios de Serra Talhada e Petrolina, no Sert\\u00e3o do Estado. A programa\\u00e7\\u00e3o inclui visitas a grupos e entidades de pessoas com defici\\u00eancia, um encontro com usu\\u00e1rios do\",\"inLanguage\":\"pt-BR\",\"isPartOf\":{\"@id\":\"https:\\\/\\\/serrafm879.com.br\\\/serrafm\\\/#website\"},\"breadcrumb\":{\"@id\":\"https:\\\/\\\/serrafm879.com.br\\\/serrafm\\\/2025\\\/11\\\/governo-de-pernambuco-reforca-compromisso-com-a-acessibilidade-no-sertao-com-acoes-do-programa-pernambuco-acessivel\\\/#breadcrumblist\"},\"author\":{\"@id\":\"https:\\\/\\\/serrafm879.com.br\\\/serrafm\\\/author\\\/serrafm87\\\/#author\"},\"creator\":{\"@id\":\"https:\\\/\\\/serrafm879.com.br\\\/serrafm\\\/author\\\/serrafm87\\\/#author\"},\"image\":{\"@type\":\"ImageObject\",\"url\":\"https:\\\/\\\/serrafm879.com.br\\\/serrafm\\\/wp-content\\\/uploads\\\/2025\\\/11\\\/PHOTO-2025-11-17-10-43-41.jpg\",\"@id\":\"https:\\\/\\\/serrafm879.com.br\\\/serrafm\\\/2025\\\/11\\\/governo-de-pernambuco-reforca-compromisso-com-a-acessibilidade-no-sertao-com-acoes-do-programa-pernambuco-acessivel\\\/#mainImage\",\"width\":480,\"height\":640},\"primaryImageOfPage\":{\"@id\":\"https:\\\/\\\/serrafm879.com.br\\\/serrafm\\\/2025\\\/11\\\/governo-de-pernambuco-reforca-compromisso-com-a-acessibilidade-no-sertao-com-acoes-do-programa-pernambuco-acessivel\\\/#mainImage\"},\"datePublished\":\"2025-11-17T17:06:34-03:00\",\"dateModified\":\"2025-11-17T17:06:34-03:00\"},{\"@type\":\"WebSite\",\"@id\":\"https:\\\/\\\/serrafm879.com.br\\\/serrafm\\\/#website\",\"url\":\"https:\\\/\\\/serrafm879.com.br\\\/serrafm\\\/\",\"name\":\"Serra FM 87,9\",\"description\":\"O seu novo amor!\",\"inLanguage\":\"pt-BR\",\"publisher\":{\"@id\":\"https:\\\/\\\/serrafm879.com.br\\\/serrafm\\\/#organization\"}}]}\n\t\t<\/script>\n\t\t<!-- All in One SEO -->\n\n","aioseo_head_json":{"title":"Governo de Pernambuco refor\u00e7a compromisso com a acessibilidade no Sert\u00e3o com a\u00e7\u00f5es do Programa Pernambuco Acess\u00edvel - Serra FM 87,9","description":"Entre os dias 17 e 19 de novembro, o Governo de Pernambuco realiza uma s\u00e9rie de a\u00e7\u00f5es voltadas \u00e0 acessibilidade e \u00e0 inclus\u00e3o de pessoas com defici\u00eancia nos munic\u00edpios de Serra Talhada e Petrolina, no Sert\u00e3o do Estado. A programa\u00e7\u00e3o inclui visitas a grupos e entidades de pessoas com defici\u00eancia, um encontro com usu\u00e1rios do","canonical_url":"https:\/\/serrafm879.com.br\/serrafm\/2025\/11\/governo-de-pernambuco-reforca-compromisso-com-a-acessibilidade-no-sertao-com-acoes-do-programa-pernambuco-acessivel\/","robots":"max-image-preview:large","keywords":"","webmasterTools":{"miscellaneous":""},"schema":{"@context":"https:\/\/schema.org","@graph":[{"@type":"BlogPosting","@id":"https:\/\/serrafm879.com.br\/serrafm\/2025\/11\/governo-de-pernambuco-reforca-compromisso-com-a-acessibilidade-no-sertao-com-acoes-do-programa-pernambuco-acessivel\/#blogposting","name":"Governo de Pernambuco refor\u00e7a compromisso com a acessibilidade no Sert\u00e3o com a\u00e7\u00f5es do Programa Pernambuco Acess\u00edvel - Serra FM 87,9","headline":"Governo de Pernambuco refor\u00e7a compromisso com a acessibilidade no Sert\u00e3o com a\u00e7\u00f5es do Programa Pernambuco Acess\u00edvel","author":{"@id":"https:\/\/serrafm879.com.br\/serrafm\/author\/serrafm87\/#author"},"publisher":{"@id":"https:\/\/serrafm879.com.br\/serrafm\/#organization"},"image":{"@type":"ImageObject","url":"https:\/\/serrafm879.com.br\/serrafm\/wp-content\/uploads\/2025\/11\/PHOTO-2025-11-17-10-43-41.jpg","width":480,"height":640},"datePublished":"2025-11-17T17:06:34-03:00","dateModified":"2025-11-17T17:06:34-03:00","inLanguage":"pt-BR","mainEntityOfPage":{"@id":"https:\/\/serrafm879.com.br\/serrafm\/2025\/11\/governo-de-pernambuco-reforca-compromisso-com-a-acessibilidade-no-sertao-com-acoes-do-programa-pernambuco-acessivel\/#webpage"},"isPartOf":{"@id":"https:\/\/serrafm879.com.br\/serrafm\/2025\/11\/governo-de-pernambuco-reforca-compromisso-com-a-acessibilidade-no-sertao-com-acoes-do-programa-pernambuco-acessivel\/#webpage"},"articleSection":"Not\u00edcias"},{"@type":"BreadcrumbList","@id":"https:\/\/serrafm879.com.br\/serrafm\/2025\/11\/governo-de-pernambuco-reforca-compromisso-com-a-acessibilidade-no-sertao-com-acoes-do-programa-pernambuco-acessivel\/#breadcrumblist","itemListElement":[{"@type":"ListItem","@id":"https:\/\/serrafm879.com.br\/serrafm#listItem","position":1,"name":"Home","item":"https:\/\/serrafm879.com.br\/serrafm","nextItem":{"@type":"ListItem","@id":"https:\/\/serrafm879.com.br\/serrafm\/categoria\/noticias\/#listItem","name":"Not\u00edcias"}},{"@type":"ListItem","@id":"https:\/\/serrafm879.com.br\/serrafm\/categoria\/noticias\/#listItem","position":2,"name":"Not\u00edcias","item":"https:\/\/serrafm879.com.br\/serrafm\/categoria\/noticias\/","nextItem":{"@type":"ListItem","@id":"https:\/\/serrafm879.com.br\/serrafm\/2025\/11\/governo-de-pernambuco-reforca-compromisso-com-a-acessibilidade-no-sertao-com-acoes-do-programa-pernambuco-acessivel\/#listItem","name":"Governo de Pernambuco refor\u00e7a compromisso com a acessibilidade no Sert\u00e3o com a\u00e7\u00f5es do Programa Pernambuco Acess\u00edvel"},"previousItem":{"@type":"ListItem","@id":"https:\/\/serrafm879.com.br\/serrafm#listItem","name":"Home"}},{"@type":"ListItem","@id":"https:\/\/serrafm879.com.br\/serrafm\/2025\/11\/governo-de-pernambuco-reforca-compromisso-com-a-acessibilidade-no-sertao-com-acoes-do-programa-pernambuco-acessivel\/#listItem","position":3,"name":"Governo de Pernambuco refor\u00e7a compromisso com a acessibilidade no Sert\u00e3o com a\u00e7\u00f5es do Programa Pernambuco Acess\u00edvel","previousItem":{"@type":"ListItem","@id":"https:\/\/serrafm879.com.br\/serrafm\/categoria\/noticias\/#listItem","name":"Not\u00edcias"}}]},{"@type":"Organization","@id":"https:\/\/serrafm879.com.br\/serrafm\/#organization","name":"Serra FM 87,9","description":"O seu novo amor!","url":"https:\/\/serrafm879.com.br\/serrafm\/"},{"@type":"Person","@id":"https:\/\/serrafm879.com.br\/serrafm\/author\/serrafm87\/#author","url":"https:\/\/serrafm879.com.br\/serrafm\/author\/serrafm87\/","name":"serrafm87","image":{"@type":"ImageObject","@id":"https:\/\/serrafm879.com.br\/serrafm\/2025\/11\/governo-de-pernambuco-reforca-compromisso-com-a-acessibilidade-no-sertao-com-acoes-do-programa-pernambuco-acessivel\/#authorImage","url":"https:\/\/secure.gravatar.com\/avatar\/a743233f1112d34f48bb3dc9559b76eb930bab8b27175856cba6362608736235?s=96&d=mm&r=g","width":96,"height":96,"caption":"serrafm87"}},{"@type":"WebPage","@id":"https:\/\/serrafm879.com.br\/serrafm\/2025\/11\/governo-de-pernambuco-reforca-compromisso-com-a-acessibilidade-no-sertao-com-acoes-do-programa-pernambuco-acessivel\/#webpage","url":"https:\/\/serrafm879.com.br\/serrafm\/2025\/11\/governo-de-pernambuco-reforca-compromisso-com-a-acessibilidade-no-sertao-com-acoes-do-programa-pernambuco-acessivel\/","name":"Governo de Pernambuco refor\u00e7a compromisso com a acessibilidade no Sert\u00e3o com a\u00e7\u00f5es do Programa Pernambuco Acess\u00edvel - Serra FM 87,9","description":"Entre os dias 17 e 19 de novembro, o Governo de Pernambuco realiza uma s\u00e9rie de a\u00e7\u00f5es voltadas \u00e0 acessibilidade e \u00e0 inclus\u00e3o de pessoas com defici\u00eancia nos munic\u00edpios de Serra Talhada e Petrolina, no Sert\u00e3o do Estado. A programa\u00e7\u00e3o inclui visitas a grupos e entidades de pessoas com defici\u00eancia, um encontro com usu\u00e1rios do","inLanguage":"pt-BR","isPartOf":{"@id":"https:\/\/serrafm879.com.br\/serrafm\/#website"},"breadcrumb":{"@id":"https:\/\/serrafm879.com.br\/serrafm\/2025\/11\/governo-de-pernambuco-reforca-compromisso-com-a-acessibilidade-no-sertao-com-acoes-do-programa-pernambuco-acessivel\/#breadcrumblist"},"author":{"@id":"https:\/\/serrafm879.com.br\/serrafm\/author\/serrafm87\/#author"},"creator":{"@id":"https:\/\/serrafm879.com.br\/serrafm\/author\/serrafm87\/#author"},"image":{"@type":"ImageObject","url":"https:\/\/serrafm879.com.br\/serrafm\/wp-content\/uploads\/2025\/11\/PHOTO-2025-11-17-10-43-41.jpg","@id":"https:\/\/serrafm879.com.br\/serrafm\/2025\/11\/governo-de-pernambuco-reforca-compromisso-com-a-acessibilidade-no-sertao-com-acoes-do-programa-pernambuco-acessivel\/#mainImage","width":480,"height":640},"primaryImageOfPage":{"@id":"https:\/\/serrafm879.com.br\/serrafm\/2025\/11\/governo-de-pernambuco-reforca-compromisso-com-a-acessibilidade-no-sertao-com-acoes-do-programa-pernambuco-acessivel\/#mainImage"},"datePublished":"2025-11-17T17:06:34-03:00","dateModified":"2025-11-17T17:06:34-03:00"},{"@type":"WebSite","@id":"https:\/\/serrafm879.com.br\/serrafm\/#website","url":"https:\/\/serrafm879.com.br\/serrafm\/","name":"Serra FM 87,9","description":"O seu novo amor!","inLanguage":"pt-BR","publisher":{"@id":"https:\/\/serrafm879.com.br\/serrafm\/#organization"}}]},"twitter:card":"summary_large_image","twitter:title":"Governo de Pernambuco refor\u00e7a compromisso com a acessibilidade no Sert\u00e3o com a\u00e7\u00f5es do Programa Pernambuco Acess\u00edvel - Serra FM 87,9","twitter:description":"Entre os dias 17 e 19 de novembro, o Governo de Pernambuco realiza uma s\u00e9rie de a\u00e7\u00f5es voltadas \u00e0 acessibilidade e \u00e0 inclus\u00e3o de pessoas com defici\u00eancia nos munic\u00edpios de Serra Talhada e Petrolina, no Sert\u00e3o do Estado. A programa\u00e7\u00e3o inclui visitas a grupos e entidades de pessoas com defici\u00eancia, um encontro com usu\u00e1rios do","twitter:image":"https:\/\/serrafm879.com.br\/serrafm\/wp-content\/uploads\/2025\/11\/PHOTO-2025-11-17-10-43-41.jpg"},"aioseo_meta_data":{"post_id":"24977","title":null,"description":null,"keywords":null,"keyphrases":null,"primary_term":null,"canonical_url":null,"og_title":null,"og_description":null,"og_object_type":"default","og_image_type":"default","og_image_custom_url":null,"og_image_custom_fields":null,"og_image_url":null,"og_image_width":null,"og_image_height":null,"og_video":null,"og_custom_url":null,"og_article_section":null,"og_article_tags":null,"twitter_use_og":false,"twitter_card":"default","twitter_image_type":"default","twitter_image_custom_url":null,"twitter_image_custom_fields":null,"twitter_image_url":null,"twitter_title":null,"twitter_description":null,"schema_type":"default","schema_type_options":null,"schema":{"blockGraphs":[],"customGraphs":[],"default":{"data":{"Article":[],"Course":[],"Dataset":[],"FAQPage":[],"Movie":[],"Person":[],"Product":[],"ProductReview":[],"Car":[],"Recipe":[],"Service":[],"SoftwareApplication":[],"WebPage":[]},"graphName":"","isEnabled":true},"graphs":[]},"pillar_content":false,"robots_default":true,"robots_noindex":false,"robots_noarchive":false,"robots_nosnippet":false,"robots_nofollow":false,"robots_noimageindex":false,"robots_noodp":false,"robots_notranslate":false,"robots_max_snippet":null,"robots_max_videopreview":null,"robots_max_imagepreview":"large","priority":null,"frequency":null,"local_seo":null,"limit_modified_date":false,"ai":null,"breadcrumb_settings":null,"seo_analyzer_scan_date":null,"created":"2026-07-21 17:58:12","updated":"2026-07-21 17:58:12"},"aioseo_breadcrumb":"<div class=\"aioseo-breadcrumbs\"><span class=\"aioseo-breadcrumb\">\n\t\t\t<a href=\"https:\/\/serrafm879.com.br\/serrafm\" title=\"Home\">Home<\/a>\n\t\t<\/span><span class=\"aioseo-breadcrumb-separator\">&raquo;<\/span><span class=\"aioseo-breadcrumb\">\n\t\t\t<a href=\"https:\/\/serrafm879.com.br\/serrafm\/categoria\/noticias\/\" title=\"Not\u00edcias\">Not\u00edcias<\/a>\n\t\t<\/span><span class=\"aioseo-breadcrumb-separator\">&raquo;<\/span><span class=\"aioseo-breadcrumb\">\n\t\t\tGoverno de Pernambuco refor\u00e7a compromisso com a acessibilidade no Sert\u00e3o com a\u00e7\u00f5es do Programa Pernambuco Acess\u00edvel\n\t\t<\/span><\/div>","aioseo_breadcrumb_json":[{"label":"Home","link":"https:\/\/serrafm879.com.br\/serrafm"},{"label":"Not\u00edcias","link":"https:\/\/serrafm879.com.br\/serrafm\/categoria\/noticias\/"},{"label":"Governo de Pernambuco refor\u00e7a compromisso com a acessibilidade no Sert\u00e3o com a\u00e7\u00f5es do Programa Pernambuco Acess\u00edvel","link":"https:\/\/serrafm879.com.br\/serrafm\/2025\/11\/governo-de-pernambuco-reforca-compromisso-com-a-acessibilidade-no-sertao-com-acoes-do-programa-pernambuco-acessivel\/"}],"jetpack_publicize_connections":[],"jetpack_featured_media_url":"https:\/\/serrafm879.com.br\/serrafm\/wp-content\/uploads\/2025\/11\/PHOTO-2025-11-17-10-43-41.jpg","jetpack_shortlink":"https:\/\/wp.me\/p7HyXg-6uR","jetpack_sharing_enabled":true,"_links":{"self":[{"href":"https:\/\/serrafm879.com.br\/serrafm\/wp-json\/wp\/v2\/posts\/24977","targetHints":{"allow":["GET"]}}],"collection":[{"href":"https:\/\/serrafm879.com.br\/serrafm\/wp-json\/wp\/v2\/posts"}],"about":[{"href":"https:\/\/serrafm879.com.br\/serrafm\/wp-json\/wp\/v2\/types\/post"}],"author":[{"embeddable":true,"href":"https:\/\/serrafm879.com.br\/serrafm\/wp-json\/wp\/v2\/users\/2"}],"replies":[{"embeddable":true,"href":"https:\/\/serrafm879.com.br\/serrafm\/wp-json\/wp\/v2\/comments?post=24977"}],"version-history":[{"count":1,"href":"https:\/\/serrafm879.com.br\/serrafm\/wp-json\/wp\/v2\/posts\/24977\/revisions"}],"predecessor-version":[{"id":24979,"href":"https:\/\/serrafm879.com.br\/serrafm\/wp-json\/wp\/v2\/posts\/24977\/revisions\/24979"}],"wp:featuredmedia":[{"embeddable":true,"href":"https:\/\/serrafm879.com.br\/serrafm\/wp-json\/wp\/v2\/media\/24978"}],"wp:attachment":[{"href":"https:\/\/serrafm879.com.br\/serrafm\/wp-json\/wp\/v2\/media?parent=24977"}],"wp:term":[{"taxonomy":"category","embeddable":true,"href":"https:\/\/serrafm879.com.br\/serrafm\/wp-json\/wp\/v2\/categories?post=24977"},{"taxonomy":"post_tag","embeddable":true,"href":"https:\/\/serrafm879.com.br\/serrafm\/wp-json\/wp\/v2\/tags?post=24977"}],"curies":[{"name":"wp","href":"https:\/\/api.w.org\/{rel}","templated":true}]}}