{"id":24999,"date":"2025-11-18T21:55:41","date_gmt":"2025-11-19T00:55:41","guid":{"rendered":"https:\/\/serrafm879.com.br\/serrafm\/?p=24999"},"modified":"2025-11-20T11:57:59","modified_gmt":"2025-11-20T14:57:59","slug":"senadores-visitam-presidio-da-papuda-antes-de-uma-possivel-prisao-de-bolsonaro","status":"publish","type":"post","link":"https:\/\/serrafm879.com.br\/serrafm\/2025\/11\/senadores-visitam-presidio-da-papuda-antes-de-uma-possivel-prisao-de-bolsonaro\/","title":{"rendered":"Senadores visitam pres\u00eddio da Papuda antes de uma poss\u00edvel pris\u00e3o de Bolsonaro"},"content":{"rendered":"<p>Quatro senadores ligados ao ex-presidente Jair Bolsonaro (PL) estiveram, na \u00faltima segunda-feira (17), no Complexo Penitenci\u00e1rio da Papuda, no Distrito Federal. A ida ao local ocorreu diante da possibilidade de Bolsonaro ser encaminhado para a penitenci\u00e1ria pela condena\u00e7\u00e3o no Supremo Tribunal Federal (STF).<\/p>\n<p>Foram at\u00e9 a unidade a presidente da Comiss\u00e3o de Direitos Humanos do Senado, senadora Damares Alves (Republicanos-DF), e os senadores Izalci Lucas (PL-MG), Eduardo Gir\u00e3o (Novo-CE) e Marcio Bittar (PL-AC).<\/p>\n<p>Em um v\u00eddeo publicado nas redes sociais dos senadores, Damares disse que o principal motivo da visita da comitiva \u00e9 a sa\u00fade do ex-presidente.<\/p>\n<p>Na visita, Damares afirmou que seria avaliado \u201cem quanto tempo\u201d um preso poderia receber atendimento m\u00e9dico em caso de emerg\u00eancia. Segundo a senadora, Bolsonaro tem \u201cproblemas grav\u00edssimos\u201d que exigiriam atendimento emergencial em at\u00e9 20 minutos.<\/p>\n<p>O senador Eduardo Gir\u00e3o afirmou que, desde o in\u00edcio do ano, solicita ao ministro do Supremo Alexandre de Moraes permiss\u00e3o para visitar os presos pelo 8 de Janeiro, mas n\u00e3o obteve retorno<\/p>\n<p>\u201c\u00c9 importante destacar que a Comiss\u00e3o tentou, mas recebemos resposta zero do ministro Alexandre de Moraes. Estamos fazendo uma visita t\u00e9cnica na pris\u00e3o em geral e n\u00e3o nas celas onde possivelmente estar\u00e1 o presidente Jair Bolsonaro.\u201d<\/p>\n<p>\u201cEm fevereiro, aprovamos o requerimento para visitar os presos pelo Brasil, os presos pol\u00edticos, os presos do 8 de Janeiro, mas essa m\u00e1 vontade \u00e9 fruto dessa persegui\u00e7\u00e3o pol\u00edtica no Brasil\u201d, disse Gir\u00e3o.<\/p>\n<p>Jair Bolsonaro foi condenado pelo Supremo Tribunal Federal (STF) a 27 anos e tr\u00eas meses de pris\u00e3o pela trama golpista.<\/p>\n<p>Do Estad\u00e3o<\/p>\n","protected":false},"excerpt":{"rendered":"<p>Quatro senadores ligados ao ex-presidente Jair Bolsonaro (PL) estiveram, na \u00faltima segunda-feira (17), no Complexo Penitenci\u00e1rio da Papuda, no Distrito Federal. A ida ao local ocorreu diante da possibilidade de Bolsonaro ser encaminhado para a penitenci\u00e1ria pela condena\u00e7\u00e3o no Supremo Tribunal Federal (STF). Foram at\u00e9 a unidade a presidente da Comiss\u00e3o de Direitos Humanos do Senado, senadora Damares Alves (Republicanos-DF), e os senadores Izalci Lucas (PL-MG), Eduardo Gir\u00e3o (Novo-CE) e Marcio Bittar (PL-AC). Em um v\u00eddeo publicado nas redes sociais dos senadores, Damares disse que o principal motivo da visita da comitiva \u00e9 a sa\u00fade do ex-presidente. Na visita, Damares [&hellip;]<\/p>\n","protected":false},"author":2,"featured_media":25000,"comment_status":"open","ping_status":"open","sticky":false,"template":"","format":"standard","meta":{"_jetpack_newsletter_access":"","_jetpack_dont_email_post_to_subs":false,"_jetpack_newsletter_tier_id":0,"_jetpack_memberships_contains_paywalled_content":false,"_jetpack_feature_clip_id":0,"_jetpack_memberships_contains_paid_content":false,"footnotes":"","jetpack_publicize_message":"","jetpack_publicize_feature_enabled":true,"jetpack_social_post_already_shared":true,"jetpack_social_options":{"image_generator_settings":{"template":"highway","default_image_id":0,"font":"","enabled":false},"version":2},"jetpack_post_was_ever_published":false},"categories":[144],"tags":[],"class_list":["post-24999","post","type-post","status-publish","format-standard","has-post-thumbnail","hentry","category-politica"],"aioseo_notices":[],"aioseo_head":"\n\t\t<!-- All in One SEO 4.9.10 - aioseo.com -->\n\t<meta name=\"description\" content=\"Quatro senadores ligados ao ex-presidente Jair Bolsonaro (PL) estiveram, na \u00faltima segunda-feira (17), no Complexo Penitenci\u00e1rio da Papuda, no Distrito Federal. A ida ao local ocorreu diante da possibilidade de Bolsonaro ser encaminhado para a penitenci\u00e1ria pela condena\u00e7\u00e3o no Supremo Tribunal Federal (STF). Foram at\u00e9 a unidade a presidente da Comiss\u00e3o de Direitos Humanos do\" \/>\n\t<meta name=\"robots\" content=\"max-image-preview:large\" \/>\n\t<meta name=\"author\" content=\"serrafm87\"\/>\n\t<link rel=\"canonical\" href=\"https:\/\/serrafm879.com.br\/serrafm\/2025\/11\/senadores-visitam-presidio-da-papuda-antes-de-uma-possivel-prisao-de-bolsonaro\/\" \/>\n\t<meta name=\"generator\" content=\"All in One SEO (AIOSEO) 4.9.10\" \/>\n\t\t<meta name=\"twitter:card\" content=\"summary_large_image\" \/>\n\t\t<meta name=\"twitter:title\" content=\"Senadores visitam pres\u00eddio da Papuda antes de uma poss\u00edvel pris\u00e3o de Bolsonaro - Serra FM 87,9\" \/>\n\t\t<meta name=\"twitter:description\" content=\"Quatro senadores ligados ao ex-presidente Jair Bolsonaro (PL) estiveram, na \u00faltima segunda-feira (17), no Complexo Penitenci\u00e1rio da Papuda, no Distrito Federal. A ida ao local ocorreu diante da possibilidade de Bolsonaro ser encaminhado para a penitenci\u00e1ria pela condena\u00e7\u00e3o no Supremo Tribunal Federal (STF). Foram at\u00e9 a unidade a presidente da Comiss\u00e3o de Direitos Humanos do\" \/>\n\t\t<meta name=\"twitter:image\" content=\"https:\/\/serrafm879.com.br\/serrafm\/wp-content\/uploads\/2025\/11\/Captura-de-tela-2025-11-20-115847.png\" \/>\n\t\t<script type=\"application\/ld+json\" class=\"aioseo-schema\">\n\t\t\t{\"@context\":\"https:\\\/\\\/schema.org\",\"@graph\":[{\"@type\":\"BlogPosting\",\"@id\":\"https:\\\/\\\/serrafm879.com.br\\\/serrafm\\\/2025\\\/11\\\/senadores-visitam-presidio-da-papuda-antes-de-uma-possivel-prisao-de-bolsonaro\\\/#blogposting\",\"name\":\"Senadores visitam pres\\u00eddio da Papuda antes de uma poss\\u00edvel pris\\u00e3o de Bolsonaro - Serra FM 87,9\",\"headline\":\"Senadores visitam pres\\u00eddio da Papuda antes de uma poss\\u00edvel pris\\u00e3o de Bolsonaro\",\"author\":{\"@id\":\"https:\\\/\\\/serrafm879.com.br\\\/serrafm\\\/author\\\/serrafm87\\\/#author\"},\"publisher\":{\"@id\":\"https:\\\/\\\/serrafm879.com.br\\\/serrafm\\\/#organization\"},\"image\":{\"@type\":\"ImageObject\",\"url\":\"https:\\\/\\\/serrafm879.com.br\\\/serrafm\\\/wp-content\\\/uploads\\\/2025\\\/11\\\/Captura-de-tela-2025-11-20-115847.png\",\"width\":611,\"height\":327},\"datePublished\":\"2025-11-18T21:55:41-03:00\",\"dateModified\":\"2025-11-20T11:57:59-03:00\",\"inLanguage\":\"pt-BR\",\"mainEntityOfPage\":{\"@id\":\"https:\\\/\\\/serrafm879.com.br\\\/serrafm\\\/2025\\\/11\\\/senadores-visitam-presidio-da-papuda-antes-de-uma-possivel-prisao-de-bolsonaro\\\/#webpage\"},\"isPartOf\":{\"@id\":\"https:\\\/\\\/serrafm879.com.br\\\/serrafm\\\/2025\\\/11\\\/senadores-visitam-presidio-da-papuda-antes-de-uma-possivel-prisao-de-bolsonaro\\\/#webpage\"},\"articleSection\":\"Pol\\u00edtica\"},{\"@type\":\"BreadcrumbList\",\"@id\":\"https:\\\/\\\/serrafm879.com.br\\\/serrafm\\\/2025\\\/11\\\/senadores-visitam-presidio-da-papuda-antes-de-uma-possivel-prisao-de-bolsonaro\\\/#breadcrumblist\",\"itemListElement\":[{\"@type\":\"ListItem\",\"@id\":\"https:\\\/\\\/serrafm879.com.br\\\/serrafm#listItem\",\"position\":1,\"name\":\"Home\",\"item\":\"https:\\\/\\\/serrafm879.com.br\\\/serrafm\",\"nextItem\":{\"@type\":\"ListItem\",\"@id\":\"https:\\\/\\\/serrafm879.com.br\\\/serrafm\\\/categoria\\\/politica\\\/#listItem\",\"name\":\"Pol\\u00edtica\"}},{\"@type\":\"ListItem\",\"@id\":\"https:\\\/\\\/serrafm879.com.br\\\/serrafm\\\/categoria\\\/politica\\\/#listItem\",\"position\":2,\"name\":\"Pol\\u00edtica\",\"item\":\"https:\\\/\\\/serrafm879.com.br\\\/serrafm\\\/categoria\\\/politica\\\/\",\"nextItem\":{\"@type\":\"ListItem\",\"@id\":\"https:\\\/\\\/serrafm879.com.br\\\/serrafm\\\/2025\\\/11\\\/senadores-visitam-presidio-da-papuda-antes-de-uma-possivel-prisao-de-bolsonaro\\\/#listItem\",\"name\":\"Senadores visitam pres\\u00eddio da Papuda antes de uma poss\\u00edvel pris\\u00e3o de Bolsonaro\"},\"previousItem\":{\"@type\":\"ListItem\",\"@id\":\"https:\\\/\\\/serrafm879.com.br\\\/serrafm#listItem\",\"name\":\"Home\"}},{\"@type\":\"ListItem\",\"@id\":\"https:\\\/\\\/serrafm879.com.br\\\/serrafm\\\/2025\\\/11\\\/senadores-visitam-presidio-da-papuda-antes-de-uma-possivel-prisao-de-bolsonaro\\\/#listItem\",\"position\":3,\"name\":\"Senadores visitam pres\\u00eddio da Papuda antes de uma poss\\u00edvel pris\\u00e3o de Bolsonaro\",\"previousItem\":{\"@type\":\"ListItem\",\"@id\":\"https:\\\/\\\/serrafm879.com.br\\\/serrafm\\\/categoria\\\/politica\\\/#listItem\",\"name\":\"Pol\\u00edtica\"}}]},{\"@type\":\"Organization\",\"@id\":\"https:\\\/\\\/serrafm879.com.br\\\/serrafm\\\/#organization\",\"name\":\"Serra FM 87,9\",\"description\":\"O seu novo amor!\",\"url\":\"https:\\\/\\\/serrafm879.com.br\\\/serrafm\\\/\"},{\"@type\":\"Person\",\"@id\":\"https:\\\/\\\/serrafm879.com.br\\\/serrafm\\\/author\\\/serrafm87\\\/#author\",\"url\":\"https:\\\/\\\/serrafm879.com.br\\\/serrafm\\\/author\\\/serrafm87\\\/\",\"name\":\"serrafm87\",\"image\":{\"@type\":\"ImageObject\",\"@id\":\"https:\\\/\\\/serrafm879.com.br\\\/serrafm\\\/2025\\\/11\\\/senadores-visitam-presidio-da-papuda-antes-de-uma-possivel-prisao-de-bolsonaro\\\/#authorImage\",\"url\":\"https:\\\/\\\/secure.gravatar.com\\\/avatar\\\/a743233f1112d34f48bb3dc9559b76eb930bab8b27175856cba6362608736235?s=96&d=mm&r=g\",\"width\":96,\"height\":96,\"caption\":\"serrafm87\"}},{\"@type\":\"WebPage\",\"@id\":\"https:\\\/\\\/serrafm879.com.br\\\/serrafm\\\/2025\\\/11\\\/senadores-visitam-presidio-da-papuda-antes-de-uma-possivel-prisao-de-bolsonaro\\\/#webpage\",\"url\":\"https:\\\/\\\/serrafm879.com.br\\\/serrafm\\\/2025\\\/11\\\/senadores-visitam-presidio-da-papuda-antes-de-uma-possivel-prisao-de-bolsonaro\\\/\",\"name\":\"Senadores visitam pres\\u00eddio da Papuda antes de uma poss\\u00edvel pris\\u00e3o de Bolsonaro - Serra FM 87,9\",\"description\":\"Quatro senadores ligados ao ex-presidente Jair Bolsonaro (PL) estiveram, na \\u00faltima segunda-feira (17), no Complexo Penitenci\\u00e1rio da Papuda, no Distrito Federal. A ida ao local ocorreu diante da possibilidade de Bolsonaro ser encaminhado para a penitenci\\u00e1ria pela condena\\u00e7\\u00e3o no Supremo Tribunal Federal (STF). Foram at\\u00e9 a unidade a presidente da Comiss\\u00e3o de Direitos Humanos do\",\"inLanguage\":\"pt-BR\",\"isPartOf\":{\"@id\":\"https:\\\/\\\/serrafm879.com.br\\\/serrafm\\\/#website\"},\"breadcrumb\":{\"@id\":\"https:\\\/\\\/serrafm879.com.br\\\/serrafm\\\/2025\\\/11\\\/senadores-visitam-presidio-da-papuda-antes-de-uma-possivel-prisao-de-bolsonaro\\\/#breadcrumblist\"},\"author\":{\"@id\":\"https:\\\/\\\/serrafm879.com.br\\\/serrafm\\\/author\\\/serrafm87\\\/#author\"},\"creator\":{\"@id\":\"https:\\\/\\\/serrafm879.com.br\\\/serrafm\\\/author\\\/serrafm87\\\/#author\"},\"image\":{\"@type\":\"ImageObject\",\"url\":\"https:\\\/\\\/serrafm879.com.br\\\/serrafm\\\/wp-content\\\/uploads\\\/2025\\\/11\\\/Captura-de-tela-2025-11-20-115847.png\",\"@id\":\"https:\\\/\\\/serrafm879.com.br\\\/serrafm\\\/2025\\\/11\\\/senadores-visitam-presidio-da-papuda-antes-de-uma-possivel-prisao-de-bolsonaro\\\/#mainImage\",\"width\":611,\"height\":327},\"primaryImageOfPage\":{\"@id\":\"https:\\\/\\\/serrafm879.com.br\\\/serrafm\\\/2025\\\/11\\\/senadores-visitam-presidio-da-papuda-antes-de-uma-possivel-prisao-de-bolsonaro\\\/#mainImage\"},\"datePublished\":\"2025-11-18T21:55:41-03:00\",\"dateModified\":\"2025-11-20T11:57:59-03:00\"},{\"@type\":\"WebSite\",\"@id\":\"https:\\\/\\\/serrafm879.com.br\\\/serrafm\\\/#website\",\"url\":\"https:\\\/\\\/serrafm879.com.br\\\/serrafm\\\/\",\"name\":\"Serra FM 87,9\",\"description\":\"O seu novo amor!\",\"inLanguage\":\"pt-BR\",\"publisher\":{\"@id\":\"https:\\\/\\\/serrafm879.com.br\\\/serrafm\\\/#organization\"}}]}\n\t\t<\/script>\n\t\t<!-- All in One SEO -->\n\n","aioseo_head_json":{"title":"Senadores visitam pres\u00eddio da Papuda antes de uma poss\u00edvel pris\u00e3o de Bolsonaro - Serra FM 87,9","description":"Quatro senadores ligados ao ex-presidente Jair Bolsonaro (PL) estiveram, na \u00faltima segunda-feira (17), no Complexo Penitenci\u00e1rio da Papuda, no Distrito Federal. A ida ao local ocorreu diante da possibilidade de Bolsonaro ser encaminhado para a penitenci\u00e1ria pela condena\u00e7\u00e3o no Supremo Tribunal Federal (STF). Foram at\u00e9 a unidade a presidente da Comiss\u00e3o de Direitos Humanos do","canonical_url":"https:\/\/serrafm879.com.br\/serrafm\/2025\/11\/senadores-visitam-presidio-da-papuda-antes-de-uma-possivel-prisao-de-bolsonaro\/","robots":"max-image-preview:large","keywords":"","webmasterTools":{"miscellaneous":""},"schema":{"@context":"https:\/\/schema.org","@graph":[{"@type":"BlogPosting","@id":"https:\/\/serrafm879.com.br\/serrafm\/2025\/11\/senadores-visitam-presidio-da-papuda-antes-de-uma-possivel-prisao-de-bolsonaro\/#blogposting","name":"Senadores visitam pres\u00eddio da Papuda antes de uma poss\u00edvel pris\u00e3o de Bolsonaro - Serra FM 87,9","headline":"Senadores visitam pres\u00eddio da Papuda antes de uma poss\u00edvel pris\u00e3o de Bolsonaro","author":{"@id":"https:\/\/serrafm879.com.br\/serrafm\/author\/serrafm87\/#author"},"publisher":{"@id":"https:\/\/serrafm879.com.br\/serrafm\/#organization"},"image":{"@type":"ImageObject","url":"https:\/\/serrafm879.com.br\/serrafm\/wp-content\/uploads\/2025\/11\/Captura-de-tela-2025-11-20-115847.png","width":611,"height":327},"datePublished":"2025-11-18T21:55:41-03:00","dateModified":"2025-11-20T11:57:59-03:00","inLanguage":"pt-BR","mainEntityOfPage":{"@id":"https:\/\/serrafm879.com.br\/serrafm\/2025\/11\/senadores-visitam-presidio-da-papuda-antes-de-uma-possivel-prisao-de-bolsonaro\/#webpage"},"isPartOf":{"@id":"https:\/\/serrafm879.com.br\/serrafm\/2025\/11\/senadores-visitam-presidio-da-papuda-antes-de-uma-possivel-prisao-de-bolsonaro\/#webpage"},"articleSection":"Pol\u00edtica"},{"@type":"BreadcrumbList","@id":"https:\/\/serrafm879.com.br\/serrafm\/2025\/11\/senadores-visitam-presidio-da-papuda-antes-de-uma-possivel-prisao-de-bolsonaro\/#breadcrumblist","itemListElement":[{"@type":"ListItem","@id":"https:\/\/serrafm879.com.br\/serrafm#listItem","position":1,"name":"Home","item":"https:\/\/serrafm879.com.br\/serrafm","nextItem":{"@type":"ListItem","@id":"https:\/\/serrafm879.com.br\/serrafm\/categoria\/politica\/#listItem","name":"Pol\u00edtica"}},{"@type":"ListItem","@id":"https:\/\/serrafm879.com.br\/serrafm\/categoria\/politica\/#listItem","position":2,"name":"Pol\u00edtica","item":"https:\/\/serrafm879.com.br\/serrafm\/categoria\/politica\/","nextItem":{"@type":"ListItem","@id":"https:\/\/serrafm879.com.br\/serrafm\/2025\/11\/senadores-visitam-presidio-da-papuda-antes-de-uma-possivel-prisao-de-bolsonaro\/#listItem","name":"Senadores visitam pres\u00eddio da Papuda antes de uma poss\u00edvel pris\u00e3o de Bolsonaro"},"previousItem":{"@type":"ListItem","@id":"https:\/\/serrafm879.com.br\/serrafm#listItem","name":"Home"}},{"@type":"ListItem","@id":"https:\/\/serrafm879.com.br\/serrafm\/2025\/11\/senadores-visitam-presidio-da-papuda-antes-de-uma-possivel-prisao-de-bolsonaro\/#listItem","position":3,"name":"Senadores visitam pres\u00eddio da Papuda antes de uma poss\u00edvel pris\u00e3o de Bolsonaro","previousItem":{"@type":"ListItem","@id":"https:\/\/serrafm879.com.br\/serrafm\/categoria\/politica\/#listItem","name":"Pol\u00edtica"}}]},{"@type":"Organization","@id":"https:\/\/serrafm879.com.br\/serrafm\/#organization","name":"Serra FM 87,9","description":"O seu novo amor!","url":"https:\/\/serrafm879.com.br\/serrafm\/"},{"@type":"Person","@id":"https:\/\/serrafm879.com.br\/serrafm\/author\/serrafm87\/#author","url":"https:\/\/serrafm879.com.br\/serrafm\/author\/serrafm87\/","name":"serrafm87","image":{"@type":"ImageObject","@id":"https:\/\/serrafm879.com.br\/serrafm\/2025\/11\/senadores-visitam-presidio-da-papuda-antes-de-uma-possivel-prisao-de-bolsonaro\/#authorImage","url":"https:\/\/secure.gravatar.com\/avatar\/a743233f1112d34f48bb3dc9559b76eb930bab8b27175856cba6362608736235?s=96&d=mm&r=g","width":96,"height":96,"caption":"serrafm87"}},{"@type":"WebPage","@id":"https:\/\/serrafm879.com.br\/serrafm\/2025\/11\/senadores-visitam-presidio-da-papuda-antes-de-uma-possivel-prisao-de-bolsonaro\/#webpage","url":"https:\/\/serrafm879.com.br\/serrafm\/2025\/11\/senadores-visitam-presidio-da-papuda-antes-de-uma-possivel-prisao-de-bolsonaro\/","name":"Senadores visitam pres\u00eddio da Papuda antes de uma poss\u00edvel pris\u00e3o de Bolsonaro - Serra FM 87,9","description":"Quatro senadores ligados ao ex-presidente Jair Bolsonaro (PL) estiveram, na \u00faltima segunda-feira (17), no Complexo Penitenci\u00e1rio da Papuda, no Distrito Federal. A ida ao local ocorreu diante da possibilidade de Bolsonaro ser encaminhado para a penitenci\u00e1ria pela condena\u00e7\u00e3o no Supremo Tribunal Federal (STF). Foram at\u00e9 a unidade a presidente da Comiss\u00e3o de Direitos Humanos do","inLanguage":"pt-BR","isPartOf":{"@id":"https:\/\/serrafm879.com.br\/serrafm\/#website"},"breadcrumb":{"@id":"https:\/\/serrafm879.com.br\/serrafm\/2025\/11\/senadores-visitam-presidio-da-papuda-antes-de-uma-possivel-prisao-de-bolsonaro\/#breadcrumblist"},"author":{"@id":"https:\/\/serrafm879.com.br\/serrafm\/author\/serrafm87\/#author"},"creator":{"@id":"https:\/\/serrafm879.com.br\/serrafm\/author\/serrafm87\/#author"},"image":{"@type":"ImageObject","url":"https:\/\/serrafm879.com.br\/serrafm\/wp-content\/uploads\/2025\/11\/Captura-de-tela-2025-11-20-115847.png","@id":"https:\/\/serrafm879.com.br\/serrafm\/2025\/11\/senadores-visitam-presidio-da-papuda-antes-de-uma-possivel-prisao-de-bolsonaro\/#mainImage","width":611,"height":327},"primaryImageOfPage":{"@id":"https:\/\/serrafm879.com.br\/serrafm\/2025\/11\/senadores-visitam-presidio-da-papuda-antes-de-uma-possivel-prisao-de-bolsonaro\/#mainImage"},"datePublished":"2025-11-18T21:55:41-03:00","dateModified":"2025-11-20T11:57:59-03:00"},{"@type":"WebSite","@id":"https:\/\/serrafm879.com.br\/serrafm\/#website","url":"https:\/\/serrafm879.com.br\/serrafm\/","name":"Serra FM 87,9","description":"O seu novo amor!","inLanguage":"pt-BR","publisher":{"@id":"https:\/\/serrafm879.com.br\/serrafm\/#organization"}}]},"twitter:card":"summary_large_image","twitter:title":"Senadores visitam pres\u00eddio da Papuda antes de uma poss\u00edvel pris\u00e3o de Bolsonaro - Serra FM 87,9","twitter:description":"Quatro senadores ligados ao ex-presidente Jair Bolsonaro (PL) estiveram, na \u00faltima segunda-feira (17), no Complexo Penitenci\u00e1rio da Papuda, no Distrito Federal. A ida ao local ocorreu diante da possibilidade de Bolsonaro ser encaminhado para a penitenci\u00e1ria pela condena\u00e7\u00e3o no Supremo Tribunal Federal (STF). Foram at\u00e9 a unidade a presidente da Comiss\u00e3o de Direitos Humanos do","twitter:image":"https:\/\/serrafm879.com.br\/serrafm\/wp-content\/uploads\/2025\/11\/Captura-de-tela-2025-11-20-115847.png"},"aioseo_meta_data":{"post_id":"24999","title":null,"description":null,"keywords":null,"keyphrases":null,"primary_term":null,"canonical_url":null,"og_title":null,"og_description":null,"og_object_type":"default","og_image_type":"default","og_image_custom_url":null,"og_image_custom_fields":null,"og_image_url":null,"og_image_width":null,"og_image_height":null,"og_video":null,"og_custom_url":null,"og_article_section":null,"og_article_tags":null,"twitter_use_og":false,"twitter_card":"default","twitter_image_type":"default","twitter_image_custom_url":null,"twitter_image_custom_fields":null,"twitter_image_url":null,"twitter_title":null,"twitter_description":null,"schema_type":"default","schema_type_options":null,"schema":{"blockGraphs":[],"customGraphs":[],"default":{"data":{"Article":[],"Course":[],"Dataset":[],"FAQPage":[],"Movie":[],"Person":[],"Product":[],"ProductReview":[],"Car":[],"Recipe":[],"Service":[],"SoftwareApplication":[],"WebPage":[]},"graphName":"","isEnabled":true},"graphs":[]},"pillar_content":false,"robots_default":true,"robots_noindex":false,"robots_noarchive":false,"robots_nosnippet":false,"robots_nofollow":false,"robots_noimageindex":false,"robots_noodp":false,"robots_notranslate":false,"robots_max_snippet":null,"robots_max_videopreview":null,"robots_max_imagepreview":"large","priority":null,"frequency":null,"local_seo":null,"limit_modified_date":false,"ai":null,"breadcrumb_settings":null,"seo_analyzer_scan_date":null,"created":"2026-07-21 18:03:09","updated":"2026-07-21 18:03:09"},"aioseo_breadcrumb":"<div class=\"aioseo-breadcrumbs\"><span class=\"aioseo-breadcrumb\">\n\t\t\t<a href=\"https:\/\/serrafm879.com.br\/serrafm\" title=\"Home\">Home<\/a>\n\t\t<\/span><span class=\"aioseo-breadcrumb-separator\">&raquo;<\/span><span class=\"aioseo-breadcrumb\">\n\t\t\t<a href=\"https:\/\/serrafm879.com.br\/serrafm\/categoria\/politica\/\" title=\"Pol\u00edtica\">Pol\u00edtica<\/a>\n\t\t<\/span><span class=\"aioseo-breadcrumb-separator\">&raquo;<\/span><span class=\"aioseo-breadcrumb\">\n\t\t\tSenadores visitam pres\u00eddio da Papuda antes de uma poss\u00edvel pris\u00e3o de Bolsonaro\n\t\t<\/span><\/div>","aioseo_breadcrumb_json":[{"label":"Home","link":"https:\/\/serrafm879.com.br\/serrafm"},{"label":"Pol\u00edtica","link":"https:\/\/serrafm879.com.br\/serrafm\/categoria\/politica\/"},{"label":"Senadores visitam pres\u00eddio da Papuda antes de uma poss\u00edvel pris\u00e3o de Bolsonaro","link":"https:\/\/serrafm879.com.br\/serrafm\/2025\/11\/senadores-visitam-presidio-da-papuda-antes-de-uma-possivel-prisao-de-bolsonaro\/"}],"jetpack_publicize_connections":[],"jetpack_featured_media_url":"https:\/\/serrafm879.com.br\/serrafm\/wp-content\/uploads\/2025\/11\/Captura-de-tela-2025-11-20-115847.png","jetpack_shortlink":"https:\/\/wp.me\/p7HyXg-6vd","jetpack_sharing_enabled":true,"_links":{"self":[{"href":"https:\/\/serrafm879.com.br\/serrafm\/wp-json\/wp\/v2\/posts\/24999","targetHints":{"allow":["GET"]}}],"collection":[{"href":"https:\/\/serrafm879.com.br\/serrafm\/wp-json\/wp\/v2\/posts"}],"about":[{"href":"https:\/\/serrafm879.com.br\/serrafm\/wp-json\/wp\/v2\/types\/post"}],"author":[{"embeddable":true,"href":"https:\/\/serrafm879.com.br\/serrafm\/wp-json\/wp\/v2\/users\/2"}],"replies":[{"embeddable":true,"href":"https:\/\/serrafm879.com.br\/serrafm\/wp-json\/wp\/v2\/comments?post=24999"}],"version-history":[{"count":1,"href":"https:\/\/serrafm879.com.br\/serrafm\/wp-json\/wp\/v2\/posts\/24999\/revisions"}],"predecessor-version":[{"id":25001,"href":"https:\/\/serrafm879.com.br\/serrafm\/wp-json\/wp\/v2\/posts\/24999\/revisions\/25001"}],"wp:featuredmedia":[{"embeddable":true,"href":"https:\/\/serrafm879.com.br\/serrafm\/wp-json\/wp\/v2\/media\/25000"}],"wp:attachment":[{"href":"https:\/\/serrafm879.com.br\/serrafm\/wp-json\/wp\/v2\/media?parent=24999"}],"wp:term":[{"taxonomy":"category","embeddable":true,"href":"https:\/\/serrafm879.com.br\/serrafm\/wp-json\/wp\/v2\/categories?post=24999"},{"taxonomy":"post_tag","embeddable":true,"href":"https:\/\/serrafm879.com.br\/serrafm\/wp-json\/wp\/v2\/tags?post=24999"}],"curies":[{"name":"wp","href":"https:\/\/api.w.org\/{rel}","templated":true}]}}