{"id":25187,"date":"2025-12-12T14:32:50","date_gmt":"2025-12-12T17:32:50","guid":{"rendered":"https:\/\/serrafm879.com.br\/serrafm\/?p=25187"},"modified":"2025-12-12T14:32:50","modified_gmt":"2025-12-12T17:32:50","slug":"ex-assessora-de-arthur-lira-e-alvo-de-operacao-contra-desvios-de-emendas-parlamentares","status":"publish","type":"post","link":"https:\/\/serrafm879.com.br\/serrafm\/2025\/12\/ex-assessora-de-arthur-lira-e-alvo-de-operacao-contra-desvios-de-emendas-parlamentares\/","title":{"rendered":"Ex-assessora de Arthur Lira \u00e9 alvo de opera\u00e7\u00e3o contra desvios de emendas parlamentares"},"content":{"rendered":"<div id=\"chunk-brfu\">\n<div data-block-type=\"unstyled\" data-block-weight=\"24\" data-block-id=\"3\">\n<p data-track-category=\"Link no Texto\" data-track-links=\"\" data-mrf-recirculation=\"Mat\u00e9ria - Links no Texto\">A Pol\u00edcia Federal realiza nesta sexta-feira (12) a Opera\u00e7\u00e3o Transpar\u00eancia, com o objetivo de apurar irregularidades na destina\u00e7\u00e3o de verbas p\u00fablicas de emendas parlamentares.<\/p>\n<\/div>\n<\/div>\n<div>\n<div id=\"chunk-du9ii\">\n<div data-block-type=\"unstyled\" data-block-weight=\"28\" data-block-id=\"5\">\n<p data-track-category=\"Link no Texto\" data-track-links=\"\" data-mrf-recirculation=\"Mat\u00e9ria - Links no Texto\">O\u00a0blog\u00a0apurou que o alvo \u00e9 Mari\u00e2ngela Fialek, ex-assessora do deputado federal e ex-presidente da C\u00e2mara Arthur Lira (PP-AL). O\u00a0parlamentar n\u00e3o \u00e9 alvo da opera\u00e7\u00e3o.<\/p>\n<\/div>\n<\/div>\n<div id=\"chunk-fekiq\">\n<div data-block-type=\"unstyled\" data-block-weight=\"25\" data-block-id=\"6\">\n<p data-track-category=\"Link no Texto\" data-track-links=\"\" data-mrf-recirculation=\"Mat\u00e9ria - Links no Texto\">A opera\u00e7\u00e3o foi autorizada pelo ministro Fl\u00e1vio Dino, do Supremo Tribunal Federal (STF), e s\u00e3o cumpridos dois mandados de busca e apreens\u00e3o em Bras\u00edlia.<\/p>\n<\/div>\n<\/div>\n<div id=\"chunk-9nrof\">\n<div data-block-type=\"unstyled\" data-block-weight=\"22\" data-block-id=\"7\">\n<p data-track-category=\"Link no Texto\" data-track-links=\"\" data-mrf-recirculation=\"Mat\u00e9ria - Links no Texto\">Mari\u00e2ngela Fialek atua no setor que organiza a indica\u00e7\u00e3o de emendas parlamentares. Atualmente, ela trabalha na lideran\u00e7a do PP na C\u00e2mara.<\/p>\n<\/div>\n<\/div>\n<div id=\"chunk-aa143\">\n<div data-block-type=\"unstyled\" data-block-weight=\"24\" data-block-id=\"8\">\n<p data-track-category=\"Link no Texto\" data-track-links=\"\" data-mrf-recirculation=\"Mat\u00e9ria - Links no Texto\">Policiais fizeram buscas em salas utilizadas pela funcion\u00e1ria na C\u00e2mara e tamb\u00e9m na casa dela. Um celular de Mari\u00e2ngela foi apreendido na opera\u00e7\u00e3o.<\/p>\n<div id=\"chunk-71vuk\">\n<div data-block-type=\"unstyled\" data-block-weight=\"49\" data-block-id=\"10\">\n<p data-track-category=\"Link no Texto\" data-track-links=\"\" data-mrf-recirculation=\"Mat\u00e9ria - Links no Texto\">Um dos locais em que os policiais estiveram nesta sexta-feira \u00e9 uma sala, que, nos registros da Casa, \u00e9 destinada \u00e0 Presid\u00eancia da C\u00e2mara. O local come\u00e7ou a ser usado pela Mari\u00e2ngela em 2022, na gest\u00e3o Lira. H\u00e1 relatos de que era nessa sala que ela despachava sobre emendas.<\/p>\n<\/div>\n<\/div>\n<div id=\"chunk-df1ut\">\n<div data-block-type=\"unstyled\" data-block-weight=\"29\" data-block-id=\"11\">\n<p data-track-category=\"Link no Texto\" data-track-links=\"\" data-mrf-recirculation=\"Mat\u00e9ria - Links no Texto\">O\u00a0g1\u00a0tenta contato com Mari\u00e2ngela, mas n\u00e3o obteve resposta at\u00e9 a \u00faltima atualiza\u00e7\u00e3o desta reportagem. Procurada, a assessoria de Lira afirmou que Mari\u00e2ngela n\u00e3o \u00e9 sua assessora.<\/p>\n<\/div>\n<\/div>\n<div id=\"chunk-fvncl\">\n<div data-block-type=\"unstyled\" data-block-weight=\"23\" data-block-id=\"12\">\n<p data-track-category=\"Link no Texto\" data-track-links=\"\" data-mrf-recirculation=\"Mat\u00e9ria - Links no Texto\">J\u00e1 a lideran\u00e7a do PP na C\u00e2mara disse estar \u201caveriguando todo ocorrido\u201d e que deve se manifestar ainda nesta sexta-feira sobre o caso.<\/p>\n<\/div>\n<\/div>\n<div id=\"chunk-b8kso\">\n<div data-block-type=\"unstyled\" data-block-weight=\"22\" data-block-id=\"13\">\n<p data-track-category=\"Link no Texto\" data-track-links=\"\" data-mrf-recirculation=\"Mat\u00e9ria - Links no Texto\">Funcion\u00e1ria experiente na C\u00e2mara, Mari\u00e2ngela Fialek, conhecida como Tuca, ocupa um cargo de natureza especial, com remunera\u00e7\u00e3o bruta de\u00a0R$ 23,7 mil.<\/p>\n<\/div>\n<\/div>\n<div id=\"chunk-ahbk7\">\n<div data-block-type=\"raw\" data-block-weight=\"2\" data-block-id=\"14\">\n<div>\n<p><strong>Crimes investigados<\/strong><\/p>\n<\/div>\n<\/div>\n<\/div>\n<div id=\"chunk-fdv4o\">\n<div data-block-type=\"unstyled\" data-block-weight=\"17\" data-block-id=\"15\">\n<p data-track-category=\"Link no Texto\" data-track-links=\"\" data-mrf-recirculation=\"Mat\u00e9ria - Links no Texto\">Entre as poss\u00edveis irregularidades apuradas,\u00a0est\u00e1 a libera\u00e7\u00e3o de milh\u00f5es de reais em emendas de comiss\u00e3o. Os crimes investigados s\u00e3o: peculato, falsidade ideol\u00f3gica, uso de documento falso e corrup\u00e7\u00e3o.<\/p>\n<\/div>\n<\/div>\n<\/div>\n<\/div>\n<\/div>\n","protected":false},"excerpt":{"rendered":"<p>A Pol\u00edcia Federal realiza nesta sexta-feira (12) a Opera\u00e7\u00e3o Transpar\u00eancia, com o objetivo de apurar irregularidades na destina\u00e7\u00e3o de verbas p\u00fablicas de emendas parlamentares. O\u00a0blog\u00a0apurou que o alvo \u00e9 Mari\u00e2ngela Fialek, ex-assessora do deputado federal e ex-presidente da C\u00e2mara Arthur Lira (PP-AL). O\u00a0parlamentar n\u00e3o \u00e9 alvo da opera\u00e7\u00e3o. A opera\u00e7\u00e3o foi autorizada pelo ministro Fl\u00e1vio Dino, do Supremo Tribunal Federal (STF), e s\u00e3o cumpridos dois mandados de busca e apreens\u00e3o em Bras\u00edlia. Mari\u00e2ngela Fialek atua no setor que organiza a indica\u00e7\u00e3o de emendas parlamentares. Atualmente, ela trabalha na lideran\u00e7a do PP na C\u00e2mara. Policiais fizeram buscas em salas utilizadas pela [&hellip;]<\/p>\n","protected":false},"author":2,"featured_media":25188,"comment_status":"open","ping_status":"open","sticky":false,"template":"","format":"standard","meta":{"_jetpack_memberships_contains_paid_content":false,"footnotes":"","jetpack_publicize_message":"","jetpack_publicize_feature_enabled":true,"jetpack_social_post_already_shared":true,"jetpack_social_options":{"image_generator_settings":{"template":"highway","enabled":false},"version":2}},"categories":[2],"tags":[],"class_list":["post-25187","post","type-post","status-publish","format-standard","has-post-thumbnail","hentry","category-noticias"],"jetpack_publicize_connections":[],"yoast_head":"<!-- This site is optimized with the Yoast SEO plugin v24.7 - https:\/\/yoast.com\/wordpress\/plugins\/seo\/ -->\n<title>Ex-assessora de Arthur Lira \u00e9 alvo de opera\u00e7\u00e3o contra desvios de emendas parlamentares - Serra FM 87,9<\/title>\n<meta name=\"robots\" content=\"index, follow, max-snippet:-1, max-image-preview:large, max-video-preview:-1\" \/>\n<link rel=\"canonical\" href=\"https:\/\/serrafm879.com.br\/serrafm\/2025\/12\/ex-assessora-de-arthur-lira-e-alvo-de-operacao-contra-desvios-de-emendas-parlamentares\/\" \/>\n<meta property=\"og:locale\" content=\"pt_BR\" \/>\n<meta property=\"og:type\" content=\"article\" \/>\n<meta property=\"og:title\" content=\"Ex-assessora de Arthur Lira \u00e9 alvo de opera\u00e7\u00e3o contra desvios de emendas parlamentares - Serra FM 87,9\" \/>\n<meta property=\"og:description\" content=\"A Pol\u00edcia Federal realiza nesta sexta-feira (12) a Opera\u00e7\u00e3o Transpar\u00eancia, com o objetivo de apurar irregularidades na destina\u00e7\u00e3o de verbas p\u00fablicas de emendas parlamentares. O\u00a0blog\u00a0apurou que o alvo \u00e9 Mari\u00e2ngela Fialek, ex-assessora do deputado federal e ex-presidente da C\u00e2mara Arthur Lira (PP-AL). O\u00a0parlamentar n\u00e3o \u00e9 alvo da opera\u00e7\u00e3o. A opera\u00e7\u00e3o foi autorizada pelo ministro Fl\u00e1vio Dino, do Supremo Tribunal Federal (STF), e s\u00e3o cumpridos dois mandados de busca e apreens\u00e3o em Bras\u00edlia. Mari\u00e2ngela Fialek atua no setor que organiza a indica\u00e7\u00e3o de emendas parlamentares. Atualmente, ela trabalha na lideran\u00e7a do PP na C\u00e2mara. Policiais fizeram buscas em salas utilizadas pela [&hellip;]\" \/>\n<meta property=\"og:url\" content=\"https:\/\/serrafm879.com.br\/serrafm\/2025\/12\/ex-assessora-de-arthur-lira-e-alvo-de-operacao-contra-desvios-de-emendas-parlamentares\/\" \/>\n<meta property=\"og:site_name\" content=\"Serra FM 87,9\" \/>\n<meta property=\"article:published_time\" content=\"2025-12-12T17:32:50+00:00\" \/>\n<meta property=\"og:image\" content=\"http:\/\/serrafm879.com.br\/serrafm\/wp-content\/uploads\/2025\/12\/lira.webp\" \/>\n\t<meta property=\"og:image:width\" content=\"375\" \/>\n\t<meta property=\"og:image:height\" content=\"211\" \/>\n\t<meta property=\"og:image:type\" content=\"image\/webp\" \/>\n<meta name=\"author\" content=\"serrafm87\" \/>\n<meta name=\"twitter:card\" content=\"summary_large_image\" \/>\n<meta name=\"twitter:label1\" content=\"Escrito por\" \/>\n\t<meta name=\"twitter:data1\" content=\"serrafm87\" \/>\n\t<meta name=\"twitter:label2\" content=\"Est. tempo de leitura\" \/>\n\t<meta name=\"twitter:data2\" content=\"2 minutos\" \/>\n<script type=\"application\/ld+json\" class=\"yoast-schema-graph\">{\"@context\":\"https:\/\/schema.org\",\"@graph\":[{\"@type\":\"WebPage\",\"@id\":\"https:\/\/serrafm879.com.br\/serrafm\/2025\/12\/ex-assessora-de-arthur-lira-e-alvo-de-operacao-contra-desvios-de-emendas-parlamentares\/\",\"url\":\"https:\/\/serrafm879.com.br\/serrafm\/2025\/12\/ex-assessora-de-arthur-lira-e-alvo-de-operacao-contra-desvios-de-emendas-parlamentares\/\",\"name\":\"Ex-assessora de Arthur Lira \u00e9 alvo de opera\u00e7\u00e3o contra desvios de emendas parlamentares - Serra FM 87,9\",\"isPartOf\":{\"@id\":\"https:\/\/serrafm879.com.br\/serrafm\/#website\"},\"primaryImageOfPage\":{\"@id\":\"https:\/\/serrafm879.com.br\/serrafm\/2025\/12\/ex-assessora-de-arthur-lira-e-alvo-de-operacao-contra-desvios-de-emendas-parlamentares\/#primaryimage\"},\"image\":{\"@id\":\"https:\/\/serrafm879.com.br\/serrafm\/2025\/12\/ex-assessora-de-arthur-lira-e-alvo-de-operacao-contra-desvios-de-emendas-parlamentares\/#primaryimage\"},\"thumbnailUrl\":\"https:\/\/serrafm879.com.br\/serrafm\/wp-content\/uploads\/2025\/12\/lira.webp\",\"datePublished\":\"2025-12-12T17:32:50+00:00\",\"author\":{\"@id\":\"https:\/\/serrafm879.com.br\/serrafm\/#\/schema\/person\/c028a197030ff8b1c03c68dfba4a787a\"},\"breadcrumb\":{\"@id\":\"https:\/\/serrafm879.com.br\/serrafm\/2025\/12\/ex-assessora-de-arthur-lira-e-alvo-de-operacao-contra-desvios-de-emendas-parlamentares\/#breadcrumb\"},\"inLanguage\":\"pt-BR\",\"potentialAction\":[{\"@type\":\"ReadAction\",\"target\":[\"https:\/\/serrafm879.com.br\/serrafm\/2025\/12\/ex-assessora-de-arthur-lira-e-alvo-de-operacao-contra-desvios-de-emendas-parlamentares\/\"]}]},{\"@type\":\"ImageObject\",\"inLanguage\":\"pt-BR\",\"@id\":\"https:\/\/serrafm879.com.br\/serrafm\/2025\/12\/ex-assessora-de-arthur-lira-e-alvo-de-operacao-contra-desvios-de-emendas-parlamentares\/#primaryimage\",\"url\":\"https:\/\/serrafm879.com.br\/serrafm\/wp-content\/uploads\/2025\/12\/lira.webp\",\"contentUrl\":\"https:\/\/serrafm879.com.br\/serrafm\/wp-content\/uploads\/2025\/12\/lira.webp\",\"width\":375,\"height\":211},{\"@type\":\"BreadcrumbList\",\"@id\":\"https:\/\/serrafm879.com.br\/serrafm\/2025\/12\/ex-assessora-de-arthur-lira-e-alvo-de-operacao-contra-desvios-de-emendas-parlamentares\/#breadcrumb\",\"itemListElement\":[{\"@type\":\"ListItem\",\"position\":1,\"name\":\"In\u00edcio\",\"item\":\"https:\/\/serrafm879.com.br\/serrafm\/\"},{\"@type\":\"ListItem\",\"position\":2,\"name\":\"Ex-assessora de Arthur Lira \u00e9 alvo de opera\u00e7\u00e3o contra desvios de emendas parlamentares\"}]},{\"@type\":\"WebSite\",\"@id\":\"https:\/\/serrafm879.com.br\/serrafm\/#website\",\"url\":\"https:\/\/serrafm879.com.br\/serrafm\/\",\"name\":\"Serra FM 87,9\",\"description\":\"O seu novo amor!\",\"potentialAction\":[{\"@type\":\"SearchAction\",\"target\":{\"@type\":\"EntryPoint\",\"urlTemplate\":\"https:\/\/serrafm879.com.br\/serrafm\/?s={search_term_string}\"},\"query-input\":{\"@type\":\"PropertyValueSpecification\",\"valueRequired\":true,\"valueName\":\"search_term_string\"}}],\"inLanguage\":\"pt-BR\"},{\"@type\":\"Person\",\"@id\":\"https:\/\/serrafm879.com.br\/serrafm\/#\/schema\/person\/c028a197030ff8b1c03c68dfba4a787a\",\"name\":\"serrafm87\",\"image\":{\"@type\":\"ImageObject\",\"inLanguage\":\"pt-BR\",\"@id\":\"https:\/\/serrafm879.com.br\/serrafm\/#\/schema\/person\/image\/\",\"url\":\"https:\/\/secure.gravatar.com\/avatar\/a743233f1112d34f48bb3dc9559b76eb930bab8b27175856cba6362608736235?s=96&d=mm&r=g\",\"contentUrl\":\"https:\/\/secure.gravatar.com\/avatar\/a743233f1112d34f48bb3dc9559b76eb930bab8b27175856cba6362608736235?s=96&d=mm&r=g\",\"caption\":\"serrafm87\"},\"sameAs\":[\"http:\/\/serrafm879.com.br\/\"],\"url\":\"https:\/\/serrafm879.com.br\/serrafm\/author\/serrafm87\/\"}]}<\/script>\n<!-- \/ Yoast SEO plugin. -->","yoast_head_json":{"title":"Ex-assessora de Arthur Lira \u00e9 alvo de opera\u00e7\u00e3o contra desvios de emendas parlamentares - Serra FM 87,9","robots":{"index":"index","follow":"follow","max-snippet":"max-snippet:-1","max-image-preview":"max-image-preview:large","max-video-preview":"max-video-preview:-1"},"canonical":"https:\/\/serrafm879.com.br\/serrafm\/2025\/12\/ex-assessora-de-arthur-lira-e-alvo-de-operacao-contra-desvios-de-emendas-parlamentares\/","og_locale":"pt_BR","og_type":"article","og_title":"Ex-assessora de Arthur Lira \u00e9 alvo de opera\u00e7\u00e3o contra desvios de emendas parlamentares - Serra FM 87,9","og_description":"A Pol\u00edcia Federal realiza nesta sexta-feira (12) a Opera\u00e7\u00e3o Transpar\u00eancia, com o objetivo de apurar irregularidades na destina\u00e7\u00e3o de verbas p\u00fablicas de emendas parlamentares. O\u00a0blog\u00a0apurou que o alvo \u00e9 Mari\u00e2ngela Fialek, ex-assessora do deputado federal e ex-presidente da C\u00e2mara Arthur Lira (PP-AL). O\u00a0parlamentar n\u00e3o \u00e9 alvo da opera\u00e7\u00e3o. A opera\u00e7\u00e3o foi autorizada pelo ministro Fl\u00e1vio Dino, do Supremo Tribunal Federal (STF), e s\u00e3o cumpridos dois mandados de busca e apreens\u00e3o em Bras\u00edlia. Mari\u00e2ngela Fialek atua no setor que organiza a indica\u00e7\u00e3o de emendas parlamentares. Atualmente, ela trabalha na lideran\u00e7a do PP na C\u00e2mara. Policiais fizeram buscas em salas utilizadas pela [&hellip;]","og_url":"https:\/\/serrafm879.com.br\/serrafm\/2025\/12\/ex-assessora-de-arthur-lira-e-alvo-de-operacao-contra-desvios-de-emendas-parlamentares\/","og_site_name":"Serra FM 87,9","article_published_time":"2025-12-12T17:32:50+00:00","og_image":[{"width":375,"height":211,"url":"http:\/\/serrafm879.com.br\/serrafm\/wp-content\/uploads\/2025\/12\/lira.webp","type":"image\/webp"}],"author":"serrafm87","twitter_card":"summary_large_image","twitter_misc":{"Escrito por":"serrafm87","Est. tempo de leitura":"2 minutos"},"schema":{"@context":"https:\/\/schema.org","@graph":[{"@type":"WebPage","@id":"https:\/\/serrafm879.com.br\/serrafm\/2025\/12\/ex-assessora-de-arthur-lira-e-alvo-de-operacao-contra-desvios-de-emendas-parlamentares\/","url":"https:\/\/serrafm879.com.br\/serrafm\/2025\/12\/ex-assessora-de-arthur-lira-e-alvo-de-operacao-contra-desvios-de-emendas-parlamentares\/","name":"Ex-assessora de Arthur Lira \u00e9 alvo de opera\u00e7\u00e3o contra desvios de emendas parlamentares - Serra FM 87,9","isPartOf":{"@id":"https:\/\/serrafm879.com.br\/serrafm\/#website"},"primaryImageOfPage":{"@id":"https:\/\/serrafm879.com.br\/serrafm\/2025\/12\/ex-assessora-de-arthur-lira-e-alvo-de-operacao-contra-desvios-de-emendas-parlamentares\/#primaryimage"},"image":{"@id":"https:\/\/serrafm879.com.br\/serrafm\/2025\/12\/ex-assessora-de-arthur-lira-e-alvo-de-operacao-contra-desvios-de-emendas-parlamentares\/#primaryimage"},"thumbnailUrl":"https:\/\/serrafm879.com.br\/serrafm\/wp-content\/uploads\/2025\/12\/lira.webp","datePublished":"2025-12-12T17:32:50+00:00","author":{"@id":"https:\/\/serrafm879.com.br\/serrafm\/#\/schema\/person\/c028a197030ff8b1c03c68dfba4a787a"},"breadcrumb":{"@id":"https:\/\/serrafm879.com.br\/serrafm\/2025\/12\/ex-assessora-de-arthur-lira-e-alvo-de-operacao-contra-desvios-de-emendas-parlamentares\/#breadcrumb"},"inLanguage":"pt-BR","potentialAction":[{"@type":"ReadAction","target":["https:\/\/serrafm879.com.br\/serrafm\/2025\/12\/ex-assessora-de-arthur-lira-e-alvo-de-operacao-contra-desvios-de-emendas-parlamentares\/"]}]},{"@type":"ImageObject","inLanguage":"pt-BR","@id":"https:\/\/serrafm879.com.br\/serrafm\/2025\/12\/ex-assessora-de-arthur-lira-e-alvo-de-operacao-contra-desvios-de-emendas-parlamentares\/#primaryimage","url":"https:\/\/serrafm879.com.br\/serrafm\/wp-content\/uploads\/2025\/12\/lira.webp","contentUrl":"https:\/\/serrafm879.com.br\/serrafm\/wp-content\/uploads\/2025\/12\/lira.webp","width":375,"height":211},{"@type":"BreadcrumbList","@id":"https:\/\/serrafm879.com.br\/serrafm\/2025\/12\/ex-assessora-de-arthur-lira-e-alvo-de-operacao-contra-desvios-de-emendas-parlamentares\/#breadcrumb","itemListElement":[{"@type":"ListItem","position":1,"name":"In\u00edcio","item":"https:\/\/serrafm879.com.br\/serrafm\/"},{"@type":"ListItem","position":2,"name":"Ex-assessora de Arthur Lira \u00e9 alvo de opera\u00e7\u00e3o contra desvios de emendas parlamentares"}]},{"@type":"WebSite","@id":"https:\/\/serrafm879.com.br\/serrafm\/#website","url":"https:\/\/serrafm879.com.br\/serrafm\/","name":"Serra FM 87,9","description":"O seu novo amor!","potentialAction":[{"@type":"SearchAction","target":{"@type":"EntryPoint","urlTemplate":"https:\/\/serrafm879.com.br\/serrafm\/?s={search_term_string}"},"query-input":{"@type":"PropertyValueSpecification","valueRequired":true,"valueName":"search_term_string"}}],"inLanguage":"pt-BR"},{"@type":"Person","@id":"https:\/\/serrafm879.com.br\/serrafm\/#\/schema\/person\/c028a197030ff8b1c03c68dfba4a787a","name":"serrafm87","image":{"@type":"ImageObject","inLanguage":"pt-BR","@id":"https:\/\/serrafm879.com.br\/serrafm\/#\/schema\/person\/image\/","url":"https:\/\/secure.gravatar.com\/avatar\/a743233f1112d34f48bb3dc9559b76eb930bab8b27175856cba6362608736235?s=96&d=mm&r=g","contentUrl":"https:\/\/secure.gravatar.com\/avatar\/a743233f1112d34f48bb3dc9559b76eb930bab8b27175856cba6362608736235?s=96&d=mm&r=g","caption":"serrafm87"},"sameAs":["http:\/\/serrafm879.com.br\/"],"url":"https:\/\/serrafm879.com.br\/serrafm\/author\/serrafm87\/"}]}},"jetpack_featured_media_url":"https:\/\/serrafm879.com.br\/serrafm\/wp-content\/uploads\/2025\/12\/lira.webp","jetpack_shortlink":"https:\/\/wp.me\/p7HyXg-6yf","jetpack_sharing_enabled":true,"_links":{"self":[{"href":"https:\/\/serrafm879.com.br\/serrafm\/wp-json\/wp\/v2\/posts\/25187","targetHints":{"allow":["GET"]}}],"collection":[{"href":"https:\/\/serrafm879.com.br\/serrafm\/wp-json\/wp\/v2\/posts"}],"about":[{"href":"https:\/\/serrafm879.com.br\/serrafm\/wp-json\/wp\/v2\/types\/post"}],"author":[{"embeddable":true,"href":"https:\/\/serrafm879.com.br\/serrafm\/wp-json\/wp\/v2\/users\/2"}],"replies":[{"embeddable":true,"href":"https:\/\/serrafm879.com.br\/serrafm\/wp-json\/wp\/v2\/comments?post=25187"}],"version-history":[{"count":1,"href":"https:\/\/serrafm879.com.br\/serrafm\/wp-json\/wp\/v2\/posts\/25187\/revisions"}],"predecessor-version":[{"id":25189,"href":"https:\/\/serrafm879.com.br\/serrafm\/wp-json\/wp\/v2\/posts\/25187\/revisions\/25189"}],"wp:featuredmedia":[{"embeddable":true,"href":"https:\/\/serrafm879.com.br\/serrafm\/wp-json\/wp\/v2\/media\/25188"}],"wp:attachment":[{"href":"https:\/\/serrafm879.com.br\/serrafm\/wp-json\/wp\/v2\/media?parent=25187"}],"wp:term":[{"taxonomy":"category","embeddable":true,"href":"https:\/\/serrafm879.com.br\/serrafm\/wp-json\/wp\/v2\/categories?post=25187"},{"taxonomy":"post_tag","embeddable":true,"href":"https:\/\/serrafm879.com.br\/serrafm\/wp-json\/wp\/v2\/tags?post=25187"}],"curies":[{"name":"wp","href":"https:\/\/api.w.org\/{rel}","templated":true}]}}