{"id":25190,"date":"2025-12-12T16:10:44","date_gmt":"2025-12-12T19:10:44","guid":{"rendered":"https:\/\/serrafm879.com.br\/serrafm\/?p=25190"},"modified":"2025-12-12T16:10:44","modified_gmt":"2025-12-12T19:10:44","slug":"lucila-santana-inspira-o-sertao-do-pajeu-e-fortalece-obra-historica-ao-lado-de-seu-esposo-marconi-santana","status":"publish","type":"post","link":"https:\/\/serrafm879.com.br\/serrafm\/2025\/12\/lucila-santana-inspira-o-sertao-do-pajeu-e-fortalece-obra-historica-ao-lado-de-seu-esposo-marconi-santana\/","title":{"rendered":"Lucila Santana inspira o Sert\u00e3o do Paje\u00fa e fortalece obra hist\u00f3rica ao lado de seu esposo, Marconi Santana"},"content":{"rendered":"<p>Neste \u00faltimo s\u00e1bado (06), o Sert\u00e3o do Paje\u00fa foi marcado por um momento que ficar\u00e1 registrado na mem\u00f3ria da regi\u00e3o. A for\u00e7a, a sensibilidade e a determina\u00e7\u00e3o de Lucila Santana, apoiada de maneira incondicional por seu esposo, Marconi Santana, t\u00eam impulsionado uma obra de profundo significado para toda a regi\u00e3o: a constru\u00e7\u00e3o do novo Lar do Idoso Maria Edm\u00e9a Martins Santana, que acolhe idosos de diversas cidades do Paje\u00fa.<\/p>\n<p>Com um gesto de generosidade que transcende o simbolismo, o casal doou integralmente o terreno onde a obra est\u00e1 sendo edificada. A \u00e1rea, avaliada entre R$ 200 mil e R$ 300 mil, representa n\u00e3o apenas um patrim\u00f4nio f\u00edsico, mas um compromisso afetivo com o cuidado, a dignidade e a acolhida dos idosos. A doa\u00e7\u00e3o reflete a ess\u00eancia de Lucila: uma mulher que transforma amor em a\u00e7\u00e3o concreta, e que encontra em Marconi o parceiro leal que fortalece cada passo dessa caminhada.<\/p>\n<p>A constru\u00e7\u00e3o, or\u00e7ada em mais de R$ 2,5 milh\u00f5es, contempla dormit\u00f3rios amplos, cozinha, lavanderia, espa\u00e7os de lazer, \u00e1rea para atividades f\u00edsicas e at\u00e9 um ambiente dedicado ao cultivo de horta. Trata-se de um projeto arquitetado com zelo, garantindo autonomia, bem-estar e qualidade de vida aos futuros moradores, uma verdadeira obra de humanidade, conduzida por Lucila com vis\u00e3o, coragem e sensibilidade social.<\/p>\n<p>Para dar continuidade \u00e0 mobiliza\u00e7\u00e3o em torno do projeto, Flores recebeu, neste s\u00e1bado (06), a 5\u00aa Edi\u00e7\u00e3o do Bazar Solid\u00e1rio, que mais uma vez evidenciou a capacidade de Lucila Santana de unir pessoas, inspirar gestos e transformar causas em movimentos reais.<\/p>\n<p>O evento reuniu pe\u00e7as exclusivas de seu guarda-roupa, al\u00e9m de itens doados por parceiros generosos que acreditam em seu trabalho. Em um ambiente cuidadosamente preparado, com charme, eleg\u00e2ncia e acolhimento, os participantes desfrutaram de iguarias finas, champanhe, drinks variados e m\u00fasica ao vivo enquanto escolhiam produtos de grifes e marcas renomadas, com pre\u00e7os acess\u00edveis.<\/p>\n<p>A noite foi um espet\u00e1culo de solidariedade e estilo, marcado pela presen\u00e7a de apoiadores que reconhecem em Lucila Santana uma lideran\u00e7a que age, constr\u00f3i e entrega resultados. Sempre acompanhada por Marconi Santana, que refor\u00e7a com firmeza e serenidade cada iniciativa, Lucila segue consolidando um legado de amor ao pr\u00f3ximo e compromisso com o desenvolvimento humano do Sert\u00e3o do Paje\u00fa.<\/p>\n<p>A 5\u00aa edi\u00e7\u00e3o do Bazar Solid\u00e1rio reafirma que, quando Lucila mobiliza, o Paje\u00fa responde e quando Marconi a apoia, o impacto se multiplica.<\/p>\n","protected":false},"excerpt":{"rendered":"<p>Neste \u00faltimo s\u00e1bado (06), o Sert\u00e3o do Paje\u00fa foi marcado por um momento que ficar\u00e1 registrado na mem\u00f3ria da regi\u00e3o. A for\u00e7a, a sensibilidade e a determina\u00e7\u00e3o de Lucila Santana, apoiada de maneira incondicional por seu esposo, Marconi Santana, t\u00eam impulsionado uma obra de profundo significado para toda a regi\u00e3o: a constru\u00e7\u00e3o do novo Lar do Idoso Maria Edm\u00e9a Martins Santana, que acolhe idosos de diversas cidades do Paje\u00fa. Com um gesto de generosidade que transcende o simbolismo, o casal doou integralmente o terreno onde a obra est\u00e1 sendo edificada. A \u00e1rea, avaliada entre R$ 200 mil e R$ 300 [&hellip;]<\/p>\n","protected":false},"author":2,"featured_media":25191,"comment_status":"open","ping_status":"open","sticky":false,"template":"","format":"standard","meta":{"_jetpack_memberships_contains_paid_content":false,"footnotes":"","jetpack_publicize_message":"","jetpack_publicize_feature_enabled":true,"jetpack_social_post_already_shared":true,"jetpack_social_options":{"image_generator_settings":{"template":"highway","enabled":false},"version":2}},"categories":[2],"tags":[],"class_list":["post-25190","post","type-post","status-publish","format-standard","has-post-thumbnail","hentry","category-noticias"],"jetpack_publicize_connections":[],"yoast_head":"<!-- This site is optimized with the Yoast SEO plugin v24.7 - https:\/\/yoast.com\/wordpress\/plugins\/seo\/ -->\n<title>Lucila Santana inspira o Sert\u00e3o do Paje\u00fa e fortalece obra hist\u00f3rica ao lado de seu esposo, Marconi Santana - Serra FM 87,9<\/title>\n<meta name=\"robots\" content=\"index, follow, max-snippet:-1, max-image-preview:large, max-video-preview:-1\" \/>\n<link rel=\"canonical\" href=\"https:\/\/serrafm879.com.br\/serrafm\/2025\/12\/lucila-santana-inspira-o-sertao-do-pajeu-e-fortalece-obra-historica-ao-lado-de-seu-esposo-marconi-santana\/\" \/>\n<meta property=\"og:locale\" content=\"pt_BR\" \/>\n<meta property=\"og:type\" content=\"article\" \/>\n<meta property=\"og:title\" content=\"Lucila Santana inspira o Sert\u00e3o do Paje\u00fa e fortalece obra hist\u00f3rica ao lado de seu esposo, Marconi Santana - Serra FM 87,9\" \/>\n<meta property=\"og:description\" content=\"Neste \u00faltimo s\u00e1bado (06), o Sert\u00e3o do Paje\u00fa foi marcado por um momento que ficar\u00e1 registrado na mem\u00f3ria da regi\u00e3o. A for\u00e7a, a sensibilidade e a determina\u00e7\u00e3o de Lucila Santana, apoiada de maneira incondicional por seu esposo, Marconi Santana, t\u00eam impulsionado uma obra de profundo significado para toda a regi\u00e3o: a constru\u00e7\u00e3o do novo Lar do Idoso Maria Edm\u00e9a Martins Santana, que acolhe idosos de diversas cidades do Paje\u00fa. Com um gesto de generosidade que transcende o simbolismo, o casal doou integralmente o terreno onde a obra est\u00e1 sendo edificada. A \u00e1rea, avaliada entre R$ 200 mil e R$ 300 [&hellip;]\" \/>\n<meta property=\"og:url\" content=\"https:\/\/serrafm879.com.br\/serrafm\/2025\/12\/lucila-santana-inspira-o-sertao-do-pajeu-e-fortalece-obra-historica-ao-lado-de-seu-esposo-marconi-santana\/\" \/>\n<meta property=\"og:site_name\" content=\"Serra FM 87,9\" \/>\n<meta property=\"article:published_time\" content=\"2025-12-12T19:10:44+00:00\" \/>\n<meta property=\"og:image\" content=\"http:\/\/serrafm879.com.br\/serrafm\/wp-content\/uploads\/2025\/12\/PHOTO-2025-12-08-09-35-15.jpg\" \/>\n\t<meta property=\"og:image:width\" content=\"854\" \/>\n\t<meta property=\"og:image:height\" content=\"1280\" \/>\n\t<meta property=\"og:image:type\" content=\"image\/jpeg\" \/>\n<meta name=\"author\" content=\"serrafm87\" \/>\n<meta name=\"twitter:card\" content=\"summary_large_image\" \/>\n<meta name=\"twitter:label1\" content=\"Escrito por\" \/>\n\t<meta name=\"twitter:data1\" content=\"serrafm87\" \/>\n\t<meta name=\"twitter:label2\" content=\"Est. tempo de leitura\" \/>\n\t<meta name=\"twitter:data2\" content=\"3 minutos\" \/>\n<script type=\"application\/ld+json\" class=\"yoast-schema-graph\">{\"@context\":\"https:\/\/schema.org\",\"@graph\":[{\"@type\":\"WebPage\",\"@id\":\"https:\/\/serrafm879.com.br\/serrafm\/2025\/12\/lucila-santana-inspira-o-sertao-do-pajeu-e-fortalece-obra-historica-ao-lado-de-seu-esposo-marconi-santana\/\",\"url\":\"https:\/\/serrafm879.com.br\/serrafm\/2025\/12\/lucila-santana-inspira-o-sertao-do-pajeu-e-fortalece-obra-historica-ao-lado-de-seu-esposo-marconi-santana\/\",\"name\":\"Lucila Santana inspira o Sert\u00e3o do Paje\u00fa e fortalece obra hist\u00f3rica ao lado de seu esposo, Marconi Santana - Serra FM 87,9\",\"isPartOf\":{\"@id\":\"https:\/\/serrafm879.com.br\/serrafm\/#website\"},\"primaryImageOfPage\":{\"@id\":\"https:\/\/serrafm879.com.br\/serrafm\/2025\/12\/lucila-santana-inspira-o-sertao-do-pajeu-e-fortalece-obra-historica-ao-lado-de-seu-esposo-marconi-santana\/#primaryimage\"},\"image\":{\"@id\":\"https:\/\/serrafm879.com.br\/serrafm\/2025\/12\/lucila-santana-inspira-o-sertao-do-pajeu-e-fortalece-obra-historica-ao-lado-de-seu-esposo-marconi-santana\/#primaryimage\"},\"thumbnailUrl\":\"https:\/\/serrafm879.com.br\/serrafm\/wp-content\/uploads\/2025\/12\/PHOTO-2025-12-08-09-35-15.jpg\",\"datePublished\":\"2025-12-12T19:10:44+00:00\",\"author\":{\"@id\":\"https:\/\/serrafm879.com.br\/serrafm\/#\/schema\/person\/c028a197030ff8b1c03c68dfba4a787a\"},\"breadcrumb\":{\"@id\":\"https:\/\/serrafm879.com.br\/serrafm\/2025\/12\/lucila-santana-inspira-o-sertao-do-pajeu-e-fortalece-obra-historica-ao-lado-de-seu-esposo-marconi-santana\/#breadcrumb\"},\"inLanguage\":\"pt-BR\",\"potentialAction\":[{\"@type\":\"ReadAction\",\"target\":[\"https:\/\/serrafm879.com.br\/serrafm\/2025\/12\/lucila-santana-inspira-o-sertao-do-pajeu-e-fortalece-obra-historica-ao-lado-de-seu-esposo-marconi-santana\/\"]}]},{\"@type\":\"ImageObject\",\"inLanguage\":\"pt-BR\",\"@id\":\"https:\/\/serrafm879.com.br\/serrafm\/2025\/12\/lucila-santana-inspira-o-sertao-do-pajeu-e-fortalece-obra-historica-ao-lado-de-seu-esposo-marconi-santana\/#primaryimage\",\"url\":\"https:\/\/serrafm879.com.br\/serrafm\/wp-content\/uploads\/2025\/12\/PHOTO-2025-12-08-09-35-15.jpg\",\"contentUrl\":\"https:\/\/serrafm879.com.br\/serrafm\/wp-content\/uploads\/2025\/12\/PHOTO-2025-12-08-09-35-15.jpg\",\"width\":854,\"height\":1280},{\"@type\":\"BreadcrumbList\",\"@id\":\"https:\/\/serrafm879.com.br\/serrafm\/2025\/12\/lucila-santana-inspira-o-sertao-do-pajeu-e-fortalece-obra-historica-ao-lado-de-seu-esposo-marconi-santana\/#breadcrumb\",\"itemListElement\":[{\"@type\":\"ListItem\",\"position\":1,\"name\":\"In\u00edcio\",\"item\":\"https:\/\/serrafm879.com.br\/serrafm\/\"},{\"@type\":\"ListItem\",\"position\":2,\"name\":\"Lucila Santana inspira o Sert\u00e3o do Paje\u00fa e fortalece obra hist\u00f3rica ao lado de seu esposo, Marconi Santana\"}]},{\"@type\":\"WebSite\",\"@id\":\"https:\/\/serrafm879.com.br\/serrafm\/#website\",\"url\":\"https:\/\/serrafm879.com.br\/serrafm\/\",\"name\":\"Serra FM 87,9\",\"description\":\"O seu novo amor!\",\"potentialAction\":[{\"@type\":\"SearchAction\",\"target\":{\"@type\":\"EntryPoint\",\"urlTemplate\":\"https:\/\/serrafm879.com.br\/serrafm\/?s={search_term_string}\"},\"query-input\":{\"@type\":\"PropertyValueSpecification\",\"valueRequired\":true,\"valueName\":\"search_term_string\"}}],\"inLanguage\":\"pt-BR\"},{\"@type\":\"Person\",\"@id\":\"https:\/\/serrafm879.com.br\/serrafm\/#\/schema\/person\/c028a197030ff8b1c03c68dfba4a787a\",\"name\":\"serrafm87\",\"image\":{\"@type\":\"ImageObject\",\"inLanguage\":\"pt-BR\",\"@id\":\"https:\/\/serrafm879.com.br\/serrafm\/#\/schema\/person\/image\/\",\"url\":\"https:\/\/secure.gravatar.com\/avatar\/a743233f1112d34f48bb3dc9559b76eb930bab8b27175856cba6362608736235?s=96&d=mm&r=g\",\"contentUrl\":\"https:\/\/secure.gravatar.com\/avatar\/a743233f1112d34f48bb3dc9559b76eb930bab8b27175856cba6362608736235?s=96&d=mm&r=g\",\"caption\":\"serrafm87\"},\"sameAs\":[\"http:\/\/serrafm879.com.br\/\"],\"url\":\"https:\/\/serrafm879.com.br\/serrafm\/author\/serrafm87\/\"}]}<\/script>\n<!-- \/ Yoast SEO plugin. -->","yoast_head_json":{"title":"Lucila Santana inspira o Sert\u00e3o do Paje\u00fa e fortalece obra hist\u00f3rica ao lado de seu esposo, Marconi Santana - Serra FM 87,9","robots":{"index":"index","follow":"follow","max-snippet":"max-snippet:-1","max-image-preview":"max-image-preview:large","max-video-preview":"max-video-preview:-1"},"canonical":"https:\/\/serrafm879.com.br\/serrafm\/2025\/12\/lucila-santana-inspira-o-sertao-do-pajeu-e-fortalece-obra-historica-ao-lado-de-seu-esposo-marconi-santana\/","og_locale":"pt_BR","og_type":"article","og_title":"Lucila Santana inspira o Sert\u00e3o do Paje\u00fa e fortalece obra hist\u00f3rica ao lado de seu esposo, Marconi Santana - Serra FM 87,9","og_description":"Neste \u00faltimo s\u00e1bado (06), o Sert\u00e3o do Paje\u00fa foi marcado por um momento que ficar\u00e1 registrado na mem\u00f3ria da regi\u00e3o. A for\u00e7a, a sensibilidade e a determina\u00e7\u00e3o de Lucila Santana, apoiada de maneira incondicional por seu esposo, Marconi Santana, t\u00eam impulsionado uma obra de profundo significado para toda a regi\u00e3o: a constru\u00e7\u00e3o do novo Lar do Idoso Maria Edm\u00e9a Martins Santana, que acolhe idosos de diversas cidades do Paje\u00fa. Com um gesto de generosidade que transcende o simbolismo, o casal doou integralmente o terreno onde a obra est\u00e1 sendo edificada. A \u00e1rea, avaliada entre R$ 200 mil e R$ 300 [&hellip;]","og_url":"https:\/\/serrafm879.com.br\/serrafm\/2025\/12\/lucila-santana-inspira-o-sertao-do-pajeu-e-fortalece-obra-historica-ao-lado-de-seu-esposo-marconi-santana\/","og_site_name":"Serra FM 87,9","article_published_time":"2025-12-12T19:10:44+00:00","og_image":[{"width":854,"height":1280,"url":"http:\/\/serrafm879.com.br\/serrafm\/wp-content\/uploads\/2025\/12\/PHOTO-2025-12-08-09-35-15.jpg","type":"image\/jpeg"}],"author":"serrafm87","twitter_card":"summary_large_image","twitter_misc":{"Escrito por":"serrafm87","Est. tempo de leitura":"3 minutos"},"schema":{"@context":"https:\/\/schema.org","@graph":[{"@type":"WebPage","@id":"https:\/\/serrafm879.com.br\/serrafm\/2025\/12\/lucila-santana-inspira-o-sertao-do-pajeu-e-fortalece-obra-historica-ao-lado-de-seu-esposo-marconi-santana\/","url":"https:\/\/serrafm879.com.br\/serrafm\/2025\/12\/lucila-santana-inspira-o-sertao-do-pajeu-e-fortalece-obra-historica-ao-lado-de-seu-esposo-marconi-santana\/","name":"Lucila Santana inspira o Sert\u00e3o do Paje\u00fa e fortalece obra hist\u00f3rica ao lado de seu esposo, Marconi Santana - Serra FM 87,9","isPartOf":{"@id":"https:\/\/serrafm879.com.br\/serrafm\/#website"},"primaryImageOfPage":{"@id":"https:\/\/serrafm879.com.br\/serrafm\/2025\/12\/lucila-santana-inspira-o-sertao-do-pajeu-e-fortalece-obra-historica-ao-lado-de-seu-esposo-marconi-santana\/#primaryimage"},"image":{"@id":"https:\/\/serrafm879.com.br\/serrafm\/2025\/12\/lucila-santana-inspira-o-sertao-do-pajeu-e-fortalece-obra-historica-ao-lado-de-seu-esposo-marconi-santana\/#primaryimage"},"thumbnailUrl":"https:\/\/serrafm879.com.br\/serrafm\/wp-content\/uploads\/2025\/12\/PHOTO-2025-12-08-09-35-15.jpg","datePublished":"2025-12-12T19:10:44+00:00","author":{"@id":"https:\/\/serrafm879.com.br\/serrafm\/#\/schema\/person\/c028a197030ff8b1c03c68dfba4a787a"},"breadcrumb":{"@id":"https:\/\/serrafm879.com.br\/serrafm\/2025\/12\/lucila-santana-inspira-o-sertao-do-pajeu-e-fortalece-obra-historica-ao-lado-de-seu-esposo-marconi-santana\/#breadcrumb"},"inLanguage":"pt-BR","potentialAction":[{"@type":"ReadAction","target":["https:\/\/serrafm879.com.br\/serrafm\/2025\/12\/lucila-santana-inspira-o-sertao-do-pajeu-e-fortalece-obra-historica-ao-lado-de-seu-esposo-marconi-santana\/"]}]},{"@type":"ImageObject","inLanguage":"pt-BR","@id":"https:\/\/serrafm879.com.br\/serrafm\/2025\/12\/lucila-santana-inspira-o-sertao-do-pajeu-e-fortalece-obra-historica-ao-lado-de-seu-esposo-marconi-santana\/#primaryimage","url":"https:\/\/serrafm879.com.br\/serrafm\/wp-content\/uploads\/2025\/12\/PHOTO-2025-12-08-09-35-15.jpg","contentUrl":"https:\/\/serrafm879.com.br\/serrafm\/wp-content\/uploads\/2025\/12\/PHOTO-2025-12-08-09-35-15.jpg","width":854,"height":1280},{"@type":"BreadcrumbList","@id":"https:\/\/serrafm879.com.br\/serrafm\/2025\/12\/lucila-santana-inspira-o-sertao-do-pajeu-e-fortalece-obra-historica-ao-lado-de-seu-esposo-marconi-santana\/#breadcrumb","itemListElement":[{"@type":"ListItem","position":1,"name":"In\u00edcio","item":"https:\/\/serrafm879.com.br\/serrafm\/"},{"@type":"ListItem","position":2,"name":"Lucila Santana inspira o Sert\u00e3o do Paje\u00fa e fortalece obra hist\u00f3rica ao lado de seu esposo, Marconi Santana"}]},{"@type":"WebSite","@id":"https:\/\/serrafm879.com.br\/serrafm\/#website","url":"https:\/\/serrafm879.com.br\/serrafm\/","name":"Serra FM 87,9","description":"O seu novo amor!","potentialAction":[{"@type":"SearchAction","target":{"@type":"EntryPoint","urlTemplate":"https:\/\/serrafm879.com.br\/serrafm\/?s={search_term_string}"},"query-input":{"@type":"PropertyValueSpecification","valueRequired":true,"valueName":"search_term_string"}}],"inLanguage":"pt-BR"},{"@type":"Person","@id":"https:\/\/serrafm879.com.br\/serrafm\/#\/schema\/person\/c028a197030ff8b1c03c68dfba4a787a","name":"serrafm87","image":{"@type":"ImageObject","inLanguage":"pt-BR","@id":"https:\/\/serrafm879.com.br\/serrafm\/#\/schema\/person\/image\/","url":"https:\/\/secure.gravatar.com\/avatar\/a743233f1112d34f48bb3dc9559b76eb930bab8b27175856cba6362608736235?s=96&d=mm&r=g","contentUrl":"https:\/\/secure.gravatar.com\/avatar\/a743233f1112d34f48bb3dc9559b76eb930bab8b27175856cba6362608736235?s=96&d=mm&r=g","caption":"serrafm87"},"sameAs":["http:\/\/serrafm879.com.br\/"],"url":"https:\/\/serrafm879.com.br\/serrafm\/author\/serrafm87\/"}]}},"jetpack_featured_media_url":"https:\/\/serrafm879.com.br\/serrafm\/wp-content\/uploads\/2025\/12\/PHOTO-2025-12-08-09-35-15.jpg","jetpack_shortlink":"https:\/\/wp.me\/p7HyXg-6yi","jetpack_sharing_enabled":true,"_links":{"self":[{"href":"https:\/\/serrafm879.com.br\/serrafm\/wp-json\/wp\/v2\/posts\/25190","targetHints":{"allow":["GET"]}}],"collection":[{"href":"https:\/\/serrafm879.com.br\/serrafm\/wp-json\/wp\/v2\/posts"}],"about":[{"href":"https:\/\/serrafm879.com.br\/serrafm\/wp-json\/wp\/v2\/types\/post"}],"author":[{"embeddable":true,"href":"https:\/\/serrafm879.com.br\/serrafm\/wp-json\/wp\/v2\/users\/2"}],"replies":[{"embeddable":true,"href":"https:\/\/serrafm879.com.br\/serrafm\/wp-json\/wp\/v2\/comments?post=25190"}],"version-history":[{"count":1,"href":"https:\/\/serrafm879.com.br\/serrafm\/wp-json\/wp\/v2\/posts\/25190\/revisions"}],"predecessor-version":[{"id":25192,"href":"https:\/\/serrafm879.com.br\/serrafm\/wp-json\/wp\/v2\/posts\/25190\/revisions\/25192"}],"wp:featuredmedia":[{"embeddable":true,"href":"https:\/\/serrafm879.com.br\/serrafm\/wp-json\/wp\/v2\/media\/25191"}],"wp:attachment":[{"href":"https:\/\/serrafm879.com.br\/serrafm\/wp-json\/wp\/v2\/media?parent=25190"}],"wp:term":[{"taxonomy":"category","embeddable":true,"href":"https:\/\/serrafm879.com.br\/serrafm\/wp-json\/wp\/v2\/categories?post=25190"},{"taxonomy":"post_tag","embeddable":true,"href":"https:\/\/serrafm879.com.br\/serrafm\/wp-json\/wp\/v2\/tags?post=25190"}],"curies":[{"name":"wp","href":"https:\/\/api.w.org\/{rel}","templated":true}]}}