{"id":25715,"date":"2026-01-20T13:30:46","date_gmt":"2026-01-20T16:30:46","guid":{"rendered":"https:\/\/serrafm879.com.br\/serrafm\/?p=25715"},"modified":"2026-01-20T13:30:46","modified_gmt":"2026-01-20T16:30:46","slug":"carro-bate-forte-em-poste-da-br-232-em-serra-talhada-e-causa-apagao","status":"publish","type":"post","link":"https:\/\/serrafm879.com.br\/serrafm\/2026\/01\/carro-bate-forte-em-poste-da-br-232-em-serra-talhada-e-causa-apagao\/","title":{"rendered":"Carro bate forte em poste da BR-232, em Serra Talhada, e causa \u2018apag\u00e3o\u2019"},"content":{"rendered":"<p>Acidente registrado na BR-232, em Serra Talhada, na manh\u00e3 desta ter\u00e7a-feira (20), provocou transtornos e falta de energia el\u00e9trica no entorno. Um ve\u00edculo modelo Hylux bateu de frente com um poste de grande estrutura, instalado num dos canteiros da rodovia, provocando falta de energia el\u00e9trica no entorno.<\/p>\n<p>A colis\u00e3o aconteceu bem pr\u00f3ximo ao Atacad\u00e3o. Samu e Corpo de Bombeiros foram acionados. Duois homens ficaram feridos: um de 73 anos e outro de 61. O primeiro se queixava de dores no t\u00f3rax e o segundo, poss\u00edvel fratura na perna. Ambos foram conduzidos ao Hospital Eduardo Campos (HEC).<\/p>\n<p>A equipe de plant\u00e3o da Neoenergia tamb\u00e9m foi acionada e encontra-se no local tomando provid\u00eancias. V\u00e1rias ruas do bairro Cohab est\u00e3o sem energia.<\/p>\n","protected":false},"excerpt":{"rendered":"<p>Acidente registrado na BR-232, em Serra Talhada, na manh\u00e3 desta ter\u00e7a-feira (20), provocou transtornos e falta de energia el\u00e9trica no entorno. Um ve\u00edculo modelo Hylux bateu de frente com um poste de grande estrutura, instalado num dos canteiros da rodovia, provocando falta de energia el\u00e9trica no entorno. A colis\u00e3o aconteceu bem pr\u00f3ximo ao Atacad\u00e3o. Samu e Corpo de Bombeiros foram acionados. Duois homens ficaram feridos: um de 73 anos e outro de 61. O primeiro se queixava de dores no t\u00f3rax e o segundo, poss\u00edvel fratura na perna. Ambos foram conduzidos ao Hospital Eduardo Campos (HEC). A equipe de plant\u00e3o [&hellip;]<\/p>\n","protected":false},"author":2,"featured_media":25716,"comment_status":"open","ping_status":"open","sticky":false,"template":"","format":"standard","meta":{"_jetpack_newsletter_access":"","_jetpack_dont_email_post_to_subs":false,"_jetpack_newsletter_tier_id":0,"_jetpack_memberships_contains_paywalled_content":false,"_jetpack_feature_clip_id":0,"_jetpack_memberships_contains_paid_content":false,"footnotes":"","jetpack_publicize_message":"","jetpack_publicize_feature_enabled":true,"jetpack_social_post_already_shared":true,"jetpack_social_options":{"image_generator_settings":{"template":"highway","default_image_id":0,"font":"","enabled":false},"version":2},"jetpack_post_was_ever_published":false},"categories":[290],"tags":[],"class_list":["post-25715","post","type-post","status-publish","format-standard","has-post-thumbnail","hentry","category-serra-talhada"],"aioseo_notices":[],"aioseo_head":"\n\t\t<!-- All in One SEO 4.9.10 - aioseo.com -->\n\t<meta name=\"description\" content=\"Acidente registrado na BR-232, em Serra Talhada, na manh\u00e3 desta ter\u00e7a-feira (20), provocou transtornos e falta de energia el\u00e9trica no entorno. Um ve\u00edculo modelo Hylux bateu de frente com um poste de grande estrutura, instalado num dos canteiros da rodovia, provocando falta de energia el\u00e9trica no entorno. A colis\u00e3o aconteceu bem pr\u00f3ximo ao Atacad\u00e3o. Samu\" \/>\n\t<meta name=\"robots\" content=\"max-image-preview:large\" \/>\n\t<meta name=\"author\" content=\"serrafm87\"\/>\n\t<link rel=\"canonical\" href=\"https:\/\/serrafm879.com.br\/serrafm\/2026\/01\/carro-bate-forte-em-poste-da-br-232-em-serra-talhada-e-causa-apagao\/\" \/>\n\t<meta name=\"generator\" content=\"All in One SEO (AIOSEO) 4.9.10\" \/>\n\t\t<meta name=\"twitter:card\" content=\"summary_large_image\" \/>\n\t\t<meta name=\"twitter:title\" content=\"Carro bate forte em poste da BR-232, em Serra Talhada, e causa \u2018apag\u00e3o\u2019 - Serra FM 87,9\" \/>\n\t\t<meta name=\"twitter:description\" content=\"Acidente registrado na BR-232, em Serra Talhada, na manh\u00e3 desta ter\u00e7a-feira (20), provocou transtornos e falta de energia el\u00e9trica no entorno. Um ve\u00edculo modelo Hylux bateu de frente com um poste de grande estrutura, instalado num dos canteiros da rodovia, provocando falta de energia el\u00e9trica no entorno. A colis\u00e3o aconteceu bem pr\u00f3ximo ao Atacad\u00e3o. Samu\" \/>\n\t\t<meta name=\"twitter:image\" content=\"https:\/\/serrafm879.com.br\/serrafm\/wp-content\/uploads\/2026\/01\/IMG-20260120-WA0075.jpg\" \/>\n\t\t<script type=\"application\/ld+json\" class=\"aioseo-schema\">\n\t\t\t{\"@context\":\"https:\\\/\\\/schema.org\",\"@graph\":[{\"@type\":\"BlogPosting\",\"@id\":\"https:\\\/\\\/serrafm879.com.br\\\/serrafm\\\/2026\\\/01\\\/carro-bate-forte-em-poste-da-br-232-em-serra-talhada-e-causa-apagao\\\/#blogposting\",\"name\":\"Carro bate forte em poste da BR-232, em Serra Talhada, e causa \\u2018apag\\u00e3o\\u2019 - Serra FM 87,9\",\"headline\":\"Carro bate forte em poste da BR-232, em Serra Talhada, e causa \\u2018apag\\u00e3o\\u2019\",\"author\":{\"@id\":\"https:\\\/\\\/serrafm879.com.br\\\/serrafm\\\/author\\\/serrafm87\\\/#author\"},\"publisher\":{\"@id\":\"https:\\\/\\\/serrafm879.com.br\\\/serrafm\\\/#organization\"},\"image\":{\"@type\":\"ImageObject\",\"url\":\"https:\\\/\\\/serrafm879.com.br\\\/serrafm\\\/wp-content\\\/uploads\\\/2026\\\/01\\\/IMG-20260120-WA0075.jpg\",\"width\":1200,\"height\":1600},\"datePublished\":\"2026-01-20T13:30:46-03:00\",\"dateModified\":\"2026-01-20T13:30:46-03:00\",\"inLanguage\":\"pt-BR\",\"mainEntityOfPage\":{\"@id\":\"https:\\\/\\\/serrafm879.com.br\\\/serrafm\\\/2026\\\/01\\\/carro-bate-forte-em-poste-da-br-232-em-serra-talhada-e-causa-apagao\\\/#webpage\"},\"isPartOf\":{\"@id\":\"https:\\\/\\\/serrafm879.com.br\\\/serrafm\\\/2026\\\/01\\\/carro-bate-forte-em-poste-da-br-232-em-serra-talhada-e-causa-apagao\\\/#webpage\"},\"articleSection\":\"Serra Talhada\"},{\"@type\":\"BreadcrumbList\",\"@id\":\"https:\\\/\\\/serrafm879.com.br\\\/serrafm\\\/2026\\\/01\\\/carro-bate-forte-em-poste-da-br-232-em-serra-talhada-e-causa-apagao\\\/#breadcrumblist\",\"itemListElement\":[{\"@type\":\"ListItem\",\"@id\":\"https:\\\/\\\/serrafm879.com.br\\\/serrafm#listItem\",\"position\":1,\"name\":\"Home\",\"item\":\"https:\\\/\\\/serrafm879.com.br\\\/serrafm\",\"nextItem\":{\"@type\":\"ListItem\",\"@id\":\"https:\\\/\\\/serrafm879.com.br\\\/serrafm\\\/categoria\\\/serra-talhada\\\/#listItem\",\"name\":\"Serra Talhada\"}},{\"@type\":\"ListItem\",\"@id\":\"https:\\\/\\\/serrafm879.com.br\\\/serrafm\\\/categoria\\\/serra-talhada\\\/#listItem\",\"position\":2,\"name\":\"Serra Talhada\",\"item\":\"https:\\\/\\\/serrafm879.com.br\\\/serrafm\\\/categoria\\\/serra-talhada\\\/\",\"nextItem\":{\"@type\":\"ListItem\",\"@id\":\"https:\\\/\\\/serrafm879.com.br\\\/serrafm\\\/2026\\\/01\\\/carro-bate-forte-em-poste-da-br-232-em-serra-talhada-e-causa-apagao\\\/#listItem\",\"name\":\"Carro bate forte em poste da BR-232, em Serra Talhada, e causa \\u2018apag\\u00e3o\\u2019\"},\"previousItem\":{\"@type\":\"ListItem\",\"@id\":\"https:\\\/\\\/serrafm879.com.br\\\/serrafm#listItem\",\"name\":\"Home\"}},{\"@type\":\"ListItem\",\"@id\":\"https:\\\/\\\/serrafm879.com.br\\\/serrafm\\\/2026\\\/01\\\/carro-bate-forte-em-poste-da-br-232-em-serra-talhada-e-causa-apagao\\\/#listItem\",\"position\":3,\"name\":\"Carro bate forte em poste da BR-232, em Serra Talhada, e causa \\u2018apag\\u00e3o\\u2019\",\"previousItem\":{\"@type\":\"ListItem\",\"@id\":\"https:\\\/\\\/serrafm879.com.br\\\/serrafm\\\/categoria\\\/serra-talhada\\\/#listItem\",\"name\":\"Serra Talhada\"}}]},{\"@type\":\"Organization\",\"@id\":\"https:\\\/\\\/serrafm879.com.br\\\/serrafm\\\/#organization\",\"name\":\"Serra FM 87,9\",\"description\":\"O seu novo amor!\",\"url\":\"https:\\\/\\\/serrafm879.com.br\\\/serrafm\\\/\"},{\"@type\":\"Person\",\"@id\":\"https:\\\/\\\/serrafm879.com.br\\\/serrafm\\\/author\\\/serrafm87\\\/#author\",\"url\":\"https:\\\/\\\/serrafm879.com.br\\\/serrafm\\\/author\\\/serrafm87\\\/\",\"name\":\"serrafm87\",\"image\":{\"@type\":\"ImageObject\",\"@id\":\"https:\\\/\\\/serrafm879.com.br\\\/serrafm\\\/2026\\\/01\\\/carro-bate-forte-em-poste-da-br-232-em-serra-talhada-e-causa-apagao\\\/#authorImage\",\"url\":\"https:\\\/\\\/secure.gravatar.com\\\/avatar\\\/a743233f1112d34f48bb3dc9559b76eb930bab8b27175856cba6362608736235?s=96&d=mm&r=g\",\"width\":96,\"height\":96,\"caption\":\"serrafm87\"}},{\"@type\":\"WebPage\",\"@id\":\"https:\\\/\\\/serrafm879.com.br\\\/serrafm\\\/2026\\\/01\\\/carro-bate-forte-em-poste-da-br-232-em-serra-talhada-e-causa-apagao\\\/#webpage\",\"url\":\"https:\\\/\\\/serrafm879.com.br\\\/serrafm\\\/2026\\\/01\\\/carro-bate-forte-em-poste-da-br-232-em-serra-talhada-e-causa-apagao\\\/\",\"name\":\"Carro bate forte em poste da BR-232, em Serra Talhada, e causa \\u2018apag\\u00e3o\\u2019 - Serra FM 87,9\",\"description\":\"Acidente registrado na BR-232, em Serra Talhada, na manh\\u00e3 desta ter\\u00e7a-feira (20), provocou transtornos e falta de energia el\\u00e9trica no entorno. Um ve\\u00edculo modelo Hylux bateu de frente com um poste de grande estrutura, instalado num dos canteiros da rodovia, provocando falta de energia el\\u00e9trica no entorno. A colis\\u00e3o aconteceu bem pr\\u00f3ximo ao Atacad\\u00e3o. Samu\",\"inLanguage\":\"pt-BR\",\"isPartOf\":{\"@id\":\"https:\\\/\\\/serrafm879.com.br\\\/serrafm\\\/#website\"},\"breadcrumb\":{\"@id\":\"https:\\\/\\\/serrafm879.com.br\\\/serrafm\\\/2026\\\/01\\\/carro-bate-forte-em-poste-da-br-232-em-serra-talhada-e-causa-apagao\\\/#breadcrumblist\"},\"author\":{\"@id\":\"https:\\\/\\\/serrafm879.com.br\\\/serrafm\\\/author\\\/serrafm87\\\/#author\"},\"creator\":{\"@id\":\"https:\\\/\\\/serrafm879.com.br\\\/serrafm\\\/author\\\/serrafm87\\\/#author\"},\"image\":{\"@type\":\"ImageObject\",\"url\":\"https:\\\/\\\/serrafm879.com.br\\\/serrafm\\\/wp-content\\\/uploads\\\/2026\\\/01\\\/IMG-20260120-WA0075.jpg\",\"@id\":\"https:\\\/\\\/serrafm879.com.br\\\/serrafm\\\/2026\\\/01\\\/carro-bate-forte-em-poste-da-br-232-em-serra-talhada-e-causa-apagao\\\/#mainImage\",\"width\":1200,\"height\":1600},\"primaryImageOfPage\":{\"@id\":\"https:\\\/\\\/serrafm879.com.br\\\/serrafm\\\/2026\\\/01\\\/carro-bate-forte-em-poste-da-br-232-em-serra-talhada-e-causa-apagao\\\/#mainImage\"},\"datePublished\":\"2026-01-20T13:30:46-03:00\",\"dateModified\":\"2026-01-20T13:30:46-03:00\"},{\"@type\":\"WebSite\",\"@id\":\"https:\\\/\\\/serrafm879.com.br\\\/serrafm\\\/#website\",\"url\":\"https:\\\/\\\/serrafm879.com.br\\\/serrafm\\\/\",\"name\":\"Serra FM 87,9\",\"description\":\"O seu novo amor!\",\"inLanguage\":\"pt-BR\",\"publisher\":{\"@id\":\"https:\\\/\\\/serrafm879.com.br\\\/serrafm\\\/#organization\"}}]}\n\t\t<\/script>\n\t\t<!-- All in One SEO -->\n\n","aioseo_head_json":{"title":"Carro bate forte em poste da BR-232, em Serra Talhada, e causa \u2018apag\u00e3o\u2019 - Serra FM 87,9","description":"Acidente registrado na BR-232, em Serra Talhada, na manh\u00e3 desta ter\u00e7a-feira (20), provocou transtornos e falta de energia el\u00e9trica no entorno. Um ve\u00edculo modelo Hylux bateu de frente com um poste de grande estrutura, instalado num dos canteiros da rodovia, provocando falta de energia el\u00e9trica no entorno. A colis\u00e3o aconteceu bem pr\u00f3ximo ao Atacad\u00e3o. Samu","canonical_url":"https:\/\/serrafm879.com.br\/serrafm\/2026\/01\/carro-bate-forte-em-poste-da-br-232-em-serra-talhada-e-causa-apagao\/","robots":"max-image-preview:large","keywords":"","webmasterTools":{"miscellaneous":""},"schema":{"@context":"https:\/\/schema.org","@graph":[{"@type":"BlogPosting","@id":"https:\/\/serrafm879.com.br\/serrafm\/2026\/01\/carro-bate-forte-em-poste-da-br-232-em-serra-talhada-e-causa-apagao\/#blogposting","name":"Carro bate forte em poste da BR-232, em Serra Talhada, e causa \u2018apag\u00e3o\u2019 - Serra FM 87,9","headline":"Carro bate forte em poste da BR-232, em Serra Talhada, e causa \u2018apag\u00e3o\u2019","author":{"@id":"https:\/\/serrafm879.com.br\/serrafm\/author\/serrafm87\/#author"},"publisher":{"@id":"https:\/\/serrafm879.com.br\/serrafm\/#organization"},"image":{"@type":"ImageObject","url":"https:\/\/serrafm879.com.br\/serrafm\/wp-content\/uploads\/2026\/01\/IMG-20260120-WA0075.jpg","width":1200,"height":1600},"datePublished":"2026-01-20T13:30:46-03:00","dateModified":"2026-01-20T13:30:46-03:00","inLanguage":"pt-BR","mainEntityOfPage":{"@id":"https:\/\/serrafm879.com.br\/serrafm\/2026\/01\/carro-bate-forte-em-poste-da-br-232-em-serra-talhada-e-causa-apagao\/#webpage"},"isPartOf":{"@id":"https:\/\/serrafm879.com.br\/serrafm\/2026\/01\/carro-bate-forte-em-poste-da-br-232-em-serra-talhada-e-causa-apagao\/#webpage"},"articleSection":"Serra Talhada"},{"@type":"BreadcrumbList","@id":"https:\/\/serrafm879.com.br\/serrafm\/2026\/01\/carro-bate-forte-em-poste-da-br-232-em-serra-talhada-e-causa-apagao\/#breadcrumblist","itemListElement":[{"@type":"ListItem","@id":"https:\/\/serrafm879.com.br\/serrafm#listItem","position":1,"name":"Home","item":"https:\/\/serrafm879.com.br\/serrafm","nextItem":{"@type":"ListItem","@id":"https:\/\/serrafm879.com.br\/serrafm\/categoria\/serra-talhada\/#listItem","name":"Serra Talhada"}},{"@type":"ListItem","@id":"https:\/\/serrafm879.com.br\/serrafm\/categoria\/serra-talhada\/#listItem","position":2,"name":"Serra Talhada","item":"https:\/\/serrafm879.com.br\/serrafm\/categoria\/serra-talhada\/","nextItem":{"@type":"ListItem","@id":"https:\/\/serrafm879.com.br\/serrafm\/2026\/01\/carro-bate-forte-em-poste-da-br-232-em-serra-talhada-e-causa-apagao\/#listItem","name":"Carro bate forte em poste da BR-232, em Serra Talhada, e causa \u2018apag\u00e3o\u2019"},"previousItem":{"@type":"ListItem","@id":"https:\/\/serrafm879.com.br\/serrafm#listItem","name":"Home"}},{"@type":"ListItem","@id":"https:\/\/serrafm879.com.br\/serrafm\/2026\/01\/carro-bate-forte-em-poste-da-br-232-em-serra-talhada-e-causa-apagao\/#listItem","position":3,"name":"Carro bate forte em poste da BR-232, em Serra Talhada, e causa \u2018apag\u00e3o\u2019","previousItem":{"@type":"ListItem","@id":"https:\/\/serrafm879.com.br\/serrafm\/categoria\/serra-talhada\/#listItem","name":"Serra Talhada"}}]},{"@type":"Organization","@id":"https:\/\/serrafm879.com.br\/serrafm\/#organization","name":"Serra FM 87,9","description":"O seu novo amor!","url":"https:\/\/serrafm879.com.br\/serrafm\/"},{"@type":"Person","@id":"https:\/\/serrafm879.com.br\/serrafm\/author\/serrafm87\/#author","url":"https:\/\/serrafm879.com.br\/serrafm\/author\/serrafm87\/","name":"serrafm87","image":{"@type":"ImageObject","@id":"https:\/\/serrafm879.com.br\/serrafm\/2026\/01\/carro-bate-forte-em-poste-da-br-232-em-serra-talhada-e-causa-apagao\/#authorImage","url":"https:\/\/secure.gravatar.com\/avatar\/a743233f1112d34f48bb3dc9559b76eb930bab8b27175856cba6362608736235?s=96&d=mm&r=g","width":96,"height":96,"caption":"serrafm87"}},{"@type":"WebPage","@id":"https:\/\/serrafm879.com.br\/serrafm\/2026\/01\/carro-bate-forte-em-poste-da-br-232-em-serra-talhada-e-causa-apagao\/#webpage","url":"https:\/\/serrafm879.com.br\/serrafm\/2026\/01\/carro-bate-forte-em-poste-da-br-232-em-serra-talhada-e-causa-apagao\/","name":"Carro bate forte em poste da BR-232, em Serra Talhada, e causa \u2018apag\u00e3o\u2019 - Serra FM 87,9","description":"Acidente registrado na BR-232, em Serra Talhada, na manh\u00e3 desta ter\u00e7a-feira (20), provocou transtornos e falta de energia el\u00e9trica no entorno. Um ve\u00edculo modelo Hylux bateu de frente com um poste de grande estrutura, instalado num dos canteiros da rodovia, provocando falta de energia el\u00e9trica no entorno. A colis\u00e3o aconteceu bem pr\u00f3ximo ao Atacad\u00e3o. Samu","inLanguage":"pt-BR","isPartOf":{"@id":"https:\/\/serrafm879.com.br\/serrafm\/#website"},"breadcrumb":{"@id":"https:\/\/serrafm879.com.br\/serrafm\/2026\/01\/carro-bate-forte-em-poste-da-br-232-em-serra-talhada-e-causa-apagao\/#breadcrumblist"},"author":{"@id":"https:\/\/serrafm879.com.br\/serrafm\/author\/serrafm87\/#author"},"creator":{"@id":"https:\/\/serrafm879.com.br\/serrafm\/author\/serrafm87\/#author"},"image":{"@type":"ImageObject","url":"https:\/\/serrafm879.com.br\/serrafm\/wp-content\/uploads\/2026\/01\/IMG-20260120-WA0075.jpg","@id":"https:\/\/serrafm879.com.br\/serrafm\/2026\/01\/carro-bate-forte-em-poste-da-br-232-em-serra-talhada-e-causa-apagao\/#mainImage","width":1200,"height":1600},"primaryImageOfPage":{"@id":"https:\/\/serrafm879.com.br\/serrafm\/2026\/01\/carro-bate-forte-em-poste-da-br-232-em-serra-talhada-e-causa-apagao\/#mainImage"},"datePublished":"2026-01-20T13:30:46-03:00","dateModified":"2026-01-20T13:30:46-03:00"},{"@type":"WebSite","@id":"https:\/\/serrafm879.com.br\/serrafm\/#website","url":"https:\/\/serrafm879.com.br\/serrafm\/","name":"Serra FM 87,9","description":"O seu novo amor!","inLanguage":"pt-BR","publisher":{"@id":"https:\/\/serrafm879.com.br\/serrafm\/#organization"}}]},"twitter:card":"summary_large_image","twitter:title":"Carro bate forte em poste da BR-232, em Serra Talhada, e causa \u2018apag\u00e3o\u2019 - Serra FM 87,9","twitter:description":"Acidente registrado na BR-232, em Serra Talhada, na manh\u00e3 desta ter\u00e7a-feira (20), provocou transtornos e falta de energia el\u00e9trica no entorno. Um ve\u00edculo modelo Hylux bateu de frente com um poste de grande estrutura, instalado num dos canteiros da rodovia, provocando falta de energia el\u00e9trica no entorno. A colis\u00e3o aconteceu bem pr\u00f3ximo ao Atacad\u00e3o. Samu","twitter:image":"https:\/\/serrafm879.com.br\/serrafm\/wp-content\/uploads\/2026\/01\/IMG-20260120-WA0075.jpg"},"aioseo_meta_data":{"post_id":"25715","title":null,"description":null,"keywords":null,"keyphrases":null,"primary_term":null,"canonical_url":null,"og_title":null,"og_description":null,"og_object_type":"default","og_image_type":"default","og_image_custom_url":null,"og_image_custom_fields":null,"og_image_url":null,"og_image_width":null,"og_image_height":null,"og_video":null,"og_custom_url":null,"og_article_section":null,"og_article_tags":null,"twitter_use_og":false,"twitter_card":"default","twitter_image_type":"default","twitter_image_custom_url":null,"twitter_image_custom_fields":null,"twitter_image_url":null,"twitter_title":null,"twitter_description":null,"schema_type":"default","schema_type_options":null,"schema":{"blockGraphs":[],"customGraphs":[],"default":{"data":{"Article":[],"Course":[],"Dataset":[],"FAQPage":[],"Movie":[],"Person":[],"Product":[],"ProductReview":[],"Car":[],"Recipe":[],"Service":[],"SoftwareApplication":[],"WebPage":[]},"graphName":"","isEnabled":true},"graphs":[]},"pillar_content":false,"robots_default":true,"robots_noindex":false,"robots_noarchive":false,"robots_nosnippet":false,"robots_nofollow":false,"robots_noimageindex":false,"robots_noodp":false,"robots_notranslate":false,"robots_max_snippet":null,"robots_max_videopreview":null,"robots_max_imagepreview":"large","priority":null,"frequency":null,"local_seo":null,"limit_modified_date":false,"ai":null,"breadcrumb_settings":null,"seo_analyzer_scan_date":null,"created":"2026-07-21 18:43:12","updated":"2026-07-21 18:43:12"},"aioseo_breadcrumb":"<div class=\"aioseo-breadcrumbs\"><span class=\"aioseo-breadcrumb\">\n\t\t\t<a href=\"https:\/\/serrafm879.com.br\/serrafm\" title=\"Home\">Home<\/a>\n\t\t<\/span><span class=\"aioseo-breadcrumb-separator\">&raquo;<\/span><span class=\"aioseo-breadcrumb\">\n\t\t\t<a href=\"https:\/\/serrafm879.com.br\/serrafm\/categoria\/serra-talhada\/\" title=\"Serra Talhada\">Serra Talhada<\/a>\n\t\t<\/span><span class=\"aioseo-breadcrumb-separator\">&raquo;<\/span><span class=\"aioseo-breadcrumb\">\n\t\t\tCarro bate forte em poste da BR-232, em Serra Talhada, e causa \u2018apag\u00e3o\u2019\n\t\t<\/span><\/div>","aioseo_breadcrumb_json":[{"label":"Home","link":"https:\/\/serrafm879.com.br\/serrafm"},{"label":"Serra Talhada","link":"https:\/\/serrafm879.com.br\/serrafm\/categoria\/serra-talhada\/"},{"label":"Carro bate forte em poste da BR-232, em Serra Talhada, e causa \u2018apag\u00e3o\u2019","link":"https:\/\/serrafm879.com.br\/serrafm\/2026\/01\/carro-bate-forte-em-poste-da-br-232-em-serra-talhada-e-causa-apagao\/"}],"jetpack_publicize_connections":[],"jetpack_featured_media_url":"https:\/\/serrafm879.com.br\/serrafm\/wp-content\/uploads\/2026\/01\/IMG-20260120-WA0075.jpg","jetpack_shortlink":"https:\/\/wp.me\/p7HyXg-6GL","jetpack_sharing_enabled":true,"_links":{"self":[{"href":"https:\/\/serrafm879.com.br\/serrafm\/wp-json\/wp\/v2\/posts\/25715","targetHints":{"allow":["GET"]}}],"collection":[{"href":"https:\/\/serrafm879.com.br\/serrafm\/wp-json\/wp\/v2\/posts"}],"about":[{"href":"https:\/\/serrafm879.com.br\/serrafm\/wp-json\/wp\/v2\/types\/post"}],"author":[{"embeddable":true,"href":"https:\/\/serrafm879.com.br\/serrafm\/wp-json\/wp\/v2\/users\/2"}],"replies":[{"embeddable":true,"href":"https:\/\/serrafm879.com.br\/serrafm\/wp-json\/wp\/v2\/comments?post=25715"}],"version-history":[{"count":1,"href":"https:\/\/serrafm879.com.br\/serrafm\/wp-json\/wp\/v2\/posts\/25715\/revisions"}],"predecessor-version":[{"id":25717,"href":"https:\/\/serrafm879.com.br\/serrafm\/wp-json\/wp\/v2\/posts\/25715\/revisions\/25717"}],"wp:featuredmedia":[{"embeddable":true,"href":"https:\/\/serrafm879.com.br\/serrafm\/wp-json\/wp\/v2\/media\/25716"}],"wp:attachment":[{"href":"https:\/\/serrafm879.com.br\/serrafm\/wp-json\/wp\/v2\/media?parent=25715"}],"wp:term":[{"taxonomy":"category","embeddable":true,"href":"https:\/\/serrafm879.com.br\/serrafm\/wp-json\/wp\/v2\/categories?post=25715"},{"taxonomy":"post_tag","embeddable":true,"href":"https:\/\/serrafm879.com.br\/serrafm\/wp-json\/wp\/v2\/tags?post=25715"}],"curies":[{"name":"wp","href":"https:\/\/api.w.org\/{rel}","templated":true}]}}