{"id":25723,"date":"2026-01-20T13:35:53","date_gmt":"2026-01-20T16:35:53","guid":{"rendered":"https:\/\/serrafm879.com.br\/serrafm\/?p=25723"},"modified":"2026-01-20T13:35:53","modified_gmt":"2026-01-20T16:35:53","slug":"sistema-do-inss-ficara-indisponivel-a-partir-do-dia-27-de-janeiro","status":"publish","type":"post","link":"https:\/\/serrafm879.com.br\/serrafm\/2026\/01\/sistema-do-inss-ficara-indisponivel-a-partir-do-dia-27-de-janeiro\/","title":{"rendered":"Sistema do INSS ficar\u00e1 indispon\u00edvel a partir do dia 27 de janeiro"},"content":{"rendered":"<p>O Instituto Nacional do Seguro Social (INSS) anunciou que as ag\u00eancias f\u00edsicas e os sistemas digitais do \u00f3rg\u00e3o passar\u00e3o por uma paralisa\u00e7\u00e3o tempor\u00e1ria em janeiro. A medida tem como objetivo a moderniza\u00e7\u00e3o do atendimento prestado \u00e0 popula\u00e7\u00e3o.<\/p>\n<p>De acordo com o comunicado emitido pelo INSS, as ag\u00eancias estar\u00e3o fechadas nos dias 28, 29 e 30 de janeiro. J\u00e1 os servi\u00e7os digitais ficar\u00e3o indispon\u00edveis a partir das 19h do dia 27 at\u00e9 o dia 31.<\/p>\n<p>Para reduzir os impactos aos cidad\u00e3os, o INSS confirmou que realizar\u00e1 atendimentos extras nos finais de semana. O objetivo \u00e9 antecipar as demandas agendadas para o per\u00edodo de suspens\u00e3o e compensar a falta do servi\u00e7o. O plant\u00e3o ir\u00e1 ocorrer nos dias 17,18, 24 e 25 de janeiro.<\/p>\n<p>Historicamente, o INSS utiliza o primeiro m\u00eas do ano para realizar ajustes estruturais em seus servidores. As manuten\u00e7\u00f5es s\u00e3o fundamentais para suportar o aumento de acessos que ocorre ap\u00f3s o reajuste anual do sal\u00e1rio m\u00ednimo, diminuindo o risco do sistema apresentar lentid\u00e3o ou ficar fora do ar durante a libera\u00e7\u00e3o dos novos extratos de pagamento.<\/p>\n","protected":false},"excerpt":{"rendered":"<p>O Instituto Nacional do Seguro Social (INSS) anunciou que as ag\u00eancias f\u00edsicas e os sistemas digitais do \u00f3rg\u00e3o passar\u00e3o por uma paralisa\u00e7\u00e3o tempor\u00e1ria em janeiro. A medida tem como objetivo a moderniza\u00e7\u00e3o do atendimento prestado \u00e0 popula\u00e7\u00e3o. De acordo com o comunicado emitido pelo INSS, as ag\u00eancias estar\u00e3o fechadas nos dias 28, 29 e 30 de janeiro. J\u00e1 os servi\u00e7os digitais ficar\u00e3o indispon\u00edveis a partir das 19h do dia 27 at\u00e9 o dia 31. Para reduzir os impactos aos cidad\u00e3os, o INSS confirmou que realizar\u00e1 atendimentos extras nos finais de semana. O objetivo \u00e9 antecipar as demandas agendadas para o [&hellip;]<\/p>\n","protected":false},"author":2,"featured_media":5762,"comment_status":"open","ping_status":"open","sticky":false,"template":"","format":"standard","meta":{"_jetpack_newsletter_access":"","_jetpack_dont_email_post_to_subs":false,"_jetpack_newsletter_tier_id":0,"_jetpack_memberships_contains_paywalled_content":false,"_jetpack_feature_clip_id":0,"_jetpack_memberships_contains_paid_content":false,"footnotes":"","jetpack_publicize_message":"","jetpack_publicize_feature_enabled":true,"jetpack_social_post_already_shared":true,"jetpack_social_options":{"image_generator_settings":{"template":"highway","default_image_id":0,"font":"","enabled":false},"version":2},"jetpack_post_was_ever_published":false},"categories":[149],"tags":[],"class_list":["post-25723","post","type-post","status-publish","format-standard","has-post-thumbnail","hentry","category-brasil"],"aioseo_notices":[],"aioseo_head":"\n\t\t<!-- All in One SEO 4.9.10 - aioseo.com -->\n\t<meta name=\"description\" content=\"O Instituto Nacional do Seguro Social (INSS) anunciou que as ag\u00eancias f\u00edsicas e os sistemas digitais do \u00f3rg\u00e3o passar\u00e3o por uma paralisa\u00e7\u00e3o tempor\u00e1ria em janeiro. A medida tem como objetivo a moderniza\u00e7\u00e3o do atendimento prestado \u00e0 popula\u00e7\u00e3o. De acordo com o comunicado emitido pelo INSS, as ag\u00eancias estar\u00e3o fechadas nos dias 28, 29 e 30\" \/>\n\t<meta name=\"robots\" content=\"max-image-preview:large\" \/>\n\t<meta name=\"author\" content=\"serrafm87\"\/>\n\t<link rel=\"canonical\" href=\"https:\/\/serrafm879.com.br\/serrafm\/2026\/01\/sistema-do-inss-ficara-indisponivel-a-partir-do-dia-27-de-janeiro\/\" \/>\n\t<meta name=\"generator\" content=\"All in One SEO (AIOSEO) 4.9.10\" \/>\n\t\t<meta name=\"twitter:card\" content=\"summary_large_image\" \/>\n\t\t<meta name=\"twitter:title\" content=\"Sistema do INSS ficar\u00e1 indispon\u00edvel a partir do dia 27 de janeiro - Serra FM 87,9\" \/>\n\t\t<meta name=\"twitter:description\" content=\"O Instituto Nacional do Seguro Social (INSS) anunciou que as ag\u00eancias f\u00edsicas e os sistemas digitais do \u00f3rg\u00e3o passar\u00e3o por uma paralisa\u00e7\u00e3o tempor\u00e1ria em janeiro. A medida tem como objetivo a moderniza\u00e7\u00e3o do atendimento prestado \u00e0 popula\u00e7\u00e3o. De acordo com o comunicado emitido pelo INSS, as ag\u00eancias estar\u00e3o fechadas nos dias 28, 29 e 30\" \/>\n\t\t<meta name=\"twitter:image\" content=\"https:\/\/serrafm879.com.br\/serrafm\/wp-content\/uploads\/2021\/05\/inssprova.jpg\" \/>\n\t\t<script type=\"application\/ld+json\" class=\"aioseo-schema\">\n\t\t\t{\"@context\":\"https:\\\/\\\/schema.org\",\"@graph\":[{\"@type\":\"BlogPosting\",\"@id\":\"https:\\\/\\\/serrafm879.com.br\\\/serrafm\\\/2026\\\/01\\\/sistema-do-inss-ficara-indisponivel-a-partir-do-dia-27-de-janeiro\\\/#blogposting\",\"name\":\"Sistema do INSS ficar\\u00e1 indispon\\u00edvel a partir do dia 27 de janeiro - Serra FM 87,9\",\"headline\":\"Sistema do INSS ficar\\u00e1 indispon\\u00edvel a partir do dia 27 de janeiro\",\"author\":{\"@id\":\"https:\\\/\\\/serrafm879.com.br\\\/serrafm\\\/author\\\/serrafm87\\\/#author\"},\"publisher\":{\"@id\":\"https:\\\/\\\/serrafm879.com.br\\\/serrafm\\\/#organization\"},\"image\":{\"@type\":\"ImageObject\",\"url\":\"https:\\\/\\\/serrafm879.com.br\\\/serrafm\\\/wp-content\\\/uploads\\\/2021\\\/05\\\/inssprova.jpg\",\"width\":611,\"height\":417},\"datePublished\":\"2026-01-20T13:35:53-03:00\",\"dateModified\":\"2026-01-20T13:35:53-03:00\",\"inLanguage\":\"pt-BR\",\"mainEntityOfPage\":{\"@id\":\"https:\\\/\\\/serrafm879.com.br\\\/serrafm\\\/2026\\\/01\\\/sistema-do-inss-ficara-indisponivel-a-partir-do-dia-27-de-janeiro\\\/#webpage\"},\"isPartOf\":{\"@id\":\"https:\\\/\\\/serrafm879.com.br\\\/serrafm\\\/2026\\\/01\\\/sistema-do-inss-ficara-indisponivel-a-partir-do-dia-27-de-janeiro\\\/#webpage\"},\"articleSection\":\"Brasil\"},{\"@type\":\"BreadcrumbList\",\"@id\":\"https:\\\/\\\/serrafm879.com.br\\\/serrafm\\\/2026\\\/01\\\/sistema-do-inss-ficara-indisponivel-a-partir-do-dia-27-de-janeiro\\\/#breadcrumblist\",\"itemListElement\":[{\"@type\":\"ListItem\",\"@id\":\"https:\\\/\\\/serrafm879.com.br\\\/serrafm#listItem\",\"position\":1,\"name\":\"Home\",\"item\":\"https:\\\/\\\/serrafm879.com.br\\\/serrafm\",\"nextItem\":{\"@type\":\"ListItem\",\"@id\":\"https:\\\/\\\/serrafm879.com.br\\\/serrafm\\\/categoria\\\/brasil\\\/#listItem\",\"name\":\"Brasil\"}},{\"@type\":\"ListItem\",\"@id\":\"https:\\\/\\\/serrafm879.com.br\\\/serrafm\\\/categoria\\\/brasil\\\/#listItem\",\"position\":2,\"name\":\"Brasil\",\"item\":\"https:\\\/\\\/serrafm879.com.br\\\/serrafm\\\/categoria\\\/brasil\\\/\",\"nextItem\":{\"@type\":\"ListItem\",\"@id\":\"https:\\\/\\\/serrafm879.com.br\\\/serrafm\\\/2026\\\/01\\\/sistema-do-inss-ficara-indisponivel-a-partir-do-dia-27-de-janeiro\\\/#listItem\",\"name\":\"Sistema do INSS ficar\\u00e1 indispon\\u00edvel a partir do dia 27 de janeiro\"},\"previousItem\":{\"@type\":\"ListItem\",\"@id\":\"https:\\\/\\\/serrafm879.com.br\\\/serrafm#listItem\",\"name\":\"Home\"}},{\"@type\":\"ListItem\",\"@id\":\"https:\\\/\\\/serrafm879.com.br\\\/serrafm\\\/2026\\\/01\\\/sistema-do-inss-ficara-indisponivel-a-partir-do-dia-27-de-janeiro\\\/#listItem\",\"position\":3,\"name\":\"Sistema do INSS ficar\\u00e1 indispon\\u00edvel a partir do dia 27 de janeiro\",\"previousItem\":{\"@type\":\"ListItem\",\"@id\":\"https:\\\/\\\/serrafm879.com.br\\\/serrafm\\\/categoria\\\/brasil\\\/#listItem\",\"name\":\"Brasil\"}}]},{\"@type\":\"Organization\",\"@id\":\"https:\\\/\\\/serrafm879.com.br\\\/serrafm\\\/#organization\",\"name\":\"Serra FM 87,9\",\"description\":\"O seu novo amor!\",\"url\":\"https:\\\/\\\/serrafm879.com.br\\\/serrafm\\\/\"},{\"@type\":\"Person\",\"@id\":\"https:\\\/\\\/serrafm879.com.br\\\/serrafm\\\/author\\\/serrafm87\\\/#author\",\"url\":\"https:\\\/\\\/serrafm879.com.br\\\/serrafm\\\/author\\\/serrafm87\\\/\",\"name\":\"serrafm87\",\"image\":{\"@type\":\"ImageObject\",\"@id\":\"https:\\\/\\\/serrafm879.com.br\\\/serrafm\\\/2026\\\/01\\\/sistema-do-inss-ficara-indisponivel-a-partir-do-dia-27-de-janeiro\\\/#authorImage\",\"url\":\"https:\\\/\\\/secure.gravatar.com\\\/avatar\\\/a743233f1112d34f48bb3dc9559b76eb930bab8b27175856cba6362608736235?s=96&d=mm&r=g\",\"width\":96,\"height\":96,\"caption\":\"serrafm87\"}},{\"@type\":\"WebPage\",\"@id\":\"https:\\\/\\\/serrafm879.com.br\\\/serrafm\\\/2026\\\/01\\\/sistema-do-inss-ficara-indisponivel-a-partir-do-dia-27-de-janeiro\\\/#webpage\",\"url\":\"https:\\\/\\\/serrafm879.com.br\\\/serrafm\\\/2026\\\/01\\\/sistema-do-inss-ficara-indisponivel-a-partir-do-dia-27-de-janeiro\\\/\",\"name\":\"Sistema do INSS ficar\\u00e1 indispon\\u00edvel a partir do dia 27 de janeiro - Serra FM 87,9\",\"description\":\"O Instituto Nacional do Seguro Social (INSS) anunciou que as ag\\u00eancias f\\u00edsicas e os sistemas digitais do \\u00f3rg\\u00e3o passar\\u00e3o por uma paralisa\\u00e7\\u00e3o tempor\\u00e1ria em janeiro. A medida tem como objetivo a moderniza\\u00e7\\u00e3o do atendimento prestado \\u00e0 popula\\u00e7\\u00e3o. De acordo com o comunicado emitido pelo INSS, as ag\\u00eancias estar\\u00e3o fechadas nos dias 28, 29 e 30\",\"inLanguage\":\"pt-BR\",\"isPartOf\":{\"@id\":\"https:\\\/\\\/serrafm879.com.br\\\/serrafm\\\/#website\"},\"breadcrumb\":{\"@id\":\"https:\\\/\\\/serrafm879.com.br\\\/serrafm\\\/2026\\\/01\\\/sistema-do-inss-ficara-indisponivel-a-partir-do-dia-27-de-janeiro\\\/#breadcrumblist\"},\"author\":{\"@id\":\"https:\\\/\\\/serrafm879.com.br\\\/serrafm\\\/author\\\/serrafm87\\\/#author\"},\"creator\":{\"@id\":\"https:\\\/\\\/serrafm879.com.br\\\/serrafm\\\/author\\\/serrafm87\\\/#author\"},\"image\":{\"@type\":\"ImageObject\",\"url\":\"https:\\\/\\\/serrafm879.com.br\\\/serrafm\\\/wp-content\\\/uploads\\\/2021\\\/05\\\/inssprova.jpg\",\"@id\":\"https:\\\/\\\/serrafm879.com.br\\\/serrafm\\\/2026\\\/01\\\/sistema-do-inss-ficara-indisponivel-a-partir-do-dia-27-de-janeiro\\\/#mainImage\",\"width\":611,\"height\":417},\"primaryImageOfPage\":{\"@id\":\"https:\\\/\\\/serrafm879.com.br\\\/serrafm\\\/2026\\\/01\\\/sistema-do-inss-ficara-indisponivel-a-partir-do-dia-27-de-janeiro\\\/#mainImage\"},\"datePublished\":\"2026-01-20T13:35:53-03:00\",\"dateModified\":\"2026-01-20T13:35:53-03:00\"},{\"@type\":\"WebSite\",\"@id\":\"https:\\\/\\\/serrafm879.com.br\\\/serrafm\\\/#website\",\"url\":\"https:\\\/\\\/serrafm879.com.br\\\/serrafm\\\/\",\"name\":\"Serra FM 87,9\",\"description\":\"O seu novo amor!\",\"inLanguage\":\"pt-BR\",\"publisher\":{\"@id\":\"https:\\\/\\\/serrafm879.com.br\\\/serrafm\\\/#organization\"}}]}\n\t\t<\/script>\n\t\t<!-- All in One SEO -->\n\n","aioseo_head_json":{"title":"Sistema do INSS ficar\u00e1 indispon\u00edvel a partir do dia 27 de janeiro - Serra FM 87,9","description":"O Instituto Nacional do Seguro Social (INSS) anunciou que as ag\u00eancias f\u00edsicas e os sistemas digitais do \u00f3rg\u00e3o passar\u00e3o por uma paralisa\u00e7\u00e3o tempor\u00e1ria em janeiro. A medida tem como objetivo a moderniza\u00e7\u00e3o do atendimento prestado \u00e0 popula\u00e7\u00e3o. De acordo com o comunicado emitido pelo INSS, as ag\u00eancias estar\u00e3o fechadas nos dias 28, 29 e 30","canonical_url":"https:\/\/serrafm879.com.br\/serrafm\/2026\/01\/sistema-do-inss-ficara-indisponivel-a-partir-do-dia-27-de-janeiro\/","robots":"max-image-preview:large","keywords":"","webmasterTools":{"miscellaneous":""},"schema":{"@context":"https:\/\/schema.org","@graph":[{"@type":"BlogPosting","@id":"https:\/\/serrafm879.com.br\/serrafm\/2026\/01\/sistema-do-inss-ficara-indisponivel-a-partir-do-dia-27-de-janeiro\/#blogposting","name":"Sistema do INSS ficar\u00e1 indispon\u00edvel a partir do dia 27 de janeiro - Serra FM 87,9","headline":"Sistema do INSS ficar\u00e1 indispon\u00edvel a partir do dia 27 de janeiro","author":{"@id":"https:\/\/serrafm879.com.br\/serrafm\/author\/serrafm87\/#author"},"publisher":{"@id":"https:\/\/serrafm879.com.br\/serrafm\/#organization"},"image":{"@type":"ImageObject","url":"https:\/\/serrafm879.com.br\/serrafm\/wp-content\/uploads\/2021\/05\/inssprova.jpg","width":611,"height":417},"datePublished":"2026-01-20T13:35:53-03:00","dateModified":"2026-01-20T13:35:53-03:00","inLanguage":"pt-BR","mainEntityOfPage":{"@id":"https:\/\/serrafm879.com.br\/serrafm\/2026\/01\/sistema-do-inss-ficara-indisponivel-a-partir-do-dia-27-de-janeiro\/#webpage"},"isPartOf":{"@id":"https:\/\/serrafm879.com.br\/serrafm\/2026\/01\/sistema-do-inss-ficara-indisponivel-a-partir-do-dia-27-de-janeiro\/#webpage"},"articleSection":"Brasil"},{"@type":"BreadcrumbList","@id":"https:\/\/serrafm879.com.br\/serrafm\/2026\/01\/sistema-do-inss-ficara-indisponivel-a-partir-do-dia-27-de-janeiro\/#breadcrumblist","itemListElement":[{"@type":"ListItem","@id":"https:\/\/serrafm879.com.br\/serrafm#listItem","position":1,"name":"Home","item":"https:\/\/serrafm879.com.br\/serrafm","nextItem":{"@type":"ListItem","@id":"https:\/\/serrafm879.com.br\/serrafm\/categoria\/brasil\/#listItem","name":"Brasil"}},{"@type":"ListItem","@id":"https:\/\/serrafm879.com.br\/serrafm\/categoria\/brasil\/#listItem","position":2,"name":"Brasil","item":"https:\/\/serrafm879.com.br\/serrafm\/categoria\/brasil\/","nextItem":{"@type":"ListItem","@id":"https:\/\/serrafm879.com.br\/serrafm\/2026\/01\/sistema-do-inss-ficara-indisponivel-a-partir-do-dia-27-de-janeiro\/#listItem","name":"Sistema do INSS ficar\u00e1 indispon\u00edvel a partir do dia 27 de janeiro"},"previousItem":{"@type":"ListItem","@id":"https:\/\/serrafm879.com.br\/serrafm#listItem","name":"Home"}},{"@type":"ListItem","@id":"https:\/\/serrafm879.com.br\/serrafm\/2026\/01\/sistema-do-inss-ficara-indisponivel-a-partir-do-dia-27-de-janeiro\/#listItem","position":3,"name":"Sistema do INSS ficar\u00e1 indispon\u00edvel a partir do dia 27 de janeiro","previousItem":{"@type":"ListItem","@id":"https:\/\/serrafm879.com.br\/serrafm\/categoria\/brasil\/#listItem","name":"Brasil"}}]},{"@type":"Organization","@id":"https:\/\/serrafm879.com.br\/serrafm\/#organization","name":"Serra FM 87,9","description":"O seu novo amor!","url":"https:\/\/serrafm879.com.br\/serrafm\/"},{"@type":"Person","@id":"https:\/\/serrafm879.com.br\/serrafm\/author\/serrafm87\/#author","url":"https:\/\/serrafm879.com.br\/serrafm\/author\/serrafm87\/","name":"serrafm87","image":{"@type":"ImageObject","@id":"https:\/\/serrafm879.com.br\/serrafm\/2026\/01\/sistema-do-inss-ficara-indisponivel-a-partir-do-dia-27-de-janeiro\/#authorImage","url":"https:\/\/secure.gravatar.com\/avatar\/a743233f1112d34f48bb3dc9559b76eb930bab8b27175856cba6362608736235?s=96&d=mm&r=g","width":96,"height":96,"caption":"serrafm87"}},{"@type":"WebPage","@id":"https:\/\/serrafm879.com.br\/serrafm\/2026\/01\/sistema-do-inss-ficara-indisponivel-a-partir-do-dia-27-de-janeiro\/#webpage","url":"https:\/\/serrafm879.com.br\/serrafm\/2026\/01\/sistema-do-inss-ficara-indisponivel-a-partir-do-dia-27-de-janeiro\/","name":"Sistema do INSS ficar\u00e1 indispon\u00edvel a partir do dia 27 de janeiro - Serra FM 87,9","description":"O Instituto Nacional do Seguro Social (INSS) anunciou que as ag\u00eancias f\u00edsicas e os sistemas digitais do \u00f3rg\u00e3o passar\u00e3o por uma paralisa\u00e7\u00e3o tempor\u00e1ria em janeiro. A medida tem como objetivo a moderniza\u00e7\u00e3o do atendimento prestado \u00e0 popula\u00e7\u00e3o. De acordo com o comunicado emitido pelo INSS, as ag\u00eancias estar\u00e3o fechadas nos dias 28, 29 e 30","inLanguage":"pt-BR","isPartOf":{"@id":"https:\/\/serrafm879.com.br\/serrafm\/#website"},"breadcrumb":{"@id":"https:\/\/serrafm879.com.br\/serrafm\/2026\/01\/sistema-do-inss-ficara-indisponivel-a-partir-do-dia-27-de-janeiro\/#breadcrumblist"},"author":{"@id":"https:\/\/serrafm879.com.br\/serrafm\/author\/serrafm87\/#author"},"creator":{"@id":"https:\/\/serrafm879.com.br\/serrafm\/author\/serrafm87\/#author"},"image":{"@type":"ImageObject","url":"https:\/\/serrafm879.com.br\/serrafm\/wp-content\/uploads\/2021\/05\/inssprova.jpg","@id":"https:\/\/serrafm879.com.br\/serrafm\/2026\/01\/sistema-do-inss-ficara-indisponivel-a-partir-do-dia-27-de-janeiro\/#mainImage","width":611,"height":417},"primaryImageOfPage":{"@id":"https:\/\/serrafm879.com.br\/serrafm\/2026\/01\/sistema-do-inss-ficara-indisponivel-a-partir-do-dia-27-de-janeiro\/#mainImage"},"datePublished":"2026-01-20T13:35:53-03:00","dateModified":"2026-01-20T13:35:53-03:00"},{"@type":"WebSite","@id":"https:\/\/serrafm879.com.br\/serrafm\/#website","url":"https:\/\/serrafm879.com.br\/serrafm\/","name":"Serra FM 87,9","description":"O seu novo amor!","inLanguage":"pt-BR","publisher":{"@id":"https:\/\/serrafm879.com.br\/serrafm\/#organization"}}]},"twitter:card":"summary_large_image","twitter:title":"Sistema do INSS ficar\u00e1 indispon\u00edvel a partir do dia 27 de janeiro - Serra FM 87,9","twitter:description":"O Instituto Nacional do Seguro Social (INSS) anunciou que as ag\u00eancias f\u00edsicas e os sistemas digitais do \u00f3rg\u00e3o passar\u00e3o por uma paralisa\u00e7\u00e3o tempor\u00e1ria em janeiro. A medida tem como objetivo a moderniza\u00e7\u00e3o do atendimento prestado \u00e0 popula\u00e7\u00e3o. De acordo com o comunicado emitido pelo INSS, as ag\u00eancias estar\u00e3o fechadas nos dias 28, 29 e 30","twitter:image":"https:\/\/serrafm879.com.br\/serrafm\/wp-content\/uploads\/2021\/05\/inssprova.jpg"},"aioseo_meta_data":{"post_id":"25723","title":null,"description":null,"keywords":null,"keyphrases":null,"primary_term":null,"canonical_url":null,"og_title":null,"og_description":null,"og_object_type":"default","og_image_type":"default","og_image_custom_url":null,"og_image_custom_fields":null,"og_image_url":null,"og_image_width":null,"og_image_height":null,"og_video":null,"og_custom_url":null,"og_article_section":null,"og_article_tags":null,"twitter_use_og":false,"twitter_card":"default","twitter_image_type":"default","twitter_image_custom_url":null,"twitter_image_custom_fields":null,"twitter_image_url":null,"twitter_title":null,"twitter_description":null,"schema_type":"default","schema_type_options":null,"schema":{"blockGraphs":[],"customGraphs":[],"default":{"data":{"Article":[],"Course":[],"Dataset":[],"FAQPage":[],"Movie":[],"Person":[],"Product":[],"ProductReview":[],"Car":[],"Recipe":[],"Service":[],"SoftwareApplication":[],"WebPage":[]},"graphName":"","isEnabled":true},"graphs":[]},"pillar_content":false,"robots_default":true,"robots_noindex":false,"robots_noarchive":false,"robots_nosnippet":false,"robots_nofollow":false,"robots_noimageindex":false,"robots_noodp":false,"robots_notranslate":false,"robots_max_snippet":null,"robots_max_videopreview":null,"robots_max_imagepreview":"large","priority":null,"frequency":null,"local_seo":null,"limit_modified_date":false,"ai":null,"breadcrumb_settings":null,"seo_analyzer_scan_date":null,"created":"2026-07-21 18:45:49","updated":"2026-07-21 18:45:49"},"aioseo_breadcrumb":"<div class=\"aioseo-breadcrumbs\"><span class=\"aioseo-breadcrumb\">\n\t\t\t<a href=\"https:\/\/serrafm879.com.br\/serrafm\" title=\"Home\">Home<\/a>\n\t\t<\/span><span class=\"aioseo-breadcrumb-separator\">&raquo;<\/span><span class=\"aioseo-breadcrumb\">\n\t\t\t<a href=\"https:\/\/serrafm879.com.br\/serrafm\/categoria\/brasil\/\" title=\"Brasil\">Brasil<\/a>\n\t\t<\/span><span class=\"aioseo-breadcrumb-separator\">&raquo;<\/span><span class=\"aioseo-breadcrumb\">\n\t\t\tSistema do INSS ficar\u00e1 indispon\u00edvel a partir do dia 27 de janeiro\n\t\t<\/span><\/div>","aioseo_breadcrumb_json":[{"label":"Home","link":"https:\/\/serrafm879.com.br\/serrafm"},{"label":"Brasil","link":"https:\/\/serrafm879.com.br\/serrafm\/categoria\/brasil\/"},{"label":"Sistema do INSS ficar\u00e1 indispon\u00edvel a partir do dia 27 de janeiro","link":"https:\/\/serrafm879.com.br\/serrafm\/2026\/01\/sistema-do-inss-ficara-indisponivel-a-partir-do-dia-27-de-janeiro\/"}],"jetpack_publicize_connections":[],"jetpack_featured_media_url":"https:\/\/serrafm879.com.br\/serrafm\/wp-content\/uploads\/2021\/05\/inssprova.jpg","jetpack_shortlink":"https:\/\/wp.me\/p7HyXg-6GT","jetpack_sharing_enabled":true,"_links":{"self":[{"href":"https:\/\/serrafm879.com.br\/serrafm\/wp-json\/wp\/v2\/posts\/25723","targetHints":{"allow":["GET"]}}],"collection":[{"href":"https:\/\/serrafm879.com.br\/serrafm\/wp-json\/wp\/v2\/posts"}],"about":[{"href":"https:\/\/serrafm879.com.br\/serrafm\/wp-json\/wp\/v2\/types\/post"}],"author":[{"embeddable":true,"href":"https:\/\/serrafm879.com.br\/serrafm\/wp-json\/wp\/v2\/users\/2"}],"replies":[{"embeddable":true,"href":"https:\/\/serrafm879.com.br\/serrafm\/wp-json\/wp\/v2\/comments?post=25723"}],"version-history":[{"count":1,"href":"https:\/\/serrafm879.com.br\/serrafm\/wp-json\/wp\/v2\/posts\/25723\/revisions"}],"predecessor-version":[{"id":25724,"href":"https:\/\/serrafm879.com.br\/serrafm\/wp-json\/wp\/v2\/posts\/25723\/revisions\/25724"}],"wp:featuredmedia":[{"embeddable":true,"href":"https:\/\/serrafm879.com.br\/serrafm\/wp-json\/wp\/v2\/media\/5762"}],"wp:attachment":[{"href":"https:\/\/serrafm879.com.br\/serrafm\/wp-json\/wp\/v2\/media?parent=25723"}],"wp:term":[{"taxonomy":"category","embeddable":true,"href":"https:\/\/serrafm879.com.br\/serrafm\/wp-json\/wp\/v2\/categories?post=25723"},{"taxonomy":"post_tag","embeddable":true,"href":"https:\/\/serrafm879.com.br\/serrafm\/wp-json\/wp\/v2\/tags?post=25723"}],"curies":[{"name":"wp","href":"https:\/\/api.w.org\/{rel}","templated":true}]}}