{"id":25730,"date":"2026-01-21T05:55:13","date_gmt":"2026-01-21T08:55:13","guid":{"rendered":"https:\/\/serrafm879.com.br\/serrafm\/?p=25730"},"modified":"2026-01-20T23:01:24","modified_gmt":"2026-01-21T02:01:24","slug":"trump-confirma-convite-a-lula-para-conselho-da-paz-e-elogia-brasileiro-eu-gosto-dele","status":"publish","type":"post","link":"https:\/\/serrafm879.com.br\/serrafm\/2026\/01\/trump-confirma-convite-a-lula-para-conselho-da-paz-e-elogia-brasileiro-eu-gosto-dele\/","title":{"rendered":"Trump confirma convite a Lula para &#8216;Conselho da Paz&#8217; e elogia brasileiro: &#8216;Eu gosto dele&#8217;"},"content":{"rendered":"<p>O presidente dos EUA, Donald Trump, confirmou nesta ter\u00e7a-feira (20) que convidou seu colega brasileiro, Luiz In\u00e1cio Lula da Silva, para o seu Conselho de Paz, uma esp\u00e9cie de &#8220;ONU paralela&#8221; que o republicano visa criar.<\/p>\n<p>Durante uma coletiva de imprensa na Casa Branca em Washington, a rep\u00f3rter da TV Globo Raquel Kr\u00e4henb\u00fchl perguntou a Trump se ele havia convidado Lula para integrar o conselho, e qual o papel que esperava do brasileiro, especialmente na crise entre EUA e Venezuela.<\/p>\n<p>Trump confirmou e respondeu: &#8220;Um grande papel. Eu gosto dele&#8221;.<\/p>\n<p>O Conselho de Paz \u00e9 uma estrutura criada por Trump para atuar na manuten\u00e7\u00e3o da paz e na reconstru\u00e7\u00e3o da Faixa de Gaza. A iniciativa tamb\u00e9m pode atuar em outros conflitos internacionais no futuro. Pela proposta do republicano, os integrantes do \u00f3rg\u00e3o exercer\u00e3o um mandato de tr\u00eas anos ou poder\u00e3o ter cargos vital\u00edcios caso paguem US$ 1 bilh\u00e3o (cerca de R$ 5,37 bilh\u00f5es) em dinheiro vivo.<\/p>\n<p>O evento na sala de imprensa da Casa Branca marcou o primeiro anivers\u00e1rio de seu segundo mandato.<\/p>\n","protected":false},"excerpt":{"rendered":"<p>O presidente dos EUA, Donald Trump, confirmou nesta ter\u00e7a-feira (20) que convidou seu colega brasileiro, Luiz In\u00e1cio Lula da Silva, para o seu Conselho de Paz, uma esp\u00e9cie de &#8220;ONU paralela&#8221; que o republicano visa criar. Durante uma coletiva de imprensa na Casa Branca em Washington, a rep\u00f3rter da TV Globo Raquel Kr\u00e4henb\u00fchl perguntou a Trump se ele havia convidado Lula para integrar o conselho, e qual o papel que esperava do brasileiro, especialmente na crise entre EUA e Venezuela. Trump confirmou e respondeu: &#8220;Um grande papel. Eu gosto dele&#8221;. O Conselho de Paz \u00e9 uma estrutura criada por Trump [&hellip;]<\/p>\n","protected":false},"author":2,"featured_media":25731,"comment_status":"open","ping_status":"open","sticky":false,"template":"","format":"standard","meta":{"_jetpack_newsletter_access":"","_jetpack_dont_email_post_to_subs":false,"_jetpack_newsletter_tier_id":0,"_jetpack_memberships_contains_paywalled_content":false,"_jetpack_feature_clip_id":0,"_jetpack_memberships_contains_paid_content":false,"footnotes":"","jetpack_publicize_message":"","jetpack_publicize_feature_enabled":true,"jetpack_social_post_already_shared":true,"jetpack_social_options":{"image_generator_settings":{"template":"highway","default_image_id":0,"font":"","enabled":false},"version":2},"jetpack_post_was_ever_published":false},"categories":[149],"tags":[],"class_list":["post-25730","post","type-post","status-publish","format-standard","has-post-thumbnail","hentry","category-brasil"],"aioseo_notices":[],"aioseo_head":"\n\t\t<!-- All in One SEO 4.9.10 - aioseo.com -->\n\t<meta name=\"description\" content=\"O presidente dos EUA, Donald Trump, confirmou nesta ter\u00e7a-feira (20) que convidou seu colega brasileiro, Luiz In\u00e1cio Lula da Silva, para o seu Conselho de Paz, uma esp\u00e9cie de &quot;ONU paralela&quot; que o republicano visa criar. Durante uma coletiva de imprensa na Casa Branca em Washington, a rep\u00f3rter da TV Globo Raquel Kr\u00e4henb\u00fchl perguntou a\" \/>\n\t<meta name=\"robots\" content=\"max-image-preview:large\" \/>\n\t<meta name=\"author\" content=\"serrafm87\"\/>\n\t<link rel=\"canonical\" href=\"https:\/\/serrafm879.com.br\/serrafm\/2026\/01\/trump-confirma-convite-a-lula-para-conselho-da-paz-e-elogia-brasileiro-eu-gosto-dele\/\" \/>\n\t<meta name=\"generator\" content=\"All in One SEO (AIOSEO) 4.9.10\" \/>\n\t\t<meta name=\"twitter:card\" content=\"summary_large_image\" \/>\n\t\t<meta name=\"twitter:title\" content=\"Trump confirma convite a Lula para \u2018Conselho da Paz\u2019 e elogia brasileiro: \u2018Eu gosto dele\u2019 - Serra FM 87,9\" \/>\n\t\t<meta name=\"twitter:description\" content=\"O presidente dos EUA, Donald Trump, confirmou nesta ter\u00e7a-feira (20) que convidou seu colega brasileiro, Luiz In\u00e1cio Lula da Silva, para o seu Conselho de Paz, uma esp\u00e9cie de &quot;ONU paralela&quot; que o republicano visa criar. Durante uma coletiva de imprensa na Casa Branca em Washington, a rep\u00f3rter da TV Globo Raquel Kr\u00e4henb\u00fchl perguntou a\" \/>\n\t\t<meta name=\"twitter:image\" content=\"https:\/\/serrafm879.com.br\/serrafm\/wp-content\/uploads\/2026\/01\/g4lqth7wgaanm-c.png\" \/>\n\t\t<script type=\"application\/ld+json\" class=\"aioseo-schema\">\n\t\t\t{\"@context\":\"https:\\\/\\\/schema.org\",\"@graph\":[{\"@type\":\"BlogPosting\",\"@id\":\"https:\\\/\\\/serrafm879.com.br\\\/serrafm\\\/2026\\\/01\\\/trump-confirma-convite-a-lula-para-conselho-da-paz-e-elogia-brasileiro-eu-gosto-dele\\\/#blogposting\",\"name\":\"Trump confirma convite a Lula para \\u2018Conselho da Paz\\u2019 e elogia brasileiro: \\u2018Eu gosto dele\\u2019 - Serra FM 87,9\",\"headline\":\"Trump confirma convite a Lula para &#8216;Conselho da Paz&#8217; e elogia brasileiro: &#8216;Eu gosto dele&#8217;\",\"author\":{\"@id\":\"https:\\\/\\\/serrafm879.com.br\\\/serrafm\\\/author\\\/serrafm87\\\/#author\"},\"publisher\":{\"@id\":\"https:\\\/\\\/serrafm879.com.br\\\/serrafm\\\/#organization\"},\"image\":{\"@type\":\"ImageObject\",\"url\":\"https:\\\/\\\/serrafm879.com.br\\\/serrafm\\\/wp-content\\\/uploads\\\/2026\\\/01\\\/g4lqth7wgaanm-c.png\",\"width\":1080,\"height\":608},\"datePublished\":\"2026-01-21T05:55:13-03:00\",\"dateModified\":\"2026-01-20T23:01:24-03:00\",\"inLanguage\":\"pt-BR\",\"mainEntityOfPage\":{\"@id\":\"https:\\\/\\\/serrafm879.com.br\\\/serrafm\\\/2026\\\/01\\\/trump-confirma-convite-a-lula-para-conselho-da-paz-e-elogia-brasileiro-eu-gosto-dele\\\/#webpage\"},\"isPartOf\":{\"@id\":\"https:\\\/\\\/serrafm879.com.br\\\/serrafm\\\/2026\\\/01\\\/trump-confirma-convite-a-lula-para-conselho-da-paz-e-elogia-brasileiro-eu-gosto-dele\\\/#webpage\"},\"articleSection\":\"Brasil\"},{\"@type\":\"BreadcrumbList\",\"@id\":\"https:\\\/\\\/serrafm879.com.br\\\/serrafm\\\/2026\\\/01\\\/trump-confirma-convite-a-lula-para-conselho-da-paz-e-elogia-brasileiro-eu-gosto-dele\\\/#breadcrumblist\",\"itemListElement\":[{\"@type\":\"ListItem\",\"@id\":\"https:\\\/\\\/serrafm879.com.br\\\/serrafm#listItem\",\"position\":1,\"name\":\"Home\",\"item\":\"https:\\\/\\\/serrafm879.com.br\\\/serrafm\",\"nextItem\":{\"@type\":\"ListItem\",\"@id\":\"https:\\\/\\\/serrafm879.com.br\\\/serrafm\\\/categoria\\\/brasil\\\/#listItem\",\"name\":\"Brasil\"}},{\"@type\":\"ListItem\",\"@id\":\"https:\\\/\\\/serrafm879.com.br\\\/serrafm\\\/categoria\\\/brasil\\\/#listItem\",\"position\":2,\"name\":\"Brasil\",\"item\":\"https:\\\/\\\/serrafm879.com.br\\\/serrafm\\\/categoria\\\/brasil\\\/\",\"nextItem\":{\"@type\":\"ListItem\",\"@id\":\"https:\\\/\\\/serrafm879.com.br\\\/serrafm\\\/2026\\\/01\\\/trump-confirma-convite-a-lula-para-conselho-da-paz-e-elogia-brasileiro-eu-gosto-dele\\\/#listItem\",\"name\":\"Trump confirma convite a Lula para &#8216;Conselho da Paz&#8217; e elogia brasileiro: &#8216;Eu gosto dele&#8217;\"},\"previousItem\":{\"@type\":\"ListItem\",\"@id\":\"https:\\\/\\\/serrafm879.com.br\\\/serrafm#listItem\",\"name\":\"Home\"}},{\"@type\":\"ListItem\",\"@id\":\"https:\\\/\\\/serrafm879.com.br\\\/serrafm\\\/2026\\\/01\\\/trump-confirma-convite-a-lula-para-conselho-da-paz-e-elogia-brasileiro-eu-gosto-dele\\\/#listItem\",\"position\":3,\"name\":\"Trump confirma convite a Lula para &#8216;Conselho da Paz&#8217; e elogia brasileiro: &#8216;Eu gosto dele&#8217;\",\"previousItem\":{\"@type\":\"ListItem\",\"@id\":\"https:\\\/\\\/serrafm879.com.br\\\/serrafm\\\/categoria\\\/brasil\\\/#listItem\",\"name\":\"Brasil\"}}]},{\"@type\":\"Organization\",\"@id\":\"https:\\\/\\\/serrafm879.com.br\\\/serrafm\\\/#organization\",\"name\":\"Serra FM 87,9\",\"description\":\"O seu novo amor!\",\"url\":\"https:\\\/\\\/serrafm879.com.br\\\/serrafm\\\/\"},{\"@type\":\"Person\",\"@id\":\"https:\\\/\\\/serrafm879.com.br\\\/serrafm\\\/author\\\/serrafm87\\\/#author\",\"url\":\"https:\\\/\\\/serrafm879.com.br\\\/serrafm\\\/author\\\/serrafm87\\\/\",\"name\":\"serrafm87\",\"image\":{\"@type\":\"ImageObject\",\"@id\":\"https:\\\/\\\/serrafm879.com.br\\\/serrafm\\\/2026\\\/01\\\/trump-confirma-convite-a-lula-para-conselho-da-paz-e-elogia-brasileiro-eu-gosto-dele\\\/#authorImage\",\"url\":\"https:\\\/\\\/secure.gravatar.com\\\/avatar\\\/a743233f1112d34f48bb3dc9559b76eb930bab8b27175856cba6362608736235?s=96&d=mm&r=g\",\"width\":96,\"height\":96,\"caption\":\"serrafm87\"}},{\"@type\":\"WebPage\",\"@id\":\"https:\\\/\\\/serrafm879.com.br\\\/serrafm\\\/2026\\\/01\\\/trump-confirma-convite-a-lula-para-conselho-da-paz-e-elogia-brasileiro-eu-gosto-dele\\\/#webpage\",\"url\":\"https:\\\/\\\/serrafm879.com.br\\\/serrafm\\\/2026\\\/01\\\/trump-confirma-convite-a-lula-para-conselho-da-paz-e-elogia-brasileiro-eu-gosto-dele\\\/\",\"name\":\"Trump confirma convite a Lula para \\u2018Conselho da Paz\\u2019 e elogia brasileiro: \\u2018Eu gosto dele\\u2019 - Serra FM 87,9\",\"description\":\"O presidente dos EUA, Donald Trump, confirmou nesta ter\\u00e7a-feira (20) que convidou seu colega brasileiro, Luiz In\\u00e1cio Lula da Silva, para o seu Conselho de Paz, uma esp\\u00e9cie de \\\"ONU paralela\\\" que o republicano visa criar. Durante uma coletiva de imprensa na Casa Branca em Washington, a rep\\u00f3rter da TV Globo Raquel Kr\\u00e4henb\\u00fchl perguntou a\",\"inLanguage\":\"pt-BR\",\"isPartOf\":{\"@id\":\"https:\\\/\\\/serrafm879.com.br\\\/serrafm\\\/#website\"},\"breadcrumb\":{\"@id\":\"https:\\\/\\\/serrafm879.com.br\\\/serrafm\\\/2026\\\/01\\\/trump-confirma-convite-a-lula-para-conselho-da-paz-e-elogia-brasileiro-eu-gosto-dele\\\/#breadcrumblist\"},\"author\":{\"@id\":\"https:\\\/\\\/serrafm879.com.br\\\/serrafm\\\/author\\\/serrafm87\\\/#author\"},\"creator\":{\"@id\":\"https:\\\/\\\/serrafm879.com.br\\\/serrafm\\\/author\\\/serrafm87\\\/#author\"},\"image\":{\"@type\":\"ImageObject\",\"url\":\"https:\\\/\\\/serrafm879.com.br\\\/serrafm\\\/wp-content\\\/uploads\\\/2026\\\/01\\\/g4lqth7wgaanm-c.png\",\"@id\":\"https:\\\/\\\/serrafm879.com.br\\\/serrafm\\\/2026\\\/01\\\/trump-confirma-convite-a-lula-para-conselho-da-paz-e-elogia-brasileiro-eu-gosto-dele\\\/#mainImage\",\"width\":1080,\"height\":608},\"primaryImageOfPage\":{\"@id\":\"https:\\\/\\\/serrafm879.com.br\\\/serrafm\\\/2026\\\/01\\\/trump-confirma-convite-a-lula-para-conselho-da-paz-e-elogia-brasileiro-eu-gosto-dele\\\/#mainImage\"},\"datePublished\":\"2026-01-21T05:55:13-03:00\",\"dateModified\":\"2026-01-20T23:01:24-03:00\"},{\"@type\":\"WebSite\",\"@id\":\"https:\\\/\\\/serrafm879.com.br\\\/serrafm\\\/#website\",\"url\":\"https:\\\/\\\/serrafm879.com.br\\\/serrafm\\\/\",\"name\":\"Serra FM 87,9\",\"description\":\"O seu novo amor!\",\"inLanguage\":\"pt-BR\",\"publisher\":{\"@id\":\"https:\\\/\\\/serrafm879.com.br\\\/serrafm\\\/#organization\"}}]}\n\t\t<\/script>\n\t\t<!-- All in One SEO -->\n\n","aioseo_head_json":{"title":"Trump confirma convite a Lula para \u2018Conselho da Paz\u2019 e elogia brasileiro: \u2018Eu gosto dele\u2019 - Serra FM 87,9","description":"O presidente dos EUA, Donald Trump, confirmou nesta ter\u00e7a-feira (20) que convidou seu colega brasileiro, Luiz In\u00e1cio Lula da Silva, para o seu Conselho de Paz, uma esp\u00e9cie de \"ONU paralela\" que o republicano visa criar. Durante uma coletiva de imprensa na Casa Branca em Washington, a rep\u00f3rter da TV Globo Raquel Kr\u00e4henb\u00fchl perguntou a","canonical_url":"https:\/\/serrafm879.com.br\/serrafm\/2026\/01\/trump-confirma-convite-a-lula-para-conselho-da-paz-e-elogia-brasileiro-eu-gosto-dele\/","robots":"max-image-preview:large","keywords":"","webmasterTools":{"miscellaneous":""},"schema":{"@context":"https:\/\/schema.org","@graph":[{"@type":"BlogPosting","@id":"https:\/\/serrafm879.com.br\/serrafm\/2026\/01\/trump-confirma-convite-a-lula-para-conselho-da-paz-e-elogia-brasileiro-eu-gosto-dele\/#blogposting","name":"Trump confirma convite a Lula para \u2018Conselho da Paz\u2019 e elogia brasileiro: \u2018Eu gosto dele\u2019 - Serra FM 87,9","headline":"Trump confirma convite a Lula para &#8216;Conselho da Paz&#8217; e elogia brasileiro: &#8216;Eu gosto dele&#8217;","author":{"@id":"https:\/\/serrafm879.com.br\/serrafm\/author\/serrafm87\/#author"},"publisher":{"@id":"https:\/\/serrafm879.com.br\/serrafm\/#organization"},"image":{"@type":"ImageObject","url":"https:\/\/serrafm879.com.br\/serrafm\/wp-content\/uploads\/2026\/01\/g4lqth7wgaanm-c.png","width":1080,"height":608},"datePublished":"2026-01-21T05:55:13-03:00","dateModified":"2026-01-20T23:01:24-03:00","inLanguage":"pt-BR","mainEntityOfPage":{"@id":"https:\/\/serrafm879.com.br\/serrafm\/2026\/01\/trump-confirma-convite-a-lula-para-conselho-da-paz-e-elogia-brasileiro-eu-gosto-dele\/#webpage"},"isPartOf":{"@id":"https:\/\/serrafm879.com.br\/serrafm\/2026\/01\/trump-confirma-convite-a-lula-para-conselho-da-paz-e-elogia-brasileiro-eu-gosto-dele\/#webpage"},"articleSection":"Brasil"},{"@type":"BreadcrumbList","@id":"https:\/\/serrafm879.com.br\/serrafm\/2026\/01\/trump-confirma-convite-a-lula-para-conselho-da-paz-e-elogia-brasileiro-eu-gosto-dele\/#breadcrumblist","itemListElement":[{"@type":"ListItem","@id":"https:\/\/serrafm879.com.br\/serrafm#listItem","position":1,"name":"Home","item":"https:\/\/serrafm879.com.br\/serrafm","nextItem":{"@type":"ListItem","@id":"https:\/\/serrafm879.com.br\/serrafm\/categoria\/brasil\/#listItem","name":"Brasil"}},{"@type":"ListItem","@id":"https:\/\/serrafm879.com.br\/serrafm\/categoria\/brasil\/#listItem","position":2,"name":"Brasil","item":"https:\/\/serrafm879.com.br\/serrafm\/categoria\/brasil\/","nextItem":{"@type":"ListItem","@id":"https:\/\/serrafm879.com.br\/serrafm\/2026\/01\/trump-confirma-convite-a-lula-para-conselho-da-paz-e-elogia-brasileiro-eu-gosto-dele\/#listItem","name":"Trump confirma convite a Lula para &#8216;Conselho da Paz&#8217; e elogia brasileiro: &#8216;Eu gosto dele&#8217;"},"previousItem":{"@type":"ListItem","@id":"https:\/\/serrafm879.com.br\/serrafm#listItem","name":"Home"}},{"@type":"ListItem","@id":"https:\/\/serrafm879.com.br\/serrafm\/2026\/01\/trump-confirma-convite-a-lula-para-conselho-da-paz-e-elogia-brasileiro-eu-gosto-dele\/#listItem","position":3,"name":"Trump confirma convite a Lula para &#8216;Conselho da Paz&#8217; e elogia brasileiro: &#8216;Eu gosto dele&#8217;","previousItem":{"@type":"ListItem","@id":"https:\/\/serrafm879.com.br\/serrafm\/categoria\/brasil\/#listItem","name":"Brasil"}}]},{"@type":"Organization","@id":"https:\/\/serrafm879.com.br\/serrafm\/#organization","name":"Serra FM 87,9","description":"O seu novo amor!","url":"https:\/\/serrafm879.com.br\/serrafm\/"},{"@type":"Person","@id":"https:\/\/serrafm879.com.br\/serrafm\/author\/serrafm87\/#author","url":"https:\/\/serrafm879.com.br\/serrafm\/author\/serrafm87\/","name":"serrafm87","image":{"@type":"ImageObject","@id":"https:\/\/serrafm879.com.br\/serrafm\/2026\/01\/trump-confirma-convite-a-lula-para-conselho-da-paz-e-elogia-brasileiro-eu-gosto-dele\/#authorImage","url":"https:\/\/secure.gravatar.com\/avatar\/a743233f1112d34f48bb3dc9559b76eb930bab8b27175856cba6362608736235?s=96&d=mm&r=g","width":96,"height":96,"caption":"serrafm87"}},{"@type":"WebPage","@id":"https:\/\/serrafm879.com.br\/serrafm\/2026\/01\/trump-confirma-convite-a-lula-para-conselho-da-paz-e-elogia-brasileiro-eu-gosto-dele\/#webpage","url":"https:\/\/serrafm879.com.br\/serrafm\/2026\/01\/trump-confirma-convite-a-lula-para-conselho-da-paz-e-elogia-brasileiro-eu-gosto-dele\/","name":"Trump confirma convite a Lula para \u2018Conselho da Paz\u2019 e elogia brasileiro: \u2018Eu gosto dele\u2019 - Serra FM 87,9","description":"O presidente dos EUA, Donald Trump, confirmou nesta ter\u00e7a-feira (20) que convidou seu colega brasileiro, Luiz In\u00e1cio Lula da Silva, para o seu Conselho de Paz, uma esp\u00e9cie de \"ONU paralela\" que o republicano visa criar. Durante uma coletiva de imprensa na Casa Branca em Washington, a rep\u00f3rter da TV Globo Raquel Kr\u00e4henb\u00fchl perguntou a","inLanguage":"pt-BR","isPartOf":{"@id":"https:\/\/serrafm879.com.br\/serrafm\/#website"},"breadcrumb":{"@id":"https:\/\/serrafm879.com.br\/serrafm\/2026\/01\/trump-confirma-convite-a-lula-para-conselho-da-paz-e-elogia-brasileiro-eu-gosto-dele\/#breadcrumblist"},"author":{"@id":"https:\/\/serrafm879.com.br\/serrafm\/author\/serrafm87\/#author"},"creator":{"@id":"https:\/\/serrafm879.com.br\/serrafm\/author\/serrafm87\/#author"},"image":{"@type":"ImageObject","url":"https:\/\/serrafm879.com.br\/serrafm\/wp-content\/uploads\/2026\/01\/g4lqth7wgaanm-c.png","@id":"https:\/\/serrafm879.com.br\/serrafm\/2026\/01\/trump-confirma-convite-a-lula-para-conselho-da-paz-e-elogia-brasileiro-eu-gosto-dele\/#mainImage","width":1080,"height":608},"primaryImageOfPage":{"@id":"https:\/\/serrafm879.com.br\/serrafm\/2026\/01\/trump-confirma-convite-a-lula-para-conselho-da-paz-e-elogia-brasileiro-eu-gosto-dele\/#mainImage"},"datePublished":"2026-01-21T05:55:13-03:00","dateModified":"2026-01-20T23:01:24-03:00"},{"@type":"WebSite","@id":"https:\/\/serrafm879.com.br\/serrafm\/#website","url":"https:\/\/serrafm879.com.br\/serrafm\/","name":"Serra FM 87,9","description":"O seu novo amor!","inLanguage":"pt-BR","publisher":{"@id":"https:\/\/serrafm879.com.br\/serrafm\/#organization"}}]},"twitter:card":"summary_large_image","twitter:title":"Trump confirma convite a Lula para \u2018Conselho da Paz\u2019 e elogia brasileiro: \u2018Eu gosto dele\u2019 - Serra FM 87,9","twitter:description":"O presidente dos EUA, Donald Trump, confirmou nesta ter\u00e7a-feira (20) que convidou seu colega brasileiro, Luiz In\u00e1cio Lula da Silva, para o seu Conselho de Paz, uma esp\u00e9cie de &quot;ONU paralela&quot; que o republicano visa criar. Durante uma coletiva de imprensa na Casa Branca em Washington, a rep\u00f3rter da TV Globo Raquel Kr\u00e4henb\u00fchl perguntou a","twitter:image":"https:\/\/serrafm879.com.br\/serrafm\/wp-content\/uploads\/2026\/01\/g4lqth7wgaanm-c.png"},"aioseo_meta_data":{"post_id":"25730","title":null,"description":null,"keywords":null,"keyphrases":null,"primary_term":null,"canonical_url":null,"og_title":null,"og_description":null,"og_object_type":"default","og_image_type":"default","og_image_custom_url":null,"og_image_custom_fields":null,"og_image_url":null,"og_image_width":null,"og_image_height":null,"og_video":null,"og_custom_url":null,"og_article_section":null,"og_article_tags":null,"twitter_use_og":false,"twitter_card":"default","twitter_image_type":"default","twitter_image_custom_url":null,"twitter_image_custom_fields":null,"twitter_image_url":null,"twitter_title":null,"twitter_description":null,"schema_type":"default","schema_type_options":null,"schema":{"blockGraphs":[],"customGraphs":[],"default":{"data":{"Article":[],"Course":[],"Dataset":[],"FAQPage":[],"Movie":[],"Person":[],"Product":[],"ProductReview":[],"Car":[],"Recipe":[],"Service":[],"SoftwareApplication":[],"WebPage":[]},"graphName":"","isEnabled":true},"graphs":[]},"pillar_content":false,"robots_default":true,"robots_noindex":false,"robots_noarchive":false,"robots_nosnippet":false,"robots_nofollow":false,"robots_noimageindex":false,"robots_noodp":false,"robots_notranslate":false,"robots_max_snippet":null,"robots_max_videopreview":null,"robots_max_imagepreview":"large","priority":null,"frequency":null,"local_seo":null,"limit_modified_date":false,"ai":null,"breadcrumb_settings":null,"seo_analyzer_scan_date":null,"created":"2026-07-21 18:45:49","updated":"2026-07-21 18:45:49"},"aioseo_breadcrumb":"<div class=\"aioseo-breadcrumbs\"><span class=\"aioseo-breadcrumb\">\n\t\t\t<a href=\"https:\/\/serrafm879.com.br\/serrafm\" title=\"Home\">Home<\/a>\n\t\t<\/span><span class=\"aioseo-breadcrumb-separator\">&raquo;<\/span><span class=\"aioseo-breadcrumb\">\n\t\t\t<a href=\"https:\/\/serrafm879.com.br\/serrafm\/categoria\/brasil\/\" title=\"Brasil\">Brasil<\/a>\n\t\t<\/span><span class=\"aioseo-breadcrumb-separator\">&raquo;<\/span><span class=\"aioseo-breadcrumb\">\n\t\t\tTrump confirma convite a Lula para \u2018Conselho da Paz\u2019 e elogia brasileiro: \u2018Eu gosto dele\u2019\n\t\t<\/span><\/div>","aioseo_breadcrumb_json":[{"label":"Home","link":"https:\/\/serrafm879.com.br\/serrafm"},{"label":"Brasil","link":"https:\/\/serrafm879.com.br\/serrafm\/categoria\/brasil\/"},{"label":"Trump confirma convite a Lula para &#8216;Conselho da Paz&#8217; e elogia brasileiro: &#8216;Eu gosto dele&#8217;","link":"https:\/\/serrafm879.com.br\/serrafm\/2026\/01\/trump-confirma-convite-a-lula-para-conselho-da-paz-e-elogia-brasileiro-eu-gosto-dele\/"}],"jetpack_publicize_connections":[],"jetpack_featured_media_url":"https:\/\/serrafm879.com.br\/serrafm\/wp-content\/uploads\/2026\/01\/g4lqth7wgaanm-c.png","jetpack_shortlink":"https:\/\/wp.me\/p7HyXg-6H0","jetpack_sharing_enabled":true,"_links":{"self":[{"href":"https:\/\/serrafm879.com.br\/serrafm\/wp-json\/wp\/v2\/posts\/25730","targetHints":{"allow":["GET"]}}],"collection":[{"href":"https:\/\/serrafm879.com.br\/serrafm\/wp-json\/wp\/v2\/posts"}],"about":[{"href":"https:\/\/serrafm879.com.br\/serrafm\/wp-json\/wp\/v2\/types\/post"}],"author":[{"embeddable":true,"href":"https:\/\/serrafm879.com.br\/serrafm\/wp-json\/wp\/v2\/users\/2"}],"replies":[{"embeddable":true,"href":"https:\/\/serrafm879.com.br\/serrafm\/wp-json\/wp\/v2\/comments?post=25730"}],"version-history":[{"count":1,"href":"https:\/\/serrafm879.com.br\/serrafm\/wp-json\/wp\/v2\/posts\/25730\/revisions"}],"predecessor-version":[{"id":25732,"href":"https:\/\/serrafm879.com.br\/serrafm\/wp-json\/wp\/v2\/posts\/25730\/revisions\/25732"}],"wp:featuredmedia":[{"embeddable":true,"href":"https:\/\/serrafm879.com.br\/serrafm\/wp-json\/wp\/v2\/media\/25731"}],"wp:attachment":[{"href":"https:\/\/serrafm879.com.br\/serrafm\/wp-json\/wp\/v2\/media?parent=25730"}],"wp:term":[{"taxonomy":"category","embeddable":true,"href":"https:\/\/serrafm879.com.br\/serrafm\/wp-json\/wp\/v2\/categories?post=25730"},{"taxonomy":"post_tag","embeddable":true,"href":"https:\/\/serrafm879.com.br\/serrafm\/wp-json\/wp\/v2\/tags?post=25730"}],"curies":[{"name":"wp","href":"https:\/\/api.w.org\/{rel}","templated":true}]}}