{"id":26798,"date":"2026-03-07T09:09:48","date_gmt":"2026-03-07T12:09:48","guid":{"rendered":"https:\/\/serrafm879.com.br\/serrafm\/?p=26798"},"modified":"2026-03-07T09:11:22","modified_gmt":"2026-03-07T12:11:22","slug":"o-fenomeno-marconi-apos-estremecer-arcoverde-pre-candidato-desce-hoje-em-iguaracy","status":"publish","type":"post","link":"https:\/\/serrafm879.com.br\/serrafm\/2026\/03\/o-fenomeno-marconi-apos-estremecer-arcoverde-pre-candidato-desce-hoje-em-iguaracy\/","title":{"rendered":"O Fen\u00f4meno Marconi: ap\u00f3s estremecer Arcoverde, pr\u00e9-candidato desce hoje em Iguaracy"},"content":{"rendered":"<p>Quem acompanhou a movimenta\u00e7\u00e3o pol\u00edtica em Arcoverde ontem n\u00e3o teve d\u00favidas: Marconi Santana (pr\u00e9-candidato a deputado estadual) virou a chave e subiu o tom da pr\u00e9-campanha. O projeto \u201cConversando com o povo, ouvindo Pernambuco\u201d n\u00e3o foi apenas uma reuni\u00e3o de escuta; foi um &#8220;term\u00f4metro&#8221; que explodiu. O audit\u00f3rio lotado, com gente acompanhando cada palavra, mostrou que a for\u00e7a de Marconi transbordou o Paje\u00fa e agora irriga o Moxot\u00f3 com uma aceita\u00e7\u00e3o que poucos nomes conseguem reunir hoje no estado.<\/p>\n<p>Lideran\u00e7as, vereadores, o com\u00e9rcio e o campo \u2014 todos em uma s\u00f3 voz. Marconi provou que tem tr\u00e2nsito livre em diversos espa\u00e7os e que sua mensagem de descentraliza\u00e7\u00e3o e gest\u00e3o eficiente est\u00e1 &#8220;furando a bolha&#8221;. Ele deixou de ser uma aposta regional para se consolidar como um fen\u00f4meno de massas que atrai olhares atentos at\u00e9 mesmo do Pal\u00e1cio, no Recife.<\/p>\n<p>Sem tempo para descanso e surfando na onda de entusiasmo de Arcoverde, Marconi Santana desembarca hoje, s\u00e1bado, em Iguaracy. O encontro est\u00e1 marcado para as 17h, na Ch\u00e1cara de Sales de Ti\u00e3o e Silvaneide.<\/p>\n<p>A expectativa na cidade \u00e9 de mais uma demonstra\u00e7\u00e3o de for\u00e7a. Iguaracy, vizinha de sua base hist\u00f3rica, deve reafirmar o que o estado inteiro j\u00e1 come\u00e7a a perceber: Marconi Santana est\u00e1 construindo uma candidatura &#8220;p\u00e9 no ch\u00e3o&#8221;, unificando os Sert\u00f5es e mostrando que, para quem quer um deputado presente e com coragem para fazer diferente, o nome est\u00e1 posto e a caminhada est\u00e1 apenas ganhando f\u00f4lego.<\/p>\n","protected":false},"excerpt":{"rendered":"<p>Quem acompanhou a movimenta\u00e7\u00e3o pol\u00edtica em Arcoverde ontem n\u00e3o teve d\u00favidas: Marconi Santana (pr\u00e9-candidato a deputado estadual) virou a chave e subiu o tom da pr\u00e9-campanha. O projeto \u201cConversando com o povo, ouvindo Pernambuco\u201d n\u00e3o foi apenas uma reuni\u00e3o de escuta; foi um &#8220;term\u00f4metro&#8221; que explodiu. O audit\u00f3rio lotado, com gente acompanhando cada palavra, mostrou que a for\u00e7a de Marconi transbordou o Paje\u00fa e agora irriga o Moxot\u00f3 com uma aceita\u00e7\u00e3o que poucos nomes conseguem reunir hoje no estado. Lideran\u00e7as, vereadores, o com\u00e9rcio e o campo \u2014 todos em uma s\u00f3 voz. Marconi provou que tem tr\u00e2nsito livre em diversos [&hellip;]<\/p>\n","protected":false},"author":2,"featured_media":26799,"comment_status":"open","ping_status":"open","sticky":false,"template":"","format":"standard","meta":{"_jetpack_memberships_contains_paid_content":false,"footnotes":"","jetpack_publicize_message":"","jetpack_publicize_feature_enabled":true,"jetpack_social_post_already_shared":true,"jetpack_social_options":{"image_generator_settings":{"template":"highway","enabled":false},"version":2}},"categories":[2],"tags":[],"class_list":["post-26798","post","type-post","status-publish","format-standard","has-post-thumbnail","hentry","category-noticias"],"jetpack_publicize_connections":[],"yoast_head":"<!-- This site is optimized with the Yoast SEO plugin v24.7 - https:\/\/yoast.com\/wordpress\/plugins\/seo\/ -->\n<title>O Fen\u00f4meno Marconi: ap\u00f3s estremecer Arcoverde, pr\u00e9-candidato desce hoje em Iguaracy - Serra FM 87,9<\/title>\n<meta name=\"robots\" content=\"index, follow, max-snippet:-1, max-image-preview:large, max-video-preview:-1\" \/>\n<link rel=\"canonical\" href=\"https:\/\/serrafm879.com.br\/serrafm\/2026\/03\/o-fenomeno-marconi-apos-estremecer-arcoverde-pre-candidato-desce-hoje-em-iguaracy\/\" \/>\n<meta property=\"og:locale\" content=\"pt_BR\" \/>\n<meta property=\"og:type\" content=\"article\" \/>\n<meta property=\"og:title\" content=\"O Fen\u00f4meno Marconi: ap\u00f3s estremecer Arcoverde, pr\u00e9-candidato desce hoje em Iguaracy - Serra FM 87,9\" \/>\n<meta property=\"og:description\" content=\"Quem acompanhou a movimenta\u00e7\u00e3o pol\u00edtica em Arcoverde ontem n\u00e3o teve d\u00favidas: Marconi Santana (pr\u00e9-candidato a deputado estadual) virou a chave e subiu o tom da pr\u00e9-campanha. O projeto \u201cConversando com o povo, ouvindo Pernambuco\u201d n\u00e3o foi apenas uma reuni\u00e3o de escuta; foi um &#8220;term\u00f4metro&#8221; que explodiu. O audit\u00f3rio lotado, com gente acompanhando cada palavra, mostrou que a for\u00e7a de Marconi transbordou o Paje\u00fa e agora irriga o Moxot\u00f3 com uma aceita\u00e7\u00e3o que poucos nomes conseguem reunir hoje no estado. Lideran\u00e7as, vereadores, o com\u00e9rcio e o campo \u2014 todos em uma s\u00f3 voz. Marconi provou que tem tr\u00e2nsito livre em diversos [&hellip;]\" \/>\n<meta property=\"og:url\" content=\"https:\/\/serrafm879.com.br\/serrafm\/2026\/03\/o-fenomeno-marconi-apos-estremecer-arcoverde-pre-candidato-desce-hoje-em-iguaracy\/\" \/>\n<meta property=\"og:site_name\" content=\"Serra FM 87,9\" \/>\n<meta property=\"article:published_time\" content=\"2026-03-07T12:09:48+00:00\" \/>\n<meta property=\"article:modified_time\" content=\"2026-03-07T12:11:22+00:00\" \/>\n<meta property=\"og:image\" content=\"http:\/\/serrafm879.com.br\/serrafm\/wp-content\/uploads\/2026\/03\/PHOTO-2026-03-07-07-58-23-1.jpg\" \/>\n\t<meta property=\"og:image:width\" content=\"1600\" \/>\n\t<meta property=\"og:image:height\" content=\"1066\" \/>\n\t<meta property=\"og:image:type\" content=\"image\/jpeg\" \/>\n<meta name=\"author\" content=\"serrafm87\" \/>\n<meta name=\"twitter:card\" content=\"summary_large_image\" \/>\n<meta name=\"twitter:label1\" content=\"Escrito por\" \/>\n\t<meta name=\"twitter:data1\" content=\"serrafm87\" \/>\n\t<meta name=\"twitter:label2\" content=\"Est. tempo de leitura\" \/>\n\t<meta name=\"twitter:data2\" content=\"2 minutos\" \/>\n<script type=\"application\/ld+json\" class=\"yoast-schema-graph\">{\"@context\":\"https:\/\/schema.org\",\"@graph\":[{\"@type\":\"WebPage\",\"@id\":\"https:\/\/serrafm879.com.br\/serrafm\/2026\/03\/o-fenomeno-marconi-apos-estremecer-arcoverde-pre-candidato-desce-hoje-em-iguaracy\/\",\"url\":\"https:\/\/serrafm879.com.br\/serrafm\/2026\/03\/o-fenomeno-marconi-apos-estremecer-arcoverde-pre-candidato-desce-hoje-em-iguaracy\/\",\"name\":\"O Fen\u00f4meno Marconi: ap\u00f3s estremecer Arcoverde, pr\u00e9-candidato desce hoje em Iguaracy - Serra FM 87,9\",\"isPartOf\":{\"@id\":\"https:\/\/serrafm879.com.br\/serrafm\/#website\"},\"primaryImageOfPage\":{\"@id\":\"https:\/\/serrafm879.com.br\/serrafm\/2026\/03\/o-fenomeno-marconi-apos-estremecer-arcoverde-pre-candidato-desce-hoje-em-iguaracy\/#primaryimage\"},\"image\":{\"@id\":\"https:\/\/serrafm879.com.br\/serrafm\/2026\/03\/o-fenomeno-marconi-apos-estremecer-arcoverde-pre-candidato-desce-hoje-em-iguaracy\/#primaryimage\"},\"thumbnailUrl\":\"https:\/\/serrafm879.com.br\/serrafm\/wp-content\/uploads\/2026\/03\/PHOTO-2026-03-07-07-58-23-1.jpg\",\"datePublished\":\"2026-03-07T12:09:48+00:00\",\"dateModified\":\"2026-03-07T12:11:22+00:00\",\"author\":{\"@id\":\"https:\/\/serrafm879.com.br\/serrafm\/#\/schema\/person\/c028a197030ff8b1c03c68dfba4a787a\"},\"breadcrumb\":{\"@id\":\"https:\/\/serrafm879.com.br\/serrafm\/2026\/03\/o-fenomeno-marconi-apos-estremecer-arcoverde-pre-candidato-desce-hoje-em-iguaracy\/#breadcrumb\"},\"inLanguage\":\"pt-BR\",\"potentialAction\":[{\"@type\":\"ReadAction\",\"target\":[\"https:\/\/serrafm879.com.br\/serrafm\/2026\/03\/o-fenomeno-marconi-apos-estremecer-arcoverde-pre-candidato-desce-hoje-em-iguaracy\/\"]}]},{\"@type\":\"ImageObject\",\"inLanguage\":\"pt-BR\",\"@id\":\"https:\/\/serrafm879.com.br\/serrafm\/2026\/03\/o-fenomeno-marconi-apos-estremecer-arcoverde-pre-candidato-desce-hoje-em-iguaracy\/#primaryimage\",\"url\":\"https:\/\/serrafm879.com.br\/serrafm\/wp-content\/uploads\/2026\/03\/PHOTO-2026-03-07-07-58-23-1.jpg\",\"contentUrl\":\"https:\/\/serrafm879.com.br\/serrafm\/wp-content\/uploads\/2026\/03\/PHOTO-2026-03-07-07-58-23-1.jpg\",\"width\":1600,\"height\":1066},{\"@type\":\"BreadcrumbList\",\"@id\":\"https:\/\/serrafm879.com.br\/serrafm\/2026\/03\/o-fenomeno-marconi-apos-estremecer-arcoverde-pre-candidato-desce-hoje-em-iguaracy\/#breadcrumb\",\"itemListElement\":[{\"@type\":\"ListItem\",\"position\":1,\"name\":\"In\u00edcio\",\"item\":\"https:\/\/serrafm879.com.br\/serrafm\/\"},{\"@type\":\"ListItem\",\"position\":2,\"name\":\"O Fen\u00f4meno Marconi: ap\u00f3s estremecer Arcoverde, pr\u00e9-candidato desce hoje em Iguaracy\"}]},{\"@type\":\"WebSite\",\"@id\":\"https:\/\/serrafm879.com.br\/serrafm\/#website\",\"url\":\"https:\/\/serrafm879.com.br\/serrafm\/\",\"name\":\"Serra FM 87,9\",\"description\":\"O seu novo amor!\",\"potentialAction\":[{\"@type\":\"SearchAction\",\"target\":{\"@type\":\"EntryPoint\",\"urlTemplate\":\"https:\/\/serrafm879.com.br\/serrafm\/?s={search_term_string}\"},\"query-input\":{\"@type\":\"PropertyValueSpecification\",\"valueRequired\":true,\"valueName\":\"search_term_string\"}}],\"inLanguage\":\"pt-BR\"},{\"@type\":\"Person\",\"@id\":\"https:\/\/serrafm879.com.br\/serrafm\/#\/schema\/person\/c028a197030ff8b1c03c68dfba4a787a\",\"name\":\"serrafm87\",\"image\":{\"@type\":\"ImageObject\",\"inLanguage\":\"pt-BR\",\"@id\":\"https:\/\/serrafm879.com.br\/serrafm\/#\/schema\/person\/image\/\",\"url\":\"https:\/\/secure.gravatar.com\/avatar\/a743233f1112d34f48bb3dc9559b76eb930bab8b27175856cba6362608736235?s=96&d=mm&r=g\",\"contentUrl\":\"https:\/\/secure.gravatar.com\/avatar\/a743233f1112d34f48bb3dc9559b76eb930bab8b27175856cba6362608736235?s=96&d=mm&r=g\",\"caption\":\"serrafm87\"},\"sameAs\":[\"http:\/\/serrafm879.com.br\/\"],\"url\":\"https:\/\/serrafm879.com.br\/serrafm\/author\/serrafm87\/\"}]}<\/script>\n<!-- \/ Yoast SEO plugin. -->","yoast_head_json":{"title":"O Fen\u00f4meno Marconi: ap\u00f3s estremecer Arcoverde, pr\u00e9-candidato desce hoje em Iguaracy - Serra FM 87,9","robots":{"index":"index","follow":"follow","max-snippet":"max-snippet:-1","max-image-preview":"max-image-preview:large","max-video-preview":"max-video-preview:-1"},"canonical":"https:\/\/serrafm879.com.br\/serrafm\/2026\/03\/o-fenomeno-marconi-apos-estremecer-arcoverde-pre-candidato-desce-hoje-em-iguaracy\/","og_locale":"pt_BR","og_type":"article","og_title":"O Fen\u00f4meno Marconi: ap\u00f3s estremecer Arcoverde, pr\u00e9-candidato desce hoje em Iguaracy - Serra FM 87,9","og_description":"Quem acompanhou a movimenta\u00e7\u00e3o pol\u00edtica em Arcoverde ontem n\u00e3o teve d\u00favidas: Marconi Santana (pr\u00e9-candidato a deputado estadual) virou a chave e subiu o tom da pr\u00e9-campanha. O projeto \u201cConversando com o povo, ouvindo Pernambuco\u201d n\u00e3o foi apenas uma reuni\u00e3o de escuta; foi um &#8220;term\u00f4metro&#8221; que explodiu. O audit\u00f3rio lotado, com gente acompanhando cada palavra, mostrou que a for\u00e7a de Marconi transbordou o Paje\u00fa e agora irriga o Moxot\u00f3 com uma aceita\u00e7\u00e3o que poucos nomes conseguem reunir hoje no estado. Lideran\u00e7as, vereadores, o com\u00e9rcio e o campo \u2014 todos em uma s\u00f3 voz. Marconi provou que tem tr\u00e2nsito livre em diversos [&hellip;]","og_url":"https:\/\/serrafm879.com.br\/serrafm\/2026\/03\/o-fenomeno-marconi-apos-estremecer-arcoverde-pre-candidato-desce-hoje-em-iguaracy\/","og_site_name":"Serra FM 87,9","article_published_time":"2026-03-07T12:09:48+00:00","article_modified_time":"2026-03-07T12:11:22+00:00","og_image":[{"width":1600,"height":1066,"url":"http:\/\/serrafm879.com.br\/serrafm\/wp-content\/uploads\/2026\/03\/PHOTO-2026-03-07-07-58-23-1.jpg","type":"image\/jpeg"}],"author":"serrafm87","twitter_card":"summary_large_image","twitter_misc":{"Escrito por":"serrafm87","Est. tempo de leitura":"2 minutos"},"schema":{"@context":"https:\/\/schema.org","@graph":[{"@type":"WebPage","@id":"https:\/\/serrafm879.com.br\/serrafm\/2026\/03\/o-fenomeno-marconi-apos-estremecer-arcoverde-pre-candidato-desce-hoje-em-iguaracy\/","url":"https:\/\/serrafm879.com.br\/serrafm\/2026\/03\/o-fenomeno-marconi-apos-estremecer-arcoverde-pre-candidato-desce-hoje-em-iguaracy\/","name":"O Fen\u00f4meno Marconi: ap\u00f3s estremecer Arcoverde, pr\u00e9-candidato desce hoje em Iguaracy - Serra FM 87,9","isPartOf":{"@id":"https:\/\/serrafm879.com.br\/serrafm\/#website"},"primaryImageOfPage":{"@id":"https:\/\/serrafm879.com.br\/serrafm\/2026\/03\/o-fenomeno-marconi-apos-estremecer-arcoverde-pre-candidato-desce-hoje-em-iguaracy\/#primaryimage"},"image":{"@id":"https:\/\/serrafm879.com.br\/serrafm\/2026\/03\/o-fenomeno-marconi-apos-estremecer-arcoverde-pre-candidato-desce-hoje-em-iguaracy\/#primaryimage"},"thumbnailUrl":"https:\/\/serrafm879.com.br\/serrafm\/wp-content\/uploads\/2026\/03\/PHOTO-2026-03-07-07-58-23-1.jpg","datePublished":"2026-03-07T12:09:48+00:00","dateModified":"2026-03-07T12:11:22+00:00","author":{"@id":"https:\/\/serrafm879.com.br\/serrafm\/#\/schema\/person\/c028a197030ff8b1c03c68dfba4a787a"},"breadcrumb":{"@id":"https:\/\/serrafm879.com.br\/serrafm\/2026\/03\/o-fenomeno-marconi-apos-estremecer-arcoverde-pre-candidato-desce-hoje-em-iguaracy\/#breadcrumb"},"inLanguage":"pt-BR","potentialAction":[{"@type":"ReadAction","target":["https:\/\/serrafm879.com.br\/serrafm\/2026\/03\/o-fenomeno-marconi-apos-estremecer-arcoverde-pre-candidato-desce-hoje-em-iguaracy\/"]}]},{"@type":"ImageObject","inLanguage":"pt-BR","@id":"https:\/\/serrafm879.com.br\/serrafm\/2026\/03\/o-fenomeno-marconi-apos-estremecer-arcoverde-pre-candidato-desce-hoje-em-iguaracy\/#primaryimage","url":"https:\/\/serrafm879.com.br\/serrafm\/wp-content\/uploads\/2026\/03\/PHOTO-2026-03-07-07-58-23-1.jpg","contentUrl":"https:\/\/serrafm879.com.br\/serrafm\/wp-content\/uploads\/2026\/03\/PHOTO-2026-03-07-07-58-23-1.jpg","width":1600,"height":1066},{"@type":"BreadcrumbList","@id":"https:\/\/serrafm879.com.br\/serrafm\/2026\/03\/o-fenomeno-marconi-apos-estremecer-arcoverde-pre-candidato-desce-hoje-em-iguaracy\/#breadcrumb","itemListElement":[{"@type":"ListItem","position":1,"name":"In\u00edcio","item":"https:\/\/serrafm879.com.br\/serrafm\/"},{"@type":"ListItem","position":2,"name":"O Fen\u00f4meno Marconi: ap\u00f3s estremecer Arcoverde, pr\u00e9-candidato desce hoje em Iguaracy"}]},{"@type":"WebSite","@id":"https:\/\/serrafm879.com.br\/serrafm\/#website","url":"https:\/\/serrafm879.com.br\/serrafm\/","name":"Serra FM 87,9","description":"O seu novo amor!","potentialAction":[{"@type":"SearchAction","target":{"@type":"EntryPoint","urlTemplate":"https:\/\/serrafm879.com.br\/serrafm\/?s={search_term_string}"},"query-input":{"@type":"PropertyValueSpecification","valueRequired":true,"valueName":"search_term_string"}}],"inLanguage":"pt-BR"},{"@type":"Person","@id":"https:\/\/serrafm879.com.br\/serrafm\/#\/schema\/person\/c028a197030ff8b1c03c68dfba4a787a","name":"serrafm87","image":{"@type":"ImageObject","inLanguage":"pt-BR","@id":"https:\/\/serrafm879.com.br\/serrafm\/#\/schema\/person\/image\/","url":"https:\/\/secure.gravatar.com\/avatar\/a743233f1112d34f48bb3dc9559b76eb930bab8b27175856cba6362608736235?s=96&d=mm&r=g","contentUrl":"https:\/\/secure.gravatar.com\/avatar\/a743233f1112d34f48bb3dc9559b76eb930bab8b27175856cba6362608736235?s=96&d=mm&r=g","caption":"serrafm87"},"sameAs":["http:\/\/serrafm879.com.br\/"],"url":"https:\/\/serrafm879.com.br\/serrafm\/author\/serrafm87\/"}]}},"jetpack_featured_media_url":"https:\/\/serrafm879.com.br\/serrafm\/wp-content\/uploads\/2026\/03\/PHOTO-2026-03-07-07-58-23-1.jpg","jetpack_shortlink":"https:\/\/wp.me\/p7HyXg-6Ye","jetpack_sharing_enabled":true,"_links":{"self":[{"href":"https:\/\/serrafm879.com.br\/serrafm\/wp-json\/wp\/v2\/posts\/26798","targetHints":{"allow":["GET"]}}],"collection":[{"href":"https:\/\/serrafm879.com.br\/serrafm\/wp-json\/wp\/v2\/posts"}],"about":[{"href":"https:\/\/serrafm879.com.br\/serrafm\/wp-json\/wp\/v2\/types\/post"}],"author":[{"embeddable":true,"href":"https:\/\/serrafm879.com.br\/serrafm\/wp-json\/wp\/v2\/users\/2"}],"replies":[{"embeddable":true,"href":"https:\/\/serrafm879.com.br\/serrafm\/wp-json\/wp\/v2\/comments?post=26798"}],"version-history":[{"count":1,"href":"https:\/\/serrafm879.com.br\/serrafm\/wp-json\/wp\/v2\/posts\/26798\/revisions"}],"predecessor-version":[{"id":26800,"href":"https:\/\/serrafm879.com.br\/serrafm\/wp-json\/wp\/v2\/posts\/26798\/revisions\/26800"}],"wp:featuredmedia":[{"embeddable":true,"href":"https:\/\/serrafm879.com.br\/serrafm\/wp-json\/wp\/v2\/media\/26799"}],"wp:attachment":[{"href":"https:\/\/serrafm879.com.br\/serrafm\/wp-json\/wp\/v2\/media?parent=26798"}],"wp:term":[{"taxonomy":"category","embeddable":true,"href":"https:\/\/serrafm879.com.br\/serrafm\/wp-json\/wp\/v2\/categories?post=26798"},{"taxonomy":"post_tag","embeddable":true,"href":"https:\/\/serrafm879.com.br\/serrafm\/wp-json\/wp\/v2\/tags?post=26798"}],"curies":[{"name":"wp","href":"https:\/\/api.w.org\/{rel}","templated":true}]}}