{"id":26801,"date":"2026-03-09T10:47:25","date_gmt":"2026-03-09T13:47:25","guid":{"rendered":"https:\/\/serrafm879.com.br\/serrafm\/?p=26801"},"modified":"2026-03-09T10:47:25","modified_gmt":"2026-03-09T13:47:25","slug":"mppe-investiga-leo-do-ar-por-uso-de-camarote-oficial-para-promocao-politica","status":"publish","type":"post","link":"https:\/\/serrafm879.com.br\/serrafm\/2026\/03\/mppe-investiga-leo-do-ar-por-uso-de-camarote-oficial-para-promocao-politica\/","title":{"rendered":"MPPE investiga \u201cL\u00e9o do Ar\u201d por uso de camarote oficial para promo\u00e7\u00e3o pol\u00edtica"},"content":{"rendered":"<p><strong>PRIMEIRA M\u00c3O<\/strong><\/p>\n<p>O Minist\u00e9rio P\u00fablico de Pernambuco (MPPE), por meio da Promotoria de Justi\u00e7a Eleitoral de Gravat\u00e1, oficializou a abertura de um inqu\u00e9rito civil contra o vereador Leonardo Jos\u00e9 da Silva, conhecido como \u201cL\u00e9o do Ar\u201d. A investiga\u00e7\u00e3o apura suposto abuso de poder pol\u00edtico e uso indevido de bens p\u00fablicos durante as festividades juninas de 2025.<\/p>\n<p><b>Promo\u00e7\u00e3o eleitoral em espa\u00e7o p\u00fablico<\/b><\/p>\n<p>De acordo com a portaria assinada pela promotora Maria Cec\u00edlia Soares Tertuliano, a den\u00fancia aponta que, no dia 13 de junho de 2025, o parlamentar teria utilizado o \u201cCamarote dos Vereadores\u201d \u2014 estrutura montada no P\u00e1tio de Eventos Chucre Mussa Zarzar \u2014 como palco para autopromo\u00e7\u00e3o.<\/p>\n<p>O vereador \u00e9 acusado de aproveitar o espa\u00e7o institucional para expressar sua inten\u00e7\u00e3o de concorrer ao cargo de deputado estadual nas elei\u00e7\u00f5es de 2026, angariando apoio de lideran\u00e7as pol\u00edticas e concedendo entrevistas de car\u00e1ter eleitoral antecipado dentro da estrutura custeada, indiretamente, pelo poder p\u00fablico.<\/p>\n<p><b>Prefeitura aponta responsabilidade da C\u00e2mara<\/b><\/p>\n<p>Ao ser questionada pelo Minist\u00e9rio P\u00fablico sobre o custeio e a gest\u00e3o do espa\u00e7o, a Prefeitura de Gravat\u00e1 informou que o camarote fazia parte de uma previs\u00e3o contratual institucional e foi cedido de forma n\u00e3o onerosa \u00e0 C\u00e2mara Municipal. Segundo o Executivo, a responsabilidade exclusiva pela gest\u00e3o e pelas regras de acesso ao local era da presid\u00eancia da Casa, exercida pelo pr\u00f3prio L\u00e9o do Ar.<\/p>\n<p><b>Sil\u00eancio do parlamentar e pr\u00f3ximos passos<\/b><\/p>\n<p>A investiga\u00e7\u00e3o revela que o vereador foi notificado oficialmente em agosto de 2025 para apresentar seus esclarecimentos sobre o uso do camarote e o teor das declara\u00e7\u00f5es dadas na ocasi\u00e3o. No entanto, o parlamentar permaneceu em sil\u00eancio e deixou o prazo expirar sem oferecer resposta \u00e0s requisi\u00e7\u00f5es do Minist\u00e9rio P\u00fablico.<\/p>\n<p>Diante da in\u00e9rcia, a Promotoria determinou:<\/p>\n<ul>\n<li aria-level=\"1\">Reitera\u00e7\u00e3o de notifica\u00e7\u00e3o: Uma nova oportunidade para que o vereador se manifeste por escrito;<\/li>\n<li aria-level=\"1\">Comunica\u00e7\u00e3o aos \u00f3rg\u00e3os superiores: O envio de c\u00f3pia da portaria ao Procurador Regional Eleitoral e \u00e0 Secretaria Geral para publica\u00e7\u00e3o oficial;<\/li>\n<li aria-level=\"1\">Fiscaliza\u00e7\u00e3o de provas: A busca por documentos que detalhem a lista de convidados e as normas de utiliza\u00e7\u00e3o do espa\u00e7o p\u00fablico por agentes pol\u00edticos.<\/li>\n<\/ul>\n<p>Caso as irregularidades sejam confirmadas, o parlamentar poder\u00e1 responder por improbidade administrativa e sofrer san\u00e7\u00f5es eleitorais que podem comprometer futuras candidaturas.<\/p>\n<p>Fonte: Blog do Nill J\u00fanior<\/p>\n","protected":false},"excerpt":{"rendered":"<p>PRIMEIRA M\u00c3O O Minist\u00e9rio P\u00fablico de Pernambuco (MPPE), por meio da Promotoria de Justi\u00e7a Eleitoral de Gravat\u00e1, oficializou a abertura de um inqu\u00e9rito civil contra o vereador Leonardo Jos\u00e9 da Silva, conhecido como \u201cL\u00e9o do Ar\u201d. A investiga\u00e7\u00e3o apura suposto abuso de poder pol\u00edtico e uso indevido de bens p\u00fablicos durante as festividades juninas de 2025. Promo\u00e7\u00e3o eleitoral em espa\u00e7o p\u00fablico De acordo com a portaria assinada pela promotora Maria Cec\u00edlia Soares Tertuliano, a den\u00fancia aponta que, no dia 13 de junho de 2025, o parlamentar teria utilizado o \u201cCamarote dos Vereadores\u201d \u2014 estrutura montada no P\u00e1tio de Eventos Chucre [&hellip;]<\/p>\n","protected":false},"author":2,"featured_media":26802,"comment_status":"open","ping_status":"open","sticky":false,"template":"","format":"standard","meta":{"_jetpack_memberships_contains_paid_content":false,"footnotes":"","jetpack_publicize_message":"","jetpack_publicize_feature_enabled":true,"jetpack_social_post_already_shared":true,"jetpack_social_options":{"image_generator_settings":{"template":"highway","enabled":false},"version":2}},"categories":[2],"tags":[],"class_list":["post-26801","post","type-post","status-publish","format-standard","has-post-thumbnail","hentry","category-noticias"],"jetpack_publicize_connections":[],"yoast_head":"<!-- This site is optimized with the Yoast SEO plugin v24.7 - https:\/\/yoast.com\/wordpress\/plugins\/seo\/ -->\n<title>MPPE investiga \u201cL\u00e9o do Ar\u201d por uso de camarote oficial para promo\u00e7\u00e3o pol\u00edtica - Serra FM 87,9<\/title>\n<meta name=\"robots\" content=\"index, follow, max-snippet:-1, max-image-preview:large, max-video-preview:-1\" \/>\n<link rel=\"canonical\" href=\"https:\/\/serrafm879.com.br\/serrafm\/2026\/03\/mppe-investiga-leo-do-ar-por-uso-de-camarote-oficial-para-promocao-politica\/\" \/>\n<meta property=\"og:locale\" content=\"pt_BR\" \/>\n<meta property=\"og:type\" content=\"article\" \/>\n<meta property=\"og:title\" content=\"MPPE investiga \u201cL\u00e9o do Ar\u201d por uso de camarote oficial para promo\u00e7\u00e3o pol\u00edtica - Serra FM 87,9\" \/>\n<meta property=\"og:description\" content=\"PRIMEIRA M\u00c3O O Minist\u00e9rio P\u00fablico de Pernambuco (MPPE), por meio da Promotoria de Justi\u00e7a Eleitoral de Gravat\u00e1, oficializou a abertura de um inqu\u00e9rito civil contra o vereador Leonardo Jos\u00e9 da Silva, conhecido como \u201cL\u00e9o do Ar\u201d. A investiga\u00e7\u00e3o apura suposto abuso de poder pol\u00edtico e uso indevido de bens p\u00fablicos durante as festividades juninas de 2025. Promo\u00e7\u00e3o eleitoral em espa\u00e7o p\u00fablico De acordo com a portaria assinada pela promotora Maria Cec\u00edlia Soares Tertuliano, a den\u00fancia aponta que, no dia 13 de junho de 2025, o parlamentar teria utilizado o \u201cCamarote dos Vereadores\u201d \u2014 estrutura montada no P\u00e1tio de Eventos Chucre [&hellip;]\" \/>\n<meta property=\"og:url\" content=\"https:\/\/serrafm879.com.br\/serrafm\/2026\/03\/mppe-investiga-leo-do-ar-por-uso-de-camarote-oficial-para-promocao-politica\/\" \/>\n<meta property=\"og:site_name\" content=\"Serra FM 87,9\" \/>\n<meta property=\"article:published_time\" content=\"2026-03-09T13:47:25+00:00\" \/>\n<meta property=\"og:image\" content=\"http:\/\/serrafm879.com.br\/serrafm\/wp-content\/uploads\/2026\/03\/download-3.jpg\" \/>\n\t<meta property=\"og:image:width\" content=\"225\" \/>\n\t<meta property=\"og:image:height\" content=\"225\" \/>\n\t<meta property=\"og:image:type\" content=\"image\/jpeg\" \/>\n<meta name=\"author\" content=\"serrafm87\" \/>\n<meta name=\"twitter:card\" content=\"summary_large_image\" \/>\n<meta name=\"twitter:label1\" content=\"Escrito por\" \/>\n\t<meta name=\"twitter:data1\" content=\"serrafm87\" \/>\n\t<meta name=\"twitter:label2\" content=\"Est. tempo de leitura\" \/>\n\t<meta name=\"twitter:data2\" content=\"3 minutos\" \/>\n<script type=\"application\/ld+json\" class=\"yoast-schema-graph\">{\"@context\":\"https:\/\/schema.org\",\"@graph\":[{\"@type\":\"WebPage\",\"@id\":\"https:\/\/serrafm879.com.br\/serrafm\/2026\/03\/mppe-investiga-leo-do-ar-por-uso-de-camarote-oficial-para-promocao-politica\/\",\"url\":\"https:\/\/serrafm879.com.br\/serrafm\/2026\/03\/mppe-investiga-leo-do-ar-por-uso-de-camarote-oficial-para-promocao-politica\/\",\"name\":\"MPPE investiga \u201cL\u00e9o do Ar\u201d por uso de camarote oficial para promo\u00e7\u00e3o pol\u00edtica - Serra FM 87,9\",\"isPartOf\":{\"@id\":\"https:\/\/serrafm879.com.br\/serrafm\/#website\"},\"primaryImageOfPage\":{\"@id\":\"https:\/\/serrafm879.com.br\/serrafm\/2026\/03\/mppe-investiga-leo-do-ar-por-uso-de-camarote-oficial-para-promocao-politica\/#primaryimage\"},\"image\":{\"@id\":\"https:\/\/serrafm879.com.br\/serrafm\/2026\/03\/mppe-investiga-leo-do-ar-por-uso-de-camarote-oficial-para-promocao-politica\/#primaryimage\"},\"thumbnailUrl\":\"https:\/\/serrafm879.com.br\/serrafm\/wp-content\/uploads\/2026\/03\/download-3.jpg\",\"datePublished\":\"2026-03-09T13:47:25+00:00\",\"author\":{\"@id\":\"https:\/\/serrafm879.com.br\/serrafm\/#\/schema\/person\/c028a197030ff8b1c03c68dfba4a787a\"},\"breadcrumb\":{\"@id\":\"https:\/\/serrafm879.com.br\/serrafm\/2026\/03\/mppe-investiga-leo-do-ar-por-uso-de-camarote-oficial-para-promocao-politica\/#breadcrumb\"},\"inLanguage\":\"pt-BR\",\"potentialAction\":[{\"@type\":\"ReadAction\",\"target\":[\"https:\/\/serrafm879.com.br\/serrafm\/2026\/03\/mppe-investiga-leo-do-ar-por-uso-de-camarote-oficial-para-promocao-politica\/\"]}]},{\"@type\":\"ImageObject\",\"inLanguage\":\"pt-BR\",\"@id\":\"https:\/\/serrafm879.com.br\/serrafm\/2026\/03\/mppe-investiga-leo-do-ar-por-uso-de-camarote-oficial-para-promocao-politica\/#primaryimage\",\"url\":\"https:\/\/serrafm879.com.br\/serrafm\/wp-content\/uploads\/2026\/03\/download-3.jpg\",\"contentUrl\":\"https:\/\/serrafm879.com.br\/serrafm\/wp-content\/uploads\/2026\/03\/download-3.jpg\",\"width\":225,\"height\":225},{\"@type\":\"BreadcrumbList\",\"@id\":\"https:\/\/serrafm879.com.br\/serrafm\/2026\/03\/mppe-investiga-leo-do-ar-por-uso-de-camarote-oficial-para-promocao-politica\/#breadcrumb\",\"itemListElement\":[{\"@type\":\"ListItem\",\"position\":1,\"name\":\"In\u00edcio\",\"item\":\"https:\/\/serrafm879.com.br\/serrafm\/\"},{\"@type\":\"ListItem\",\"position\":2,\"name\":\"MPPE investiga \u201cL\u00e9o do Ar\u201d por uso de camarote oficial para promo\u00e7\u00e3o pol\u00edtica\"}]},{\"@type\":\"WebSite\",\"@id\":\"https:\/\/serrafm879.com.br\/serrafm\/#website\",\"url\":\"https:\/\/serrafm879.com.br\/serrafm\/\",\"name\":\"Serra FM 87,9\",\"description\":\"O seu novo amor!\",\"potentialAction\":[{\"@type\":\"SearchAction\",\"target\":{\"@type\":\"EntryPoint\",\"urlTemplate\":\"https:\/\/serrafm879.com.br\/serrafm\/?s={search_term_string}\"},\"query-input\":{\"@type\":\"PropertyValueSpecification\",\"valueRequired\":true,\"valueName\":\"search_term_string\"}}],\"inLanguage\":\"pt-BR\"},{\"@type\":\"Person\",\"@id\":\"https:\/\/serrafm879.com.br\/serrafm\/#\/schema\/person\/c028a197030ff8b1c03c68dfba4a787a\",\"name\":\"serrafm87\",\"image\":{\"@type\":\"ImageObject\",\"inLanguage\":\"pt-BR\",\"@id\":\"https:\/\/serrafm879.com.br\/serrafm\/#\/schema\/person\/image\/\",\"url\":\"https:\/\/secure.gravatar.com\/avatar\/a743233f1112d34f48bb3dc9559b76eb930bab8b27175856cba6362608736235?s=96&d=mm&r=g\",\"contentUrl\":\"https:\/\/secure.gravatar.com\/avatar\/a743233f1112d34f48bb3dc9559b76eb930bab8b27175856cba6362608736235?s=96&d=mm&r=g\",\"caption\":\"serrafm87\"},\"sameAs\":[\"http:\/\/serrafm879.com.br\/\"],\"url\":\"https:\/\/serrafm879.com.br\/serrafm\/author\/serrafm87\/\"}]}<\/script>\n<!-- \/ Yoast SEO plugin. -->","yoast_head_json":{"title":"MPPE investiga \u201cL\u00e9o do Ar\u201d por uso de camarote oficial para promo\u00e7\u00e3o pol\u00edtica - Serra FM 87,9","robots":{"index":"index","follow":"follow","max-snippet":"max-snippet:-1","max-image-preview":"max-image-preview:large","max-video-preview":"max-video-preview:-1"},"canonical":"https:\/\/serrafm879.com.br\/serrafm\/2026\/03\/mppe-investiga-leo-do-ar-por-uso-de-camarote-oficial-para-promocao-politica\/","og_locale":"pt_BR","og_type":"article","og_title":"MPPE investiga \u201cL\u00e9o do Ar\u201d por uso de camarote oficial para promo\u00e7\u00e3o pol\u00edtica - Serra FM 87,9","og_description":"PRIMEIRA M\u00c3O O Minist\u00e9rio P\u00fablico de Pernambuco (MPPE), por meio da Promotoria de Justi\u00e7a Eleitoral de Gravat\u00e1, oficializou a abertura de um inqu\u00e9rito civil contra o vereador Leonardo Jos\u00e9 da Silva, conhecido como \u201cL\u00e9o do Ar\u201d. A investiga\u00e7\u00e3o apura suposto abuso de poder pol\u00edtico e uso indevido de bens p\u00fablicos durante as festividades juninas de 2025. Promo\u00e7\u00e3o eleitoral em espa\u00e7o p\u00fablico De acordo com a portaria assinada pela promotora Maria Cec\u00edlia Soares Tertuliano, a den\u00fancia aponta que, no dia 13 de junho de 2025, o parlamentar teria utilizado o \u201cCamarote dos Vereadores\u201d \u2014 estrutura montada no P\u00e1tio de Eventos Chucre [&hellip;]","og_url":"https:\/\/serrafm879.com.br\/serrafm\/2026\/03\/mppe-investiga-leo-do-ar-por-uso-de-camarote-oficial-para-promocao-politica\/","og_site_name":"Serra FM 87,9","article_published_time":"2026-03-09T13:47:25+00:00","og_image":[{"width":225,"height":225,"url":"http:\/\/serrafm879.com.br\/serrafm\/wp-content\/uploads\/2026\/03\/download-3.jpg","type":"image\/jpeg"}],"author":"serrafm87","twitter_card":"summary_large_image","twitter_misc":{"Escrito por":"serrafm87","Est. tempo de leitura":"3 minutos"},"schema":{"@context":"https:\/\/schema.org","@graph":[{"@type":"WebPage","@id":"https:\/\/serrafm879.com.br\/serrafm\/2026\/03\/mppe-investiga-leo-do-ar-por-uso-de-camarote-oficial-para-promocao-politica\/","url":"https:\/\/serrafm879.com.br\/serrafm\/2026\/03\/mppe-investiga-leo-do-ar-por-uso-de-camarote-oficial-para-promocao-politica\/","name":"MPPE investiga \u201cL\u00e9o do Ar\u201d por uso de camarote oficial para promo\u00e7\u00e3o pol\u00edtica - Serra FM 87,9","isPartOf":{"@id":"https:\/\/serrafm879.com.br\/serrafm\/#website"},"primaryImageOfPage":{"@id":"https:\/\/serrafm879.com.br\/serrafm\/2026\/03\/mppe-investiga-leo-do-ar-por-uso-de-camarote-oficial-para-promocao-politica\/#primaryimage"},"image":{"@id":"https:\/\/serrafm879.com.br\/serrafm\/2026\/03\/mppe-investiga-leo-do-ar-por-uso-de-camarote-oficial-para-promocao-politica\/#primaryimage"},"thumbnailUrl":"https:\/\/serrafm879.com.br\/serrafm\/wp-content\/uploads\/2026\/03\/download-3.jpg","datePublished":"2026-03-09T13:47:25+00:00","author":{"@id":"https:\/\/serrafm879.com.br\/serrafm\/#\/schema\/person\/c028a197030ff8b1c03c68dfba4a787a"},"breadcrumb":{"@id":"https:\/\/serrafm879.com.br\/serrafm\/2026\/03\/mppe-investiga-leo-do-ar-por-uso-de-camarote-oficial-para-promocao-politica\/#breadcrumb"},"inLanguage":"pt-BR","potentialAction":[{"@type":"ReadAction","target":["https:\/\/serrafm879.com.br\/serrafm\/2026\/03\/mppe-investiga-leo-do-ar-por-uso-de-camarote-oficial-para-promocao-politica\/"]}]},{"@type":"ImageObject","inLanguage":"pt-BR","@id":"https:\/\/serrafm879.com.br\/serrafm\/2026\/03\/mppe-investiga-leo-do-ar-por-uso-de-camarote-oficial-para-promocao-politica\/#primaryimage","url":"https:\/\/serrafm879.com.br\/serrafm\/wp-content\/uploads\/2026\/03\/download-3.jpg","contentUrl":"https:\/\/serrafm879.com.br\/serrafm\/wp-content\/uploads\/2026\/03\/download-3.jpg","width":225,"height":225},{"@type":"BreadcrumbList","@id":"https:\/\/serrafm879.com.br\/serrafm\/2026\/03\/mppe-investiga-leo-do-ar-por-uso-de-camarote-oficial-para-promocao-politica\/#breadcrumb","itemListElement":[{"@type":"ListItem","position":1,"name":"In\u00edcio","item":"https:\/\/serrafm879.com.br\/serrafm\/"},{"@type":"ListItem","position":2,"name":"MPPE investiga \u201cL\u00e9o do Ar\u201d por uso de camarote oficial para promo\u00e7\u00e3o pol\u00edtica"}]},{"@type":"WebSite","@id":"https:\/\/serrafm879.com.br\/serrafm\/#website","url":"https:\/\/serrafm879.com.br\/serrafm\/","name":"Serra FM 87,9","description":"O seu novo amor!","potentialAction":[{"@type":"SearchAction","target":{"@type":"EntryPoint","urlTemplate":"https:\/\/serrafm879.com.br\/serrafm\/?s={search_term_string}"},"query-input":{"@type":"PropertyValueSpecification","valueRequired":true,"valueName":"search_term_string"}}],"inLanguage":"pt-BR"},{"@type":"Person","@id":"https:\/\/serrafm879.com.br\/serrafm\/#\/schema\/person\/c028a197030ff8b1c03c68dfba4a787a","name":"serrafm87","image":{"@type":"ImageObject","inLanguage":"pt-BR","@id":"https:\/\/serrafm879.com.br\/serrafm\/#\/schema\/person\/image\/","url":"https:\/\/secure.gravatar.com\/avatar\/a743233f1112d34f48bb3dc9559b76eb930bab8b27175856cba6362608736235?s=96&d=mm&r=g","contentUrl":"https:\/\/secure.gravatar.com\/avatar\/a743233f1112d34f48bb3dc9559b76eb930bab8b27175856cba6362608736235?s=96&d=mm&r=g","caption":"serrafm87"},"sameAs":["http:\/\/serrafm879.com.br\/"],"url":"https:\/\/serrafm879.com.br\/serrafm\/author\/serrafm87\/"}]}},"jetpack_featured_media_url":"https:\/\/serrafm879.com.br\/serrafm\/wp-content\/uploads\/2026\/03\/download-3.jpg","jetpack_shortlink":"https:\/\/wp.me\/p7HyXg-6Yh","jetpack_sharing_enabled":true,"_links":{"self":[{"href":"https:\/\/serrafm879.com.br\/serrafm\/wp-json\/wp\/v2\/posts\/26801","targetHints":{"allow":["GET"]}}],"collection":[{"href":"https:\/\/serrafm879.com.br\/serrafm\/wp-json\/wp\/v2\/posts"}],"about":[{"href":"https:\/\/serrafm879.com.br\/serrafm\/wp-json\/wp\/v2\/types\/post"}],"author":[{"embeddable":true,"href":"https:\/\/serrafm879.com.br\/serrafm\/wp-json\/wp\/v2\/users\/2"}],"replies":[{"embeddable":true,"href":"https:\/\/serrafm879.com.br\/serrafm\/wp-json\/wp\/v2\/comments?post=26801"}],"version-history":[{"count":1,"href":"https:\/\/serrafm879.com.br\/serrafm\/wp-json\/wp\/v2\/posts\/26801\/revisions"}],"predecessor-version":[{"id":26803,"href":"https:\/\/serrafm879.com.br\/serrafm\/wp-json\/wp\/v2\/posts\/26801\/revisions\/26803"}],"wp:featuredmedia":[{"embeddable":true,"href":"https:\/\/serrafm879.com.br\/serrafm\/wp-json\/wp\/v2\/media\/26802"}],"wp:attachment":[{"href":"https:\/\/serrafm879.com.br\/serrafm\/wp-json\/wp\/v2\/media?parent=26801"}],"wp:term":[{"taxonomy":"category","embeddable":true,"href":"https:\/\/serrafm879.com.br\/serrafm\/wp-json\/wp\/v2\/categories?post=26801"},{"taxonomy":"post_tag","embeddable":true,"href":"https:\/\/serrafm879.com.br\/serrafm\/wp-json\/wp\/v2\/tags?post=26801"}],"curies":[{"name":"wp","href":"https:\/\/api.w.org\/{rel}","templated":true}]}}