{"id":26804,"date":"2026-03-09T16:47:22","date_gmt":"2026-03-09T19:47:22","guid":{"rendered":"https:\/\/serrafm879.com.br\/serrafm\/?p=26804"},"modified":"2026-03-09T16:47:22","modified_gmt":"2026-03-09T19:47:22","slug":"confusao-com-faca-deixa-dois-homens-feridos-em-santa-cruz-da-baixa-verde","status":"publish","type":"post","link":"https:\/\/serrafm879.com.br\/serrafm\/2026\/03\/confusao-com-faca-deixa-dois-homens-feridos-em-santa-cruz-da-baixa-verde\/","title":{"rendered":"Confus\u00e3o com faca deixa dois homens feridos em Santa Cruz da Baixa Verde"},"content":{"rendered":"<p data-start=\"77\" data-end=\"260\">Uma confus\u00e3o entre dois homens terminou em <strong data-start=\"120\" data-end=\"157\">les\u00f5es provocadas por arma branca<\/strong> na noite da \u00faltima sexta-feira (7), no munic\u00edpio de <strong data-start=\"210\" data-end=\"239\">Santa Cruz da Baixa Verde<\/strong>, no Sert\u00e3o do Paje\u00fa.<\/p>\n<p data-start=\"262\" data-end=\"536\">De acordo com informa\u00e7\u00f5es do <strong data-start=\"291\" data-end=\"336\">14\u00ba Batalh\u00e3o da Pol\u00edcia Militar (14\u00ba BPM)<\/strong>, a ocorr\u00eancia foi registrada no <strong data-start=\"369\" data-end=\"398\">Loteamento C\u00edcero da \u00c1gua<\/strong>. Policiais foram acionados pelo hospital local ap\u00f3s duas pessoas darem entrada na unidade de sa\u00fade com <strong data-start=\"502\" data-end=\"535\">perfura\u00e7\u00f5es causadas por faca<\/strong>.<\/p>\n<p data-start=\"538\" data-end=\"841\">Ao chegarem ao hospital, os militares constataram a situa\u00e7\u00e3o. Uma das v\u00edtimas apresentava <strong data-start=\"628\" data-end=\"693\">ferimentos nas m\u00e3os, na perna direita, na cabe\u00e7a e no abd\u00f4men<\/strong>, sendo os dois \u00faltimos considerados mais profundos pela equipe m\u00e9dica. A outra v\u00edtima tamb\u00e9m apresentava <strong data-start=\"799\" data-end=\"840\">les\u00f5es nas m\u00e3os, nos p\u00e9s e no abd\u00f4men<\/strong>.<\/p>\n<p data-start=\"843\" data-end=\"1202\">Segundo relato de uma testemunha \u00e0 pol\u00edcia, os envolvidos estavam <strong data-start=\"909\" data-end=\"957\">ingerindo bebida alco\u00f3lica em uma resid\u00eancia<\/strong> quando um deles saiu do local e pediu que a testemunha fosse at\u00e9 onde ele estava. O outro homem n\u00e3o teria gostado da situa\u00e7\u00e3o e foi at\u00e9 a resid\u00eancia do primeiro <strong data-start=\"1119\" data-end=\"1140\">portando uma faca<\/strong>, iniciando uma discuss\u00e3o que acabou evoluindo para uma briga.<\/p>\n<p data-start=\"1204\" data-end=\"1296\">Durante a confus\u00e3o, <strong data-start=\"1224\" data-end=\"1295\">os dois passaram a desferir golpes de arma branca um contra o outro<\/strong>.<\/p>\n<p data-start=\"1298\" data-end=\"1533\">Ap\u00f3s o ocorrido, ambos foram socorridos para o <strong data-start=\"1345\" data-end=\"1386\">hospital de Santa Cruz da Baixa Verde<\/strong> e, devido \u00e0 gravidade dos ferimentos, <strong data-start=\"1425\" data-end=\"1490\">transferidos para o Hospital Eduardo Campos, em Serra Talhada<\/strong>, onde passaram por exames mais detalhados.<\/p>\n<p data-start=\"1535\" data-end=\"1654\">A Pol\u00edcia Militar realizou <strong data-start=\"1562\" data-end=\"1595\">rondas no local da ocorr\u00eancia<\/strong>, mas n\u00e3o conseguiu localizar as facas utilizadas na briga.<\/p>\n<p data-start=\"1656\" data-end=\"1794\">O caso foi registrado e encaminhado \u00e0 <strong data-start=\"1694\" data-end=\"1724\">Delegacia de Pol\u00edcia Civil<\/strong>, que ficar\u00e1 respons\u00e1vel pelas investiga\u00e7\u00f5es e pelas medidas cab\u00edveis.<\/p>\n","protected":false},"excerpt":{"rendered":"<p>Uma confus\u00e3o entre dois homens terminou em les\u00f5es provocadas por arma branca na noite da \u00faltima sexta-feira (7), no munic\u00edpio de Santa Cruz da Baixa Verde, no Sert\u00e3o do Paje\u00fa. De acordo com informa\u00e7\u00f5es do 14\u00ba Batalh\u00e3o da Pol\u00edcia Militar (14\u00ba BPM), a ocorr\u00eancia foi registrada no Loteamento C\u00edcero da \u00c1gua. Policiais foram acionados pelo hospital local ap\u00f3s duas pessoas darem entrada na unidade de sa\u00fade com perfura\u00e7\u00f5es causadas por faca. Ao chegarem ao hospital, os militares constataram a situa\u00e7\u00e3o. Uma das v\u00edtimas apresentava ferimentos nas m\u00e3os, na perna direita, na cabe\u00e7a e no abd\u00f4men, sendo os dois \u00faltimos considerados [&hellip;]<\/p>\n","protected":false},"author":2,"featured_media":26805,"comment_status":"open","ping_status":"open","sticky":false,"template":"","format":"standard","meta":{"_jetpack_memberships_contains_paid_content":false,"footnotes":"","jetpack_publicize_message":"","jetpack_publicize_feature_enabled":true,"jetpack_social_post_already_shared":true,"jetpack_social_options":{"image_generator_settings":{"template":"highway","enabled":false},"version":2}},"categories":[2],"tags":[],"class_list":["post-26804","post","type-post","status-publish","format-standard","has-post-thumbnail","hentry","category-noticias"],"jetpack_publicize_connections":[],"yoast_head":"<!-- This site is optimized with the Yoast SEO plugin v24.7 - https:\/\/yoast.com\/wordpress\/plugins\/seo\/ -->\n<title>Confus\u00e3o com faca deixa dois homens feridos em Santa Cruz da Baixa Verde - Serra FM 87,9<\/title>\n<meta name=\"robots\" content=\"index, follow, max-snippet:-1, max-image-preview:large, max-video-preview:-1\" \/>\n<link rel=\"canonical\" href=\"https:\/\/serrafm879.com.br\/serrafm\/2026\/03\/confusao-com-faca-deixa-dois-homens-feridos-em-santa-cruz-da-baixa-verde\/\" \/>\n<meta property=\"og:locale\" content=\"pt_BR\" \/>\n<meta property=\"og:type\" content=\"article\" \/>\n<meta property=\"og:title\" content=\"Confus\u00e3o com faca deixa dois homens feridos em Santa Cruz da Baixa Verde - Serra FM 87,9\" \/>\n<meta property=\"og:description\" content=\"Uma confus\u00e3o entre dois homens terminou em les\u00f5es provocadas por arma branca na noite da \u00faltima sexta-feira (7), no munic\u00edpio de Santa Cruz da Baixa Verde, no Sert\u00e3o do Paje\u00fa. De acordo com informa\u00e7\u00f5es do 14\u00ba Batalh\u00e3o da Pol\u00edcia Militar (14\u00ba BPM), a ocorr\u00eancia foi registrada no Loteamento C\u00edcero da \u00c1gua. Policiais foram acionados pelo hospital local ap\u00f3s duas pessoas darem entrada na unidade de sa\u00fade com perfura\u00e7\u00f5es causadas por faca. Ao chegarem ao hospital, os militares constataram a situa\u00e7\u00e3o. Uma das v\u00edtimas apresentava ferimentos nas m\u00e3os, na perna direita, na cabe\u00e7a e no abd\u00f4men, sendo os dois \u00faltimos considerados [&hellip;]\" \/>\n<meta property=\"og:url\" content=\"https:\/\/serrafm879.com.br\/serrafm\/2026\/03\/confusao-com-faca-deixa-dois-homens-feridos-em-santa-cruz-da-baixa-verde\/\" \/>\n<meta property=\"og:site_name\" content=\"Serra FM 87,9\" \/>\n<meta property=\"article:published_time\" content=\"2026-03-09T19:47:22+00:00\" \/>\n<meta property=\"og:image\" content=\"http:\/\/serrafm879.com.br\/serrafm\/wp-content\/uploads\/2026\/03\/download-4.jpg\" \/>\n\t<meta property=\"og:image:width\" content=\"275\" \/>\n\t<meta property=\"og:image:height\" content=\"183\" \/>\n\t<meta property=\"og:image:type\" content=\"image\/jpeg\" \/>\n<meta name=\"author\" content=\"serrafm87\" \/>\n<meta name=\"twitter:card\" content=\"summary_large_image\" \/>\n<meta name=\"twitter:label1\" content=\"Escrito por\" \/>\n\t<meta name=\"twitter:data1\" content=\"serrafm87\" \/>\n\t<meta name=\"twitter:label2\" content=\"Est. tempo de leitura\" \/>\n\t<meta name=\"twitter:data2\" content=\"2 minutos\" \/>\n<script type=\"application\/ld+json\" class=\"yoast-schema-graph\">{\"@context\":\"https:\/\/schema.org\",\"@graph\":[{\"@type\":\"WebPage\",\"@id\":\"https:\/\/serrafm879.com.br\/serrafm\/2026\/03\/confusao-com-faca-deixa-dois-homens-feridos-em-santa-cruz-da-baixa-verde\/\",\"url\":\"https:\/\/serrafm879.com.br\/serrafm\/2026\/03\/confusao-com-faca-deixa-dois-homens-feridos-em-santa-cruz-da-baixa-verde\/\",\"name\":\"Confus\u00e3o com faca deixa dois homens feridos em Santa Cruz da Baixa Verde - Serra FM 87,9\",\"isPartOf\":{\"@id\":\"https:\/\/serrafm879.com.br\/serrafm\/#website\"},\"primaryImageOfPage\":{\"@id\":\"https:\/\/serrafm879.com.br\/serrafm\/2026\/03\/confusao-com-faca-deixa-dois-homens-feridos-em-santa-cruz-da-baixa-verde\/#primaryimage\"},\"image\":{\"@id\":\"https:\/\/serrafm879.com.br\/serrafm\/2026\/03\/confusao-com-faca-deixa-dois-homens-feridos-em-santa-cruz-da-baixa-verde\/#primaryimage\"},\"thumbnailUrl\":\"https:\/\/serrafm879.com.br\/serrafm\/wp-content\/uploads\/2026\/03\/download-4.jpg\",\"datePublished\":\"2026-03-09T19:47:22+00:00\",\"author\":{\"@id\":\"https:\/\/serrafm879.com.br\/serrafm\/#\/schema\/person\/c028a197030ff8b1c03c68dfba4a787a\"},\"breadcrumb\":{\"@id\":\"https:\/\/serrafm879.com.br\/serrafm\/2026\/03\/confusao-com-faca-deixa-dois-homens-feridos-em-santa-cruz-da-baixa-verde\/#breadcrumb\"},\"inLanguage\":\"pt-BR\",\"potentialAction\":[{\"@type\":\"ReadAction\",\"target\":[\"https:\/\/serrafm879.com.br\/serrafm\/2026\/03\/confusao-com-faca-deixa-dois-homens-feridos-em-santa-cruz-da-baixa-verde\/\"]}]},{\"@type\":\"ImageObject\",\"inLanguage\":\"pt-BR\",\"@id\":\"https:\/\/serrafm879.com.br\/serrafm\/2026\/03\/confusao-com-faca-deixa-dois-homens-feridos-em-santa-cruz-da-baixa-verde\/#primaryimage\",\"url\":\"https:\/\/serrafm879.com.br\/serrafm\/wp-content\/uploads\/2026\/03\/download-4.jpg\",\"contentUrl\":\"https:\/\/serrafm879.com.br\/serrafm\/wp-content\/uploads\/2026\/03\/download-4.jpg\",\"width\":275,\"height\":183},{\"@type\":\"BreadcrumbList\",\"@id\":\"https:\/\/serrafm879.com.br\/serrafm\/2026\/03\/confusao-com-faca-deixa-dois-homens-feridos-em-santa-cruz-da-baixa-verde\/#breadcrumb\",\"itemListElement\":[{\"@type\":\"ListItem\",\"position\":1,\"name\":\"In\u00edcio\",\"item\":\"https:\/\/serrafm879.com.br\/serrafm\/\"},{\"@type\":\"ListItem\",\"position\":2,\"name\":\"Confus\u00e3o com faca deixa dois homens feridos em Santa Cruz da Baixa Verde\"}]},{\"@type\":\"WebSite\",\"@id\":\"https:\/\/serrafm879.com.br\/serrafm\/#website\",\"url\":\"https:\/\/serrafm879.com.br\/serrafm\/\",\"name\":\"Serra FM 87,9\",\"description\":\"O seu novo amor!\",\"potentialAction\":[{\"@type\":\"SearchAction\",\"target\":{\"@type\":\"EntryPoint\",\"urlTemplate\":\"https:\/\/serrafm879.com.br\/serrafm\/?s={search_term_string}\"},\"query-input\":{\"@type\":\"PropertyValueSpecification\",\"valueRequired\":true,\"valueName\":\"search_term_string\"}}],\"inLanguage\":\"pt-BR\"},{\"@type\":\"Person\",\"@id\":\"https:\/\/serrafm879.com.br\/serrafm\/#\/schema\/person\/c028a197030ff8b1c03c68dfba4a787a\",\"name\":\"serrafm87\",\"image\":{\"@type\":\"ImageObject\",\"inLanguage\":\"pt-BR\",\"@id\":\"https:\/\/serrafm879.com.br\/serrafm\/#\/schema\/person\/image\/\",\"url\":\"https:\/\/secure.gravatar.com\/avatar\/a743233f1112d34f48bb3dc9559b76eb930bab8b27175856cba6362608736235?s=96&d=mm&r=g\",\"contentUrl\":\"https:\/\/secure.gravatar.com\/avatar\/a743233f1112d34f48bb3dc9559b76eb930bab8b27175856cba6362608736235?s=96&d=mm&r=g\",\"caption\":\"serrafm87\"},\"sameAs\":[\"http:\/\/serrafm879.com.br\/\"],\"url\":\"https:\/\/serrafm879.com.br\/serrafm\/author\/serrafm87\/\"}]}<\/script>\n<!-- \/ Yoast SEO plugin. -->","yoast_head_json":{"title":"Confus\u00e3o com faca deixa dois homens feridos em Santa Cruz da Baixa Verde - Serra FM 87,9","robots":{"index":"index","follow":"follow","max-snippet":"max-snippet:-1","max-image-preview":"max-image-preview:large","max-video-preview":"max-video-preview:-1"},"canonical":"https:\/\/serrafm879.com.br\/serrafm\/2026\/03\/confusao-com-faca-deixa-dois-homens-feridos-em-santa-cruz-da-baixa-verde\/","og_locale":"pt_BR","og_type":"article","og_title":"Confus\u00e3o com faca deixa dois homens feridos em Santa Cruz da Baixa Verde - Serra FM 87,9","og_description":"Uma confus\u00e3o entre dois homens terminou em les\u00f5es provocadas por arma branca na noite da \u00faltima sexta-feira (7), no munic\u00edpio de Santa Cruz da Baixa Verde, no Sert\u00e3o do Paje\u00fa. De acordo com informa\u00e7\u00f5es do 14\u00ba Batalh\u00e3o da Pol\u00edcia Militar (14\u00ba BPM), a ocorr\u00eancia foi registrada no Loteamento C\u00edcero da \u00c1gua. Policiais foram acionados pelo hospital local ap\u00f3s duas pessoas darem entrada na unidade de sa\u00fade com perfura\u00e7\u00f5es causadas por faca. Ao chegarem ao hospital, os militares constataram a situa\u00e7\u00e3o. Uma das v\u00edtimas apresentava ferimentos nas m\u00e3os, na perna direita, na cabe\u00e7a e no abd\u00f4men, sendo os dois \u00faltimos considerados [&hellip;]","og_url":"https:\/\/serrafm879.com.br\/serrafm\/2026\/03\/confusao-com-faca-deixa-dois-homens-feridos-em-santa-cruz-da-baixa-verde\/","og_site_name":"Serra FM 87,9","article_published_time":"2026-03-09T19:47:22+00:00","og_image":[{"width":275,"height":183,"url":"http:\/\/serrafm879.com.br\/serrafm\/wp-content\/uploads\/2026\/03\/download-4.jpg","type":"image\/jpeg"}],"author":"serrafm87","twitter_card":"summary_large_image","twitter_misc":{"Escrito por":"serrafm87","Est. tempo de leitura":"2 minutos"},"schema":{"@context":"https:\/\/schema.org","@graph":[{"@type":"WebPage","@id":"https:\/\/serrafm879.com.br\/serrafm\/2026\/03\/confusao-com-faca-deixa-dois-homens-feridos-em-santa-cruz-da-baixa-verde\/","url":"https:\/\/serrafm879.com.br\/serrafm\/2026\/03\/confusao-com-faca-deixa-dois-homens-feridos-em-santa-cruz-da-baixa-verde\/","name":"Confus\u00e3o com faca deixa dois homens feridos em Santa Cruz da Baixa Verde - Serra FM 87,9","isPartOf":{"@id":"https:\/\/serrafm879.com.br\/serrafm\/#website"},"primaryImageOfPage":{"@id":"https:\/\/serrafm879.com.br\/serrafm\/2026\/03\/confusao-com-faca-deixa-dois-homens-feridos-em-santa-cruz-da-baixa-verde\/#primaryimage"},"image":{"@id":"https:\/\/serrafm879.com.br\/serrafm\/2026\/03\/confusao-com-faca-deixa-dois-homens-feridos-em-santa-cruz-da-baixa-verde\/#primaryimage"},"thumbnailUrl":"https:\/\/serrafm879.com.br\/serrafm\/wp-content\/uploads\/2026\/03\/download-4.jpg","datePublished":"2026-03-09T19:47:22+00:00","author":{"@id":"https:\/\/serrafm879.com.br\/serrafm\/#\/schema\/person\/c028a197030ff8b1c03c68dfba4a787a"},"breadcrumb":{"@id":"https:\/\/serrafm879.com.br\/serrafm\/2026\/03\/confusao-com-faca-deixa-dois-homens-feridos-em-santa-cruz-da-baixa-verde\/#breadcrumb"},"inLanguage":"pt-BR","potentialAction":[{"@type":"ReadAction","target":["https:\/\/serrafm879.com.br\/serrafm\/2026\/03\/confusao-com-faca-deixa-dois-homens-feridos-em-santa-cruz-da-baixa-verde\/"]}]},{"@type":"ImageObject","inLanguage":"pt-BR","@id":"https:\/\/serrafm879.com.br\/serrafm\/2026\/03\/confusao-com-faca-deixa-dois-homens-feridos-em-santa-cruz-da-baixa-verde\/#primaryimage","url":"https:\/\/serrafm879.com.br\/serrafm\/wp-content\/uploads\/2026\/03\/download-4.jpg","contentUrl":"https:\/\/serrafm879.com.br\/serrafm\/wp-content\/uploads\/2026\/03\/download-4.jpg","width":275,"height":183},{"@type":"BreadcrumbList","@id":"https:\/\/serrafm879.com.br\/serrafm\/2026\/03\/confusao-com-faca-deixa-dois-homens-feridos-em-santa-cruz-da-baixa-verde\/#breadcrumb","itemListElement":[{"@type":"ListItem","position":1,"name":"In\u00edcio","item":"https:\/\/serrafm879.com.br\/serrafm\/"},{"@type":"ListItem","position":2,"name":"Confus\u00e3o com faca deixa dois homens feridos em Santa Cruz da Baixa Verde"}]},{"@type":"WebSite","@id":"https:\/\/serrafm879.com.br\/serrafm\/#website","url":"https:\/\/serrafm879.com.br\/serrafm\/","name":"Serra FM 87,9","description":"O seu novo amor!","potentialAction":[{"@type":"SearchAction","target":{"@type":"EntryPoint","urlTemplate":"https:\/\/serrafm879.com.br\/serrafm\/?s={search_term_string}"},"query-input":{"@type":"PropertyValueSpecification","valueRequired":true,"valueName":"search_term_string"}}],"inLanguage":"pt-BR"},{"@type":"Person","@id":"https:\/\/serrafm879.com.br\/serrafm\/#\/schema\/person\/c028a197030ff8b1c03c68dfba4a787a","name":"serrafm87","image":{"@type":"ImageObject","inLanguage":"pt-BR","@id":"https:\/\/serrafm879.com.br\/serrafm\/#\/schema\/person\/image\/","url":"https:\/\/secure.gravatar.com\/avatar\/a743233f1112d34f48bb3dc9559b76eb930bab8b27175856cba6362608736235?s=96&d=mm&r=g","contentUrl":"https:\/\/secure.gravatar.com\/avatar\/a743233f1112d34f48bb3dc9559b76eb930bab8b27175856cba6362608736235?s=96&d=mm&r=g","caption":"serrafm87"},"sameAs":["http:\/\/serrafm879.com.br\/"],"url":"https:\/\/serrafm879.com.br\/serrafm\/author\/serrafm87\/"}]}},"jetpack_featured_media_url":"https:\/\/serrafm879.com.br\/serrafm\/wp-content\/uploads\/2026\/03\/download-4.jpg","jetpack_shortlink":"https:\/\/wp.me\/p7HyXg-6Yk","jetpack_sharing_enabled":true,"_links":{"self":[{"href":"https:\/\/serrafm879.com.br\/serrafm\/wp-json\/wp\/v2\/posts\/26804","targetHints":{"allow":["GET"]}}],"collection":[{"href":"https:\/\/serrafm879.com.br\/serrafm\/wp-json\/wp\/v2\/posts"}],"about":[{"href":"https:\/\/serrafm879.com.br\/serrafm\/wp-json\/wp\/v2\/types\/post"}],"author":[{"embeddable":true,"href":"https:\/\/serrafm879.com.br\/serrafm\/wp-json\/wp\/v2\/users\/2"}],"replies":[{"embeddable":true,"href":"https:\/\/serrafm879.com.br\/serrafm\/wp-json\/wp\/v2\/comments?post=26804"}],"version-history":[{"count":1,"href":"https:\/\/serrafm879.com.br\/serrafm\/wp-json\/wp\/v2\/posts\/26804\/revisions"}],"predecessor-version":[{"id":26806,"href":"https:\/\/serrafm879.com.br\/serrafm\/wp-json\/wp\/v2\/posts\/26804\/revisions\/26806"}],"wp:featuredmedia":[{"embeddable":true,"href":"https:\/\/serrafm879.com.br\/serrafm\/wp-json\/wp\/v2\/media\/26805"}],"wp:attachment":[{"href":"https:\/\/serrafm879.com.br\/serrafm\/wp-json\/wp\/v2\/media?parent=26804"}],"wp:term":[{"taxonomy":"category","embeddable":true,"href":"https:\/\/serrafm879.com.br\/serrafm\/wp-json\/wp\/v2\/categories?post=26804"},{"taxonomy":"post_tag","embeddable":true,"href":"https:\/\/serrafm879.com.br\/serrafm\/wp-json\/wp\/v2\/tags?post=26804"}],"curies":[{"name":"wp","href":"https:\/\/api.w.org\/{rel}","templated":true}]}}