{"id":26810,"date":"2026-03-10T17:51:35","date_gmt":"2026-03-10T20:51:35","guid":{"rendered":"https:\/\/serrafm879.com.br\/serrafm\/?p=26810"},"modified":"2026-03-10T17:51:35","modified_gmt":"2026-03-10T20:51:35","slug":"solenidade-na-alepe-celebra-os-80-anos-do-grupo-joao-duque-e-os-98-anos-do-empresario-joao-duque","status":"publish","type":"post","link":"https:\/\/serrafm879.com.br\/serrafm\/2026\/03\/solenidade-na-alepe-celebra-os-80-anos-do-grupo-joao-duque-e-os-98-anos-do-empresario-joao-duque\/","title":{"rendered":"Solenidade na Alepe celebra os 80 anos do Grupo Jo\u00e3o Duque e os 98 anos do empres\u00e1rio Jo\u00e3o Duque"},"content":{"rendered":"<p>A Assembleia Legislativa de Pernambuco realizou, na noite desta segunda-feira (9), uma solenidade especial em homenagem aos 80 anos de hist\u00f3ria do Grupo Jo\u00e3o Duque. A cerim\u00f4nia aconteceu no audit\u00f3rio S\u00e9rgio Guerra e foi proposta e presidida pela deputada estadual Socorro Pimentel.<\/p>\n<p>A homenagem teve um significado ainda mais especial, j\u00e1 que nesta mesma data o empres\u00e1rio Jo\u00e3o Duque completou 98 anos de vida. Reconhecido como um dos empres\u00e1rios mais longevos em atividade no estado, ele foi celebrado por sua trajet\u00f3ria marcada pelo empreendedorismo, pela f\u00e9 e pelo compromisso com o desenvolvimento de Serra Talhada e do Sert\u00e3o pernambucano.<\/p>\n<p>O evento reuniu empres\u00e1rios, lideran\u00e7as pol\u00edticas e representantes do setor produtivo de diversas regi\u00f5es do estado, com forte presen\u00e7a de empreendedores de Serra Talhada. Tamb\u00e9m participaram familiares do homenageado, entre filhos, noras, netos e bisnetos, al\u00e9m de amigos, funcion\u00e1rios do grupo empresarial, que fazem parte da hist\u00f3ria constru\u00edda ao longo de oito d\u00e9cadas de trabalho.<\/p>\n<p>Entre as autoridades presentes estavam o presidente do Instituto Agron\u00f4mico de Pernambuco (IPA) e neto do homenageado, Miguel Duque, que representou a governadora Raquel Lyra; o presidente do Sistema Fecom\u00e9rcio PE, que tamb\u00e9m integra o Sesc Pernambuco e o Senac Pernambuco, Bernardo Peixoto; al\u00e9m do empres\u00e1rio e presidente da APAE Serra Talhada, Chico Mourato.<\/p>\n<p>Tamb\u00e9m prestigiaram a solenidade os empres\u00e1rios Ant\u00f4nio Cai\u00e7ara, Maur\u00edcio Melo, Maninho Ferreira, Chico Terto, Everaldo de Melo Lima, Carlito Godoy, Gerson Gon\u00e7alves de Lima e Kleber Carvalho, o soci\u00f3logo Jos\u00e9 Arlindo, entre outras lideran\u00e7as empresariais do Sert\u00e3o e de Pernambuco.<\/p>\n<p>Durante a cerim\u00f4nia, o deputado estadual e filho do homenageado, Luciano Duque destacou o legado constru\u00eddo pelo pai ao longo de d\u00e9cadas de trabalho, f\u00e9 e solidariedade.<\/p>\n<p>\u201cMeu pai construiu muito mais do que uma empresa. Ele construiu confian\u00e7a, amizade e esperan\u00e7a para muita gente. S\u00e3o 80 anos de portas abertas, gerando emprego, ajudando quem precisa e mostrando que o verdadeiro sucesso est\u00e1 em servir \u00e0s pessoas. Para mim, como filho, \u00e9 uma honra e uma responsabilidade carregar esse exemplo de trabalho, f\u00e9 e generosidade\u201d, afirmou.<\/p>\n<p>A solenidade destacou a contribui\u00e7\u00e3o do Grupo Jo\u00e3o Duque para o desenvolvimento econ\u00f4mico de Serra Talhada e da regi\u00e3o, al\u00e9m do legado social do empres\u00e1rio, conhecido em todo o Sert\u00e3o pelo apoio a diversas iniciativas comunit\u00e1rias e pela ajuda constante \u00e0s pessoas mais simples.<\/p>\n","protected":false},"excerpt":{"rendered":"<p>A Assembleia Legislativa de Pernambuco realizou, na noite desta segunda-feira (9), uma solenidade especial em homenagem aos 80 anos de hist\u00f3ria do Grupo Jo\u00e3o Duque. A cerim\u00f4nia aconteceu no audit\u00f3rio S\u00e9rgio Guerra e foi proposta e presidida pela deputada estadual Socorro Pimentel. A homenagem teve um significado ainda mais especial, j\u00e1 que nesta mesma data o empres\u00e1rio Jo\u00e3o Duque completou 98 anos de vida. Reconhecido como um dos empres\u00e1rios mais longevos em atividade no estado, ele foi celebrado por sua trajet\u00f3ria marcada pelo empreendedorismo, pela f\u00e9 e pelo compromisso com o desenvolvimento de Serra Talhada e do Sert\u00e3o pernambucano. O [&hellip;]<\/p>\n","protected":false},"author":2,"featured_media":26812,"comment_status":"open","ping_status":"open","sticky":false,"template":"","format":"standard","meta":{"_jetpack_memberships_contains_paid_content":false,"footnotes":"","jetpack_publicize_message":"","jetpack_publicize_feature_enabled":true,"jetpack_social_post_already_shared":true,"jetpack_social_options":{"image_generator_settings":{"template":"highway","enabled":false},"version":2}},"categories":[2],"tags":[],"class_list":["post-26810","post","type-post","status-publish","format-standard","has-post-thumbnail","hentry","category-noticias"],"jetpack_publicize_connections":[],"yoast_head":"<!-- This site is optimized with the Yoast SEO plugin v24.7 - https:\/\/yoast.com\/wordpress\/plugins\/seo\/ -->\n<title>Solenidade na Alepe celebra os 80 anos do Grupo Jo\u00e3o Duque e os 98 anos do empres\u00e1rio Jo\u00e3o Duque - Serra FM 87,9<\/title>\n<meta name=\"robots\" content=\"index, follow, max-snippet:-1, max-image-preview:large, max-video-preview:-1\" \/>\n<link rel=\"canonical\" href=\"https:\/\/serrafm879.com.br\/serrafm\/2026\/03\/solenidade-na-alepe-celebra-os-80-anos-do-grupo-joao-duque-e-os-98-anos-do-empresario-joao-duque\/\" \/>\n<meta property=\"og:locale\" content=\"pt_BR\" \/>\n<meta property=\"og:type\" content=\"article\" \/>\n<meta property=\"og:title\" content=\"Solenidade na Alepe celebra os 80 anos do Grupo Jo\u00e3o Duque e os 98 anos do empres\u00e1rio Jo\u00e3o Duque - Serra FM 87,9\" \/>\n<meta property=\"og:description\" content=\"A Assembleia Legislativa de Pernambuco realizou, na noite desta segunda-feira (9), uma solenidade especial em homenagem aos 80 anos de hist\u00f3ria do Grupo Jo\u00e3o Duque. A cerim\u00f4nia aconteceu no audit\u00f3rio S\u00e9rgio Guerra e foi proposta e presidida pela deputada estadual Socorro Pimentel. A homenagem teve um significado ainda mais especial, j\u00e1 que nesta mesma data o empres\u00e1rio Jo\u00e3o Duque completou 98 anos de vida. Reconhecido como um dos empres\u00e1rios mais longevos em atividade no estado, ele foi celebrado por sua trajet\u00f3ria marcada pelo empreendedorismo, pela f\u00e9 e pelo compromisso com o desenvolvimento de Serra Talhada e do Sert\u00e3o pernambucano. O [&hellip;]\" \/>\n<meta property=\"og:url\" content=\"https:\/\/serrafm879.com.br\/serrafm\/2026\/03\/solenidade-na-alepe-celebra-os-80-anos-do-grupo-joao-duque-e-os-98-anos-do-empresario-joao-duque\/\" \/>\n<meta property=\"og:site_name\" content=\"Serra FM 87,9\" \/>\n<meta property=\"article:published_time\" content=\"2026-03-10T20:51:35+00:00\" \/>\n<meta property=\"og:image\" content=\"http:\/\/serrafm879.com.br\/serrafm\/wp-content\/uploads\/2026\/03\/duque-2-660x330-1.jpg\" \/>\n\t<meta property=\"og:image:width\" content=\"660\" \/>\n\t<meta property=\"og:image:height\" content=\"330\" \/>\n\t<meta property=\"og:image:type\" content=\"image\/jpeg\" \/>\n<meta name=\"author\" content=\"serrafm87\" \/>\n<meta name=\"twitter:card\" content=\"summary_large_image\" \/>\n<meta name=\"twitter:label1\" content=\"Escrito por\" \/>\n\t<meta name=\"twitter:data1\" content=\"serrafm87\" \/>\n\t<meta name=\"twitter:label2\" content=\"Est. tempo de leitura\" \/>\n\t<meta name=\"twitter:data2\" content=\"3 minutos\" \/>\n<script type=\"application\/ld+json\" class=\"yoast-schema-graph\">{\"@context\":\"https:\/\/schema.org\",\"@graph\":[{\"@type\":\"WebPage\",\"@id\":\"https:\/\/serrafm879.com.br\/serrafm\/2026\/03\/solenidade-na-alepe-celebra-os-80-anos-do-grupo-joao-duque-e-os-98-anos-do-empresario-joao-duque\/\",\"url\":\"https:\/\/serrafm879.com.br\/serrafm\/2026\/03\/solenidade-na-alepe-celebra-os-80-anos-do-grupo-joao-duque-e-os-98-anos-do-empresario-joao-duque\/\",\"name\":\"Solenidade na Alepe celebra os 80 anos do Grupo Jo\u00e3o Duque e os 98 anos do empres\u00e1rio Jo\u00e3o Duque - Serra FM 87,9\",\"isPartOf\":{\"@id\":\"https:\/\/serrafm879.com.br\/serrafm\/#website\"},\"primaryImageOfPage\":{\"@id\":\"https:\/\/serrafm879.com.br\/serrafm\/2026\/03\/solenidade-na-alepe-celebra-os-80-anos-do-grupo-joao-duque-e-os-98-anos-do-empresario-joao-duque\/#primaryimage\"},\"image\":{\"@id\":\"https:\/\/serrafm879.com.br\/serrafm\/2026\/03\/solenidade-na-alepe-celebra-os-80-anos-do-grupo-joao-duque-e-os-98-anos-do-empresario-joao-duque\/#primaryimage\"},\"thumbnailUrl\":\"https:\/\/serrafm879.com.br\/serrafm\/wp-content\/uploads\/2026\/03\/duque-2-660x330-1.jpg\",\"datePublished\":\"2026-03-10T20:51:35+00:00\",\"author\":{\"@id\":\"https:\/\/serrafm879.com.br\/serrafm\/#\/schema\/person\/c028a197030ff8b1c03c68dfba4a787a\"},\"breadcrumb\":{\"@id\":\"https:\/\/serrafm879.com.br\/serrafm\/2026\/03\/solenidade-na-alepe-celebra-os-80-anos-do-grupo-joao-duque-e-os-98-anos-do-empresario-joao-duque\/#breadcrumb\"},\"inLanguage\":\"pt-BR\",\"potentialAction\":[{\"@type\":\"ReadAction\",\"target\":[\"https:\/\/serrafm879.com.br\/serrafm\/2026\/03\/solenidade-na-alepe-celebra-os-80-anos-do-grupo-joao-duque-e-os-98-anos-do-empresario-joao-duque\/\"]}]},{\"@type\":\"ImageObject\",\"inLanguage\":\"pt-BR\",\"@id\":\"https:\/\/serrafm879.com.br\/serrafm\/2026\/03\/solenidade-na-alepe-celebra-os-80-anos-do-grupo-joao-duque-e-os-98-anos-do-empresario-joao-duque\/#primaryimage\",\"url\":\"https:\/\/serrafm879.com.br\/serrafm\/wp-content\/uploads\/2026\/03\/duque-2-660x330-1.jpg\",\"contentUrl\":\"https:\/\/serrafm879.com.br\/serrafm\/wp-content\/uploads\/2026\/03\/duque-2-660x330-1.jpg\",\"width\":660,\"height\":330},{\"@type\":\"BreadcrumbList\",\"@id\":\"https:\/\/serrafm879.com.br\/serrafm\/2026\/03\/solenidade-na-alepe-celebra-os-80-anos-do-grupo-joao-duque-e-os-98-anos-do-empresario-joao-duque\/#breadcrumb\",\"itemListElement\":[{\"@type\":\"ListItem\",\"position\":1,\"name\":\"In\u00edcio\",\"item\":\"https:\/\/serrafm879.com.br\/serrafm\/\"},{\"@type\":\"ListItem\",\"position\":2,\"name\":\"Solenidade na Alepe celebra os 80 anos do Grupo Jo\u00e3o Duque e os 98 anos do empres\u00e1rio Jo\u00e3o Duque\"}]},{\"@type\":\"WebSite\",\"@id\":\"https:\/\/serrafm879.com.br\/serrafm\/#website\",\"url\":\"https:\/\/serrafm879.com.br\/serrafm\/\",\"name\":\"Serra FM 87,9\",\"description\":\"O seu novo amor!\",\"potentialAction\":[{\"@type\":\"SearchAction\",\"target\":{\"@type\":\"EntryPoint\",\"urlTemplate\":\"https:\/\/serrafm879.com.br\/serrafm\/?s={search_term_string}\"},\"query-input\":{\"@type\":\"PropertyValueSpecification\",\"valueRequired\":true,\"valueName\":\"search_term_string\"}}],\"inLanguage\":\"pt-BR\"},{\"@type\":\"Person\",\"@id\":\"https:\/\/serrafm879.com.br\/serrafm\/#\/schema\/person\/c028a197030ff8b1c03c68dfba4a787a\",\"name\":\"serrafm87\",\"image\":{\"@type\":\"ImageObject\",\"inLanguage\":\"pt-BR\",\"@id\":\"https:\/\/serrafm879.com.br\/serrafm\/#\/schema\/person\/image\/\",\"url\":\"https:\/\/secure.gravatar.com\/avatar\/a743233f1112d34f48bb3dc9559b76eb930bab8b27175856cba6362608736235?s=96&d=mm&r=g\",\"contentUrl\":\"https:\/\/secure.gravatar.com\/avatar\/a743233f1112d34f48bb3dc9559b76eb930bab8b27175856cba6362608736235?s=96&d=mm&r=g\",\"caption\":\"serrafm87\"},\"sameAs\":[\"http:\/\/serrafm879.com.br\/\"],\"url\":\"https:\/\/serrafm879.com.br\/serrafm\/author\/serrafm87\/\"}]}<\/script>\n<!-- \/ Yoast SEO plugin. -->","yoast_head_json":{"title":"Solenidade na Alepe celebra os 80 anos do Grupo Jo\u00e3o Duque e os 98 anos do empres\u00e1rio Jo\u00e3o Duque - Serra FM 87,9","robots":{"index":"index","follow":"follow","max-snippet":"max-snippet:-1","max-image-preview":"max-image-preview:large","max-video-preview":"max-video-preview:-1"},"canonical":"https:\/\/serrafm879.com.br\/serrafm\/2026\/03\/solenidade-na-alepe-celebra-os-80-anos-do-grupo-joao-duque-e-os-98-anos-do-empresario-joao-duque\/","og_locale":"pt_BR","og_type":"article","og_title":"Solenidade na Alepe celebra os 80 anos do Grupo Jo\u00e3o Duque e os 98 anos do empres\u00e1rio Jo\u00e3o Duque - Serra FM 87,9","og_description":"A Assembleia Legislativa de Pernambuco realizou, na noite desta segunda-feira (9), uma solenidade especial em homenagem aos 80 anos de hist\u00f3ria do Grupo Jo\u00e3o Duque. A cerim\u00f4nia aconteceu no audit\u00f3rio S\u00e9rgio Guerra e foi proposta e presidida pela deputada estadual Socorro Pimentel. A homenagem teve um significado ainda mais especial, j\u00e1 que nesta mesma data o empres\u00e1rio Jo\u00e3o Duque completou 98 anos de vida. Reconhecido como um dos empres\u00e1rios mais longevos em atividade no estado, ele foi celebrado por sua trajet\u00f3ria marcada pelo empreendedorismo, pela f\u00e9 e pelo compromisso com o desenvolvimento de Serra Talhada e do Sert\u00e3o pernambucano. O [&hellip;]","og_url":"https:\/\/serrafm879.com.br\/serrafm\/2026\/03\/solenidade-na-alepe-celebra-os-80-anos-do-grupo-joao-duque-e-os-98-anos-do-empresario-joao-duque\/","og_site_name":"Serra FM 87,9","article_published_time":"2026-03-10T20:51:35+00:00","og_image":[{"width":660,"height":330,"url":"http:\/\/serrafm879.com.br\/serrafm\/wp-content\/uploads\/2026\/03\/duque-2-660x330-1.jpg","type":"image\/jpeg"}],"author":"serrafm87","twitter_card":"summary_large_image","twitter_misc":{"Escrito por":"serrafm87","Est. tempo de leitura":"3 minutos"},"schema":{"@context":"https:\/\/schema.org","@graph":[{"@type":"WebPage","@id":"https:\/\/serrafm879.com.br\/serrafm\/2026\/03\/solenidade-na-alepe-celebra-os-80-anos-do-grupo-joao-duque-e-os-98-anos-do-empresario-joao-duque\/","url":"https:\/\/serrafm879.com.br\/serrafm\/2026\/03\/solenidade-na-alepe-celebra-os-80-anos-do-grupo-joao-duque-e-os-98-anos-do-empresario-joao-duque\/","name":"Solenidade na Alepe celebra os 80 anos do Grupo Jo\u00e3o Duque e os 98 anos do empres\u00e1rio Jo\u00e3o Duque - Serra FM 87,9","isPartOf":{"@id":"https:\/\/serrafm879.com.br\/serrafm\/#website"},"primaryImageOfPage":{"@id":"https:\/\/serrafm879.com.br\/serrafm\/2026\/03\/solenidade-na-alepe-celebra-os-80-anos-do-grupo-joao-duque-e-os-98-anos-do-empresario-joao-duque\/#primaryimage"},"image":{"@id":"https:\/\/serrafm879.com.br\/serrafm\/2026\/03\/solenidade-na-alepe-celebra-os-80-anos-do-grupo-joao-duque-e-os-98-anos-do-empresario-joao-duque\/#primaryimage"},"thumbnailUrl":"https:\/\/serrafm879.com.br\/serrafm\/wp-content\/uploads\/2026\/03\/duque-2-660x330-1.jpg","datePublished":"2026-03-10T20:51:35+00:00","author":{"@id":"https:\/\/serrafm879.com.br\/serrafm\/#\/schema\/person\/c028a197030ff8b1c03c68dfba4a787a"},"breadcrumb":{"@id":"https:\/\/serrafm879.com.br\/serrafm\/2026\/03\/solenidade-na-alepe-celebra-os-80-anos-do-grupo-joao-duque-e-os-98-anos-do-empresario-joao-duque\/#breadcrumb"},"inLanguage":"pt-BR","potentialAction":[{"@type":"ReadAction","target":["https:\/\/serrafm879.com.br\/serrafm\/2026\/03\/solenidade-na-alepe-celebra-os-80-anos-do-grupo-joao-duque-e-os-98-anos-do-empresario-joao-duque\/"]}]},{"@type":"ImageObject","inLanguage":"pt-BR","@id":"https:\/\/serrafm879.com.br\/serrafm\/2026\/03\/solenidade-na-alepe-celebra-os-80-anos-do-grupo-joao-duque-e-os-98-anos-do-empresario-joao-duque\/#primaryimage","url":"https:\/\/serrafm879.com.br\/serrafm\/wp-content\/uploads\/2026\/03\/duque-2-660x330-1.jpg","contentUrl":"https:\/\/serrafm879.com.br\/serrafm\/wp-content\/uploads\/2026\/03\/duque-2-660x330-1.jpg","width":660,"height":330},{"@type":"BreadcrumbList","@id":"https:\/\/serrafm879.com.br\/serrafm\/2026\/03\/solenidade-na-alepe-celebra-os-80-anos-do-grupo-joao-duque-e-os-98-anos-do-empresario-joao-duque\/#breadcrumb","itemListElement":[{"@type":"ListItem","position":1,"name":"In\u00edcio","item":"https:\/\/serrafm879.com.br\/serrafm\/"},{"@type":"ListItem","position":2,"name":"Solenidade na Alepe celebra os 80 anos do Grupo Jo\u00e3o Duque e os 98 anos do empres\u00e1rio Jo\u00e3o Duque"}]},{"@type":"WebSite","@id":"https:\/\/serrafm879.com.br\/serrafm\/#website","url":"https:\/\/serrafm879.com.br\/serrafm\/","name":"Serra FM 87,9","description":"O seu novo amor!","potentialAction":[{"@type":"SearchAction","target":{"@type":"EntryPoint","urlTemplate":"https:\/\/serrafm879.com.br\/serrafm\/?s={search_term_string}"},"query-input":{"@type":"PropertyValueSpecification","valueRequired":true,"valueName":"search_term_string"}}],"inLanguage":"pt-BR"},{"@type":"Person","@id":"https:\/\/serrafm879.com.br\/serrafm\/#\/schema\/person\/c028a197030ff8b1c03c68dfba4a787a","name":"serrafm87","image":{"@type":"ImageObject","inLanguage":"pt-BR","@id":"https:\/\/serrafm879.com.br\/serrafm\/#\/schema\/person\/image\/","url":"https:\/\/secure.gravatar.com\/avatar\/a743233f1112d34f48bb3dc9559b76eb930bab8b27175856cba6362608736235?s=96&d=mm&r=g","contentUrl":"https:\/\/secure.gravatar.com\/avatar\/a743233f1112d34f48bb3dc9559b76eb930bab8b27175856cba6362608736235?s=96&d=mm&r=g","caption":"serrafm87"},"sameAs":["http:\/\/serrafm879.com.br\/"],"url":"https:\/\/serrafm879.com.br\/serrafm\/author\/serrafm87\/"}]}},"jetpack_featured_media_url":"https:\/\/serrafm879.com.br\/serrafm\/wp-content\/uploads\/2026\/03\/duque-2-660x330-1.jpg","jetpack_shortlink":"https:\/\/wp.me\/p7HyXg-6Yq","jetpack_sharing_enabled":true,"_links":{"self":[{"href":"https:\/\/serrafm879.com.br\/serrafm\/wp-json\/wp\/v2\/posts\/26810","targetHints":{"allow":["GET"]}}],"collection":[{"href":"https:\/\/serrafm879.com.br\/serrafm\/wp-json\/wp\/v2\/posts"}],"about":[{"href":"https:\/\/serrafm879.com.br\/serrafm\/wp-json\/wp\/v2\/types\/post"}],"author":[{"embeddable":true,"href":"https:\/\/serrafm879.com.br\/serrafm\/wp-json\/wp\/v2\/users\/2"}],"replies":[{"embeddable":true,"href":"https:\/\/serrafm879.com.br\/serrafm\/wp-json\/wp\/v2\/comments?post=26810"}],"version-history":[{"count":1,"href":"https:\/\/serrafm879.com.br\/serrafm\/wp-json\/wp\/v2\/posts\/26810\/revisions"}],"predecessor-version":[{"id":26813,"href":"https:\/\/serrafm879.com.br\/serrafm\/wp-json\/wp\/v2\/posts\/26810\/revisions\/26813"}],"wp:featuredmedia":[{"embeddable":true,"href":"https:\/\/serrafm879.com.br\/serrafm\/wp-json\/wp\/v2\/media\/26812"}],"wp:attachment":[{"href":"https:\/\/serrafm879.com.br\/serrafm\/wp-json\/wp\/v2\/media?parent=26810"}],"wp:term":[{"taxonomy":"category","embeddable":true,"href":"https:\/\/serrafm879.com.br\/serrafm\/wp-json\/wp\/v2\/categories?post=26810"},{"taxonomy":"post_tag","embeddable":true,"href":"https:\/\/serrafm879.com.br\/serrafm\/wp-json\/wp\/v2\/tags?post=26810"}],"curies":[{"name":"wp","href":"https:\/\/api.w.org\/{rel}","templated":true}]}}