{"id":26820,"date":"2026-03-11T06:00:09","date_gmt":"2026-03-11T09:00:09","guid":{"rendered":"https:\/\/serrafm879.com.br\/serrafm\/?p=26820"},"modified":"2026-03-11T06:00:09","modified_gmt":"2026-03-11T09:00:09","slug":"master-brb-contrato-de-escritorio-de-ibaneis-com-reag-turbina-a-crise-no-df","status":"publish","type":"post","link":"https:\/\/serrafm879.com.br\/serrafm\/2026\/03\/master-brb-contrato-de-escritorio-de-ibaneis-com-reag-turbina-a-crise-no-df\/","title":{"rendered":"Master-BRB: contrato de escrit\u00f3rio de Ibaneis com Reag turbina a crise no DF"},"content":{"rendered":"<p class=\"p1\"><span class=\"s1\">A crise BRB-Master subiu v\u00e1rios degraus nesta ter\u00e7a-feira (10\/03). Esquentou o debate a not\u00edcia de que a investiga\u00e7\u00e3o do caso chegou a um contrato do escrit\u00f3rio Ibaneis Rocha no valor de R$ 38 milh\u00f5es para a venda de honor\u00e1rios de precat\u00f3rios a um fundo ligado \u00e0 Reag, gestora investigada pela Pol\u00edcia Federal (PF) por fazer parte no esquema de desvio de recursos pelo Banco Master.<\/span><\/p>\n<p class=\"p1\"><span class=\"s1\">A oposi\u00e7\u00e3o e at\u00e9 deputados da base de Ibaneis reagiram com medidas em defesa do afastamento do governador do DF e de uma investiga\u00e7\u00e3o mais profunda sobre o caso.<\/span><\/p>\n<p class=\"p1\"><span class=\"s1\">O contrato com o escrit\u00f3rio de<span class=\"Apple-converted-space\">\u00a0\u00a0<\/span>Ibaneis \u2014 que cresceu justamente com a\u00e7\u00f5es trabalhistas com precat\u00f3rios \u2014 foi fechado em maio de 2024, quando o BRB j\u00e1 vinha adquirindo carteiras do Banco Master.<span class=\"Apple-converted-space\">\u00a0\u00a0<\/span>A negocia\u00e7\u00e3o foi revelada nesta ter\u00e7a (10) pelo blog da jornalista Malu Gaspar, no\u00a0<em>Globo<\/em>. As negocia\u00e7\u00f5es para venda dos honor\u00e1rios do precat\u00f3rio teriam iniciado em 2021.<\/span><\/p>\n<p class=\"p1\"><span class=\"s1\">No contrato, o escrit\u00f3rio de advocacia de Ibaneis e de Engels Muniz cederam ao fundo da Reag R$ 38,12 milh\u00f5es em honor\u00e1rios advocat\u00edcios ainda n\u00e3o recebidos de uma a\u00e7\u00e3o do Sindicato dos Servidores do Legislativo Federal (Sindilegis). Segundo nota do escrit\u00f3rio de Ibaneis, o des\u00e1gio foi de cerca de 73%. \u201cEm decorr\u00eancia da cess\u00e3o, os escrit\u00f3rios Ibaneis Advocacia e Engels Augusto Muniz Sociedade Individual de Advocacia receberam valor equivalente a 27% do valor de face, totalizando R$ 10.300.000,00, atrav\u00e9s de regulares dep\u00f3sitos em contas banc\u00e1rias, partilhados entre os\u00a0escrit\u00f3rios, no dia 12 de junho de 2024, sendo R$ 4.000.000,00 em favor de Ibaneis Advocacia e R$ 6.300.000,00 em favor de Engels Muniz Sociedade Individual\u201d, explica o escrit\u00f3rio.<\/span><\/p>\n<p class=\"p1\"><span class=\"s1\">O Reag \u00e9 um fundo liquidado pelo Banco Central em decorr\u00eancia da Opera\u00e7\u00e3o Compliance Zero. A suspeita da PF \u00e9 de que o Reag tinha papel estrat\u00e9gico na movimenta\u00e7\u00e3o de recursos de forma at\u00edpica, inflando resultados e ocultando riscos, com ind\u00edcios de fraude e lavagem de dinheiro.<\/span><\/p>\n<p class=\"p1\"><span class=\"s1\">Al\u00e9m de aparecer na Opera\u00e7\u00e3o Compliance Zero, o Reag tamb\u00e9m \u00e9 investigado na Opera\u00e7\u00e3o Carbono Oculto, que envolve o PCC. A suspeita \u00e9 de que o Reag geria fundos de investimento usados pela fac\u00e7\u00e3o criminosa para lavar dinheiro do tr\u00e1fico de drogas e no setor de postos de combust\u00edveis.<\/span><\/p>\n<p class=\"p1\"><strong><span class=\"s1\">Afastado do escrit\u00f3rio desde 2018<\/span><\/strong><\/p>\n<p class=\"p1\"><span class=\"s1\">O escrit\u00f3rio do advogado Ant\u00f4nio Carlos de Almeida Castro, o Kakay, que representa o governador do DF, divulgou nota em que sustenta que Ibaneis est\u00e1 afastado do escrit\u00f3rio de advocacia desde 2018, ano em que disputou a primeira elei\u00e7\u00e3o ao Pal\u00e1cio do Buriti.<br \/>\n<\/span><\/p>\n<p class=\"p1\"><span class=\"s1\">Por isso, segundo os advogados, ele n\u00e3o possui informa\u00e7\u00f5es sobre negocia\u00e7\u00f5es realizadas quase oito anos ap\u00f3s seu afastamento. \u201cEsclarece-se, ainda, que o Governador Ibaneis nunca participou de quaisquer negocia\u00e7\u00f5es com o Sr. Marcos Ferreira Costa, tampouco com outros representantes dessa empresa. Todas as informa\u00e7\u00f5es que det\u00e9m sobre o grupo foram adquiridas a partir de mat\u00e9rias de jornais, j\u00e1 no presente ano\u201d, acrescenta.<\/span><\/p>\n<p class=\"p1\"><span class=\"s1\">A defesa se refere a um personagem que aparece nas investiga\u00e7\u00f5es. Marcos Ferreira Costa, segundo representa\u00e7\u00e3o da oposi\u00e7\u00e3o enviada ao Supremo Tribunal Federal (STF), seria um executivo que aparece na Comiss\u00e3o de Valores Mobili\u00e1rios (CVM), como diretor do fundo Pedra Azul FIDC, que comprou os cr\u00e9ditos do escrit\u00f3rio de Ibaneis. Ele aparece tamb\u00e9m como representante da Reag na assembleia de acionistas do BRB.<\/span><\/p>\n<p class=\"p1\"><span class=\"s1\"><strong>Rea\u00e7\u00e3o<\/strong><\/span><\/p>\n<p class=\"p1\"><span class=\"s1\">Logo de manh\u00e3, a movimenta\u00e7\u00e3o de pol\u00edticos de Bras\u00edlia come\u00e7ou. O deputado distrital F\u00e1bio F\u00e9lix (PSol) enviou um of\u00edcio ao ministro Andr\u00e9 Mendon\u00e7a, com pedido de apura\u00e7\u00e3o de poss\u00edveis rela\u00e7\u00f5es entre Ibaneis e o Reag.<\/span><\/p>\n<p class=\"p1\"><span class=\"s1\">O PL protocolou requerimento de instala\u00e7\u00e3o da CPI do Master-BRB na C\u00e2mara Legislativa. O partido que fazia parte da base de sustenta\u00e7\u00e3o do governo conta com tr\u00eas votos e, somados aos sete da oposi\u00e7\u00e3o, chegariam a 10 deputados favor\u00e1veis \u00e0 investiga\u00e7\u00e3o.<\/span><\/p>\n<p class=\"p1\"><span class=\"s1\">A bancada do PT na C\u00e2mara Legislativa encaminhou \u00e0 Procuradoria-geral do DF um pedido de pente-fino nos precat\u00f3rios do DF para obter informa\u00e7\u00f5es sobre o uso desses direitos em opera\u00e7\u00f5es relacionadas ao Master. \u201cPrecisamos apurar se o BRB foi v\u00edtima de uma a\u00e7\u00e3o predat\u00f3ria e se recursos de precat\u00f3rios do DF foram usados para financiar esquemas contra o pr\u00f3prio banco p\u00fablico. A popula\u00e7\u00e3o tem direito \u00e0 transpar\u00eancia\u201d, afirmou o vice-presidente da CLDF, deputado Ricardo Vale (PT).<\/span><\/p>\n<p class=\"p1\"><span class=\"s1\">Nesta tarde, o PSB-DF protocolou not\u00edcia de fato no STF contra Ibaneis Rocha, solicitando que a Corte e o Minist\u00e9rio P\u00fablico adotem as medidas necess\u00e1rias para o afastamento imediato do governador do cargo. \u201cDiante da gravidade dos fatos, \u00e9 fundamental que as institui\u00e7\u00f5es atuem com rapidez para garantir a apura\u00e7\u00e3o completa e a prote\u00e7\u00e3o do interesse p\u00fablico\u201d, afirma o presidente do PSB-DF, Rodrigo Dias.<\/span><\/p>\n<p>O PSOL e Rede tamb\u00e9m anunciaram que v\u00e3o protocolar nesta quarta-feira (11) pedido de impeachment do governador Ibaneis Rocha na C\u00e2mara Legislativa do DF.<\/p>\n<p>O pedido dos partidos \u00e9 centrado em tr\u00eas crimes: contra a probidade na administra\u00e7\u00e3o; crime contra as leis or\u00e7ament\u00e1rias; crime contra a guarda e o legal emprego de dinheiro p\u00fablico.<\/p>\n<p><strong>Veja a \u00edntegra da nota do escrit\u00f3rio de Ibaneis Rocha:<\/strong><\/p>\n<p>\u201c<em>Em raz\u00e3o da mat\u00e9ria publicada pelo jornal O Globo e replicada em diversos outros meios de comunica\u00e7\u00e3o, o escrit\u00f3rio Ibaneis Advocacia e Consultoria presta os seguintes esclarecimentos:<\/em><\/p>\n<p><em>O escrit\u00f3rio firmou contrato de cess\u00e3o de direitos credit\u00f3rios com o Fundo Reag Legal Claims, em 29 de maio de 2024, por meio do qual cedeu cr\u00e9ditos de honor\u00e1rios contratuais decorrentes de a\u00e7\u00e3o judicial iniciada no ano de 2008, que tem como r\u00e9 a Uni\u00e3o Federal, demanda que passou por todas as inst\u00e2ncias do Judici\u00e1rio, inclusive perante o Supremo Tribunal Federal.<\/em><\/p>\n<p><em>No referido contrato, o escrit\u00f3rio contratante cedeu a totalidade dos cr\u00e9ditos decorrentes de honor\u00e1rios contratuais, com valor de face de R$ 38.126.581,10.<\/em><\/p>\n<p><em>Em decorr\u00eancia da cess\u00e3o, os escrit\u00f3rios Ibaneis Advocacia e Engels Augusto Muniz Sociedade Individual de Advocacia receberam valor equivalente a 27% do valor de face, totalizando R$ 10.300.000,00, atrav\u00e9s de regulares dep\u00f3sitos em contas banc\u00e1rias, partilhados entre os escrit\u00f3rios, no dia 12 de junho de 2024, sendo R$ 4.000.000,00 em favor de Ibaneis Advocacia e R$ 6.300.000,00 em favor de Engels Muniz Sociedade Individual.<\/em><\/p>\n<p><em>T\u00e3o logo efetivado o pagamento decorrente da cess\u00e3o, o Fundo de Investimento apresentou habilita\u00e7\u00e3o perante o Poder Judici\u00e1rio em cada um dos processos de cumprimento de senten\u00e7a, fato p\u00fablico, pois os processos n\u00e3o se encontram em segredo de justi\u00e7a.<\/em><\/p>\n<p><em>A partir da referida habilita\u00e7\u00e3o, compete ao Fundo a ado\u00e7\u00e3o das medidas judiciais para recebimento do cr\u00e9dito junto a Uni\u00e3o\u00a0Federal. Trata-se, pois, de neg\u00f3cio jur\u00eddico regular, l\u00edcito e reiteradamente praticado no mercado por escrit\u00f3rios de advocacia, credores da Fazenda P\u00fablica e institui\u00e7\u00f5es financeiras, como forma de abreviar o recebimento, com des\u00e1gio, de valores decorrentes de a\u00e7\u00f5es judiciais contra entes p\u00fablicos.<\/em><\/p>\n<p><em>Destaca-se, ainda, que o Fundo de investimento foi representado no contrato de Cess\u00e3o pelo Sr. Ramon Pessoa Dantas que tamb\u00e9m o assinou digitalmente.<\/em><\/p>\n<p><em>Registra-se que a negocia\u00e7\u00e3o perante o escrit\u00f3rio de advocacia foi conduzida pelo advogado do Fundo de Investimento, sem a participa\u00e7\u00e3o de qualquer representante do Fundo. Por fim, o escrit\u00f3rio informa que apresentou peti\u00e7\u00e3o acompanhada de toda documenta\u00e7\u00e3o\u201d<\/em><\/p>\n<h6>POR ANA MARIA CAMPOS<\/h6>\n<p>Fonte : Correio Brasiliense<\/p>\n","protected":false},"excerpt":{"rendered":"<p>A crise BRB-Master subiu v\u00e1rios degraus nesta ter\u00e7a-feira (10\/03). Esquentou o debate a not\u00edcia de que a investiga\u00e7\u00e3o do caso chegou a um contrato do escrit\u00f3rio Ibaneis Rocha no valor de R$ 38 milh\u00f5es para a venda de honor\u00e1rios de precat\u00f3rios a um fundo ligado \u00e0 Reag, gestora investigada pela Pol\u00edcia Federal (PF) por fazer parte no esquema de desvio de recursos pelo Banco Master. A oposi\u00e7\u00e3o e at\u00e9 deputados da base de Ibaneis reagiram com medidas em defesa do afastamento do governador do DF e de uma investiga\u00e7\u00e3o mais profunda sobre o caso. O contrato com o escrit\u00f3rio de\u00a0\u00a0Ibaneis [&hellip;]<\/p>\n","protected":false},"author":2,"featured_media":26821,"comment_status":"open","ping_status":"open","sticky":false,"template":"","format":"standard","meta":{"_jetpack_memberships_contains_paid_content":false,"footnotes":"","jetpack_publicize_message":"","jetpack_publicize_feature_enabled":true,"jetpack_social_post_already_shared":true,"jetpack_social_options":{"image_generator_settings":{"template":"highway","enabled":false},"version":2}},"categories":[2],"tags":[],"class_list":["post-26820","post","type-post","status-publish","format-standard","has-post-thumbnail","hentry","category-noticias"],"jetpack_publicize_connections":[],"yoast_head":"<!-- This site is optimized with the Yoast SEO plugin v24.7 - https:\/\/yoast.com\/wordpress\/plugins\/seo\/ -->\n<title>Master-BRB: contrato de escrit\u00f3rio de Ibaneis com Reag turbina a crise no DF - Serra FM 87,9<\/title>\n<meta name=\"robots\" content=\"index, follow, max-snippet:-1, max-image-preview:large, max-video-preview:-1\" \/>\n<link rel=\"canonical\" href=\"https:\/\/serrafm879.com.br\/serrafm\/2026\/03\/master-brb-contrato-de-escritorio-de-ibaneis-com-reag-turbina-a-crise-no-df\/\" \/>\n<meta property=\"og:locale\" content=\"pt_BR\" \/>\n<meta property=\"og:type\" content=\"article\" \/>\n<meta property=\"og:title\" content=\"Master-BRB: contrato de escrit\u00f3rio de Ibaneis com Reag turbina a crise no DF - Serra FM 87,9\" \/>\n<meta property=\"og:description\" content=\"A crise BRB-Master subiu v\u00e1rios degraus nesta ter\u00e7a-feira (10\/03). Esquentou o debate a not\u00edcia de que a investiga\u00e7\u00e3o do caso chegou a um contrato do escrit\u00f3rio Ibaneis Rocha no valor de R$ 38 milh\u00f5es para a venda de honor\u00e1rios de precat\u00f3rios a um fundo ligado \u00e0 Reag, gestora investigada pela Pol\u00edcia Federal (PF) por fazer parte no esquema de desvio de recursos pelo Banco Master. A oposi\u00e7\u00e3o e at\u00e9 deputados da base de Ibaneis reagiram com medidas em defesa do afastamento do governador do DF e de uma investiga\u00e7\u00e3o mais profunda sobre o caso. O contrato com o escrit\u00f3rio de\u00a0\u00a0Ibaneis [&hellip;]\" \/>\n<meta property=\"og:url\" content=\"https:\/\/serrafm879.com.br\/serrafm\/2026\/03\/master-brb-contrato-de-escritorio-de-ibaneis-com-reag-turbina-a-crise-no-df\/\" \/>\n<meta property=\"og:site_name\" content=\"Serra FM 87,9\" \/>\n<meta property=\"article:published_time\" content=\"2026-03-11T09:00:09+00:00\" \/>\n<meta property=\"og:image\" content=\"http:\/\/serrafm879.com.br\/serrafm\/wp-content\/uploads\/2026\/03\/ibaneis_eixo-1-768x416-1.jpg\" \/>\n\t<meta property=\"og:image:width\" content=\"768\" \/>\n\t<meta property=\"og:image:height\" content=\"416\" \/>\n\t<meta property=\"og:image:type\" content=\"image\/jpeg\" \/>\n<meta name=\"author\" content=\"serrafm87\" \/>\n<meta name=\"twitter:card\" content=\"summary_large_image\" \/>\n<meta name=\"twitter:label1\" content=\"Escrito por\" \/>\n\t<meta name=\"twitter:data1\" content=\"serrafm87\" \/>\n\t<meta name=\"twitter:label2\" content=\"Est. tempo de leitura\" \/>\n\t<meta name=\"twitter:data2\" content=\"7 minutos\" \/>\n<script type=\"application\/ld+json\" class=\"yoast-schema-graph\">{\"@context\":\"https:\/\/schema.org\",\"@graph\":[{\"@type\":\"WebPage\",\"@id\":\"https:\/\/serrafm879.com.br\/serrafm\/2026\/03\/master-brb-contrato-de-escritorio-de-ibaneis-com-reag-turbina-a-crise-no-df\/\",\"url\":\"https:\/\/serrafm879.com.br\/serrafm\/2026\/03\/master-brb-contrato-de-escritorio-de-ibaneis-com-reag-turbina-a-crise-no-df\/\",\"name\":\"Master-BRB: contrato de escrit\u00f3rio de Ibaneis com Reag turbina a crise no DF - Serra FM 87,9\",\"isPartOf\":{\"@id\":\"https:\/\/serrafm879.com.br\/serrafm\/#website\"},\"primaryImageOfPage\":{\"@id\":\"https:\/\/serrafm879.com.br\/serrafm\/2026\/03\/master-brb-contrato-de-escritorio-de-ibaneis-com-reag-turbina-a-crise-no-df\/#primaryimage\"},\"image\":{\"@id\":\"https:\/\/serrafm879.com.br\/serrafm\/2026\/03\/master-brb-contrato-de-escritorio-de-ibaneis-com-reag-turbina-a-crise-no-df\/#primaryimage\"},\"thumbnailUrl\":\"https:\/\/serrafm879.com.br\/serrafm\/wp-content\/uploads\/2026\/03\/ibaneis_eixo-1-768x416-1.jpg\",\"datePublished\":\"2026-03-11T09:00:09+00:00\",\"author\":{\"@id\":\"https:\/\/serrafm879.com.br\/serrafm\/#\/schema\/person\/c028a197030ff8b1c03c68dfba4a787a\"},\"breadcrumb\":{\"@id\":\"https:\/\/serrafm879.com.br\/serrafm\/2026\/03\/master-brb-contrato-de-escritorio-de-ibaneis-com-reag-turbina-a-crise-no-df\/#breadcrumb\"},\"inLanguage\":\"pt-BR\",\"potentialAction\":[{\"@type\":\"ReadAction\",\"target\":[\"https:\/\/serrafm879.com.br\/serrafm\/2026\/03\/master-brb-contrato-de-escritorio-de-ibaneis-com-reag-turbina-a-crise-no-df\/\"]}]},{\"@type\":\"ImageObject\",\"inLanguage\":\"pt-BR\",\"@id\":\"https:\/\/serrafm879.com.br\/serrafm\/2026\/03\/master-brb-contrato-de-escritorio-de-ibaneis-com-reag-turbina-a-crise-no-df\/#primaryimage\",\"url\":\"https:\/\/serrafm879.com.br\/serrafm\/wp-content\/uploads\/2026\/03\/ibaneis_eixo-1-768x416-1.jpg\",\"contentUrl\":\"https:\/\/serrafm879.com.br\/serrafm\/wp-content\/uploads\/2026\/03\/ibaneis_eixo-1-768x416-1.jpg\",\"width\":768,\"height\":416},{\"@type\":\"BreadcrumbList\",\"@id\":\"https:\/\/serrafm879.com.br\/serrafm\/2026\/03\/master-brb-contrato-de-escritorio-de-ibaneis-com-reag-turbina-a-crise-no-df\/#breadcrumb\",\"itemListElement\":[{\"@type\":\"ListItem\",\"position\":1,\"name\":\"In\u00edcio\",\"item\":\"https:\/\/serrafm879.com.br\/serrafm\/\"},{\"@type\":\"ListItem\",\"position\":2,\"name\":\"Master-BRB: contrato de escrit\u00f3rio de Ibaneis com Reag turbina a crise no DF\"}]},{\"@type\":\"WebSite\",\"@id\":\"https:\/\/serrafm879.com.br\/serrafm\/#website\",\"url\":\"https:\/\/serrafm879.com.br\/serrafm\/\",\"name\":\"Serra FM 87,9\",\"description\":\"O seu novo amor!\",\"potentialAction\":[{\"@type\":\"SearchAction\",\"target\":{\"@type\":\"EntryPoint\",\"urlTemplate\":\"https:\/\/serrafm879.com.br\/serrafm\/?s={search_term_string}\"},\"query-input\":{\"@type\":\"PropertyValueSpecification\",\"valueRequired\":true,\"valueName\":\"search_term_string\"}}],\"inLanguage\":\"pt-BR\"},{\"@type\":\"Person\",\"@id\":\"https:\/\/serrafm879.com.br\/serrafm\/#\/schema\/person\/c028a197030ff8b1c03c68dfba4a787a\",\"name\":\"serrafm87\",\"image\":{\"@type\":\"ImageObject\",\"inLanguage\":\"pt-BR\",\"@id\":\"https:\/\/serrafm879.com.br\/serrafm\/#\/schema\/person\/image\/\",\"url\":\"https:\/\/secure.gravatar.com\/avatar\/a743233f1112d34f48bb3dc9559b76eb930bab8b27175856cba6362608736235?s=96&d=mm&r=g\",\"contentUrl\":\"https:\/\/secure.gravatar.com\/avatar\/a743233f1112d34f48bb3dc9559b76eb930bab8b27175856cba6362608736235?s=96&d=mm&r=g\",\"caption\":\"serrafm87\"},\"sameAs\":[\"http:\/\/serrafm879.com.br\/\"],\"url\":\"https:\/\/serrafm879.com.br\/serrafm\/author\/serrafm87\/\"}]}<\/script>\n<!-- \/ Yoast SEO plugin. -->","yoast_head_json":{"title":"Master-BRB: contrato de escrit\u00f3rio de Ibaneis com Reag turbina a crise no DF - Serra FM 87,9","robots":{"index":"index","follow":"follow","max-snippet":"max-snippet:-1","max-image-preview":"max-image-preview:large","max-video-preview":"max-video-preview:-1"},"canonical":"https:\/\/serrafm879.com.br\/serrafm\/2026\/03\/master-brb-contrato-de-escritorio-de-ibaneis-com-reag-turbina-a-crise-no-df\/","og_locale":"pt_BR","og_type":"article","og_title":"Master-BRB: contrato de escrit\u00f3rio de Ibaneis com Reag turbina a crise no DF - Serra FM 87,9","og_description":"A crise BRB-Master subiu v\u00e1rios degraus nesta ter\u00e7a-feira (10\/03). Esquentou o debate a not\u00edcia de que a investiga\u00e7\u00e3o do caso chegou a um contrato do escrit\u00f3rio Ibaneis Rocha no valor de R$ 38 milh\u00f5es para a venda de honor\u00e1rios de precat\u00f3rios a um fundo ligado \u00e0 Reag, gestora investigada pela Pol\u00edcia Federal (PF) por fazer parte no esquema de desvio de recursos pelo Banco Master. A oposi\u00e7\u00e3o e at\u00e9 deputados da base de Ibaneis reagiram com medidas em defesa do afastamento do governador do DF e de uma investiga\u00e7\u00e3o mais profunda sobre o caso. O contrato com o escrit\u00f3rio de\u00a0\u00a0Ibaneis [&hellip;]","og_url":"https:\/\/serrafm879.com.br\/serrafm\/2026\/03\/master-brb-contrato-de-escritorio-de-ibaneis-com-reag-turbina-a-crise-no-df\/","og_site_name":"Serra FM 87,9","article_published_time":"2026-03-11T09:00:09+00:00","og_image":[{"width":768,"height":416,"url":"http:\/\/serrafm879.com.br\/serrafm\/wp-content\/uploads\/2026\/03\/ibaneis_eixo-1-768x416-1.jpg","type":"image\/jpeg"}],"author":"serrafm87","twitter_card":"summary_large_image","twitter_misc":{"Escrito por":"serrafm87","Est. tempo de leitura":"7 minutos"},"schema":{"@context":"https:\/\/schema.org","@graph":[{"@type":"WebPage","@id":"https:\/\/serrafm879.com.br\/serrafm\/2026\/03\/master-brb-contrato-de-escritorio-de-ibaneis-com-reag-turbina-a-crise-no-df\/","url":"https:\/\/serrafm879.com.br\/serrafm\/2026\/03\/master-brb-contrato-de-escritorio-de-ibaneis-com-reag-turbina-a-crise-no-df\/","name":"Master-BRB: contrato de escrit\u00f3rio de Ibaneis com Reag turbina a crise no DF - Serra FM 87,9","isPartOf":{"@id":"https:\/\/serrafm879.com.br\/serrafm\/#website"},"primaryImageOfPage":{"@id":"https:\/\/serrafm879.com.br\/serrafm\/2026\/03\/master-brb-contrato-de-escritorio-de-ibaneis-com-reag-turbina-a-crise-no-df\/#primaryimage"},"image":{"@id":"https:\/\/serrafm879.com.br\/serrafm\/2026\/03\/master-brb-contrato-de-escritorio-de-ibaneis-com-reag-turbina-a-crise-no-df\/#primaryimage"},"thumbnailUrl":"https:\/\/serrafm879.com.br\/serrafm\/wp-content\/uploads\/2026\/03\/ibaneis_eixo-1-768x416-1.jpg","datePublished":"2026-03-11T09:00:09+00:00","author":{"@id":"https:\/\/serrafm879.com.br\/serrafm\/#\/schema\/person\/c028a197030ff8b1c03c68dfba4a787a"},"breadcrumb":{"@id":"https:\/\/serrafm879.com.br\/serrafm\/2026\/03\/master-brb-contrato-de-escritorio-de-ibaneis-com-reag-turbina-a-crise-no-df\/#breadcrumb"},"inLanguage":"pt-BR","potentialAction":[{"@type":"ReadAction","target":["https:\/\/serrafm879.com.br\/serrafm\/2026\/03\/master-brb-contrato-de-escritorio-de-ibaneis-com-reag-turbina-a-crise-no-df\/"]}]},{"@type":"ImageObject","inLanguage":"pt-BR","@id":"https:\/\/serrafm879.com.br\/serrafm\/2026\/03\/master-brb-contrato-de-escritorio-de-ibaneis-com-reag-turbina-a-crise-no-df\/#primaryimage","url":"https:\/\/serrafm879.com.br\/serrafm\/wp-content\/uploads\/2026\/03\/ibaneis_eixo-1-768x416-1.jpg","contentUrl":"https:\/\/serrafm879.com.br\/serrafm\/wp-content\/uploads\/2026\/03\/ibaneis_eixo-1-768x416-1.jpg","width":768,"height":416},{"@type":"BreadcrumbList","@id":"https:\/\/serrafm879.com.br\/serrafm\/2026\/03\/master-brb-contrato-de-escritorio-de-ibaneis-com-reag-turbina-a-crise-no-df\/#breadcrumb","itemListElement":[{"@type":"ListItem","position":1,"name":"In\u00edcio","item":"https:\/\/serrafm879.com.br\/serrafm\/"},{"@type":"ListItem","position":2,"name":"Master-BRB: contrato de escrit\u00f3rio de Ibaneis com Reag turbina a crise no DF"}]},{"@type":"WebSite","@id":"https:\/\/serrafm879.com.br\/serrafm\/#website","url":"https:\/\/serrafm879.com.br\/serrafm\/","name":"Serra FM 87,9","description":"O seu novo amor!","potentialAction":[{"@type":"SearchAction","target":{"@type":"EntryPoint","urlTemplate":"https:\/\/serrafm879.com.br\/serrafm\/?s={search_term_string}"},"query-input":{"@type":"PropertyValueSpecification","valueRequired":true,"valueName":"search_term_string"}}],"inLanguage":"pt-BR"},{"@type":"Person","@id":"https:\/\/serrafm879.com.br\/serrafm\/#\/schema\/person\/c028a197030ff8b1c03c68dfba4a787a","name":"serrafm87","image":{"@type":"ImageObject","inLanguage":"pt-BR","@id":"https:\/\/serrafm879.com.br\/serrafm\/#\/schema\/person\/image\/","url":"https:\/\/secure.gravatar.com\/avatar\/a743233f1112d34f48bb3dc9559b76eb930bab8b27175856cba6362608736235?s=96&d=mm&r=g","contentUrl":"https:\/\/secure.gravatar.com\/avatar\/a743233f1112d34f48bb3dc9559b76eb930bab8b27175856cba6362608736235?s=96&d=mm&r=g","caption":"serrafm87"},"sameAs":["http:\/\/serrafm879.com.br\/"],"url":"https:\/\/serrafm879.com.br\/serrafm\/author\/serrafm87\/"}]}},"jetpack_featured_media_url":"https:\/\/serrafm879.com.br\/serrafm\/wp-content\/uploads\/2026\/03\/ibaneis_eixo-1-768x416-1.jpg","jetpack_shortlink":"https:\/\/wp.me\/p7HyXg-6YA","jetpack_sharing_enabled":true,"_links":{"self":[{"href":"https:\/\/serrafm879.com.br\/serrafm\/wp-json\/wp\/v2\/posts\/26820","targetHints":{"allow":["GET"]}}],"collection":[{"href":"https:\/\/serrafm879.com.br\/serrafm\/wp-json\/wp\/v2\/posts"}],"about":[{"href":"https:\/\/serrafm879.com.br\/serrafm\/wp-json\/wp\/v2\/types\/post"}],"author":[{"embeddable":true,"href":"https:\/\/serrafm879.com.br\/serrafm\/wp-json\/wp\/v2\/users\/2"}],"replies":[{"embeddable":true,"href":"https:\/\/serrafm879.com.br\/serrafm\/wp-json\/wp\/v2\/comments?post=26820"}],"version-history":[{"count":1,"href":"https:\/\/serrafm879.com.br\/serrafm\/wp-json\/wp\/v2\/posts\/26820\/revisions"}],"predecessor-version":[{"id":26822,"href":"https:\/\/serrafm879.com.br\/serrafm\/wp-json\/wp\/v2\/posts\/26820\/revisions\/26822"}],"wp:featuredmedia":[{"embeddable":true,"href":"https:\/\/serrafm879.com.br\/serrafm\/wp-json\/wp\/v2\/media\/26821"}],"wp:attachment":[{"href":"https:\/\/serrafm879.com.br\/serrafm\/wp-json\/wp\/v2\/media?parent=26820"}],"wp:term":[{"taxonomy":"category","embeddable":true,"href":"https:\/\/serrafm879.com.br\/serrafm\/wp-json\/wp\/v2\/categories?post=26820"},{"taxonomy":"post_tag","embeddable":true,"href":"https:\/\/serrafm879.com.br\/serrafm\/wp-json\/wp\/v2\/tags?post=26820"}],"curies":[{"name":"wp","href":"https:\/\/api.w.org\/{rel}","templated":true}]}}