{"id":26823,"date":"2026-03-11T06:14:27","date_gmt":"2026-03-11T09:14:27","guid":{"rendered":"https:\/\/serrafm879.com.br\/serrafm\/?p=26823"},"modified":"2026-03-11T06:14:27","modified_gmt":"2026-03-11T09:14:27","slug":"governadora-raquel-lyra-cumpre-agenda-no-sertao-do-pajeu-e-do-araripe-com-entregas-e-anuncios-de-obras","status":"publish","type":"post","link":"https:\/\/serrafm879.com.br\/serrafm\/2026\/03\/governadora-raquel-lyra-cumpre-agenda-no-sertao-do-pajeu-e-do-araripe-com-entregas-e-anuncios-de-obras\/","title":{"rendered":"Governadora Raquel Lyra cumpre agenda no Sert\u00e3o do Paje\u00fa e do Araripe com entregas e an\u00fancios de obras"},"content":{"rendered":"<p data-start=\"261\" data-end=\"535\">A governadora de Pernambuco, <span class=\"hover:entity-accent entity-underline inline cursor-pointer align-baseline\"><span class=\"whitespace-normal\">Raquel Lyra<\/span><\/span>, cumpre nos dias <strong data-start=\"345\" data-end=\"365\">12 e 13 de mar\u00e7o<\/strong> uma agenda oficial em munic\u00edpios do <strong data-start=\"402\" data-end=\"444\">Sert\u00e3o do Paje\u00fa e do Sert\u00e3o do Araripe<\/strong>, com inaugura\u00e7\u00f5es de obras, entregas de equipamentos p\u00fablicos e an\u00fancios de investimentos.<\/p>\n<p data-start=\"537\" data-end=\"761\">A programa\u00e7\u00e3o foi confirmada por <strong data-start=\"570\" data-end=\"591\">M\u00e1rio Viana Filho<\/strong>, da comunica\u00e7\u00e3o do Governo do Estado, e contempla visitas aos munic\u00edpios de Moreil\u00e2ndia, Itapetim, S\u00e3o Jos\u00e9 do Egito, Tabira, Afogados da Ingazeira, Solid\u00e3o e Garanhuns.<\/p>\n<h5 data-section-id=\"gm50df\" data-start=\"763\" data-end=\"847\">Quinta-feira (12): entregas de rodovias, cozinhas comunit\u00e1rias e dessalinizadores<\/h5>\n<p data-start=\"849\" data-end=\"1253\">A agenda tem in\u00edcio no munic\u00edpio de <span class=\"hover:entity-accent entity-underline inline cursor-pointer align-baseline\"><span class=\"whitespace-normal\">Moreil\u00e2ndia<\/span><\/span>, \u00e0s <strong data-start=\"927\" data-end=\"934\">11h<\/strong>, com a cerim\u00f4nia de entrega da <strong data-start=\"966\" data-end=\"976\">PE-540<\/strong>, que liga Moreil\u00e2ndia ao distrito de Caririmirim. A rodovia possui <strong data-start=\"1044\" data-end=\"1077\">12,44 quil\u00f4metros de extens\u00e3o<\/strong> e faz parte do conjunto de interven\u00e7\u00f5es voltadas \u00e0 melhoria da acessibilidade no <strong data-start=\"1159\" data-end=\"1185\">6\u00ba Distrito Rodovi\u00e1rio<\/strong>. O evento ocorrer\u00e1 na <strong data-start=\"1208\" data-end=\"1252\">Rua Jos\u00e9 Ernesto Lima, n\u00ba 560, no Centro<\/strong>.<\/p>\n<p data-start=\"1255\" data-end=\"1431\">Ao <strong data-start=\"1258\" data-end=\"1270\">meio-dia<\/strong>, a governadora participa da inaugura\u00e7\u00e3o da <strong data-start=\"1314\" data-end=\"1366\">Cozinha Comunit\u00e1ria Francisca Oliveira de Morais<\/strong>, localizada na <strong data-start=\"1382\" data-end=\"1430\">Rua Luiz Gonzaga, no distrito de Caririmirim<\/strong>.<\/p>\n<p data-start=\"1433\" data-end=\"1814\">\u00c0s <strong data-start=\"1436\" data-end=\"1443\">15h<\/strong>, a comitiva segue para <span class=\"hover:entity-accent entity-underline inline cursor-pointer align-baseline\"><span class=\"whitespace-normal\">Itapetim<\/span><\/span>, onde ser\u00e1 entregue a <strong data-start=\"1527\" data-end=\"1537\">PE-263<\/strong>, no trecho entre <strong data-start=\"1555\" data-end=\"1609\">S\u00e3o Vicente e a divisa de Pernambuco com a Para\u00edba<\/strong>. A obra possui <strong data-start=\"1625\" data-end=\"1658\">11,70 quil\u00f4metros de extens\u00e3o<\/strong> e promete melhorar a trafegabilidade e ampliar o fluxo de ve\u00edculos na regi\u00e3o. A cerim\u00f4nia ocorrer\u00e1 nas imedia\u00e7\u00f5es da <strong data-start=\"1776\" data-end=\"1813\">Escola Municipal Argemiro C\u00e2ndido<\/strong>.<\/p>\n<p data-start=\"1816\" data-end=\"2197\">Ainda na quinta-feira, \u00e0s <strong data-start=\"1842\" data-end=\"1851\">16h30<\/strong>, a governadora chega a <span class=\"hover:entity-accent entity-underline inline cursor-pointer align-baseline\"><span class=\"whitespace-normal\">S\u00e3o Jos\u00e9 do Egito<\/span><\/span>, onde visita o <strong data-start=\"1928\" data-end=\"1972\">dessalinizador do Distrito de Curralinho<\/strong>. No munic\u00edpio tamb\u00e9m ser\u00e1 realizada a entrega do equipamento e a execu\u00e7\u00e3o de <strong data-start=\"2050\" data-end=\"2103\">recapeamento asf\u00e1ltico em diversas ruas da cidade<\/strong>. A solenidade est\u00e1 marcada para as <strong data-start=\"2139\" data-end=\"2146\">17h<\/strong>, na <strong data-start=\"2151\" data-end=\"2196\">Escola Municipal Luiz Paulino de Siqueira<\/strong>.<\/p>\n<p data-start=\"2199\" data-end=\"2567\">A agenda do dia ser\u00e1 encerrada em <span class=\"hover:entity-accent entity-underline inline cursor-pointer align-baseline\"><span class=\"whitespace-normal\">Tabira<\/span><\/span>, \u00e0s <strong data-start=\"2275\" data-end=\"2282\">19h<\/strong>, com uma s\u00e9rie de a\u00e7\u00f5es. Entre elas est\u00e3o a <strong data-start=\"2327\" data-end=\"2381\">entrega de um dessalinizador no Hospital de Tabira<\/strong>, a inaugura\u00e7\u00e3o do <strong data-start=\"2400\" data-end=\"2440\">Centro de Refer\u00eancia da Mulher (CRM)<\/strong> e a assinatura da autoriza\u00e7\u00e3o para <strong data-start=\"2476\" data-end=\"2566\">pavimenta\u00e7\u00e3o, drenagem, sinaliza\u00e7\u00e3o e desmonte de rochas em diversas ruas do munic\u00edpio<\/strong>.<\/p>\n<p data-start=\"2569\" data-end=\"2773\">Tamb\u00e9m ser\u00e1 inaugurada a <strong data-start=\"2594\" data-end=\"2643\">Cozinha Comunit\u00e1ria Alexandrina Ferreira Neta<\/strong>. A programa\u00e7\u00e3o acontece na <strong data-start=\"2671\" data-end=\"2734\">Avenida Ant\u00f4nio Pereira Amorim, n\u00ba 2535, no bairro F\u00e1tima I<\/strong>, pr\u00f3ximo \u00e0 Delegacia de Pol\u00edcia Civil.<\/p>\n<p data-start=\"2775\" data-end=\"2963\">Outro destaque da agenda \u00e9 a entrega da <strong data-start=\"2815\" data-end=\"2825\">PE-304<\/strong>, rodovia que liga <strong data-start=\"2844\" data-end=\"2890\">Tabira \u00e0 cidade de \u00c1gua Branca, na Para\u00edba<\/strong>, considerada uma das obras mais importantes para a mobilidade da regi\u00e3o.<\/p>\n<h5 data-section-id=\"nzontl\" data-start=\"2965\" data-end=\"3032\">Sexta-feira (13): sa\u00fade, abastecimento de \u00e1gua e programa social<\/h5>\n<p data-start=\"3034\" data-end=\"3243\">Na <strong data-start=\"3037\" data-end=\"3057\">sexta-feira (13)<\/strong>, a agenda come\u00e7a em <span class=\"hover:entity-accent entity-underline inline cursor-pointer align-baseline\"><span class=\"whitespace-normal\">Afogados da Ingazeira<\/span><\/span>, \u00e0s <strong data-start=\"3120\" data-end=\"3126\">9h<\/strong>, com a entrega do <strong data-start=\"3145\" data-end=\"3191\">novo ambulat\u00f3rio do Hospital Em\u00edlia C\u00e2mara<\/strong>, ampliando a capacidade de atendimento \u00e0 popula\u00e7\u00e3o.<\/p>\n<p data-start=\"3245\" data-end=\"3536\">Em seguida, \u00e0s <strong data-start=\"3260\" data-end=\"3267\">10h<\/strong>, a governadora estar\u00e1 em <span class=\"hover:entity-accent entity-underline inline cursor-pointer align-baseline\"><span class=\"whitespace-normal\">Solid\u00e3o<\/span><\/span>, onde assina a autoriza\u00e7\u00e3o para o <strong data-start=\"3365\" data-end=\"3457\">in\u00edcio das obras de reativa\u00e7\u00e3o e amplia\u00e7\u00e3o do Sistema de Abastecimento de \u00c1gua Z\u00e9 Dantas<\/strong>. A cerim\u00f4nia ser\u00e1 realizada na <strong data-start=\"3489\" data-end=\"3535\">Quadra Poliesportiva Luiz Bezerra da Silva<\/strong>.<\/p>\n<p data-start=\"3538\" data-end=\"3815\">A agenda oficial ser\u00e1 encerrada em <span class=\"hover:entity-accent entity-underline inline cursor-pointer align-baseline\"><span class=\"whitespace-normal\">Garanhuns<\/span><\/span>. \u00c0s <strong data-start=\"3615\" data-end=\"3622\">15h<\/strong>, ser\u00e1 anunciado o <strong data-start=\"3641\" data-end=\"3688\">ampliamento do Programa do Leite para Todos<\/strong>, em evento no <strong data-start=\"3703\" data-end=\"3719\">Parque Acau\u00e3<\/strong>. Em seguida, \u00e0s <strong data-start=\"3736\" data-end=\"3743\">16h<\/strong>, a governadora participa da <strong data-start=\"3772\" data-end=\"3814\">abertura oficial da ExpoGaranhuns 2026<\/strong>.<\/p>\n<p data-start=\"3538\" data-end=\"3815\">\n","protected":false},"excerpt":{"rendered":"<p>A governadora de Pernambuco, Raquel Lyra, cumpre nos dias 12 e 13 de mar\u00e7o uma agenda oficial em munic\u00edpios do Sert\u00e3o do Paje\u00fa e do Sert\u00e3o do Araripe, com inaugura\u00e7\u00f5es de obras, entregas de equipamentos p\u00fablicos e an\u00fancios de investimentos. A programa\u00e7\u00e3o foi confirmada por M\u00e1rio Viana Filho, da comunica\u00e7\u00e3o do Governo do Estado, e contempla visitas aos munic\u00edpios de Moreil\u00e2ndia, Itapetim, S\u00e3o Jos\u00e9 do Egito, Tabira, Afogados da Ingazeira, Solid\u00e3o e Garanhuns. Quinta-feira (12): entregas de rodovias, cozinhas comunit\u00e1rias e dessalinizadores A agenda tem in\u00edcio no munic\u00edpio de Moreil\u00e2ndia, \u00e0s 11h, com a cerim\u00f4nia de entrega da PE-540, que [&hellip;]<\/p>\n","protected":false},"author":2,"featured_media":26824,"comment_status":"open","ping_status":"open","sticky":false,"template":"","format":"standard","meta":{"_jetpack_memberships_contains_paid_content":false,"footnotes":"","jetpack_publicize_message":"","jetpack_publicize_feature_enabled":true,"jetpack_social_post_already_shared":true,"jetpack_social_options":{"image_generator_settings":{"template":"highway","enabled":false},"version":2}},"categories":[2],"tags":[],"class_list":["post-26823","post","type-post","status-publish","format-standard","has-post-thumbnail","hentry","category-noticias"],"jetpack_publicize_connections":[],"yoast_head":"<!-- This site is optimized with the Yoast SEO plugin v24.7 - https:\/\/yoast.com\/wordpress\/plugins\/seo\/ -->\n<title>Governadora Raquel Lyra cumpre agenda no Sert\u00e3o do Paje\u00fa e do Araripe com entregas e an\u00fancios de obras - Serra FM 87,9<\/title>\n<meta name=\"robots\" content=\"index, follow, max-snippet:-1, max-image-preview:large, max-video-preview:-1\" \/>\n<link rel=\"canonical\" href=\"https:\/\/serrafm879.com.br\/serrafm\/2026\/03\/governadora-raquel-lyra-cumpre-agenda-no-sertao-do-pajeu-e-do-araripe-com-entregas-e-anuncios-de-obras\/\" \/>\n<meta property=\"og:locale\" content=\"pt_BR\" \/>\n<meta property=\"og:type\" content=\"article\" \/>\n<meta property=\"og:title\" content=\"Governadora Raquel Lyra cumpre agenda no Sert\u00e3o do Paje\u00fa e do Araripe com entregas e an\u00fancios de obras - Serra FM 87,9\" \/>\n<meta property=\"og:description\" content=\"A governadora de Pernambuco, Raquel Lyra, cumpre nos dias 12 e 13 de mar\u00e7o uma agenda oficial em munic\u00edpios do Sert\u00e3o do Paje\u00fa e do Sert\u00e3o do Araripe, com inaugura\u00e7\u00f5es de obras, entregas de equipamentos p\u00fablicos e an\u00fancios de investimentos. A programa\u00e7\u00e3o foi confirmada por M\u00e1rio Viana Filho, da comunica\u00e7\u00e3o do Governo do Estado, e contempla visitas aos munic\u00edpios de Moreil\u00e2ndia, Itapetim, S\u00e3o Jos\u00e9 do Egito, Tabira, Afogados da Ingazeira, Solid\u00e3o e Garanhuns. Quinta-feira (12): entregas de rodovias, cozinhas comunit\u00e1rias e dessalinizadores A agenda tem in\u00edcio no munic\u00edpio de Moreil\u00e2ndia, \u00e0s 11h, com a cerim\u00f4nia de entrega da PE-540, que [&hellip;]\" \/>\n<meta property=\"og:url\" content=\"https:\/\/serrafm879.com.br\/serrafm\/2026\/03\/governadora-raquel-lyra-cumpre-agenda-no-sertao-do-pajeu-e-do-araripe-com-entregas-e-anuncios-de-obras\/\" \/>\n<meta property=\"og:site_name\" content=\"Serra FM 87,9\" \/>\n<meta property=\"article:published_time\" content=\"2026-03-11T09:14:27+00:00\" \/>\n<meta property=\"og:image\" content=\"http:\/\/serrafm879.com.br\/serrafm\/wp-content\/uploads\/2026\/03\/download-6.jpg\" \/>\n\t<meta property=\"og:image:width\" content=\"275\" \/>\n\t<meta property=\"og:image:height\" content=\"183\" \/>\n\t<meta property=\"og:image:type\" content=\"image\/jpeg\" \/>\n<meta name=\"author\" content=\"serrafm87\" \/>\n<meta name=\"twitter:card\" content=\"summary_large_image\" \/>\n<meta name=\"twitter:label1\" content=\"Escrito por\" \/>\n\t<meta name=\"twitter:data1\" content=\"serrafm87\" \/>\n\t<meta name=\"twitter:label2\" content=\"Est. tempo de leitura\" \/>\n\t<meta name=\"twitter:data2\" content=\"3 minutos\" \/>\n<script type=\"application\/ld+json\" class=\"yoast-schema-graph\">{\"@context\":\"https:\/\/schema.org\",\"@graph\":[{\"@type\":\"WebPage\",\"@id\":\"https:\/\/serrafm879.com.br\/serrafm\/2026\/03\/governadora-raquel-lyra-cumpre-agenda-no-sertao-do-pajeu-e-do-araripe-com-entregas-e-anuncios-de-obras\/\",\"url\":\"https:\/\/serrafm879.com.br\/serrafm\/2026\/03\/governadora-raquel-lyra-cumpre-agenda-no-sertao-do-pajeu-e-do-araripe-com-entregas-e-anuncios-de-obras\/\",\"name\":\"Governadora Raquel Lyra cumpre agenda no Sert\u00e3o do Paje\u00fa e do Araripe com entregas e an\u00fancios de obras - Serra FM 87,9\",\"isPartOf\":{\"@id\":\"https:\/\/serrafm879.com.br\/serrafm\/#website\"},\"primaryImageOfPage\":{\"@id\":\"https:\/\/serrafm879.com.br\/serrafm\/2026\/03\/governadora-raquel-lyra-cumpre-agenda-no-sertao-do-pajeu-e-do-araripe-com-entregas-e-anuncios-de-obras\/#primaryimage\"},\"image\":{\"@id\":\"https:\/\/serrafm879.com.br\/serrafm\/2026\/03\/governadora-raquel-lyra-cumpre-agenda-no-sertao-do-pajeu-e-do-araripe-com-entregas-e-anuncios-de-obras\/#primaryimage\"},\"thumbnailUrl\":\"https:\/\/serrafm879.com.br\/serrafm\/wp-content\/uploads\/2026\/03\/download-6.jpg\",\"datePublished\":\"2026-03-11T09:14:27+00:00\",\"author\":{\"@id\":\"https:\/\/serrafm879.com.br\/serrafm\/#\/schema\/person\/c028a197030ff8b1c03c68dfba4a787a\"},\"breadcrumb\":{\"@id\":\"https:\/\/serrafm879.com.br\/serrafm\/2026\/03\/governadora-raquel-lyra-cumpre-agenda-no-sertao-do-pajeu-e-do-araripe-com-entregas-e-anuncios-de-obras\/#breadcrumb\"},\"inLanguage\":\"pt-BR\",\"potentialAction\":[{\"@type\":\"ReadAction\",\"target\":[\"https:\/\/serrafm879.com.br\/serrafm\/2026\/03\/governadora-raquel-lyra-cumpre-agenda-no-sertao-do-pajeu-e-do-araripe-com-entregas-e-anuncios-de-obras\/\"]}]},{\"@type\":\"ImageObject\",\"inLanguage\":\"pt-BR\",\"@id\":\"https:\/\/serrafm879.com.br\/serrafm\/2026\/03\/governadora-raquel-lyra-cumpre-agenda-no-sertao-do-pajeu-e-do-araripe-com-entregas-e-anuncios-de-obras\/#primaryimage\",\"url\":\"https:\/\/serrafm879.com.br\/serrafm\/wp-content\/uploads\/2026\/03\/download-6.jpg\",\"contentUrl\":\"https:\/\/serrafm879.com.br\/serrafm\/wp-content\/uploads\/2026\/03\/download-6.jpg\",\"width\":275,\"height\":183},{\"@type\":\"BreadcrumbList\",\"@id\":\"https:\/\/serrafm879.com.br\/serrafm\/2026\/03\/governadora-raquel-lyra-cumpre-agenda-no-sertao-do-pajeu-e-do-araripe-com-entregas-e-anuncios-de-obras\/#breadcrumb\",\"itemListElement\":[{\"@type\":\"ListItem\",\"position\":1,\"name\":\"In\u00edcio\",\"item\":\"https:\/\/serrafm879.com.br\/serrafm\/\"},{\"@type\":\"ListItem\",\"position\":2,\"name\":\"Governadora Raquel Lyra cumpre agenda no Sert\u00e3o do Paje\u00fa e do Araripe com entregas e an\u00fancios de obras\"}]},{\"@type\":\"WebSite\",\"@id\":\"https:\/\/serrafm879.com.br\/serrafm\/#website\",\"url\":\"https:\/\/serrafm879.com.br\/serrafm\/\",\"name\":\"Serra FM 87,9\",\"description\":\"O seu novo amor!\",\"potentialAction\":[{\"@type\":\"SearchAction\",\"target\":{\"@type\":\"EntryPoint\",\"urlTemplate\":\"https:\/\/serrafm879.com.br\/serrafm\/?s={search_term_string}\"},\"query-input\":{\"@type\":\"PropertyValueSpecification\",\"valueRequired\":true,\"valueName\":\"search_term_string\"}}],\"inLanguage\":\"pt-BR\"},{\"@type\":\"Person\",\"@id\":\"https:\/\/serrafm879.com.br\/serrafm\/#\/schema\/person\/c028a197030ff8b1c03c68dfba4a787a\",\"name\":\"serrafm87\",\"image\":{\"@type\":\"ImageObject\",\"inLanguage\":\"pt-BR\",\"@id\":\"https:\/\/serrafm879.com.br\/serrafm\/#\/schema\/person\/image\/\",\"url\":\"https:\/\/secure.gravatar.com\/avatar\/a743233f1112d34f48bb3dc9559b76eb930bab8b27175856cba6362608736235?s=96&d=mm&r=g\",\"contentUrl\":\"https:\/\/secure.gravatar.com\/avatar\/a743233f1112d34f48bb3dc9559b76eb930bab8b27175856cba6362608736235?s=96&d=mm&r=g\",\"caption\":\"serrafm87\"},\"sameAs\":[\"http:\/\/serrafm879.com.br\/\"],\"url\":\"https:\/\/serrafm879.com.br\/serrafm\/author\/serrafm87\/\"}]}<\/script>\n<!-- \/ Yoast SEO plugin. -->","yoast_head_json":{"title":"Governadora Raquel Lyra cumpre agenda no Sert\u00e3o do Paje\u00fa e do Araripe com entregas e an\u00fancios de obras - Serra FM 87,9","robots":{"index":"index","follow":"follow","max-snippet":"max-snippet:-1","max-image-preview":"max-image-preview:large","max-video-preview":"max-video-preview:-1"},"canonical":"https:\/\/serrafm879.com.br\/serrafm\/2026\/03\/governadora-raquel-lyra-cumpre-agenda-no-sertao-do-pajeu-e-do-araripe-com-entregas-e-anuncios-de-obras\/","og_locale":"pt_BR","og_type":"article","og_title":"Governadora Raquel Lyra cumpre agenda no Sert\u00e3o do Paje\u00fa e do Araripe com entregas e an\u00fancios de obras - Serra FM 87,9","og_description":"A governadora de Pernambuco, Raquel Lyra, cumpre nos dias 12 e 13 de mar\u00e7o uma agenda oficial em munic\u00edpios do Sert\u00e3o do Paje\u00fa e do Sert\u00e3o do Araripe, com inaugura\u00e7\u00f5es de obras, entregas de equipamentos p\u00fablicos e an\u00fancios de investimentos. A programa\u00e7\u00e3o foi confirmada por M\u00e1rio Viana Filho, da comunica\u00e7\u00e3o do Governo do Estado, e contempla visitas aos munic\u00edpios de Moreil\u00e2ndia, Itapetim, S\u00e3o Jos\u00e9 do Egito, Tabira, Afogados da Ingazeira, Solid\u00e3o e Garanhuns. Quinta-feira (12): entregas de rodovias, cozinhas comunit\u00e1rias e dessalinizadores A agenda tem in\u00edcio no munic\u00edpio de Moreil\u00e2ndia, \u00e0s 11h, com a cerim\u00f4nia de entrega da PE-540, que [&hellip;]","og_url":"https:\/\/serrafm879.com.br\/serrafm\/2026\/03\/governadora-raquel-lyra-cumpre-agenda-no-sertao-do-pajeu-e-do-araripe-com-entregas-e-anuncios-de-obras\/","og_site_name":"Serra FM 87,9","article_published_time":"2026-03-11T09:14:27+00:00","og_image":[{"width":275,"height":183,"url":"http:\/\/serrafm879.com.br\/serrafm\/wp-content\/uploads\/2026\/03\/download-6.jpg","type":"image\/jpeg"}],"author":"serrafm87","twitter_card":"summary_large_image","twitter_misc":{"Escrito por":"serrafm87","Est. tempo de leitura":"3 minutos"},"schema":{"@context":"https:\/\/schema.org","@graph":[{"@type":"WebPage","@id":"https:\/\/serrafm879.com.br\/serrafm\/2026\/03\/governadora-raquel-lyra-cumpre-agenda-no-sertao-do-pajeu-e-do-araripe-com-entregas-e-anuncios-de-obras\/","url":"https:\/\/serrafm879.com.br\/serrafm\/2026\/03\/governadora-raquel-lyra-cumpre-agenda-no-sertao-do-pajeu-e-do-araripe-com-entregas-e-anuncios-de-obras\/","name":"Governadora Raquel Lyra cumpre agenda no Sert\u00e3o do Paje\u00fa e do Araripe com entregas e an\u00fancios de obras - Serra FM 87,9","isPartOf":{"@id":"https:\/\/serrafm879.com.br\/serrafm\/#website"},"primaryImageOfPage":{"@id":"https:\/\/serrafm879.com.br\/serrafm\/2026\/03\/governadora-raquel-lyra-cumpre-agenda-no-sertao-do-pajeu-e-do-araripe-com-entregas-e-anuncios-de-obras\/#primaryimage"},"image":{"@id":"https:\/\/serrafm879.com.br\/serrafm\/2026\/03\/governadora-raquel-lyra-cumpre-agenda-no-sertao-do-pajeu-e-do-araripe-com-entregas-e-anuncios-de-obras\/#primaryimage"},"thumbnailUrl":"https:\/\/serrafm879.com.br\/serrafm\/wp-content\/uploads\/2026\/03\/download-6.jpg","datePublished":"2026-03-11T09:14:27+00:00","author":{"@id":"https:\/\/serrafm879.com.br\/serrafm\/#\/schema\/person\/c028a197030ff8b1c03c68dfba4a787a"},"breadcrumb":{"@id":"https:\/\/serrafm879.com.br\/serrafm\/2026\/03\/governadora-raquel-lyra-cumpre-agenda-no-sertao-do-pajeu-e-do-araripe-com-entregas-e-anuncios-de-obras\/#breadcrumb"},"inLanguage":"pt-BR","potentialAction":[{"@type":"ReadAction","target":["https:\/\/serrafm879.com.br\/serrafm\/2026\/03\/governadora-raquel-lyra-cumpre-agenda-no-sertao-do-pajeu-e-do-araripe-com-entregas-e-anuncios-de-obras\/"]}]},{"@type":"ImageObject","inLanguage":"pt-BR","@id":"https:\/\/serrafm879.com.br\/serrafm\/2026\/03\/governadora-raquel-lyra-cumpre-agenda-no-sertao-do-pajeu-e-do-araripe-com-entregas-e-anuncios-de-obras\/#primaryimage","url":"https:\/\/serrafm879.com.br\/serrafm\/wp-content\/uploads\/2026\/03\/download-6.jpg","contentUrl":"https:\/\/serrafm879.com.br\/serrafm\/wp-content\/uploads\/2026\/03\/download-6.jpg","width":275,"height":183},{"@type":"BreadcrumbList","@id":"https:\/\/serrafm879.com.br\/serrafm\/2026\/03\/governadora-raquel-lyra-cumpre-agenda-no-sertao-do-pajeu-e-do-araripe-com-entregas-e-anuncios-de-obras\/#breadcrumb","itemListElement":[{"@type":"ListItem","position":1,"name":"In\u00edcio","item":"https:\/\/serrafm879.com.br\/serrafm\/"},{"@type":"ListItem","position":2,"name":"Governadora Raquel Lyra cumpre agenda no Sert\u00e3o do Paje\u00fa e do Araripe com entregas e an\u00fancios de obras"}]},{"@type":"WebSite","@id":"https:\/\/serrafm879.com.br\/serrafm\/#website","url":"https:\/\/serrafm879.com.br\/serrafm\/","name":"Serra FM 87,9","description":"O seu novo amor!","potentialAction":[{"@type":"SearchAction","target":{"@type":"EntryPoint","urlTemplate":"https:\/\/serrafm879.com.br\/serrafm\/?s={search_term_string}"},"query-input":{"@type":"PropertyValueSpecification","valueRequired":true,"valueName":"search_term_string"}}],"inLanguage":"pt-BR"},{"@type":"Person","@id":"https:\/\/serrafm879.com.br\/serrafm\/#\/schema\/person\/c028a197030ff8b1c03c68dfba4a787a","name":"serrafm87","image":{"@type":"ImageObject","inLanguage":"pt-BR","@id":"https:\/\/serrafm879.com.br\/serrafm\/#\/schema\/person\/image\/","url":"https:\/\/secure.gravatar.com\/avatar\/a743233f1112d34f48bb3dc9559b76eb930bab8b27175856cba6362608736235?s=96&d=mm&r=g","contentUrl":"https:\/\/secure.gravatar.com\/avatar\/a743233f1112d34f48bb3dc9559b76eb930bab8b27175856cba6362608736235?s=96&d=mm&r=g","caption":"serrafm87"},"sameAs":["http:\/\/serrafm879.com.br\/"],"url":"https:\/\/serrafm879.com.br\/serrafm\/author\/serrafm87\/"}]}},"jetpack_featured_media_url":"https:\/\/serrafm879.com.br\/serrafm\/wp-content\/uploads\/2026\/03\/download-6.jpg","jetpack_shortlink":"https:\/\/wp.me\/p7HyXg-6YD","jetpack_sharing_enabled":true,"_links":{"self":[{"href":"https:\/\/serrafm879.com.br\/serrafm\/wp-json\/wp\/v2\/posts\/26823","targetHints":{"allow":["GET"]}}],"collection":[{"href":"https:\/\/serrafm879.com.br\/serrafm\/wp-json\/wp\/v2\/posts"}],"about":[{"href":"https:\/\/serrafm879.com.br\/serrafm\/wp-json\/wp\/v2\/types\/post"}],"author":[{"embeddable":true,"href":"https:\/\/serrafm879.com.br\/serrafm\/wp-json\/wp\/v2\/users\/2"}],"replies":[{"embeddable":true,"href":"https:\/\/serrafm879.com.br\/serrafm\/wp-json\/wp\/v2\/comments?post=26823"}],"version-history":[{"count":1,"href":"https:\/\/serrafm879.com.br\/serrafm\/wp-json\/wp\/v2\/posts\/26823\/revisions"}],"predecessor-version":[{"id":26825,"href":"https:\/\/serrafm879.com.br\/serrafm\/wp-json\/wp\/v2\/posts\/26823\/revisions\/26825"}],"wp:featuredmedia":[{"embeddable":true,"href":"https:\/\/serrafm879.com.br\/serrafm\/wp-json\/wp\/v2\/media\/26824"}],"wp:attachment":[{"href":"https:\/\/serrafm879.com.br\/serrafm\/wp-json\/wp\/v2\/media?parent=26823"}],"wp:term":[{"taxonomy":"category","embeddable":true,"href":"https:\/\/serrafm879.com.br\/serrafm\/wp-json\/wp\/v2\/categories?post=26823"},{"taxonomy":"post_tag","embeddable":true,"href":"https:\/\/serrafm879.com.br\/serrafm\/wp-json\/wp\/v2\/tags?post=26823"}],"curies":[{"name":"wp","href":"https:\/\/api.w.org\/{rel}","templated":true}]}}