{"id":26851,"date":"2026-03-11T12:06:49","date_gmt":"2026-03-11T15:06:49","guid":{"rendered":"https:\/\/serrafm879.com.br\/serrafm\/?p=26851"},"modified":"2026-03-11T12:07:38","modified_gmt":"2026-03-11T15:07:38","slug":"moraes-autoriza-visita-de-assessor-de-trump-a-bolsonaro-na-papudinha","status":"publish","type":"post","link":"https:\/\/serrafm879.com.br\/serrafm\/2026\/03\/moraes-autoriza-visita-de-assessor-de-trump-a-bolsonaro-na-papudinha\/","title":{"rendered":"Moraes autoriza visita de assessor de Trump a Bolsonaro na Papudinha"},"content":{"rendered":"<p class=\"texto\">O ministro Alexandre de Moraes, do\u00a0<strong><a href=\"https:\/\/portal.stf.jus.br\/\" target=\"_blank\" rel=\"noopener noreferrer\">Supremo Tribunal Federal (STF)<\/a>,<\/strong>\u00a0autorizou, nesta ter\u00e7a-feira (10), a visita de\u00a0<strong>Darren Beattie<\/strong>, assessor do governo dos Estados Unidos, ao ex-presidente Jair Bolsonaro na Papudinha.<\/p>\n<p class=\"texto\">Na autoriza\u00e7\u00e3o, o ministro atendeu aos pedidos da defesa de\u00a0Bolsonaro, que solicitou que a visita fosse realizada na pr\u00f3xima segunda-feira (16), no per\u00edodo da manh\u00e3, ou na ter\u00e7a-feira (17), datas em que o assessor estar\u00e1 em visita oficial ao Brasil. A entrada de um tradutor na pris\u00e3o tamb\u00e9m foi permitida, j\u00e1 que o ex-presidente n\u00e3o sabe falar ingl\u00eas.<\/p>\n<p>Bolsonaro foi condenado a 27 anos e tr\u00eas meses de pris\u00e3o na a\u00e7\u00e3o penal da trama golpista e cumpre pena no 19\u00b0 Batalh\u00e3o da Pol\u00edcia Militar, localizado dentro do Complexo Penitenci\u00e1rio da Papuda, em Bras\u00edlia. O\u00a0local \u00e9 conhecido como Papudinha e \u00e9 destinado a presos especiais, como policiais, advogados e ju\u00edzes.<\/p>\n","protected":false},"excerpt":{"rendered":"<p>O ministro Alexandre de Moraes, do\u00a0Supremo Tribunal Federal (STF),\u00a0autorizou, nesta ter\u00e7a-feira (10), a visita de\u00a0Darren Beattie, assessor do governo dos Estados Unidos, ao ex-presidente Jair Bolsonaro na Papudinha. Na autoriza\u00e7\u00e3o, o ministro atendeu aos pedidos da defesa de\u00a0Bolsonaro, que solicitou que a visita fosse realizada na pr\u00f3xima segunda-feira (16), no per\u00edodo da manh\u00e3, ou na ter\u00e7a-feira (17), datas em que o assessor estar\u00e1 em visita oficial ao Brasil. A entrada de um tradutor na pris\u00e3o tamb\u00e9m foi permitida, j\u00e1 que o ex-presidente n\u00e3o sabe falar ingl\u00eas. Bolsonaro foi condenado a 27 anos e tr\u00eas meses de pris\u00e3o na a\u00e7\u00e3o penal [&hellip;]<\/p>\n","protected":false},"author":2,"featured_media":26852,"comment_status":"open","ping_status":"open","sticky":false,"template":"","format":"standard","meta":{"_jetpack_memberships_contains_paid_content":false,"footnotes":"","jetpack_publicize_message":"","jetpack_publicize_feature_enabled":true,"jetpack_social_post_already_shared":true,"jetpack_social_options":{"image_generator_settings":{"template":"highway","enabled":false},"version":2}},"categories":[149],"tags":[327,306,6,10],"class_list":["post-26851","post","type-post","status-publish","format-standard","has-post-thumbnail","hentry","category-brasil","tag-bolsonaro","tag-brasil","tag-noticias","tag-serra-fm"],"jetpack_publicize_connections":[],"yoast_head":"<!-- This site is optimized with the Yoast SEO plugin v24.7 - https:\/\/yoast.com\/wordpress\/plugins\/seo\/ -->\n<title>Moraes autoriza visita de assessor de Trump a Bolsonaro na Papudinha - Serra FM 87,9<\/title>\n<meta name=\"description\" content=\"O ministro Alexandre de Moraes, do\u00a0Supremo Tribunal Federal (STF),\u00a0autorizou, nesta ter\u00e7a-feira (10), a visita de\u00a0Darren Beattie, assessor do governo dos Estados Unidos, ao ex-presidente Jair Bolsonaro na Papudinha.\" \/>\n<meta name=\"robots\" content=\"index, follow, max-snippet:-1, max-image-preview:large, max-video-preview:-1\" \/>\n<link rel=\"canonical\" href=\"https:\/\/serrafm879.com.br\/serrafm\/2026\/03\/moraes-autoriza-visita-de-assessor-de-trump-a-bolsonaro-na-papudinha\/\" \/>\n<meta property=\"og:locale\" content=\"pt_BR\" \/>\n<meta property=\"og:type\" content=\"article\" \/>\n<meta property=\"og:title\" content=\"Moraes autoriza visita de assessor de Trump a Bolsonaro na Papudinha - Serra FM 87,9\" \/>\n<meta property=\"og:description\" content=\"O ministro Alexandre de Moraes, do\u00a0Supremo Tribunal Federal (STF),\u00a0autorizou, nesta ter\u00e7a-feira (10), a visita de\u00a0Darren Beattie, assessor do governo dos Estados Unidos, ao ex-presidente Jair Bolsonaro na Papudinha.\" \/>\n<meta property=\"og:url\" content=\"https:\/\/serrafm879.com.br\/serrafm\/2026\/03\/moraes-autoriza-visita-de-assessor-de-trump-a-bolsonaro-na-papudinha\/\" \/>\n<meta property=\"og:site_name\" content=\"Serra FM 87,9\" \/>\n<meta property=\"article:published_time\" content=\"2026-03-11T15:06:49+00:00\" \/>\n<meta property=\"article:modified_time\" content=\"2026-03-11T15:07:38+00:00\" \/>\n<meta property=\"og:image\" content=\"http:\/\/serrafm879.com.br\/serrafm\/wp-content\/uploads\/2026\/03\/whatsapp_image_2026_03_10_at_16_53_57-859046.jpeg\" \/>\n\t<meta property=\"og:image:width\" content=\"1080\" \/>\n\t<meta property=\"og:image:height\" content=\"707\" \/>\n\t<meta property=\"og:image:type\" content=\"image\/jpeg\" \/>\n<meta name=\"author\" content=\"serrafm87\" \/>\n<meta name=\"twitter:card\" content=\"summary_large_image\" \/>\n<meta name=\"twitter:label1\" content=\"Escrito por\" \/>\n\t<meta name=\"twitter:data1\" content=\"serrafm87\" \/>\n\t<meta name=\"twitter:label2\" content=\"Est. tempo de leitura\" \/>\n\t<meta name=\"twitter:data2\" content=\"1 minuto\" \/>\n<script type=\"application\/ld+json\" class=\"yoast-schema-graph\">{\"@context\":\"https:\/\/schema.org\",\"@graph\":[{\"@type\":\"WebPage\",\"@id\":\"https:\/\/serrafm879.com.br\/serrafm\/2026\/03\/moraes-autoriza-visita-de-assessor-de-trump-a-bolsonaro-na-papudinha\/\",\"url\":\"https:\/\/serrafm879.com.br\/serrafm\/2026\/03\/moraes-autoriza-visita-de-assessor-de-trump-a-bolsonaro-na-papudinha\/\",\"name\":\"Moraes autoriza visita de assessor de Trump a Bolsonaro na Papudinha - Serra FM 87,9\",\"isPartOf\":{\"@id\":\"https:\/\/serrafm879.com.br\/serrafm\/#website\"},\"primaryImageOfPage\":{\"@id\":\"https:\/\/serrafm879.com.br\/serrafm\/2026\/03\/moraes-autoriza-visita-de-assessor-de-trump-a-bolsonaro-na-papudinha\/#primaryimage\"},\"image\":{\"@id\":\"https:\/\/serrafm879.com.br\/serrafm\/2026\/03\/moraes-autoriza-visita-de-assessor-de-trump-a-bolsonaro-na-papudinha\/#primaryimage\"},\"thumbnailUrl\":\"https:\/\/serrafm879.com.br\/serrafm\/wp-content\/uploads\/2026\/03\/whatsapp_image_2026_03_10_at_16_53_57-859046.jpeg\",\"datePublished\":\"2026-03-11T15:06:49+00:00\",\"dateModified\":\"2026-03-11T15:07:38+00:00\",\"author\":{\"@id\":\"https:\/\/serrafm879.com.br\/serrafm\/#\/schema\/person\/c028a197030ff8b1c03c68dfba4a787a\"},\"description\":\"O ministro Alexandre de Moraes, do\u00a0Supremo Tribunal Federal (STF),\u00a0autorizou, nesta ter\u00e7a-feira (10), a visita de\u00a0Darren Beattie, assessor do governo dos Estados Unidos, ao ex-presidente Jair Bolsonaro na Papudinha.\",\"breadcrumb\":{\"@id\":\"https:\/\/serrafm879.com.br\/serrafm\/2026\/03\/moraes-autoriza-visita-de-assessor-de-trump-a-bolsonaro-na-papudinha\/#breadcrumb\"},\"inLanguage\":\"pt-BR\",\"potentialAction\":[{\"@type\":\"ReadAction\",\"target\":[\"https:\/\/serrafm879.com.br\/serrafm\/2026\/03\/moraes-autoriza-visita-de-assessor-de-trump-a-bolsonaro-na-papudinha\/\"]}]},{\"@type\":\"ImageObject\",\"inLanguage\":\"pt-BR\",\"@id\":\"https:\/\/serrafm879.com.br\/serrafm\/2026\/03\/moraes-autoriza-visita-de-assessor-de-trump-a-bolsonaro-na-papudinha\/#primaryimage\",\"url\":\"https:\/\/serrafm879.com.br\/serrafm\/wp-content\/uploads\/2026\/03\/whatsapp_image_2026_03_10_at_16_53_57-859046.jpeg\",\"contentUrl\":\"https:\/\/serrafm879.com.br\/serrafm\/wp-content\/uploads\/2026\/03\/whatsapp_image_2026_03_10_at_16_53_57-859046.jpeg\",\"width\":1080,\"height\":707},{\"@type\":\"BreadcrumbList\",\"@id\":\"https:\/\/serrafm879.com.br\/serrafm\/2026\/03\/moraes-autoriza-visita-de-assessor-de-trump-a-bolsonaro-na-papudinha\/#breadcrumb\",\"itemListElement\":[{\"@type\":\"ListItem\",\"position\":1,\"name\":\"In\u00edcio\",\"item\":\"https:\/\/serrafm879.com.br\/serrafm\/\"},{\"@type\":\"ListItem\",\"position\":2,\"name\":\"Moraes autoriza visita de assessor de Trump a Bolsonaro na Papudinha\"}]},{\"@type\":\"WebSite\",\"@id\":\"https:\/\/serrafm879.com.br\/serrafm\/#website\",\"url\":\"https:\/\/serrafm879.com.br\/serrafm\/\",\"name\":\"Serra FM 87,9\",\"description\":\"O seu novo amor!\",\"potentialAction\":[{\"@type\":\"SearchAction\",\"target\":{\"@type\":\"EntryPoint\",\"urlTemplate\":\"https:\/\/serrafm879.com.br\/serrafm\/?s={search_term_string}\"},\"query-input\":{\"@type\":\"PropertyValueSpecification\",\"valueRequired\":true,\"valueName\":\"search_term_string\"}}],\"inLanguage\":\"pt-BR\"},{\"@type\":\"Person\",\"@id\":\"https:\/\/serrafm879.com.br\/serrafm\/#\/schema\/person\/c028a197030ff8b1c03c68dfba4a787a\",\"name\":\"serrafm87\",\"image\":{\"@type\":\"ImageObject\",\"inLanguage\":\"pt-BR\",\"@id\":\"https:\/\/serrafm879.com.br\/serrafm\/#\/schema\/person\/image\/\",\"url\":\"https:\/\/secure.gravatar.com\/avatar\/a743233f1112d34f48bb3dc9559b76eb930bab8b27175856cba6362608736235?s=96&d=mm&r=g\",\"contentUrl\":\"https:\/\/secure.gravatar.com\/avatar\/a743233f1112d34f48bb3dc9559b76eb930bab8b27175856cba6362608736235?s=96&d=mm&r=g\",\"caption\":\"serrafm87\"},\"sameAs\":[\"http:\/\/serrafm879.com.br\/\"],\"url\":\"https:\/\/serrafm879.com.br\/serrafm\/author\/serrafm87\/\"}]}<\/script>\n<!-- \/ Yoast SEO plugin. -->","yoast_head_json":{"title":"Moraes autoriza visita de assessor de Trump a Bolsonaro na Papudinha - Serra FM 87,9","description":"O ministro Alexandre de Moraes, do\u00a0Supremo Tribunal Federal (STF),\u00a0autorizou, nesta ter\u00e7a-feira (10), a visita de\u00a0Darren Beattie, assessor do governo dos Estados Unidos, ao ex-presidente Jair Bolsonaro na Papudinha.","robots":{"index":"index","follow":"follow","max-snippet":"max-snippet:-1","max-image-preview":"max-image-preview:large","max-video-preview":"max-video-preview:-1"},"canonical":"https:\/\/serrafm879.com.br\/serrafm\/2026\/03\/moraes-autoriza-visita-de-assessor-de-trump-a-bolsonaro-na-papudinha\/","og_locale":"pt_BR","og_type":"article","og_title":"Moraes autoriza visita de assessor de Trump a Bolsonaro na Papudinha - Serra FM 87,9","og_description":"O ministro Alexandre de Moraes, do\u00a0Supremo Tribunal Federal (STF),\u00a0autorizou, nesta ter\u00e7a-feira (10), a visita de\u00a0Darren Beattie, assessor do governo dos Estados Unidos, ao ex-presidente Jair Bolsonaro na Papudinha.","og_url":"https:\/\/serrafm879.com.br\/serrafm\/2026\/03\/moraes-autoriza-visita-de-assessor-de-trump-a-bolsonaro-na-papudinha\/","og_site_name":"Serra FM 87,9","article_published_time":"2026-03-11T15:06:49+00:00","article_modified_time":"2026-03-11T15:07:38+00:00","og_image":[{"width":1080,"height":707,"url":"http:\/\/serrafm879.com.br\/serrafm\/wp-content\/uploads\/2026\/03\/whatsapp_image_2026_03_10_at_16_53_57-859046.jpeg","type":"image\/jpeg"}],"author":"serrafm87","twitter_card":"summary_large_image","twitter_misc":{"Escrito por":"serrafm87","Est. tempo de leitura":"1 minuto"},"schema":{"@context":"https:\/\/schema.org","@graph":[{"@type":"WebPage","@id":"https:\/\/serrafm879.com.br\/serrafm\/2026\/03\/moraes-autoriza-visita-de-assessor-de-trump-a-bolsonaro-na-papudinha\/","url":"https:\/\/serrafm879.com.br\/serrafm\/2026\/03\/moraes-autoriza-visita-de-assessor-de-trump-a-bolsonaro-na-papudinha\/","name":"Moraes autoriza visita de assessor de Trump a Bolsonaro na Papudinha - Serra FM 87,9","isPartOf":{"@id":"https:\/\/serrafm879.com.br\/serrafm\/#website"},"primaryImageOfPage":{"@id":"https:\/\/serrafm879.com.br\/serrafm\/2026\/03\/moraes-autoriza-visita-de-assessor-de-trump-a-bolsonaro-na-papudinha\/#primaryimage"},"image":{"@id":"https:\/\/serrafm879.com.br\/serrafm\/2026\/03\/moraes-autoriza-visita-de-assessor-de-trump-a-bolsonaro-na-papudinha\/#primaryimage"},"thumbnailUrl":"https:\/\/serrafm879.com.br\/serrafm\/wp-content\/uploads\/2026\/03\/whatsapp_image_2026_03_10_at_16_53_57-859046.jpeg","datePublished":"2026-03-11T15:06:49+00:00","dateModified":"2026-03-11T15:07:38+00:00","author":{"@id":"https:\/\/serrafm879.com.br\/serrafm\/#\/schema\/person\/c028a197030ff8b1c03c68dfba4a787a"},"description":"O ministro Alexandre de Moraes, do\u00a0Supremo Tribunal Federal (STF),\u00a0autorizou, nesta ter\u00e7a-feira (10), a visita de\u00a0Darren Beattie, assessor do governo dos Estados Unidos, ao ex-presidente Jair Bolsonaro na Papudinha.","breadcrumb":{"@id":"https:\/\/serrafm879.com.br\/serrafm\/2026\/03\/moraes-autoriza-visita-de-assessor-de-trump-a-bolsonaro-na-papudinha\/#breadcrumb"},"inLanguage":"pt-BR","potentialAction":[{"@type":"ReadAction","target":["https:\/\/serrafm879.com.br\/serrafm\/2026\/03\/moraes-autoriza-visita-de-assessor-de-trump-a-bolsonaro-na-papudinha\/"]}]},{"@type":"ImageObject","inLanguage":"pt-BR","@id":"https:\/\/serrafm879.com.br\/serrafm\/2026\/03\/moraes-autoriza-visita-de-assessor-de-trump-a-bolsonaro-na-papudinha\/#primaryimage","url":"https:\/\/serrafm879.com.br\/serrafm\/wp-content\/uploads\/2026\/03\/whatsapp_image_2026_03_10_at_16_53_57-859046.jpeg","contentUrl":"https:\/\/serrafm879.com.br\/serrafm\/wp-content\/uploads\/2026\/03\/whatsapp_image_2026_03_10_at_16_53_57-859046.jpeg","width":1080,"height":707},{"@type":"BreadcrumbList","@id":"https:\/\/serrafm879.com.br\/serrafm\/2026\/03\/moraes-autoriza-visita-de-assessor-de-trump-a-bolsonaro-na-papudinha\/#breadcrumb","itemListElement":[{"@type":"ListItem","position":1,"name":"In\u00edcio","item":"https:\/\/serrafm879.com.br\/serrafm\/"},{"@type":"ListItem","position":2,"name":"Moraes autoriza visita de assessor de Trump a Bolsonaro na Papudinha"}]},{"@type":"WebSite","@id":"https:\/\/serrafm879.com.br\/serrafm\/#website","url":"https:\/\/serrafm879.com.br\/serrafm\/","name":"Serra FM 87,9","description":"O seu novo amor!","potentialAction":[{"@type":"SearchAction","target":{"@type":"EntryPoint","urlTemplate":"https:\/\/serrafm879.com.br\/serrafm\/?s={search_term_string}"},"query-input":{"@type":"PropertyValueSpecification","valueRequired":true,"valueName":"search_term_string"}}],"inLanguage":"pt-BR"},{"@type":"Person","@id":"https:\/\/serrafm879.com.br\/serrafm\/#\/schema\/person\/c028a197030ff8b1c03c68dfba4a787a","name":"serrafm87","image":{"@type":"ImageObject","inLanguage":"pt-BR","@id":"https:\/\/serrafm879.com.br\/serrafm\/#\/schema\/person\/image\/","url":"https:\/\/secure.gravatar.com\/avatar\/a743233f1112d34f48bb3dc9559b76eb930bab8b27175856cba6362608736235?s=96&d=mm&r=g","contentUrl":"https:\/\/secure.gravatar.com\/avatar\/a743233f1112d34f48bb3dc9559b76eb930bab8b27175856cba6362608736235?s=96&d=mm&r=g","caption":"serrafm87"},"sameAs":["http:\/\/serrafm879.com.br\/"],"url":"https:\/\/serrafm879.com.br\/serrafm\/author\/serrafm87\/"}]}},"jetpack_featured_media_url":"https:\/\/serrafm879.com.br\/serrafm\/wp-content\/uploads\/2026\/03\/whatsapp_image_2026_03_10_at_16_53_57-859046.jpeg","jetpack_shortlink":"https:\/\/wp.me\/p7HyXg-6Z5","jetpack_sharing_enabled":true,"_links":{"self":[{"href":"https:\/\/serrafm879.com.br\/serrafm\/wp-json\/wp\/v2\/posts\/26851","targetHints":{"allow":["GET"]}}],"collection":[{"href":"https:\/\/serrafm879.com.br\/serrafm\/wp-json\/wp\/v2\/posts"}],"about":[{"href":"https:\/\/serrafm879.com.br\/serrafm\/wp-json\/wp\/v2\/types\/post"}],"author":[{"embeddable":true,"href":"https:\/\/serrafm879.com.br\/serrafm\/wp-json\/wp\/v2\/users\/2"}],"replies":[{"embeddable":true,"href":"https:\/\/serrafm879.com.br\/serrafm\/wp-json\/wp\/v2\/comments?post=26851"}],"version-history":[{"count":2,"href":"https:\/\/serrafm879.com.br\/serrafm\/wp-json\/wp\/v2\/posts\/26851\/revisions"}],"predecessor-version":[{"id":26854,"href":"https:\/\/serrafm879.com.br\/serrafm\/wp-json\/wp\/v2\/posts\/26851\/revisions\/26854"}],"wp:featuredmedia":[{"embeddable":true,"href":"https:\/\/serrafm879.com.br\/serrafm\/wp-json\/wp\/v2\/media\/26852"}],"wp:attachment":[{"href":"https:\/\/serrafm879.com.br\/serrafm\/wp-json\/wp\/v2\/media?parent=26851"}],"wp:term":[{"taxonomy":"category","embeddable":true,"href":"https:\/\/serrafm879.com.br\/serrafm\/wp-json\/wp\/v2\/categories?post=26851"},{"taxonomy":"post_tag","embeddable":true,"href":"https:\/\/serrafm879.com.br\/serrafm\/wp-json\/wp\/v2\/tags?post=26851"}],"curies":[{"name":"wp","href":"https:\/\/api.w.org\/{rel}","templated":true}]}}