{"id":26864,"date":"2026-03-12T08:13:54","date_gmt":"2026-03-12T11:13:54","guid":{"rendered":"https:\/\/serrafm879.com.br\/serrafm\/?p=26864"},"modified":"2026-03-12T08:13:54","modified_gmt":"2026-03-12T11:13:54","slug":"avante-confirma-pre-candidatura-de-cabo-cardoso","status":"publish","type":"post","link":"https:\/\/serrafm879.com.br\/serrafm\/2026\/03\/avante-confirma-pre-candidatura-de-cabo-cardoso\/","title":{"rendered":"Avante confirma pr\u00e9-candidatura de Cabo Cardoso"},"content":{"rendered":"<p>O vereador de Caruaru, Cabo Cardoso, \u00e9 pr\u00e9-candidato a disputar uma cadeira na Assembleia Legislativa de Pernambuco (Alepe) pelo Avante. Durante encontro realizado nesta ter\u00e7a-feira (11), na sede da legenda, no Recife, o presidente estadual da sigla, Sebasti\u00e3o Oliveira, destacou a import\u00e2ncia do caruaruense para o projeto de crescimento e fortalecimento do partido na regi\u00e3o do Agreste.<\/p>\n<p>\u201cAo lado do vereador Cabo Cardoso, importante lideran\u00e7a no Agreste, seguimos fortalecendo uma caminhada de di\u00e1logo, trabalho e uni\u00e3o de for\u00e7as. Agora, ele vem para compor a nossa chapa como pr\u00e9-candidato a deputado estadual, refor\u00e7ando ainda mais esse projeto coletivo. Estamos firmes, somando esfor\u00e7os com responsabilidade e dedica\u00e7\u00e3o para construir novas oportunidades para o povo de Caruaru, que merece aten\u00e7\u00e3o, respeito e muito trabalho\u201d, destacou Sebasti\u00e3o Oliveira.<\/p>\n<p>Cabo Cardoso ressaltou o encontro: \u201cOs primeiros passos rumo ao futuro melhor para Caruaru e Pernambuco est\u00e3o sendo dados\u201d. Ele explicou ainda que, entre as suas prioridades, defender\u00e1 os interesses dos policiais militares e da Pol\u00edcia Militar.<\/p>\n","protected":false},"excerpt":{"rendered":"<p>O vereador de Caruaru, Cabo Cardoso, \u00e9 pr\u00e9-candidato a disputar uma cadeira na Assembleia Legislativa de Pernambuco (Alepe) pelo Avante. Durante encontro realizado nesta ter\u00e7a-feira (11), na sede da legenda, no Recife, o presidente estadual da sigla, Sebasti\u00e3o Oliveira, destacou a import\u00e2ncia do caruaruense para o projeto de crescimento e fortalecimento do partido na regi\u00e3o do Agreste. \u201cAo lado do vereador Cabo Cardoso, importante lideran\u00e7a no Agreste, seguimos fortalecendo uma caminhada de di\u00e1logo, trabalho e uni\u00e3o de for\u00e7as. Agora, ele vem para compor a nossa chapa como pr\u00e9-candidato a deputado estadual, refor\u00e7ando ainda mais esse projeto coletivo. Estamos firmes, somando [&hellip;]<\/p>\n","protected":false},"author":2,"featured_media":26865,"comment_status":"open","ping_status":"open","sticky":false,"template":"","format":"standard","meta":{"_jetpack_memberships_contains_paid_content":false,"footnotes":"","jetpack_publicize_message":"","jetpack_publicize_feature_enabled":true,"jetpack_social_post_already_shared":true,"jetpack_social_options":{"image_generator_settings":{"template":"highway","enabled":false},"version":2}},"categories":[297],"tags":[],"class_list":["post-26864","post","type-post","status-publish","format-standard","has-post-thumbnail","hentry","category-eleicoes-2026"],"jetpack_publicize_connections":[],"yoast_head":"<!-- This site is optimized with the Yoast SEO plugin v24.7 - https:\/\/yoast.com\/wordpress\/plugins\/seo\/ -->\n<title>Avante confirma pr\u00e9-candidatura de Cabo Cardoso - Serra FM 87,9<\/title>\n<meta name=\"robots\" content=\"index, follow, max-snippet:-1, max-image-preview:large, max-video-preview:-1\" \/>\n<link rel=\"canonical\" href=\"https:\/\/serrafm879.com.br\/serrafm\/2026\/03\/avante-confirma-pre-candidatura-de-cabo-cardoso\/\" \/>\n<meta property=\"og:locale\" content=\"pt_BR\" \/>\n<meta property=\"og:type\" content=\"article\" \/>\n<meta property=\"og:title\" content=\"Avante confirma pr\u00e9-candidatura de Cabo Cardoso - Serra FM 87,9\" \/>\n<meta property=\"og:description\" content=\"O vereador de Caruaru, Cabo Cardoso, \u00e9 pr\u00e9-candidato a disputar uma cadeira na Assembleia Legislativa de Pernambuco (Alepe) pelo Avante. Durante encontro realizado nesta ter\u00e7a-feira (11), na sede da legenda, no Recife, o presidente estadual da sigla, Sebasti\u00e3o Oliveira, destacou a import\u00e2ncia do caruaruense para o projeto de crescimento e fortalecimento do partido na regi\u00e3o do Agreste. \u201cAo lado do vereador Cabo Cardoso, importante lideran\u00e7a no Agreste, seguimos fortalecendo uma caminhada de di\u00e1logo, trabalho e uni\u00e3o de for\u00e7as. Agora, ele vem para compor a nossa chapa como pr\u00e9-candidato a deputado estadual, refor\u00e7ando ainda mais esse projeto coletivo. Estamos firmes, somando [&hellip;]\" \/>\n<meta property=\"og:url\" content=\"https:\/\/serrafm879.com.br\/serrafm\/2026\/03\/avante-confirma-pre-candidatura-de-cabo-cardoso\/\" \/>\n<meta property=\"og:site_name\" content=\"Serra FM 87,9\" \/>\n<meta property=\"article:published_time\" content=\"2026-03-12T11:13:54+00:00\" \/>\n<meta property=\"og:image\" content=\"http:\/\/serrafm879.com.br\/serrafm\/wp-content\/uploads\/2026\/03\/WhatsApp-Image-2026-03-11-at-14.43.23-e1773251461843.jpeg\" \/>\n\t<meta property=\"og:image:width\" content=\"1070\" \/>\n\t<meta property=\"og:image:height\" content=\"843\" \/>\n\t<meta property=\"og:image:type\" content=\"image\/jpeg\" \/>\n<meta name=\"author\" content=\"serrafm87\" \/>\n<meta name=\"twitter:card\" content=\"summary_large_image\" \/>\n<meta name=\"twitter:label1\" content=\"Escrito por\" \/>\n\t<meta name=\"twitter:data1\" content=\"serrafm87\" \/>\n\t<meta name=\"twitter:label2\" content=\"Est. tempo de leitura\" \/>\n\t<meta name=\"twitter:data2\" content=\"2 minutos\" \/>\n<script type=\"application\/ld+json\" class=\"yoast-schema-graph\">{\"@context\":\"https:\/\/schema.org\",\"@graph\":[{\"@type\":\"WebPage\",\"@id\":\"https:\/\/serrafm879.com.br\/serrafm\/2026\/03\/avante-confirma-pre-candidatura-de-cabo-cardoso\/\",\"url\":\"https:\/\/serrafm879.com.br\/serrafm\/2026\/03\/avante-confirma-pre-candidatura-de-cabo-cardoso\/\",\"name\":\"Avante confirma pr\u00e9-candidatura de Cabo Cardoso - Serra FM 87,9\",\"isPartOf\":{\"@id\":\"https:\/\/serrafm879.com.br\/serrafm\/#website\"},\"primaryImageOfPage\":{\"@id\":\"https:\/\/serrafm879.com.br\/serrafm\/2026\/03\/avante-confirma-pre-candidatura-de-cabo-cardoso\/#primaryimage\"},\"image\":{\"@id\":\"https:\/\/serrafm879.com.br\/serrafm\/2026\/03\/avante-confirma-pre-candidatura-de-cabo-cardoso\/#primaryimage\"},\"thumbnailUrl\":\"https:\/\/serrafm879.com.br\/serrafm\/wp-content\/uploads\/2026\/03\/WhatsApp-Image-2026-03-11-at-14.43.23-e1773251461843.jpeg\",\"datePublished\":\"2026-03-12T11:13:54+00:00\",\"author\":{\"@id\":\"https:\/\/serrafm879.com.br\/serrafm\/#\/schema\/person\/c028a197030ff8b1c03c68dfba4a787a\"},\"breadcrumb\":{\"@id\":\"https:\/\/serrafm879.com.br\/serrafm\/2026\/03\/avante-confirma-pre-candidatura-de-cabo-cardoso\/#breadcrumb\"},\"inLanguage\":\"pt-BR\",\"potentialAction\":[{\"@type\":\"ReadAction\",\"target\":[\"https:\/\/serrafm879.com.br\/serrafm\/2026\/03\/avante-confirma-pre-candidatura-de-cabo-cardoso\/\"]}]},{\"@type\":\"ImageObject\",\"inLanguage\":\"pt-BR\",\"@id\":\"https:\/\/serrafm879.com.br\/serrafm\/2026\/03\/avante-confirma-pre-candidatura-de-cabo-cardoso\/#primaryimage\",\"url\":\"https:\/\/serrafm879.com.br\/serrafm\/wp-content\/uploads\/2026\/03\/WhatsApp-Image-2026-03-11-at-14.43.23-e1773251461843.jpeg\",\"contentUrl\":\"https:\/\/serrafm879.com.br\/serrafm\/wp-content\/uploads\/2026\/03\/WhatsApp-Image-2026-03-11-at-14.43.23-e1773251461843.jpeg\",\"width\":1070,\"height\":843},{\"@type\":\"BreadcrumbList\",\"@id\":\"https:\/\/serrafm879.com.br\/serrafm\/2026\/03\/avante-confirma-pre-candidatura-de-cabo-cardoso\/#breadcrumb\",\"itemListElement\":[{\"@type\":\"ListItem\",\"position\":1,\"name\":\"In\u00edcio\",\"item\":\"https:\/\/serrafm879.com.br\/serrafm\/\"},{\"@type\":\"ListItem\",\"position\":2,\"name\":\"Avante confirma pr\u00e9-candidatura de Cabo Cardoso\"}]},{\"@type\":\"WebSite\",\"@id\":\"https:\/\/serrafm879.com.br\/serrafm\/#website\",\"url\":\"https:\/\/serrafm879.com.br\/serrafm\/\",\"name\":\"Serra FM 87,9\",\"description\":\"O seu novo amor!\",\"potentialAction\":[{\"@type\":\"SearchAction\",\"target\":{\"@type\":\"EntryPoint\",\"urlTemplate\":\"https:\/\/serrafm879.com.br\/serrafm\/?s={search_term_string}\"},\"query-input\":{\"@type\":\"PropertyValueSpecification\",\"valueRequired\":true,\"valueName\":\"search_term_string\"}}],\"inLanguage\":\"pt-BR\"},{\"@type\":\"Person\",\"@id\":\"https:\/\/serrafm879.com.br\/serrafm\/#\/schema\/person\/c028a197030ff8b1c03c68dfba4a787a\",\"name\":\"serrafm87\",\"image\":{\"@type\":\"ImageObject\",\"inLanguage\":\"pt-BR\",\"@id\":\"https:\/\/serrafm879.com.br\/serrafm\/#\/schema\/person\/image\/\",\"url\":\"https:\/\/secure.gravatar.com\/avatar\/a743233f1112d34f48bb3dc9559b76eb930bab8b27175856cba6362608736235?s=96&d=mm&r=g\",\"contentUrl\":\"https:\/\/secure.gravatar.com\/avatar\/a743233f1112d34f48bb3dc9559b76eb930bab8b27175856cba6362608736235?s=96&d=mm&r=g\",\"caption\":\"serrafm87\"},\"sameAs\":[\"http:\/\/serrafm879.com.br\/\"],\"url\":\"https:\/\/serrafm879.com.br\/serrafm\/author\/serrafm87\/\"}]}<\/script>\n<!-- \/ Yoast SEO plugin. -->","yoast_head_json":{"title":"Avante confirma pr\u00e9-candidatura de Cabo Cardoso - Serra FM 87,9","robots":{"index":"index","follow":"follow","max-snippet":"max-snippet:-1","max-image-preview":"max-image-preview:large","max-video-preview":"max-video-preview:-1"},"canonical":"https:\/\/serrafm879.com.br\/serrafm\/2026\/03\/avante-confirma-pre-candidatura-de-cabo-cardoso\/","og_locale":"pt_BR","og_type":"article","og_title":"Avante confirma pr\u00e9-candidatura de Cabo Cardoso - Serra FM 87,9","og_description":"O vereador de Caruaru, Cabo Cardoso, \u00e9 pr\u00e9-candidato a disputar uma cadeira na Assembleia Legislativa de Pernambuco (Alepe) pelo Avante. Durante encontro realizado nesta ter\u00e7a-feira (11), na sede da legenda, no Recife, o presidente estadual da sigla, Sebasti\u00e3o Oliveira, destacou a import\u00e2ncia do caruaruense para o projeto de crescimento e fortalecimento do partido na regi\u00e3o do Agreste. \u201cAo lado do vereador Cabo Cardoso, importante lideran\u00e7a no Agreste, seguimos fortalecendo uma caminhada de di\u00e1logo, trabalho e uni\u00e3o de for\u00e7as. Agora, ele vem para compor a nossa chapa como pr\u00e9-candidato a deputado estadual, refor\u00e7ando ainda mais esse projeto coletivo. Estamos firmes, somando [&hellip;]","og_url":"https:\/\/serrafm879.com.br\/serrafm\/2026\/03\/avante-confirma-pre-candidatura-de-cabo-cardoso\/","og_site_name":"Serra FM 87,9","article_published_time":"2026-03-12T11:13:54+00:00","og_image":[{"width":1070,"height":843,"url":"http:\/\/serrafm879.com.br\/serrafm\/wp-content\/uploads\/2026\/03\/WhatsApp-Image-2026-03-11-at-14.43.23-e1773251461843.jpeg","type":"image\/jpeg"}],"author":"serrafm87","twitter_card":"summary_large_image","twitter_misc":{"Escrito por":"serrafm87","Est. tempo de leitura":"2 minutos"},"schema":{"@context":"https:\/\/schema.org","@graph":[{"@type":"WebPage","@id":"https:\/\/serrafm879.com.br\/serrafm\/2026\/03\/avante-confirma-pre-candidatura-de-cabo-cardoso\/","url":"https:\/\/serrafm879.com.br\/serrafm\/2026\/03\/avante-confirma-pre-candidatura-de-cabo-cardoso\/","name":"Avante confirma pr\u00e9-candidatura de Cabo Cardoso - Serra FM 87,9","isPartOf":{"@id":"https:\/\/serrafm879.com.br\/serrafm\/#website"},"primaryImageOfPage":{"@id":"https:\/\/serrafm879.com.br\/serrafm\/2026\/03\/avante-confirma-pre-candidatura-de-cabo-cardoso\/#primaryimage"},"image":{"@id":"https:\/\/serrafm879.com.br\/serrafm\/2026\/03\/avante-confirma-pre-candidatura-de-cabo-cardoso\/#primaryimage"},"thumbnailUrl":"https:\/\/serrafm879.com.br\/serrafm\/wp-content\/uploads\/2026\/03\/WhatsApp-Image-2026-03-11-at-14.43.23-e1773251461843.jpeg","datePublished":"2026-03-12T11:13:54+00:00","author":{"@id":"https:\/\/serrafm879.com.br\/serrafm\/#\/schema\/person\/c028a197030ff8b1c03c68dfba4a787a"},"breadcrumb":{"@id":"https:\/\/serrafm879.com.br\/serrafm\/2026\/03\/avante-confirma-pre-candidatura-de-cabo-cardoso\/#breadcrumb"},"inLanguage":"pt-BR","potentialAction":[{"@type":"ReadAction","target":["https:\/\/serrafm879.com.br\/serrafm\/2026\/03\/avante-confirma-pre-candidatura-de-cabo-cardoso\/"]}]},{"@type":"ImageObject","inLanguage":"pt-BR","@id":"https:\/\/serrafm879.com.br\/serrafm\/2026\/03\/avante-confirma-pre-candidatura-de-cabo-cardoso\/#primaryimage","url":"https:\/\/serrafm879.com.br\/serrafm\/wp-content\/uploads\/2026\/03\/WhatsApp-Image-2026-03-11-at-14.43.23-e1773251461843.jpeg","contentUrl":"https:\/\/serrafm879.com.br\/serrafm\/wp-content\/uploads\/2026\/03\/WhatsApp-Image-2026-03-11-at-14.43.23-e1773251461843.jpeg","width":1070,"height":843},{"@type":"BreadcrumbList","@id":"https:\/\/serrafm879.com.br\/serrafm\/2026\/03\/avante-confirma-pre-candidatura-de-cabo-cardoso\/#breadcrumb","itemListElement":[{"@type":"ListItem","position":1,"name":"In\u00edcio","item":"https:\/\/serrafm879.com.br\/serrafm\/"},{"@type":"ListItem","position":2,"name":"Avante confirma pr\u00e9-candidatura de Cabo Cardoso"}]},{"@type":"WebSite","@id":"https:\/\/serrafm879.com.br\/serrafm\/#website","url":"https:\/\/serrafm879.com.br\/serrafm\/","name":"Serra FM 87,9","description":"O seu novo amor!","potentialAction":[{"@type":"SearchAction","target":{"@type":"EntryPoint","urlTemplate":"https:\/\/serrafm879.com.br\/serrafm\/?s={search_term_string}"},"query-input":{"@type":"PropertyValueSpecification","valueRequired":true,"valueName":"search_term_string"}}],"inLanguage":"pt-BR"},{"@type":"Person","@id":"https:\/\/serrafm879.com.br\/serrafm\/#\/schema\/person\/c028a197030ff8b1c03c68dfba4a787a","name":"serrafm87","image":{"@type":"ImageObject","inLanguage":"pt-BR","@id":"https:\/\/serrafm879.com.br\/serrafm\/#\/schema\/person\/image\/","url":"https:\/\/secure.gravatar.com\/avatar\/a743233f1112d34f48bb3dc9559b76eb930bab8b27175856cba6362608736235?s=96&d=mm&r=g","contentUrl":"https:\/\/secure.gravatar.com\/avatar\/a743233f1112d34f48bb3dc9559b76eb930bab8b27175856cba6362608736235?s=96&d=mm&r=g","caption":"serrafm87"},"sameAs":["http:\/\/serrafm879.com.br\/"],"url":"https:\/\/serrafm879.com.br\/serrafm\/author\/serrafm87\/"}]}},"jetpack_featured_media_url":"https:\/\/serrafm879.com.br\/serrafm\/wp-content\/uploads\/2026\/03\/WhatsApp-Image-2026-03-11-at-14.43.23-e1773251461843.jpeg","jetpack_shortlink":"https:\/\/wp.me\/p7HyXg-6Zi","jetpack_sharing_enabled":true,"_links":{"self":[{"href":"https:\/\/serrafm879.com.br\/serrafm\/wp-json\/wp\/v2\/posts\/26864","targetHints":{"allow":["GET"]}}],"collection":[{"href":"https:\/\/serrafm879.com.br\/serrafm\/wp-json\/wp\/v2\/posts"}],"about":[{"href":"https:\/\/serrafm879.com.br\/serrafm\/wp-json\/wp\/v2\/types\/post"}],"author":[{"embeddable":true,"href":"https:\/\/serrafm879.com.br\/serrafm\/wp-json\/wp\/v2\/users\/2"}],"replies":[{"embeddable":true,"href":"https:\/\/serrafm879.com.br\/serrafm\/wp-json\/wp\/v2\/comments?post=26864"}],"version-history":[{"count":1,"href":"https:\/\/serrafm879.com.br\/serrafm\/wp-json\/wp\/v2\/posts\/26864\/revisions"}],"predecessor-version":[{"id":26866,"href":"https:\/\/serrafm879.com.br\/serrafm\/wp-json\/wp\/v2\/posts\/26864\/revisions\/26866"}],"wp:featuredmedia":[{"embeddable":true,"href":"https:\/\/serrafm879.com.br\/serrafm\/wp-json\/wp\/v2\/media\/26865"}],"wp:attachment":[{"href":"https:\/\/serrafm879.com.br\/serrafm\/wp-json\/wp\/v2\/media?parent=26864"}],"wp:term":[{"taxonomy":"category","embeddable":true,"href":"https:\/\/serrafm879.com.br\/serrafm\/wp-json\/wp\/v2\/categories?post=26864"},{"taxonomy":"post_tag","embeddable":true,"href":"https:\/\/serrafm879.com.br\/serrafm\/wp-json\/wp\/v2\/tags?post=26864"}],"curies":[{"name":"wp","href":"https:\/\/api.w.org\/{rel}","templated":true}]}}