{"id":26870,"date":"2026-03-12T08:17:51","date_gmt":"2026-03-12T11:17:51","guid":{"rendered":"https:\/\/serrafm879.com.br\/serrafm\/?p=26870"},"modified":"2026-03-12T08:17:51","modified_gmt":"2026-03-12T11:17:51","slug":"pesquisa-genial-quaest-mostra-que-49-nao-confiam-no-stf-e-43-confiam-na-corte","status":"publish","type":"post","link":"https:\/\/serrafm879.com.br\/serrafm\/2026\/03\/pesquisa-genial-quaest-mostra-que-49-nao-confiam-no-stf-e-43-confiam-na-corte\/","title":{"rendered":"Pesquisa Genial\/Quaest mostra que 49% n\u00e3o confiam no STF e 43% confiam na Corte"},"content":{"rendered":"<p>Levantamento Genial\/Quaest divulgado nesta quinta-feira, 12, mostra que 49% dos eleitores brasileiros n\u00e3o confiam no Supremo Tribunal Federal (STF). Os que acreditam na Corte s\u00e3o 43%. Comparado com a pesquisa anterior, divulgada em agosto do ano passado, o \u00edndice positivo caiu sete pontos porcentuais, enquanto o negativo oscilou dois pontos porcentuais para cima.<\/p>\n<p>A Genial\/Quaest ouviu presencialmente 2.004 eleitores entre os dias 6 e 9 de mar\u00e7o. A margem de erro \u00e9 de 3,5 pontos porcentuais e o \u00edndice de confiabilidade \u00e9 de 95%.<\/p>\n<p>A pesquisa tamb\u00e9m apontou que 72% dos eleitores concordam com a afirma\u00e7\u00e3o de que o STF possui poder excessivo. Os que discordam s\u00e3o 18%. Os que n\u00e3o concordam e nem discordam s\u00e3o 2%, e outros 8% n\u00e3o souberam, ou n\u00e3o quiseram responder.<\/p>\n<p>Os que concordam que \u00e9 importante votar em um candidato do Senado comprometido em deliberar sobre o impeachment de ministros do Supremo s\u00e3o 66%. Outros 22% discordam, 2% n\u00e3o concordam e nem discordam, e 10% n\u00e3o souberam, ou n\u00e3o quiseram opinar.<\/p>\n<p>S\u00e3o 59% os que concordam com a afirma\u00e7\u00e3o de que o STF \u00e9 um poder aliado ao governo do presidente Luiz In\u00e1cio Lula da Silva (PT). Os que discordam s\u00e3o 26%. Outros 3% n\u00e3o concordam e nem discordam e 12% n\u00e3o quiseram, ou n\u00e3o souberam responder.<\/p>\n<p>J\u00e1 os que avaliam a afirma\u00e7\u00e3o de que o STF foi fundamental para a manuten\u00e7\u00e3o da democracia no Brasil s\u00e3o 51%. Outros 38% discordam. Os que n\u00e3o concordam e nem discordam s\u00e3o 2% e os que n\u00e3o souberam, ou n\u00e3o quiseram responder somam 9%.<\/p>\n","protected":false},"excerpt":{"rendered":"<p>Levantamento Genial\/Quaest divulgado nesta quinta-feira, 12, mostra que 49% dos eleitores brasileiros n\u00e3o confiam no Supremo Tribunal Federal (STF). Os que acreditam na Corte s\u00e3o 43%. Comparado com a pesquisa anterior, divulgada em agosto do ano passado, o \u00edndice positivo caiu sete pontos porcentuais, enquanto o negativo oscilou dois pontos porcentuais para cima. A Genial\/Quaest ouviu presencialmente 2.004 eleitores entre os dias 6 e 9 de mar\u00e7o. A margem de erro \u00e9 de 3,5 pontos porcentuais e o \u00edndice de confiabilidade \u00e9 de 95%. A pesquisa tamb\u00e9m apontou que 72% dos eleitores concordam com a afirma\u00e7\u00e3o de que o STF [&hellip;]<\/p>\n","protected":false},"author":2,"featured_media":26871,"comment_status":"open","ping_status":"open","sticky":false,"template":"","format":"standard","meta":{"_jetpack_memberships_contains_paid_content":false,"footnotes":"","jetpack_publicize_message":"","jetpack_publicize_feature_enabled":true,"jetpack_social_post_already_shared":true,"jetpack_social_options":{"image_generator_settings":{"template":"highway","enabled":false},"version":2}},"categories":[149],"tags":[],"class_list":["post-26870","post","type-post","status-publish","format-standard","has-post-thumbnail","hentry","category-brasil"],"jetpack_publicize_connections":[],"yoast_head":"<!-- This site is optimized with the Yoast SEO plugin v24.7 - https:\/\/yoast.com\/wordpress\/plugins\/seo\/ -->\n<title>Pesquisa Genial\/Quaest mostra que 49% n\u00e3o confiam no STF e 43% confiam na Corte - Serra FM 87,9<\/title>\n<meta name=\"robots\" content=\"index, follow, max-snippet:-1, max-image-preview:large, max-video-preview:-1\" \/>\n<link rel=\"canonical\" href=\"https:\/\/serrafm879.com.br\/serrafm\/2026\/03\/pesquisa-genial-quaest-mostra-que-49-nao-confiam-no-stf-e-43-confiam-na-corte\/\" \/>\n<meta property=\"og:locale\" content=\"pt_BR\" \/>\n<meta property=\"og:type\" content=\"article\" \/>\n<meta property=\"og:title\" content=\"Pesquisa Genial\/Quaest mostra que 49% n\u00e3o confiam no STF e 43% confiam na Corte - Serra FM 87,9\" \/>\n<meta property=\"og:description\" content=\"Levantamento Genial\/Quaest divulgado nesta quinta-feira, 12, mostra que 49% dos eleitores brasileiros n\u00e3o confiam no Supremo Tribunal Federal (STF). Os que acreditam na Corte s\u00e3o 43%. Comparado com a pesquisa anterior, divulgada em agosto do ano passado, o \u00edndice positivo caiu sete pontos porcentuais, enquanto o negativo oscilou dois pontos porcentuais para cima. A Genial\/Quaest ouviu presencialmente 2.004 eleitores entre os dias 6 e 9 de mar\u00e7o. A margem de erro \u00e9 de 3,5 pontos porcentuais e o \u00edndice de confiabilidade \u00e9 de 95%. A pesquisa tamb\u00e9m apontou que 72% dos eleitores concordam com a afirma\u00e7\u00e3o de que o STF [&hellip;]\" \/>\n<meta property=\"og:url\" content=\"https:\/\/serrafm879.com.br\/serrafm\/2026\/03\/pesquisa-genial-quaest-mostra-que-49-nao-confiam-no-stf-e-43-confiam-na-corte\/\" \/>\n<meta property=\"og:site_name\" content=\"Serra FM 87,9\" \/>\n<meta property=\"article:published_time\" content=\"2026-03-12T11:17:51+00:00\" \/>\n<meta property=\"og:image\" content=\"http:\/\/serrafm879.com.br\/serrafm\/wp-content\/uploads\/2026\/03\/1_a1f6e8a3_db6e_4a60_870d_e4504c331b62__1_-680943.jpg\" \/>\n\t<meta property=\"og:image:width\" content=\"1200\" \/>\n\t<meta property=\"og:image:height\" content=\"800\" \/>\n\t<meta property=\"og:image:type\" content=\"image\/jpeg\" \/>\n<meta name=\"author\" content=\"serrafm87\" \/>\n<meta name=\"twitter:card\" content=\"summary_large_image\" \/>\n<meta name=\"twitter:label1\" content=\"Escrito por\" \/>\n\t<meta name=\"twitter:data1\" content=\"serrafm87\" \/>\n\t<meta name=\"twitter:label2\" content=\"Est. tempo de leitura\" \/>\n\t<meta name=\"twitter:data2\" content=\"2 minutos\" \/>\n<script type=\"application\/ld+json\" class=\"yoast-schema-graph\">{\"@context\":\"https:\/\/schema.org\",\"@graph\":[{\"@type\":\"WebPage\",\"@id\":\"https:\/\/serrafm879.com.br\/serrafm\/2026\/03\/pesquisa-genial-quaest-mostra-que-49-nao-confiam-no-stf-e-43-confiam-na-corte\/\",\"url\":\"https:\/\/serrafm879.com.br\/serrafm\/2026\/03\/pesquisa-genial-quaest-mostra-que-49-nao-confiam-no-stf-e-43-confiam-na-corte\/\",\"name\":\"Pesquisa Genial\/Quaest mostra que 49% n\u00e3o confiam no STF e 43% confiam na Corte - Serra FM 87,9\",\"isPartOf\":{\"@id\":\"https:\/\/serrafm879.com.br\/serrafm\/#website\"},\"primaryImageOfPage\":{\"@id\":\"https:\/\/serrafm879.com.br\/serrafm\/2026\/03\/pesquisa-genial-quaest-mostra-que-49-nao-confiam-no-stf-e-43-confiam-na-corte\/#primaryimage\"},\"image\":{\"@id\":\"https:\/\/serrafm879.com.br\/serrafm\/2026\/03\/pesquisa-genial-quaest-mostra-que-49-nao-confiam-no-stf-e-43-confiam-na-corte\/#primaryimage\"},\"thumbnailUrl\":\"https:\/\/serrafm879.com.br\/serrafm\/wp-content\/uploads\/2026\/03\/1_a1f6e8a3_db6e_4a60_870d_e4504c331b62__1_-680943.jpg\",\"datePublished\":\"2026-03-12T11:17:51+00:00\",\"author\":{\"@id\":\"https:\/\/serrafm879.com.br\/serrafm\/#\/schema\/person\/c028a197030ff8b1c03c68dfba4a787a\"},\"breadcrumb\":{\"@id\":\"https:\/\/serrafm879.com.br\/serrafm\/2026\/03\/pesquisa-genial-quaest-mostra-que-49-nao-confiam-no-stf-e-43-confiam-na-corte\/#breadcrumb\"},\"inLanguage\":\"pt-BR\",\"potentialAction\":[{\"@type\":\"ReadAction\",\"target\":[\"https:\/\/serrafm879.com.br\/serrafm\/2026\/03\/pesquisa-genial-quaest-mostra-que-49-nao-confiam-no-stf-e-43-confiam-na-corte\/\"]}]},{\"@type\":\"ImageObject\",\"inLanguage\":\"pt-BR\",\"@id\":\"https:\/\/serrafm879.com.br\/serrafm\/2026\/03\/pesquisa-genial-quaest-mostra-que-49-nao-confiam-no-stf-e-43-confiam-na-corte\/#primaryimage\",\"url\":\"https:\/\/serrafm879.com.br\/serrafm\/wp-content\/uploads\/2026\/03\/1_a1f6e8a3_db6e_4a60_870d_e4504c331b62__1_-680943.jpg\",\"contentUrl\":\"https:\/\/serrafm879.com.br\/serrafm\/wp-content\/uploads\/2026\/03\/1_a1f6e8a3_db6e_4a60_870d_e4504c331b62__1_-680943.jpg\",\"width\":1200,\"height\":800},{\"@type\":\"BreadcrumbList\",\"@id\":\"https:\/\/serrafm879.com.br\/serrafm\/2026\/03\/pesquisa-genial-quaest-mostra-que-49-nao-confiam-no-stf-e-43-confiam-na-corte\/#breadcrumb\",\"itemListElement\":[{\"@type\":\"ListItem\",\"position\":1,\"name\":\"In\u00edcio\",\"item\":\"https:\/\/serrafm879.com.br\/serrafm\/\"},{\"@type\":\"ListItem\",\"position\":2,\"name\":\"Pesquisa Genial\/Quaest mostra que 49% n\u00e3o confiam no STF e 43% confiam na Corte\"}]},{\"@type\":\"WebSite\",\"@id\":\"https:\/\/serrafm879.com.br\/serrafm\/#website\",\"url\":\"https:\/\/serrafm879.com.br\/serrafm\/\",\"name\":\"Serra FM 87,9\",\"description\":\"O seu novo amor!\",\"potentialAction\":[{\"@type\":\"SearchAction\",\"target\":{\"@type\":\"EntryPoint\",\"urlTemplate\":\"https:\/\/serrafm879.com.br\/serrafm\/?s={search_term_string}\"},\"query-input\":{\"@type\":\"PropertyValueSpecification\",\"valueRequired\":true,\"valueName\":\"search_term_string\"}}],\"inLanguage\":\"pt-BR\"},{\"@type\":\"Person\",\"@id\":\"https:\/\/serrafm879.com.br\/serrafm\/#\/schema\/person\/c028a197030ff8b1c03c68dfba4a787a\",\"name\":\"serrafm87\",\"image\":{\"@type\":\"ImageObject\",\"inLanguage\":\"pt-BR\",\"@id\":\"https:\/\/serrafm879.com.br\/serrafm\/#\/schema\/person\/image\/\",\"url\":\"https:\/\/secure.gravatar.com\/avatar\/a743233f1112d34f48bb3dc9559b76eb930bab8b27175856cba6362608736235?s=96&d=mm&r=g\",\"contentUrl\":\"https:\/\/secure.gravatar.com\/avatar\/a743233f1112d34f48bb3dc9559b76eb930bab8b27175856cba6362608736235?s=96&d=mm&r=g\",\"caption\":\"serrafm87\"},\"sameAs\":[\"http:\/\/serrafm879.com.br\/\"],\"url\":\"https:\/\/serrafm879.com.br\/serrafm\/author\/serrafm87\/\"}]}<\/script>\n<!-- \/ Yoast SEO plugin. -->","yoast_head_json":{"title":"Pesquisa Genial\/Quaest mostra que 49% n\u00e3o confiam no STF e 43% confiam na Corte - Serra FM 87,9","robots":{"index":"index","follow":"follow","max-snippet":"max-snippet:-1","max-image-preview":"max-image-preview:large","max-video-preview":"max-video-preview:-1"},"canonical":"https:\/\/serrafm879.com.br\/serrafm\/2026\/03\/pesquisa-genial-quaest-mostra-que-49-nao-confiam-no-stf-e-43-confiam-na-corte\/","og_locale":"pt_BR","og_type":"article","og_title":"Pesquisa Genial\/Quaest mostra que 49% n\u00e3o confiam no STF e 43% confiam na Corte - Serra FM 87,9","og_description":"Levantamento Genial\/Quaest divulgado nesta quinta-feira, 12, mostra que 49% dos eleitores brasileiros n\u00e3o confiam no Supremo Tribunal Federal (STF). Os que acreditam na Corte s\u00e3o 43%. Comparado com a pesquisa anterior, divulgada em agosto do ano passado, o \u00edndice positivo caiu sete pontos porcentuais, enquanto o negativo oscilou dois pontos porcentuais para cima. A Genial\/Quaest ouviu presencialmente 2.004 eleitores entre os dias 6 e 9 de mar\u00e7o. A margem de erro \u00e9 de 3,5 pontos porcentuais e o \u00edndice de confiabilidade \u00e9 de 95%. A pesquisa tamb\u00e9m apontou que 72% dos eleitores concordam com a afirma\u00e7\u00e3o de que o STF [&hellip;]","og_url":"https:\/\/serrafm879.com.br\/serrafm\/2026\/03\/pesquisa-genial-quaest-mostra-que-49-nao-confiam-no-stf-e-43-confiam-na-corte\/","og_site_name":"Serra FM 87,9","article_published_time":"2026-03-12T11:17:51+00:00","og_image":[{"width":1200,"height":800,"url":"http:\/\/serrafm879.com.br\/serrafm\/wp-content\/uploads\/2026\/03\/1_a1f6e8a3_db6e_4a60_870d_e4504c331b62__1_-680943.jpg","type":"image\/jpeg"}],"author":"serrafm87","twitter_card":"summary_large_image","twitter_misc":{"Escrito por":"serrafm87","Est. tempo de leitura":"2 minutos"},"schema":{"@context":"https:\/\/schema.org","@graph":[{"@type":"WebPage","@id":"https:\/\/serrafm879.com.br\/serrafm\/2026\/03\/pesquisa-genial-quaest-mostra-que-49-nao-confiam-no-stf-e-43-confiam-na-corte\/","url":"https:\/\/serrafm879.com.br\/serrafm\/2026\/03\/pesquisa-genial-quaest-mostra-que-49-nao-confiam-no-stf-e-43-confiam-na-corte\/","name":"Pesquisa Genial\/Quaest mostra que 49% n\u00e3o confiam no STF e 43% confiam na Corte - Serra FM 87,9","isPartOf":{"@id":"https:\/\/serrafm879.com.br\/serrafm\/#website"},"primaryImageOfPage":{"@id":"https:\/\/serrafm879.com.br\/serrafm\/2026\/03\/pesquisa-genial-quaest-mostra-que-49-nao-confiam-no-stf-e-43-confiam-na-corte\/#primaryimage"},"image":{"@id":"https:\/\/serrafm879.com.br\/serrafm\/2026\/03\/pesquisa-genial-quaest-mostra-que-49-nao-confiam-no-stf-e-43-confiam-na-corte\/#primaryimage"},"thumbnailUrl":"https:\/\/serrafm879.com.br\/serrafm\/wp-content\/uploads\/2026\/03\/1_a1f6e8a3_db6e_4a60_870d_e4504c331b62__1_-680943.jpg","datePublished":"2026-03-12T11:17:51+00:00","author":{"@id":"https:\/\/serrafm879.com.br\/serrafm\/#\/schema\/person\/c028a197030ff8b1c03c68dfba4a787a"},"breadcrumb":{"@id":"https:\/\/serrafm879.com.br\/serrafm\/2026\/03\/pesquisa-genial-quaest-mostra-que-49-nao-confiam-no-stf-e-43-confiam-na-corte\/#breadcrumb"},"inLanguage":"pt-BR","potentialAction":[{"@type":"ReadAction","target":["https:\/\/serrafm879.com.br\/serrafm\/2026\/03\/pesquisa-genial-quaest-mostra-que-49-nao-confiam-no-stf-e-43-confiam-na-corte\/"]}]},{"@type":"ImageObject","inLanguage":"pt-BR","@id":"https:\/\/serrafm879.com.br\/serrafm\/2026\/03\/pesquisa-genial-quaest-mostra-que-49-nao-confiam-no-stf-e-43-confiam-na-corte\/#primaryimage","url":"https:\/\/serrafm879.com.br\/serrafm\/wp-content\/uploads\/2026\/03\/1_a1f6e8a3_db6e_4a60_870d_e4504c331b62__1_-680943.jpg","contentUrl":"https:\/\/serrafm879.com.br\/serrafm\/wp-content\/uploads\/2026\/03\/1_a1f6e8a3_db6e_4a60_870d_e4504c331b62__1_-680943.jpg","width":1200,"height":800},{"@type":"BreadcrumbList","@id":"https:\/\/serrafm879.com.br\/serrafm\/2026\/03\/pesquisa-genial-quaest-mostra-que-49-nao-confiam-no-stf-e-43-confiam-na-corte\/#breadcrumb","itemListElement":[{"@type":"ListItem","position":1,"name":"In\u00edcio","item":"https:\/\/serrafm879.com.br\/serrafm\/"},{"@type":"ListItem","position":2,"name":"Pesquisa Genial\/Quaest mostra que 49% n\u00e3o confiam no STF e 43% confiam na Corte"}]},{"@type":"WebSite","@id":"https:\/\/serrafm879.com.br\/serrafm\/#website","url":"https:\/\/serrafm879.com.br\/serrafm\/","name":"Serra FM 87,9","description":"O seu novo amor!","potentialAction":[{"@type":"SearchAction","target":{"@type":"EntryPoint","urlTemplate":"https:\/\/serrafm879.com.br\/serrafm\/?s={search_term_string}"},"query-input":{"@type":"PropertyValueSpecification","valueRequired":true,"valueName":"search_term_string"}}],"inLanguage":"pt-BR"},{"@type":"Person","@id":"https:\/\/serrafm879.com.br\/serrafm\/#\/schema\/person\/c028a197030ff8b1c03c68dfba4a787a","name":"serrafm87","image":{"@type":"ImageObject","inLanguage":"pt-BR","@id":"https:\/\/serrafm879.com.br\/serrafm\/#\/schema\/person\/image\/","url":"https:\/\/secure.gravatar.com\/avatar\/a743233f1112d34f48bb3dc9559b76eb930bab8b27175856cba6362608736235?s=96&d=mm&r=g","contentUrl":"https:\/\/secure.gravatar.com\/avatar\/a743233f1112d34f48bb3dc9559b76eb930bab8b27175856cba6362608736235?s=96&d=mm&r=g","caption":"serrafm87"},"sameAs":["http:\/\/serrafm879.com.br\/"],"url":"https:\/\/serrafm879.com.br\/serrafm\/author\/serrafm87\/"}]}},"jetpack_featured_media_url":"https:\/\/serrafm879.com.br\/serrafm\/wp-content\/uploads\/2026\/03\/1_a1f6e8a3_db6e_4a60_870d_e4504c331b62__1_-680943.jpg","jetpack_shortlink":"https:\/\/wp.me\/p7HyXg-6Zo","jetpack_sharing_enabled":true,"_links":{"self":[{"href":"https:\/\/serrafm879.com.br\/serrafm\/wp-json\/wp\/v2\/posts\/26870","targetHints":{"allow":["GET"]}}],"collection":[{"href":"https:\/\/serrafm879.com.br\/serrafm\/wp-json\/wp\/v2\/posts"}],"about":[{"href":"https:\/\/serrafm879.com.br\/serrafm\/wp-json\/wp\/v2\/types\/post"}],"author":[{"embeddable":true,"href":"https:\/\/serrafm879.com.br\/serrafm\/wp-json\/wp\/v2\/users\/2"}],"replies":[{"embeddable":true,"href":"https:\/\/serrafm879.com.br\/serrafm\/wp-json\/wp\/v2\/comments?post=26870"}],"version-history":[{"count":1,"href":"https:\/\/serrafm879.com.br\/serrafm\/wp-json\/wp\/v2\/posts\/26870\/revisions"}],"predecessor-version":[{"id":26872,"href":"https:\/\/serrafm879.com.br\/serrafm\/wp-json\/wp\/v2\/posts\/26870\/revisions\/26872"}],"wp:featuredmedia":[{"embeddable":true,"href":"https:\/\/serrafm879.com.br\/serrafm\/wp-json\/wp\/v2\/media\/26871"}],"wp:attachment":[{"href":"https:\/\/serrafm879.com.br\/serrafm\/wp-json\/wp\/v2\/media?parent=26870"}],"wp:term":[{"taxonomy":"category","embeddable":true,"href":"https:\/\/serrafm879.com.br\/serrafm\/wp-json\/wp\/v2\/categories?post=26870"},{"taxonomy":"post_tag","embeddable":true,"href":"https:\/\/serrafm879.com.br\/serrafm\/wp-json\/wp\/v2\/tags?post=26870"}],"curies":[{"name":"wp","href":"https:\/\/api.w.org\/{rel}","templated":true}]}}