{"id":26873,"date":"2026-03-12T08:20:08","date_gmt":"2026-03-12T11:20:08","guid":{"rendered":"https:\/\/serrafm879.com.br\/serrafm\/?p=26873"},"modified":"2026-03-12T08:20:08","modified_gmt":"2026-03-12T11:20:08","slug":"oscar-2026-indicado-a-melhor-ator-wagner-moura-sera-um-dos-apresentadores-na-cerimonia","status":"publish","type":"post","link":"https:\/\/serrafm879.com.br\/serrafm\/2026\/03\/oscar-2026-indicado-a-melhor-ator-wagner-moura-sera-um-dos-apresentadores-na-cerimonia\/","title":{"rendered":"Oscar 2026: Indicado a Melhor Ator, Wagner Moura ser\u00e1 um dos apresentadores na cerim\u00f4nia"},"content":{"rendered":"<p>Al\u00e9m de concorrer \u00e0 estatueta de Melhor Ator por &#8216;O Agente Secreto&#8217;, o ator brasileiro Wagner Moura tamb\u00e9m ser\u00e1 um dos apresentadores da cerim\u00f4nia do Oscar 2026. O an\u00fancio foi feito pela Academia nesta quarta-feira (11).<\/p>\n<p>A 98\u00aa edi\u00e7\u00e3o da cerim\u00f4nia do Oscar acontecer\u00e1 no pr\u00f3ximo domingo (15), a partir das 21h.<\/p>\n<p>Ainda n\u00e3o foi divulgado qual categoria Wagner ir\u00e1 anunciar. Tamb\u00e9m foram confirmados como apresentadores nomes como Nicole Kidman, Rose Byrne, Jimmy Kimmel, Ewan McGregor, Channing Tatum e Sigourney Weaver.<\/p>\n<p>Seguindo a tradi\u00e7\u00e3o da premia\u00e7\u00e3o, os vencedores das principais categorias de atua\u00e7\u00e3o da edi\u00e7\u00e3o anterior tamb\u00e9m participar\u00e3o da apresenta\u00e7\u00e3o. Entre eles est\u00e3o Mikey Madison, vencedora de Melhor Atriz por &#8216;Anora&#8217;; Adrien Brody, premiado como Melhor Ator por &#8216;O Brutalista&#8217;; Zo\u00eb Salda\u00f1a, vencedora de Melhor Atriz Coadjuvante por &#8216;Emilia P\u00e9rez&#8217;; e Kieran Culkin, que levou o pr\u00eamio de Melhor Ator Coadjuvante por &#8216;A Verdadeira Dor&#8217;.<\/p>\n<p>&#8216;O Agente Secreto&#8217; foi indicado em quatro categorias: Melhor Filme, Melhor Filme Internacional, Melhor Ator, para Wagner Moura, e Melhor Elenco.<\/p>\n","protected":false},"excerpt":{"rendered":"<p>Al\u00e9m de concorrer \u00e0 estatueta de Melhor Ator por &#8216;O Agente Secreto&#8217;, o ator brasileiro Wagner Moura tamb\u00e9m ser\u00e1 um dos apresentadores da cerim\u00f4nia do Oscar 2026. O an\u00fancio foi feito pela Academia nesta quarta-feira (11). A 98\u00aa edi\u00e7\u00e3o da cerim\u00f4nia do Oscar acontecer\u00e1 no pr\u00f3ximo domingo (15), a partir das 21h. Ainda n\u00e3o foi divulgado qual categoria Wagner ir\u00e1 anunciar. Tamb\u00e9m foram confirmados como apresentadores nomes como Nicole Kidman, Rose Byrne, Jimmy Kimmel, Ewan McGregor, Channing Tatum e Sigourney Weaver. Seguindo a tradi\u00e7\u00e3o da premia\u00e7\u00e3o, os vencedores das principais categorias de atua\u00e7\u00e3o da edi\u00e7\u00e3o anterior tamb\u00e9m participar\u00e3o da apresenta\u00e7\u00e3o. [&hellip;]<\/p>\n","protected":false},"author":2,"featured_media":26874,"comment_status":"open","ping_status":"open","sticky":false,"template":"","format":"standard","meta":{"_jetpack_memberships_contains_paid_content":false,"footnotes":"","jetpack_publicize_message":"","jetpack_publicize_feature_enabled":true,"jetpack_social_post_already_shared":true,"jetpack_social_options":{"image_generator_settings":{"template":"highway","enabled":false},"version":2}},"categories":[2],"tags":[],"class_list":["post-26873","post","type-post","status-publish","format-standard","has-post-thumbnail","hentry","category-noticias"],"jetpack_publicize_connections":[],"yoast_head":"<!-- This site is optimized with the Yoast SEO plugin v24.7 - https:\/\/yoast.com\/wordpress\/plugins\/seo\/ -->\n<title>Oscar 2026: Indicado a Melhor Ator, Wagner Moura ser\u00e1 um dos apresentadores na cerim\u00f4nia - Serra FM 87,9<\/title>\n<meta name=\"robots\" content=\"index, follow, max-snippet:-1, max-image-preview:large, max-video-preview:-1\" \/>\n<link rel=\"canonical\" href=\"https:\/\/serrafm879.com.br\/serrafm\/2026\/03\/oscar-2026-indicado-a-melhor-ator-wagner-moura-sera-um-dos-apresentadores-na-cerimonia\/\" \/>\n<meta property=\"og:locale\" content=\"pt_BR\" \/>\n<meta property=\"og:type\" content=\"article\" \/>\n<meta property=\"og:title\" content=\"Oscar 2026: Indicado a Melhor Ator, Wagner Moura ser\u00e1 um dos apresentadores na cerim\u00f4nia - Serra FM 87,9\" \/>\n<meta property=\"og:description\" content=\"Al\u00e9m de concorrer \u00e0 estatueta de Melhor Ator por &#8216;O Agente Secreto&#8217;, o ator brasileiro Wagner Moura tamb\u00e9m ser\u00e1 um dos apresentadores da cerim\u00f4nia do Oscar 2026. O an\u00fancio foi feito pela Academia nesta quarta-feira (11). A 98\u00aa edi\u00e7\u00e3o da cerim\u00f4nia do Oscar acontecer\u00e1 no pr\u00f3ximo domingo (15), a partir das 21h. Ainda n\u00e3o foi divulgado qual categoria Wagner ir\u00e1 anunciar. Tamb\u00e9m foram confirmados como apresentadores nomes como Nicole Kidman, Rose Byrne, Jimmy Kimmel, Ewan McGregor, Channing Tatum e Sigourney Weaver. Seguindo a tradi\u00e7\u00e3o da premia\u00e7\u00e3o, os vencedores das principais categorias de atua\u00e7\u00e3o da edi\u00e7\u00e3o anterior tamb\u00e9m participar\u00e3o da apresenta\u00e7\u00e3o. [&hellip;]\" \/>\n<meta property=\"og:url\" content=\"https:\/\/serrafm879.com.br\/serrafm\/2026\/03\/oscar-2026-indicado-a-melhor-ator-wagner-moura-sera-um-dos-apresentadores-na-cerimonia\/\" \/>\n<meta property=\"og:site_name\" content=\"Serra FM 87,9\" \/>\n<meta property=\"article:published_time\" content=\"2026-03-12T11:20:08+00:00\" \/>\n<meta property=\"og:image\" content=\"http:\/\/serrafm879.com.br\/serrafm\/wp-content\/uploads\/2026\/03\/dp_site__3_-859820.jpg\" \/>\n\t<meta property=\"og:image:width\" content=\"960\" \/>\n\t<meta property=\"og:image:height\" content=\"640\" \/>\n\t<meta property=\"og:image:type\" content=\"image\/jpeg\" \/>\n<meta name=\"author\" content=\"serrafm87\" \/>\n<meta name=\"twitter:card\" content=\"summary_large_image\" \/>\n<meta name=\"twitter:label1\" content=\"Escrito por\" \/>\n\t<meta name=\"twitter:data1\" content=\"serrafm87\" \/>\n\t<meta name=\"twitter:label2\" content=\"Est. tempo de leitura\" \/>\n\t<meta name=\"twitter:data2\" content=\"1 minuto\" \/>\n<script type=\"application\/ld+json\" class=\"yoast-schema-graph\">{\"@context\":\"https:\/\/schema.org\",\"@graph\":[{\"@type\":\"WebPage\",\"@id\":\"https:\/\/serrafm879.com.br\/serrafm\/2026\/03\/oscar-2026-indicado-a-melhor-ator-wagner-moura-sera-um-dos-apresentadores-na-cerimonia\/\",\"url\":\"https:\/\/serrafm879.com.br\/serrafm\/2026\/03\/oscar-2026-indicado-a-melhor-ator-wagner-moura-sera-um-dos-apresentadores-na-cerimonia\/\",\"name\":\"Oscar 2026: Indicado a Melhor Ator, Wagner Moura ser\u00e1 um dos apresentadores na cerim\u00f4nia - Serra FM 87,9\",\"isPartOf\":{\"@id\":\"https:\/\/serrafm879.com.br\/serrafm\/#website\"},\"primaryImageOfPage\":{\"@id\":\"https:\/\/serrafm879.com.br\/serrafm\/2026\/03\/oscar-2026-indicado-a-melhor-ator-wagner-moura-sera-um-dos-apresentadores-na-cerimonia\/#primaryimage\"},\"image\":{\"@id\":\"https:\/\/serrafm879.com.br\/serrafm\/2026\/03\/oscar-2026-indicado-a-melhor-ator-wagner-moura-sera-um-dos-apresentadores-na-cerimonia\/#primaryimage\"},\"thumbnailUrl\":\"https:\/\/serrafm879.com.br\/serrafm\/wp-content\/uploads\/2026\/03\/dp_site__3_-859820.jpg\",\"datePublished\":\"2026-03-12T11:20:08+00:00\",\"author\":{\"@id\":\"https:\/\/serrafm879.com.br\/serrafm\/#\/schema\/person\/c028a197030ff8b1c03c68dfba4a787a\"},\"breadcrumb\":{\"@id\":\"https:\/\/serrafm879.com.br\/serrafm\/2026\/03\/oscar-2026-indicado-a-melhor-ator-wagner-moura-sera-um-dos-apresentadores-na-cerimonia\/#breadcrumb\"},\"inLanguage\":\"pt-BR\",\"potentialAction\":[{\"@type\":\"ReadAction\",\"target\":[\"https:\/\/serrafm879.com.br\/serrafm\/2026\/03\/oscar-2026-indicado-a-melhor-ator-wagner-moura-sera-um-dos-apresentadores-na-cerimonia\/\"]}]},{\"@type\":\"ImageObject\",\"inLanguage\":\"pt-BR\",\"@id\":\"https:\/\/serrafm879.com.br\/serrafm\/2026\/03\/oscar-2026-indicado-a-melhor-ator-wagner-moura-sera-um-dos-apresentadores-na-cerimonia\/#primaryimage\",\"url\":\"https:\/\/serrafm879.com.br\/serrafm\/wp-content\/uploads\/2026\/03\/dp_site__3_-859820.jpg\",\"contentUrl\":\"https:\/\/serrafm879.com.br\/serrafm\/wp-content\/uploads\/2026\/03\/dp_site__3_-859820.jpg\",\"width\":960,\"height\":640},{\"@type\":\"BreadcrumbList\",\"@id\":\"https:\/\/serrafm879.com.br\/serrafm\/2026\/03\/oscar-2026-indicado-a-melhor-ator-wagner-moura-sera-um-dos-apresentadores-na-cerimonia\/#breadcrumb\",\"itemListElement\":[{\"@type\":\"ListItem\",\"position\":1,\"name\":\"In\u00edcio\",\"item\":\"https:\/\/serrafm879.com.br\/serrafm\/\"},{\"@type\":\"ListItem\",\"position\":2,\"name\":\"Oscar 2026: Indicado a Melhor Ator, Wagner Moura ser\u00e1 um dos apresentadores na cerim\u00f4nia\"}]},{\"@type\":\"WebSite\",\"@id\":\"https:\/\/serrafm879.com.br\/serrafm\/#website\",\"url\":\"https:\/\/serrafm879.com.br\/serrafm\/\",\"name\":\"Serra FM 87,9\",\"description\":\"O seu novo amor!\",\"potentialAction\":[{\"@type\":\"SearchAction\",\"target\":{\"@type\":\"EntryPoint\",\"urlTemplate\":\"https:\/\/serrafm879.com.br\/serrafm\/?s={search_term_string}\"},\"query-input\":{\"@type\":\"PropertyValueSpecification\",\"valueRequired\":true,\"valueName\":\"search_term_string\"}}],\"inLanguage\":\"pt-BR\"},{\"@type\":\"Person\",\"@id\":\"https:\/\/serrafm879.com.br\/serrafm\/#\/schema\/person\/c028a197030ff8b1c03c68dfba4a787a\",\"name\":\"serrafm87\",\"image\":{\"@type\":\"ImageObject\",\"inLanguage\":\"pt-BR\",\"@id\":\"https:\/\/serrafm879.com.br\/serrafm\/#\/schema\/person\/image\/\",\"url\":\"https:\/\/secure.gravatar.com\/avatar\/a743233f1112d34f48bb3dc9559b76eb930bab8b27175856cba6362608736235?s=96&d=mm&r=g\",\"contentUrl\":\"https:\/\/secure.gravatar.com\/avatar\/a743233f1112d34f48bb3dc9559b76eb930bab8b27175856cba6362608736235?s=96&d=mm&r=g\",\"caption\":\"serrafm87\"},\"sameAs\":[\"http:\/\/serrafm879.com.br\/\"],\"url\":\"https:\/\/serrafm879.com.br\/serrafm\/author\/serrafm87\/\"}]}<\/script>\n<!-- \/ Yoast SEO plugin. -->","yoast_head_json":{"title":"Oscar 2026: Indicado a Melhor Ator, Wagner Moura ser\u00e1 um dos apresentadores na cerim\u00f4nia - Serra FM 87,9","robots":{"index":"index","follow":"follow","max-snippet":"max-snippet:-1","max-image-preview":"max-image-preview:large","max-video-preview":"max-video-preview:-1"},"canonical":"https:\/\/serrafm879.com.br\/serrafm\/2026\/03\/oscar-2026-indicado-a-melhor-ator-wagner-moura-sera-um-dos-apresentadores-na-cerimonia\/","og_locale":"pt_BR","og_type":"article","og_title":"Oscar 2026: Indicado a Melhor Ator, Wagner Moura ser\u00e1 um dos apresentadores na cerim\u00f4nia - Serra FM 87,9","og_description":"Al\u00e9m de concorrer \u00e0 estatueta de Melhor Ator por &#8216;O Agente Secreto&#8217;, o ator brasileiro Wagner Moura tamb\u00e9m ser\u00e1 um dos apresentadores da cerim\u00f4nia do Oscar 2026. O an\u00fancio foi feito pela Academia nesta quarta-feira (11). A 98\u00aa edi\u00e7\u00e3o da cerim\u00f4nia do Oscar acontecer\u00e1 no pr\u00f3ximo domingo (15), a partir das 21h. Ainda n\u00e3o foi divulgado qual categoria Wagner ir\u00e1 anunciar. Tamb\u00e9m foram confirmados como apresentadores nomes como Nicole Kidman, Rose Byrne, Jimmy Kimmel, Ewan McGregor, Channing Tatum e Sigourney Weaver. Seguindo a tradi\u00e7\u00e3o da premia\u00e7\u00e3o, os vencedores das principais categorias de atua\u00e7\u00e3o da edi\u00e7\u00e3o anterior tamb\u00e9m participar\u00e3o da apresenta\u00e7\u00e3o. [&hellip;]","og_url":"https:\/\/serrafm879.com.br\/serrafm\/2026\/03\/oscar-2026-indicado-a-melhor-ator-wagner-moura-sera-um-dos-apresentadores-na-cerimonia\/","og_site_name":"Serra FM 87,9","article_published_time":"2026-03-12T11:20:08+00:00","og_image":[{"width":960,"height":640,"url":"http:\/\/serrafm879.com.br\/serrafm\/wp-content\/uploads\/2026\/03\/dp_site__3_-859820.jpg","type":"image\/jpeg"}],"author":"serrafm87","twitter_card":"summary_large_image","twitter_misc":{"Escrito por":"serrafm87","Est. tempo de leitura":"1 minuto"},"schema":{"@context":"https:\/\/schema.org","@graph":[{"@type":"WebPage","@id":"https:\/\/serrafm879.com.br\/serrafm\/2026\/03\/oscar-2026-indicado-a-melhor-ator-wagner-moura-sera-um-dos-apresentadores-na-cerimonia\/","url":"https:\/\/serrafm879.com.br\/serrafm\/2026\/03\/oscar-2026-indicado-a-melhor-ator-wagner-moura-sera-um-dos-apresentadores-na-cerimonia\/","name":"Oscar 2026: Indicado a Melhor Ator, Wagner Moura ser\u00e1 um dos apresentadores na cerim\u00f4nia - Serra FM 87,9","isPartOf":{"@id":"https:\/\/serrafm879.com.br\/serrafm\/#website"},"primaryImageOfPage":{"@id":"https:\/\/serrafm879.com.br\/serrafm\/2026\/03\/oscar-2026-indicado-a-melhor-ator-wagner-moura-sera-um-dos-apresentadores-na-cerimonia\/#primaryimage"},"image":{"@id":"https:\/\/serrafm879.com.br\/serrafm\/2026\/03\/oscar-2026-indicado-a-melhor-ator-wagner-moura-sera-um-dos-apresentadores-na-cerimonia\/#primaryimage"},"thumbnailUrl":"https:\/\/serrafm879.com.br\/serrafm\/wp-content\/uploads\/2026\/03\/dp_site__3_-859820.jpg","datePublished":"2026-03-12T11:20:08+00:00","author":{"@id":"https:\/\/serrafm879.com.br\/serrafm\/#\/schema\/person\/c028a197030ff8b1c03c68dfba4a787a"},"breadcrumb":{"@id":"https:\/\/serrafm879.com.br\/serrafm\/2026\/03\/oscar-2026-indicado-a-melhor-ator-wagner-moura-sera-um-dos-apresentadores-na-cerimonia\/#breadcrumb"},"inLanguage":"pt-BR","potentialAction":[{"@type":"ReadAction","target":["https:\/\/serrafm879.com.br\/serrafm\/2026\/03\/oscar-2026-indicado-a-melhor-ator-wagner-moura-sera-um-dos-apresentadores-na-cerimonia\/"]}]},{"@type":"ImageObject","inLanguage":"pt-BR","@id":"https:\/\/serrafm879.com.br\/serrafm\/2026\/03\/oscar-2026-indicado-a-melhor-ator-wagner-moura-sera-um-dos-apresentadores-na-cerimonia\/#primaryimage","url":"https:\/\/serrafm879.com.br\/serrafm\/wp-content\/uploads\/2026\/03\/dp_site__3_-859820.jpg","contentUrl":"https:\/\/serrafm879.com.br\/serrafm\/wp-content\/uploads\/2026\/03\/dp_site__3_-859820.jpg","width":960,"height":640},{"@type":"BreadcrumbList","@id":"https:\/\/serrafm879.com.br\/serrafm\/2026\/03\/oscar-2026-indicado-a-melhor-ator-wagner-moura-sera-um-dos-apresentadores-na-cerimonia\/#breadcrumb","itemListElement":[{"@type":"ListItem","position":1,"name":"In\u00edcio","item":"https:\/\/serrafm879.com.br\/serrafm\/"},{"@type":"ListItem","position":2,"name":"Oscar 2026: Indicado a Melhor Ator, Wagner Moura ser\u00e1 um dos apresentadores na cerim\u00f4nia"}]},{"@type":"WebSite","@id":"https:\/\/serrafm879.com.br\/serrafm\/#website","url":"https:\/\/serrafm879.com.br\/serrafm\/","name":"Serra FM 87,9","description":"O seu novo amor!","potentialAction":[{"@type":"SearchAction","target":{"@type":"EntryPoint","urlTemplate":"https:\/\/serrafm879.com.br\/serrafm\/?s={search_term_string}"},"query-input":{"@type":"PropertyValueSpecification","valueRequired":true,"valueName":"search_term_string"}}],"inLanguage":"pt-BR"},{"@type":"Person","@id":"https:\/\/serrafm879.com.br\/serrafm\/#\/schema\/person\/c028a197030ff8b1c03c68dfba4a787a","name":"serrafm87","image":{"@type":"ImageObject","inLanguage":"pt-BR","@id":"https:\/\/serrafm879.com.br\/serrafm\/#\/schema\/person\/image\/","url":"https:\/\/secure.gravatar.com\/avatar\/a743233f1112d34f48bb3dc9559b76eb930bab8b27175856cba6362608736235?s=96&d=mm&r=g","contentUrl":"https:\/\/secure.gravatar.com\/avatar\/a743233f1112d34f48bb3dc9559b76eb930bab8b27175856cba6362608736235?s=96&d=mm&r=g","caption":"serrafm87"},"sameAs":["http:\/\/serrafm879.com.br\/"],"url":"https:\/\/serrafm879.com.br\/serrafm\/author\/serrafm87\/"}]}},"jetpack_featured_media_url":"https:\/\/serrafm879.com.br\/serrafm\/wp-content\/uploads\/2026\/03\/dp_site__3_-859820.jpg","jetpack_shortlink":"https:\/\/wp.me\/p7HyXg-6Zr","jetpack_sharing_enabled":true,"_links":{"self":[{"href":"https:\/\/serrafm879.com.br\/serrafm\/wp-json\/wp\/v2\/posts\/26873","targetHints":{"allow":["GET"]}}],"collection":[{"href":"https:\/\/serrafm879.com.br\/serrafm\/wp-json\/wp\/v2\/posts"}],"about":[{"href":"https:\/\/serrafm879.com.br\/serrafm\/wp-json\/wp\/v2\/types\/post"}],"author":[{"embeddable":true,"href":"https:\/\/serrafm879.com.br\/serrafm\/wp-json\/wp\/v2\/users\/2"}],"replies":[{"embeddable":true,"href":"https:\/\/serrafm879.com.br\/serrafm\/wp-json\/wp\/v2\/comments?post=26873"}],"version-history":[{"count":1,"href":"https:\/\/serrafm879.com.br\/serrafm\/wp-json\/wp\/v2\/posts\/26873\/revisions"}],"predecessor-version":[{"id":26875,"href":"https:\/\/serrafm879.com.br\/serrafm\/wp-json\/wp\/v2\/posts\/26873\/revisions\/26875"}],"wp:featuredmedia":[{"embeddable":true,"href":"https:\/\/serrafm879.com.br\/serrafm\/wp-json\/wp\/v2\/media\/26874"}],"wp:attachment":[{"href":"https:\/\/serrafm879.com.br\/serrafm\/wp-json\/wp\/v2\/media?parent=26873"}],"wp:term":[{"taxonomy":"category","embeddable":true,"href":"https:\/\/serrafm879.com.br\/serrafm\/wp-json\/wp\/v2\/categories?post=26873"},{"taxonomy":"post_tag","embeddable":true,"href":"https:\/\/serrafm879.com.br\/serrafm\/wp-json\/wp\/v2\/tags?post=26873"}],"curies":[{"name":"wp","href":"https:\/\/api.w.org\/{rel}","templated":true}]}}