{"id":26880,"date":"2026-03-12T17:55:43","date_gmt":"2026-03-12T20:55:43","guid":{"rendered":"https:\/\/serrafm879.com.br\/serrafm\/?p=26880"},"modified":"2026-03-12T17:55:43","modified_gmt":"2026-03-12T20:55:43","slug":"caminhao-carregado-de-acucar-tomba-em-esgoto-em-santa-cruz-da-baixa-verde","status":"publish","type":"post","link":"https:\/\/serrafm879.com.br\/serrafm\/2026\/03\/caminhao-carregado-de-acucar-tomba-em-esgoto-em-santa-cruz-da-baixa-verde\/","title":{"rendered":"Caminh\u00e3o carregado de a\u00e7\u00facar tomba em esgoto em Santa Cruz da Baixa Verde"},"content":{"rendered":"<p data-start=\"77\" data-end=\"258\">Um caminh\u00e3o carregado de a\u00e7\u00facar, que estaria <strong data-start=\"122\" data-end=\"152\">sem placa de identifica\u00e7\u00e3o<\/strong>, tombou nesta semana em um esgoto na cidade de <span class=\"hover:entity-accent entity-underline inline cursor-pointer align-baseline\"><span class=\"whitespace-normal\">Santa Cruz da Baixa Verde<\/span><\/span>, no Sert\u00e3o do Paje\u00fa.<\/p>\n<p data-start=\"260\" data-end=\"508\">Ap\u00f3s o acidente, chamou a aten\u00e7\u00e3o da popula\u00e7\u00e3o o fato de que o <strong data-start=\"323\" data-end=\"392\">a\u00e7\u00facar que caiu no local foi recolhido pelo propriet\u00e1rio da carga<\/strong>. Segundo informa\u00e7\u00f5es que circularam na cidade, o material teria sido reaproveitado para a <strong data-start=\"483\" data-end=\"507\">produ\u00e7\u00e3o de rapadura<\/strong>.<\/p>\n<p data-start=\"510\" data-end=\"643\">O caso gerou coment\u00e1rios entre moradores, principalmente por causa das condi\u00e7\u00f5es em que o produto ficou ap\u00f3s o tombamento do ve\u00edculo.<\/p>\n<p data-start=\"645\" data-end=\"783\">At\u00e9 o momento, <strong data-start=\"660\" data-end=\"732\">n\u00e3o h\u00e1 informa\u00e7\u00f5es oficiais sobre fiscaliza\u00e7\u00e3o ou apreens\u00e3o da carga<\/strong>, nem detalhes sobre as circunst\u00e2ncias do acidente.<\/p>\n<p data-start=\"785\" data-end=\"922\">Moradores pedem que os \u00f3rg\u00e3os respons\u00e1veis possam <strong data-start=\"835\" data-end=\"856\">apurar o ocorrido<\/strong>, principalmente por se tratar de um produto destinado ao consumo.<\/p>\n","protected":false},"excerpt":{"rendered":"<p>Um caminh\u00e3o carregado de a\u00e7\u00facar, que estaria sem placa de identifica\u00e7\u00e3o, tombou nesta semana em um esgoto na cidade de Santa Cruz da Baixa Verde, no Sert\u00e3o do Paje\u00fa. Ap\u00f3s o acidente, chamou a aten\u00e7\u00e3o da popula\u00e7\u00e3o o fato de que o a\u00e7\u00facar que caiu no local foi recolhido pelo propriet\u00e1rio da carga. Segundo informa\u00e7\u00f5es que circularam na cidade, o material teria sido reaproveitado para a produ\u00e7\u00e3o de rapadura. O caso gerou coment\u00e1rios entre moradores, principalmente por causa das condi\u00e7\u00f5es em que o produto ficou ap\u00f3s o tombamento do ve\u00edculo. At\u00e9 o momento, n\u00e3o h\u00e1 informa\u00e7\u00f5es oficiais sobre fiscaliza\u00e7\u00e3o ou [&hellip;]<\/p>\n","protected":false},"author":2,"featured_media":26881,"comment_status":"open","ping_status":"open","sticky":false,"template":"","format":"standard","meta":{"_jetpack_memberships_contains_paid_content":false,"footnotes":"","jetpack_publicize_message":"","jetpack_publicize_feature_enabled":true,"jetpack_social_post_already_shared":true,"jetpack_social_options":{"image_generator_settings":{"template":"highway","enabled":false},"version":2}},"categories":[2],"tags":[],"class_list":["post-26880","post","type-post","status-publish","format-standard","has-post-thumbnail","hentry","category-noticias"],"jetpack_publicize_connections":[],"yoast_head":"<!-- This site is optimized with the Yoast SEO plugin v24.7 - https:\/\/yoast.com\/wordpress\/plugins\/seo\/ -->\n<title>Caminh\u00e3o carregado de a\u00e7\u00facar tomba em esgoto em Santa Cruz da Baixa Verde - Serra FM 87,9<\/title>\n<meta name=\"robots\" content=\"index, follow, max-snippet:-1, max-image-preview:large, max-video-preview:-1\" \/>\n<link rel=\"canonical\" href=\"https:\/\/serrafm879.com.br\/serrafm\/2026\/03\/caminhao-carregado-de-acucar-tomba-em-esgoto-em-santa-cruz-da-baixa-verde\/\" \/>\n<meta property=\"og:locale\" content=\"pt_BR\" \/>\n<meta property=\"og:type\" content=\"article\" \/>\n<meta property=\"og:title\" content=\"Caminh\u00e3o carregado de a\u00e7\u00facar tomba em esgoto em Santa Cruz da Baixa Verde - Serra FM 87,9\" \/>\n<meta property=\"og:description\" content=\"Um caminh\u00e3o carregado de a\u00e7\u00facar, que estaria sem placa de identifica\u00e7\u00e3o, tombou nesta semana em um esgoto na cidade de Santa Cruz da Baixa Verde, no Sert\u00e3o do Paje\u00fa. Ap\u00f3s o acidente, chamou a aten\u00e7\u00e3o da popula\u00e7\u00e3o o fato de que o a\u00e7\u00facar que caiu no local foi recolhido pelo propriet\u00e1rio da carga. Segundo informa\u00e7\u00f5es que circularam na cidade, o material teria sido reaproveitado para a produ\u00e7\u00e3o de rapadura. O caso gerou coment\u00e1rios entre moradores, principalmente por causa das condi\u00e7\u00f5es em que o produto ficou ap\u00f3s o tombamento do ve\u00edculo. At\u00e9 o momento, n\u00e3o h\u00e1 informa\u00e7\u00f5es oficiais sobre fiscaliza\u00e7\u00e3o ou [&hellip;]\" \/>\n<meta property=\"og:url\" content=\"https:\/\/serrafm879.com.br\/serrafm\/2026\/03\/caminhao-carregado-de-acucar-tomba-em-esgoto-em-santa-cruz-da-baixa-verde\/\" \/>\n<meta property=\"og:site_name\" content=\"Serra FM 87,9\" \/>\n<meta property=\"article:published_time\" content=\"2026-03-12T20:55:43+00:00\" \/>\n<meta property=\"og:image\" content=\"http:\/\/serrafm879.com.br\/serrafm\/wp-content\/uploads\/2026\/03\/PHOTO-2026-03-12-16-42-44.jpg\" \/>\n\t<meta property=\"og:image:width\" content=\"1200\" \/>\n\t<meta property=\"og:image:height\" content=\"1600\" \/>\n\t<meta property=\"og:image:type\" content=\"image\/jpeg\" \/>\n<meta name=\"author\" content=\"serrafm87\" \/>\n<meta name=\"twitter:card\" content=\"summary_large_image\" \/>\n<meta name=\"twitter:label1\" content=\"Escrito por\" \/>\n\t<meta name=\"twitter:data1\" content=\"serrafm87\" \/>\n\t<meta name=\"twitter:label2\" content=\"Est. tempo de leitura\" \/>\n\t<meta name=\"twitter:data2\" content=\"1 minuto\" \/>\n<script type=\"application\/ld+json\" class=\"yoast-schema-graph\">{\"@context\":\"https:\/\/schema.org\",\"@graph\":[{\"@type\":\"WebPage\",\"@id\":\"https:\/\/serrafm879.com.br\/serrafm\/2026\/03\/caminhao-carregado-de-acucar-tomba-em-esgoto-em-santa-cruz-da-baixa-verde\/\",\"url\":\"https:\/\/serrafm879.com.br\/serrafm\/2026\/03\/caminhao-carregado-de-acucar-tomba-em-esgoto-em-santa-cruz-da-baixa-verde\/\",\"name\":\"Caminh\u00e3o carregado de a\u00e7\u00facar tomba em esgoto em Santa Cruz da Baixa Verde - Serra FM 87,9\",\"isPartOf\":{\"@id\":\"https:\/\/serrafm879.com.br\/serrafm\/#website\"},\"primaryImageOfPage\":{\"@id\":\"https:\/\/serrafm879.com.br\/serrafm\/2026\/03\/caminhao-carregado-de-acucar-tomba-em-esgoto-em-santa-cruz-da-baixa-verde\/#primaryimage\"},\"image\":{\"@id\":\"https:\/\/serrafm879.com.br\/serrafm\/2026\/03\/caminhao-carregado-de-acucar-tomba-em-esgoto-em-santa-cruz-da-baixa-verde\/#primaryimage\"},\"thumbnailUrl\":\"https:\/\/serrafm879.com.br\/serrafm\/wp-content\/uploads\/2026\/03\/PHOTO-2026-03-12-16-42-44.jpg\",\"datePublished\":\"2026-03-12T20:55:43+00:00\",\"author\":{\"@id\":\"https:\/\/serrafm879.com.br\/serrafm\/#\/schema\/person\/c028a197030ff8b1c03c68dfba4a787a\"},\"breadcrumb\":{\"@id\":\"https:\/\/serrafm879.com.br\/serrafm\/2026\/03\/caminhao-carregado-de-acucar-tomba-em-esgoto-em-santa-cruz-da-baixa-verde\/#breadcrumb\"},\"inLanguage\":\"pt-BR\",\"potentialAction\":[{\"@type\":\"ReadAction\",\"target\":[\"https:\/\/serrafm879.com.br\/serrafm\/2026\/03\/caminhao-carregado-de-acucar-tomba-em-esgoto-em-santa-cruz-da-baixa-verde\/\"]}]},{\"@type\":\"ImageObject\",\"inLanguage\":\"pt-BR\",\"@id\":\"https:\/\/serrafm879.com.br\/serrafm\/2026\/03\/caminhao-carregado-de-acucar-tomba-em-esgoto-em-santa-cruz-da-baixa-verde\/#primaryimage\",\"url\":\"https:\/\/serrafm879.com.br\/serrafm\/wp-content\/uploads\/2026\/03\/PHOTO-2026-03-12-16-42-44.jpg\",\"contentUrl\":\"https:\/\/serrafm879.com.br\/serrafm\/wp-content\/uploads\/2026\/03\/PHOTO-2026-03-12-16-42-44.jpg\",\"width\":1200,\"height\":1600},{\"@type\":\"BreadcrumbList\",\"@id\":\"https:\/\/serrafm879.com.br\/serrafm\/2026\/03\/caminhao-carregado-de-acucar-tomba-em-esgoto-em-santa-cruz-da-baixa-verde\/#breadcrumb\",\"itemListElement\":[{\"@type\":\"ListItem\",\"position\":1,\"name\":\"In\u00edcio\",\"item\":\"https:\/\/serrafm879.com.br\/serrafm\/\"},{\"@type\":\"ListItem\",\"position\":2,\"name\":\"Caminh\u00e3o carregado de a\u00e7\u00facar tomba em esgoto em Santa Cruz da Baixa Verde\"}]},{\"@type\":\"WebSite\",\"@id\":\"https:\/\/serrafm879.com.br\/serrafm\/#website\",\"url\":\"https:\/\/serrafm879.com.br\/serrafm\/\",\"name\":\"Serra FM 87,9\",\"description\":\"O seu novo amor!\",\"potentialAction\":[{\"@type\":\"SearchAction\",\"target\":{\"@type\":\"EntryPoint\",\"urlTemplate\":\"https:\/\/serrafm879.com.br\/serrafm\/?s={search_term_string}\"},\"query-input\":{\"@type\":\"PropertyValueSpecification\",\"valueRequired\":true,\"valueName\":\"search_term_string\"}}],\"inLanguage\":\"pt-BR\"},{\"@type\":\"Person\",\"@id\":\"https:\/\/serrafm879.com.br\/serrafm\/#\/schema\/person\/c028a197030ff8b1c03c68dfba4a787a\",\"name\":\"serrafm87\",\"image\":{\"@type\":\"ImageObject\",\"inLanguage\":\"pt-BR\",\"@id\":\"https:\/\/serrafm879.com.br\/serrafm\/#\/schema\/person\/image\/\",\"url\":\"https:\/\/secure.gravatar.com\/avatar\/a743233f1112d34f48bb3dc9559b76eb930bab8b27175856cba6362608736235?s=96&d=mm&r=g\",\"contentUrl\":\"https:\/\/secure.gravatar.com\/avatar\/a743233f1112d34f48bb3dc9559b76eb930bab8b27175856cba6362608736235?s=96&d=mm&r=g\",\"caption\":\"serrafm87\"},\"sameAs\":[\"http:\/\/serrafm879.com.br\/\"],\"url\":\"https:\/\/serrafm879.com.br\/serrafm\/author\/serrafm87\/\"}]}<\/script>\n<!-- \/ Yoast SEO plugin. -->","yoast_head_json":{"title":"Caminh\u00e3o carregado de a\u00e7\u00facar tomba em esgoto em Santa Cruz da Baixa Verde - Serra FM 87,9","robots":{"index":"index","follow":"follow","max-snippet":"max-snippet:-1","max-image-preview":"max-image-preview:large","max-video-preview":"max-video-preview:-1"},"canonical":"https:\/\/serrafm879.com.br\/serrafm\/2026\/03\/caminhao-carregado-de-acucar-tomba-em-esgoto-em-santa-cruz-da-baixa-verde\/","og_locale":"pt_BR","og_type":"article","og_title":"Caminh\u00e3o carregado de a\u00e7\u00facar tomba em esgoto em Santa Cruz da Baixa Verde - Serra FM 87,9","og_description":"Um caminh\u00e3o carregado de a\u00e7\u00facar, que estaria sem placa de identifica\u00e7\u00e3o, tombou nesta semana em um esgoto na cidade de Santa Cruz da Baixa Verde, no Sert\u00e3o do Paje\u00fa. Ap\u00f3s o acidente, chamou a aten\u00e7\u00e3o da popula\u00e7\u00e3o o fato de que o a\u00e7\u00facar que caiu no local foi recolhido pelo propriet\u00e1rio da carga. Segundo informa\u00e7\u00f5es que circularam na cidade, o material teria sido reaproveitado para a produ\u00e7\u00e3o de rapadura. O caso gerou coment\u00e1rios entre moradores, principalmente por causa das condi\u00e7\u00f5es em que o produto ficou ap\u00f3s o tombamento do ve\u00edculo. At\u00e9 o momento, n\u00e3o h\u00e1 informa\u00e7\u00f5es oficiais sobre fiscaliza\u00e7\u00e3o ou [&hellip;]","og_url":"https:\/\/serrafm879.com.br\/serrafm\/2026\/03\/caminhao-carregado-de-acucar-tomba-em-esgoto-em-santa-cruz-da-baixa-verde\/","og_site_name":"Serra FM 87,9","article_published_time":"2026-03-12T20:55:43+00:00","og_image":[{"width":1200,"height":1600,"url":"http:\/\/serrafm879.com.br\/serrafm\/wp-content\/uploads\/2026\/03\/PHOTO-2026-03-12-16-42-44.jpg","type":"image\/jpeg"}],"author":"serrafm87","twitter_card":"summary_large_image","twitter_misc":{"Escrito por":"serrafm87","Est. tempo de leitura":"1 minuto"},"schema":{"@context":"https:\/\/schema.org","@graph":[{"@type":"WebPage","@id":"https:\/\/serrafm879.com.br\/serrafm\/2026\/03\/caminhao-carregado-de-acucar-tomba-em-esgoto-em-santa-cruz-da-baixa-verde\/","url":"https:\/\/serrafm879.com.br\/serrafm\/2026\/03\/caminhao-carregado-de-acucar-tomba-em-esgoto-em-santa-cruz-da-baixa-verde\/","name":"Caminh\u00e3o carregado de a\u00e7\u00facar tomba em esgoto em Santa Cruz da Baixa Verde - Serra FM 87,9","isPartOf":{"@id":"https:\/\/serrafm879.com.br\/serrafm\/#website"},"primaryImageOfPage":{"@id":"https:\/\/serrafm879.com.br\/serrafm\/2026\/03\/caminhao-carregado-de-acucar-tomba-em-esgoto-em-santa-cruz-da-baixa-verde\/#primaryimage"},"image":{"@id":"https:\/\/serrafm879.com.br\/serrafm\/2026\/03\/caminhao-carregado-de-acucar-tomba-em-esgoto-em-santa-cruz-da-baixa-verde\/#primaryimage"},"thumbnailUrl":"https:\/\/serrafm879.com.br\/serrafm\/wp-content\/uploads\/2026\/03\/PHOTO-2026-03-12-16-42-44.jpg","datePublished":"2026-03-12T20:55:43+00:00","author":{"@id":"https:\/\/serrafm879.com.br\/serrafm\/#\/schema\/person\/c028a197030ff8b1c03c68dfba4a787a"},"breadcrumb":{"@id":"https:\/\/serrafm879.com.br\/serrafm\/2026\/03\/caminhao-carregado-de-acucar-tomba-em-esgoto-em-santa-cruz-da-baixa-verde\/#breadcrumb"},"inLanguage":"pt-BR","potentialAction":[{"@type":"ReadAction","target":["https:\/\/serrafm879.com.br\/serrafm\/2026\/03\/caminhao-carregado-de-acucar-tomba-em-esgoto-em-santa-cruz-da-baixa-verde\/"]}]},{"@type":"ImageObject","inLanguage":"pt-BR","@id":"https:\/\/serrafm879.com.br\/serrafm\/2026\/03\/caminhao-carregado-de-acucar-tomba-em-esgoto-em-santa-cruz-da-baixa-verde\/#primaryimage","url":"https:\/\/serrafm879.com.br\/serrafm\/wp-content\/uploads\/2026\/03\/PHOTO-2026-03-12-16-42-44.jpg","contentUrl":"https:\/\/serrafm879.com.br\/serrafm\/wp-content\/uploads\/2026\/03\/PHOTO-2026-03-12-16-42-44.jpg","width":1200,"height":1600},{"@type":"BreadcrumbList","@id":"https:\/\/serrafm879.com.br\/serrafm\/2026\/03\/caminhao-carregado-de-acucar-tomba-em-esgoto-em-santa-cruz-da-baixa-verde\/#breadcrumb","itemListElement":[{"@type":"ListItem","position":1,"name":"In\u00edcio","item":"https:\/\/serrafm879.com.br\/serrafm\/"},{"@type":"ListItem","position":2,"name":"Caminh\u00e3o carregado de a\u00e7\u00facar tomba em esgoto em Santa Cruz da Baixa Verde"}]},{"@type":"WebSite","@id":"https:\/\/serrafm879.com.br\/serrafm\/#website","url":"https:\/\/serrafm879.com.br\/serrafm\/","name":"Serra FM 87,9","description":"O seu novo amor!","potentialAction":[{"@type":"SearchAction","target":{"@type":"EntryPoint","urlTemplate":"https:\/\/serrafm879.com.br\/serrafm\/?s={search_term_string}"},"query-input":{"@type":"PropertyValueSpecification","valueRequired":true,"valueName":"search_term_string"}}],"inLanguage":"pt-BR"},{"@type":"Person","@id":"https:\/\/serrafm879.com.br\/serrafm\/#\/schema\/person\/c028a197030ff8b1c03c68dfba4a787a","name":"serrafm87","image":{"@type":"ImageObject","inLanguage":"pt-BR","@id":"https:\/\/serrafm879.com.br\/serrafm\/#\/schema\/person\/image\/","url":"https:\/\/secure.gravatar.com\/avatar\/a743233f1112d34f48bb3dc9559b76eb930bab8b27175856cba6362608736235?s=96&d=mm&r=g","contentUrl":"https:\/\/secure.gravatar.com\/avatar\/a743233f1112d34f48bb3dc9559b76eb930bab8b27175856cba6362608736235?s=96&d=mm&r=g","caption":"serrafm87"},"sameAs":["http:\/\/serrafm879.com.br\/"],"url":"https:\/\/serrafm879.com.br\/serrafm\/author\/serrafm87\/"}]}},"jetpack_featured_media_url":"https:\/\/serrafm879.com.br\/serrafm\/wp-content\/uploads\/2026\/03\/PHOTO-2026-03-12-16-42-44.jpg","jetpack_shortlink":"https:\/\/wp.me\/p7HyXg-6Zy","jetpack_sharing_enabled":true,"_links":{"self":[{"href":"https:\/\/serrafm879.com.br\/serrafm\/wp-json\/wp\/v2\/posts\/26880","targetHints":{"allow":["GET"]}}],"collection":[{"href":"https:\/\/serrafm879.com.br\/serrafm\/wp-json\/wp\/v2\/posts"}],"about":[{"href":"https:\/\/serrafm879.com.br\/serrafm\/wp-json\/wp\/v2\/types\/post"}],"author":[{"embeddable":true,"href":"https:\/\/serrafm879.com.br\/serrafm\/wp-json\/wp\/v2\/users\/2"}],"replies":[{"embeddable":true,"href":"https:\/\/serrafm879.com.br\/serrafm\/wp-json\/wp\/v2\/comments?post=26880"}],"version-history":[{"count":1,"href":"https:\/\/serrafm879.com.br\/serrafm\/wp-json\/wp\/v2\/posts\/26880\/revisions"}],"predecessor-version":[{"id":26882,"href":"https:\/\/serrafm879.com.br\/serrafm\/wp-json\/wp\/v2\/posts\/26880\/revisions\/26882"}],"wp:featuredmedia":[{"embeddable":true,"href":"https:\/\/serrafm879.com.br\/serrafm\/wp-json\/wp\/v2\/media\/26881"}],"wp:attachment":[{"href":"https:\/\/serrafm879.com.br\/serrafm\/wp-json\/wp\/v2\/media?parent=26880"}],"wp:term":[{"taxonomy":"category","embeddable":true,"href":"https:\/\/serrafm879.com.br\/serrafm\/wp-json\/wp\/v2\/categories?post=26880"},{"taxonomy":"post_tag","embeddable":true,"href":"https:\/\/serrafm879.com.br\/serrafm\/wp-json\/wp\/v2\/tags?post=26880"}],"curies":[{"name":"wp","href":"https:\/\/api.w.org\/{rel}","templated":true}]}}