{"id":26883,"date":"2026-03-13T08:26:14","date_gmt":"2026-03-13T11:26:14","guid":{"rendered":"https:\/\/serrafm879.com.br\/serrafm\/?p=26883"},"modified":"2026-03-13T08:26:14","modified_gmt":"2026-03-13T11:26:14","slug":"breno-critica-postura-da-oposicao-e-defende-atuacao-da-mae-na-saude","status":"publish","type":"post","link":"https:\/\/serrafm879.com.br\/serrafm\/2026\/03\/breno-critica-postura-da-oposicao-e-defende-atuacao-da-mae-na-saude\/","title":{"rendered":"Breno critica postura da oposi\u00e7\u00e3o e defende atua\u00e7\u00e3o da m\u00e3e na Sa\u00fade"},"content":{"rendered":"<p>O pr\u00e9-candidato a deputado estadual e marido da prefeita M\u00e1rcia Conrado, Breno Ara\u00fajo, defendeu a honra da m\u00e3e, a secret\u00e1ria de sa\u00fade, Lisbeth Rosa Lima, e exaltou o trabalho dela dizendo que a oposi\u00e7\u00e3o chega a critic\u00e1-la, \u00e0s vezes, n\u00e3o por conta do trabalho, mas para atac\u00e1-lo ou atingir pessoas ligadas a ele.<\/p>\n<p>Em entrevista de r\u00e1dio nesta quinta-feira (12), Breno tamb\u00e9m afirmou, com isso, que n\u00e3o h\u00e1 nada o que falar sobre ele, do ponto de vista que o desabone politicamente.<\/p>\n<p>\u201c\u00c9 dif\u00edcil compreender essa revolta [da oposi\u00e7\u00e3o], essa chatea\u00e7\u00e3o de estar provocando outras pessoas, pretensos advers\u00e1rios, no momento em que a gente est\u00e1, simplesmente, na pr\u00e9-campanha. Ent\u00e3o, eu me pergunto se \u00e9 s\u00f3 isso o que eles t\u00eam a dizer sobre mim \u00e9? Se eles est\u00e3o falando isso, na verdade \u00e9 porque n\u00e3o t\u00eam o que falar sobre a minha pessoa. O que eles t\u00eam a falar sobre mim? Tudo isso s\u00e3o narrativas que buscam diminuir a gente, mas eu n\u00e3o fa\u00e7o isso de maneira nenhuma\u201d, disse Ara\u00fajo.<\/p>\n<p><strong>EM DEFESA DE LISBETH\u00a0<\/strong><\/p>\n<p>\u201cDa minha m\u00e3e o que eu tenho a falar \u00e9 que \u00e9 uma pessoa que admiro bastante, que eu respeito muito, e a qual me deu grandes ensinamentos como ser humano. Eu e ela sabemos o que n\u00f3s passamos, principalmente o que ela passou na vida dela, todos os desafios vencidos, eu sei que n\u00e3o \u00e9 f\u00e1cil ocupar o cargo que ela ocupa. Naturalmente, se torna vitrine, infelizmente. \u00c0s vezes, de uma oposi\u00e7\u00e3o pouco respons\u00e1vel que busca somente criar narrativas, \u00e0s vezes, nem para atingir ela pr\u00f3pria [Lisbeth], mas para me atingir ou atingir algu\u00e9m pr\u00f3ximo da gente\u201d, defendeu Ara\u00fajo.<\/p>\n<p><strong>NEGOU SE BENEFICIAR DO CARGO DA M\u00c3E<\/strong><\/p>\n<p>\u201cEu aqui n\u00e3o estou interessado se minha m\u00e3e, pelo cargo que ela ocupa, ela vai me beneficiar de alguma forma. O que eu quero \u00e9 que o povo de Serra Talhada seja atendido, o que eu quero \u00e9 que as a\u00e7\u00f5es da Secretaria de Sa\u00fade cheguem na porta do povo de Serra Talhada assim como tem chegado\u201d.<\/p>\n<p>O pr\u00e9-candidato citou a\u00e7\u00f5es como coletas de exames nos postos urbanos e da zona rural, atendimentos \u00e0 domic\u00edlio ampliados com a utiliza\u00e7\u00e3o do odontom\u00f3vel, o trabalho da Policl\u00ednica no Ipsep e o Centro Parto Humanizado. \u201cS\u00e3o s\u00f3 alguns exemplos de respostas que a gente pode dar\u201d, afirmou Breno.<\/p>\n<p><strong>O CASO S\u00c3O JOS\u00c9 DO EGITO<\/strong><\/p>\n<p>Recentemente, o ex-vereador Vadinho da Sa\u00fade revelou que acionou a justi\u00e7a denunciando Breno, sua m\u00e3e e a prefeita M\u00e1rcia num processo em que aponta o uso da Secretaria de Sa\u00fade para receber pessoas de S\u00e3o Jos\u00e9 do Egito, ap\u00f3s um suposto apoio do vereador de l\u00e1, Romerinho Dantas, ao nome de Breno.<\/p>\n<p><em>Do Farol de Not\u00edcias<\/em><\/p>\n","protected":false},"excerpt":{"rendered":"<p>O pr\u00e9-candidato a deputado estadual e marido da prefeita M\u00e1rcia Conrado, Breno Ara\u00fajo, defendeu a honra da m\u00e3e, a secret\u00e1ria de sa\u00fade, Lisbeth Rosa Lima, e exaltou o trabalho dela dizendo que a oposi\u00e7\u00e3o chega a critic\u00e1-la, \u00e0s vezes, n\u00e3o por conta do trabalho, mas para atac\u00e1-lo ou atingir pessoas ligadas a ele. Em entrevista de r\u00e1dio nesta quinta-feira (12), Breno tamb\u00e9m afirmou, com isso, que n\u00e3o h\u00e1 nada o que falar sobre ele, do ponto de vista que o desabone politicamente. \u201c\u00c9 dif\u00edcil compreender essa revolta [da oposi\u00e7\u00e3o], essa chatea\u00e7\u00e3o de estar provocando outras pessoas, pretensos advers\u00e1rios, no momento [&hellip;]<\/p>\n","protected":false},"author":2,"featured_media":26884,"comment_status":"open","ping_status":"open","sticky":false,"template":"","format":"standard","meta":{"_jetpack_memberships_contains_paid_content":false,"footnotes":"","jetpack_publicize_message":"","jetpack_publicize_feature_enabled":true,"jetpack_social_post_already_shared":true,"jetpack_social_options":{"image_generator_settings":{"template":"highway","enabled":false},"version":2}},"categories":[297],"tags":[328,318,203,21],"class_list":["post-26883","post","type-post","status-publish","format-standard","has-post-thumbnail","hentry","category-eleicoes-2026","tag-breno-araujo","tag-eleicoes-2026","tag-politica","tag-serra-talhada"],"jetpack_publicize_connections":[],"yoast_head":"<!-- This site is optimized with the Yoast SEO plugin v24.7 - https:\/\/yoast.com\/wordpress\/plugins\/seo\/ -->\n<title>Breno critica postura da oposi\u00e7\u00e3o e defende atua\u00e7\u00e3o da m\u00e3e na Sa\u00fade - Serra FM 87,9<\/title>\n<meta name=\"robots\" content=\"index, follow, max-snippet:-1, max-image-preview:large, max-video-preview:-1\" \/>\n<link rel=\"canonical\" href=\"https:\/\/serrafm879.com.br\/serrafm\/2026\/03\/breno-critica-postura-da-oposicao-e-defende-atuacao-da-mae-na-saude\/\" \/>\n<meta property=\"og:locale\" content=\"pt_BR\" \/>\n<meta property=\"og:type\" content=\"article\" \/>\n<meta property=\"og:title\" content=\"Breno critica postura da oposi\u00e7\u00e3o e defende atua\u00e7\u00e3o da m\u00e3e na Sa\u00fade - Serra FM 87,9\" \/>\n<meta property=\"og:description\" content=\"O pr\u00e9-candidato a deputado estadual e marido da prefeita M\u00e1rcia Conrado, Breno Ara\u00fajo, defendeu a honra da m\u00e3e, a secret\u00e1ria de sa\u00fade, Lisbeth Rosa Lima, e exaltou o trabalho dela dizendo que a oposi\u00e7\u00e3o chega a critic\u00e1-la, \u00e0s vezes, n\u00e3o por conta do trabalho, mas para atac\u00e1-lo ou atingir pessoas ligadas a ele. Em entrevista de r\u00e1dio nesta quinta-feira (12), Breno tamb\u00e9m afirmou, com isso, que n\u00e3o h\u00e1 nada o que falar sobre ele, do ponto de vista que o desabone politicamente. \u201c\u00c9 dif\u00edcil compreender essa revolta [da oposi\u00e7\u00e3o], essa chatea\u00e7\u00e3o de estar provocando outras pessoas, pretensos advers\u00e1rios, no momento [&hellip;]\" \/>\n<meta property=\"og:url\" content=\"https:\/\/serrafm879.com.br\/serrafm\/2026\/03\/breno-critica-postura-da-oposicao-e-defende-atuacao-da-mae-na-saude\/\" \/>\n<meta property=\"og:site_name\" content=\"Serra FM 87,9\" \/>\n<meta property=\"article:published_time\" content=\"2026-03-13T11:26:14+00:00\" \/>\n<meta property=\"og:image\" content=\"http:\/\/serrafm879.com.br\/serrafm\/wp-content\/uploads\/2026\/03\/WhatsApp-Image-2025-12-22-at-11.39.04.jpg\" \/>\n\t<meta property=\"og:image:width\" content=\"389\" \/>\n\t<meta property=\"og:image:height\" content=\"546\" \/>\n\t<meta property=\"og:image:type\" content=\"image\/jpeg\" \/>\n<meta name=\"author\" content=\"serrafm87\" \/>\n<meta name=\"twitter:card\" content=\"summary_large_image\" \/>\n<meta name=\"twitter:label1\" content=\"Escrito por\" \/>\n\t<meta name=\"twitter:data1\" content=\"serrafm87\" \/>\n\t<meta name=\"twitter:label2\" content=\"Est. tempo de leitura\" \/>\n\t<meta name=\"twitter:data2\" content=\"3 minutos\" \/>\n<script type=\"application\/ld+json\" class=\"yoast-schema-graph\">{\"@context\":\"https:\/\/schema.org\",\"@graph\":[{\"@type\":\"WebPage\",\"@id\":\"https:\/\/serrafm879.com.br\/serrafm\/2026\/03\/breno-critica-postura-da-oposicao-e-defende-atuacao-da-mae-na-saude\/\",\"url\":\"https:\/\/serrafm879.com.br\/serrafm\/2026\/03\/breno-critica-postura-da-oposicao-e-defende-atuacao-da-mae-na-saude\/\",\"name\":\"Breno critica postura da oposi\u00e7\u00e3o e defende atua\u00e7\u00e3o da m\u00e3e na Sa\u00fade - Serra FM 87,9\",\"isPartOf\":{\"@id\":\"https:\/\/serrafm879.com.br\/serrafm\/#website\"},\"primaryImageOfPage\":{\"@id\":\"https:\/\/serrafm879.com.br\/serrafm\/2026\/03\/breno-critica-postura-da-oposicao-e-defende-atuacao-da-mae-na-saude\/#primaryimage\"},\"image\":{\"@id\":\"https:\/\/serrafm879.com.br\/serrafm\/2026\/03\/breno-critica-postura-da-oposicao-e-defende-atuacao-da-mae-na-saude\/#primaryimage\"},\"thumbnailUrl\":\"https:\/\/serrafm879.com.br\/serrafm\/wp-content\/uploads\/2026\/03\/WhatsApp-Image-2025-12-22-at-11.39.04.jpg\",\"datePublished\":\"2026-03-13T11:26:14+00:00\",\"author\":{\"@id\":\"https:\/\/serrafm879.com.br\/serrafm\/#\/schema\/person\/c028a197030ff8b1c03c68dfba4a787a\"},\"breadcrumb\":{\"@id\":\"https:\/\/serrafm879.com.br\/serrafm\/2026\/03\/breno-critica-postura-da-oposicao-e-defende-atuacao-da-mae-na-saude\/#breadcrumb\"},\"inLanguage\":\"pt-BR\",\"potentialAction\":[{\"@type\":\"ReadAction\",\"target\":[\"https:\/\/serrafm879.com.br\/serrafm\/2026\/03\/breno-critica-postura-da-oposicao-e-defende-atuacao-da-mae-na-saude\/\"]}]},{\"@type\":\"ImageObject\",\"inLanguage\":\"pt-BR\",\"@id\":\"https:\/\/serrafm879.com.br\/serrafm\/2026\/03\/breno-critica-postura-da-oposicao-e-defende-atuacao-da-mae-na-saude\/#primaryimage\",\"url\":\"https:\/\/serrafm879.com.br\/serrafm\/wp-content\/uploads\/2026\/03\/WhatsApp-Image-2025-12-22-at-11.39.04.jpg\",\"contentUrl\":\"https:\/\/serrafm879.com.br\/serrafm\/wp-content\/uploads\/2026\/03\/WhatsApp-Image-2025-12-22-at-11.39.04.jpg\",\"width\":389,\"height\":546},{\"@type\":\"BreadcrumbList\",\"@id\":\"https:\/\/serrafm879.com.br\/serrafm\/2026\/03\/breno-critica-postura-da-oposicao-e-defende-atuacao-da-mae-na-saude\/#breadcrumb\",\"itemListElement\":[{\"@type\":\"ListItem\",\"position\":1,\"name\":\"In\u00edcio\",\"item\":\"https:\/\/serrafm879.com.br\/serrafm\/\"},{\"@type\":\"ListItem\",\"position\":2,\"name\":\"Breno critica postura da oposi\u00e7\u00e3o e defende atua\u00e7\u00e3o da m\u00e3e na Sa\u00fade\"}]},{\"@type\":\"WebSite\",\"@id\":\"https:\/\/serrafm879.com.br\/serrafm\/#website\",\"url\":\"https:\/\/serrafm879.com.br\/serrafm\/\",\"name\":\"Serra FM 87,9\",\"description\":\"O seu novo amor!\",\"potentialAction\":[{\"@type\":\"SearchAction\",\"target\":{\"@type\":\"EntryPoint\",\"urlTemplate\":\"https:\/\/serrafm879.com.br\/serrafm\/?s={search_term_string}\"},\"query-input\":{\"@type\":\"PropertyValueSpecification\",\"valueRequired\":true,\"valueName\":\"search_term_string\"}}],\"inLanguage\":\"pt-BR\"},{\"@type\":\"Person\",\"@id\":\"https:\/\/serrafm879.com.br\/serrafm\/#\/schema\/person\/c028a197030ff8b1c03c68dfba4a787a\",\"name\":\"serrafm87\",\"image\":{\"@type\":\"ImageObject\",\"inLanguage\":\"pt-BR\",\"@id\":\"https:\/\/serrafm879.com.br\/serrafm\/#\/schema\/person\/image\/\",\"url\":\"https:\/\/secure.gravatar.com\/avatar\/a743233f1112d34f48bb3dc9559b76eb930bab8b27175856cba6362608736235?s=96&d=mm&r=g\",\"contentUrl\":\"https:\/\/secure.gravatar.com\/avatar\/a743233f1112d34f48bb3dc9559b76eb930bab8b27175856cba6362608736235?s=96&d=mm&r=g\",\"caption\":\"serrafm87\"},\"sameAs\":[\"http:\/\/serrafm879.com.br\/\"],\"url\":\"https:\/\/serrafm879.com.br\/serrafm\/author\/serrafm87\/\"}]}<\/script>\n<!-- \/ Yoast SEO plugin. -->","yoast_head_json":{"title":"Breno critica postura da oposi\u00e7\u00e3o e defende atua\u00e7\u00e3o da m\u00e3e na Sa\u00fade - Serra FM 87,9","robots":{"index":"index","follow":"follow","max-snippet":"max-snippet:-1","max-image-preview":"max-image-preview:large","max-video-preview":"max-video-preview:-1"},"canonical":"https:\/\/serrafm879.com.br\/serrafm\/2026\/03\/breno-critica-postura-da-oposicao-e-defende-atuacao-da-mae-na-saude\/","og_locale":"pt_BR","og_type":"article","og_title":"Breno critica postura da oposi\u00e7\u00e3o e defende atua\u00e7\u00e3o da m\u00e3e na Sa\u00fade - Serra FM 87,9","og_description":"O pr\u00e9-candidato a deputado estadual e marido da prefeita M\u00e1rcia Conrado, Breno Ara\u00fajo, defendeu a honra da m\u00e3e, a secret\u00e1ria de sa\u00fade, Lisbeth Rosa Lima, e exaltou o trabalho dela dizendo que a oposi\u00e7\u00e3o chega a critic\u00e1-la, \u00e0s vezes, n\u00e3o por conta do trabalho, mas para atac\u00e1-lo ou atingir pessoas ligadas a ele. Em entrevista de r\u00e1dio nesta quinta-feira (12), Breno tamb\u00e9m afirmou, com isso, que n\u00e3o h\u00e1 nada o que falar sobre ele, do ponto de vista que o desabone politicamente. \u201c\u00c9 dif\u00edcil compreender essa revolta [da oposi\u00e7\u00e3o], essa chatea\u00e7\u00e3o de estar provocando outras pessoas, pretensos advers\u00e1rios, no momento [&hellip;]","og_url":"https:\/\/serrafm879.com.br\/serrafm\/2026\/03\/breno-critica-postura-da-oposicao-e-defende-atuacao-da-mae-na-saude\/","og_site_name":"Serra FM 87,9","article_published_time":"2026-03-13T11:26:14+00:00","og_image":[{"width":389,"height":546,"url":"http:\/\/serrafm879.com.br\/serrafm\/wp-content\/uploads\/2026\/03\/WhatsApp-Image-2025-12-22-at-11.39.04.jpg","type":"image\/jpeg"}],"author":"serrafm87","twitter_card":"summary_large_image","twitter_misc":{"Escrito por":"serrafm87","Est. tempo de leitura":"3 minutos"},"schema":{"@context":"https:\/\/schema.org","@graph":[{"@type":"WebPage","@id":"https:\/\/serrafm879.com.br\/serrafm\/2026\/03\/breno-critica-postura-da-oposicao-e-defende-atuacao-da-mae-na-saude\/","url":"https:\/\/serrafm879.com.br\/serrafm\/2026\/03\/breno-critica-postura-da-oposicao-e-defende-atuacao-da-mae-na-saude\/","name":"Breno critica postura da oposi\u00e7\u00e3o e defende atua\u00e7\u00e3o da m\u00e3e na Sa\u00fade - Serra FM 87,9","isPartOf":{"@id":"https:\/\/serrafm879.com.br\/serrafm\/#website"},"primaryImageOfPage":{"@id":"https:\/\/serrafm879.com.br\/serrafm\/2026\/03\/breno-critica-postura-da-oposicao-e-defende-atuacao-da-mae-na-saude\/#primaryimage"},"image":{"@id":"https:\/\/serrafm879.com.br\/serrafm\/2026\/03\/breno-critica-postura-da-oposicao-e-defende-atuacao-da-mae-na-saude\/#primaryimage"},"thumbnailUrl":"https:\/\/serrafm879.com.br\/serrafm\/wp-content\/uploads\/2026\/03\/WhatsApp-Image-2025-12-22-at-11.39.04.jpg","datePublished":"2026-03-13T11:26:14+00:00","author":{"@id":"https:\/\/serrafm879.com.br\/serrafm\/#\/schema\/person\/c028a197030ff8b1c03c68dfba4a787a"},"breadcrumb":{"@id":"https:\/\/serrafm879.com.br\/serrafm\/2026\/03\/breno-critica-postura-da-oposicao-e-defende-atuacao-da-mae-na-saude\/#breadcrumb"},"inLanguage":"pt-BR","potentialAction":[{"@type":"ReadAction","target":["https:\/\/serrafm879.com.br\/serrafm\/2026\/03\/breno-critica-postura-da-oposicao-e-defende-atuacao-da-mae-na-saude\/"]}]},{"@type":"ImageObject","inLanguage":"pt-BR","@id":"https:\/\/serrafm879.com.br\/serrafm\/2026\/03\/breno-critica-postura-da-oposicao-e-defende-atuacao-da-mae-na-saude\/#primaryimage","url":"https:\/\/serrafm879.com.br\/serrafm\/wp-content\/uploads\/2026\/03\/WhatsApp-Image-2025-12-22-at-11.39.04.jpg","contentUrl":"https:\/\/serrafm879.com.br\/serrafm\/wp-content\/uploads\/2026\/03\/WhatsApp-Image-2025-12-22-at-11.39.04.jpg","width":389,"height":546},{"@type":"BreadcrumbList","@id":"https:\/\/serrafm879.com.br\/serrafm\/2026\/03\/breno-critica-postura-da-oposicao-e-defende-atuacao-da-mae-na-saude\/#breadcrumb","itemListElement":[{"@type":"ListItem","position":1,"name":"In\u00edcio","item":"https:\/\/serrafm879.com.br\/serrafm\/"},{"@type":"ListItem","position":2,"name":"Breno critica postura da oposi\u00e7\u00e3o e defende atua\u00e7\u00e3o da m\u00e3e na Sa\u00fade"}]},{"@type":"WebSite","@id":"https:\/\/serrafm879.com.br\/serrafm\/#website","url":"https:\/\/serrafm879.com.br\/serrafm\/","name":"Serra FM 87,9","description":"O seu novo amor!","potentialAction":[{"@type":"SearchAction","target":{"@type":"EntryPoint","urlTemplate":"https:\/\/serrafm879.com.br\/serrafm\/?s={search_term_string}"},"query-input":{"@type":"PropertyValueSpecification","valueRequired":true,"valueName":"search_term_string"}}],"inLanguage":"pt-BR"},{"@type":"Person","@id":"https:\/\/serrafm879.com.br\/serrafm\/#\/schema\/person\/c028a197030ff8b1c03c68dfba4a787a","name":"serrafm87","image":{"@type":"ImageObject","inLanguage":"pt-BR","@id":"https:\/\/serrafm879.com.br\/serrafm\/#\/schema\/person\/image\/","url":"https:\/\/secure.gravatar.com\/avatar\/a743233f1112d34f48bb3dc9559b76eb930bab8b27175856cba6362608736235?s=96&d=mm&r=g","contentUrl":"https:\/\/secure.gravatar.com\/avatar\/a743233f1112d34f48bb3dc9559b76eb930bab8b27175856cba6362608736235?s=96&d=mm&r=g","caption":"serrafm87"},"sameAs":["http:\/\/serrafm879.com.br\/"],"url":"https:\/\/serrafm879.com.br\/serrafm\/author\/serrafm87\/"}]}},"jetpack_featured_media_url":"https:\/\/serrafm879.com.br\/serrafm\/wp-content\/uploads\/2026\/03\/WhatsApp-Image-2025-12-22-at-11.39.04.jpg","jetpack_shortlink":"https:\/\/wp.me\/p7HyXg-6ZB","jetpack_sharing_enabled":true,"_links":{"self":[{"href":"https:\/\/serrafm879.com.br\/serrafm\/wp-json\/wp\/v2\/posts\/26883","targetHints":{"allow":["GET"]}}],"collection":[{"href":"https:\/\/serrafm879.com.br\/serrafm\/wp-json\/wp\/v2\/posts"}],"about":[{"href":"https:\/\/serrafm879.com.br\/serrafm\/wp-json\/wp\/v2\/types\/post"}],"author":[{"embeddable":true,"href":"https:\/\/serrafm879.com.br\/serrafm\/wp-json\/wp\/v2\/users\/2"}],"replies":[{"embeddable":true,"href":"https:\/\/serrafm879.com.br\/serrafm\/wp-json\/wp\/v2\/comments?post=26883"}],"version-history":[{"count":1,"href":"https:\/\/serrafm879.com.br\/serrafm\/wp-json\/wp\/v2\/posts\/26883\/revisions"}],"predecessor-version":[{"id":26885,"href":"https:\/\/serrafm879.com.br\/serrafm\/wp-json\/wp\/v2\/posts\/26883\/revisions\/26885"}],"wp:featuredmedia":[{"embeddable":true,"href":"https:\/\/serrafm879.com.br\/serrafm\/wp-json\/wp\/v2\/media\/26884"}],"wp:attachment":[{"href":"https:\/\/serrafm879.com.br\/serrafm\/wp-json\/wp\/v2\/media?parent=26883"}],"wp:term":[{"taxonomy":"category","embeddable":true,"href":"https:\/\/serrafm879.com.br\/serrafm\/wp-json\/wp\/v2\/categories?post=26883"},{"taxonomy":"post_tag","embeddable":true,"href":"https:\/\/serrafm879.com.br\/serrafm\/wp-json\/wp\/v2\/tags?post=26883"}],"curies":[{"name":"wp","href":"https:\/\/api.w.org\/{rel}","templated":true}]}}