{"id":26892,"date":"2026-03-13T08:45:05","date_gmt":"2026-03-13T11:45:05","guid":{"rendered":"https:\/\/serrafm879.com.br\/serrafm\/?p=26892"},"modified":"2026-03-13T08:45:05","modified_gmt":"2026-03-13T11:45:05","slug":"humberto-costa-se-reune-com-lula-e-reforca-sintonia-com-o-presidente","status":"publish","type":"post","link":"https:\/\/serrafm879.com.br\/serrafm\/2026\/03\/humberto-costa-se-reune-com-lula-e-reforca-sintonia-com-o-presidente\/","title":{"rendered":"Humberto Costa se re\u00fane com Lula e refor\u00e7a sintonia com o presidente"},"content":{"rendered":"<p>O senador e candidato \u00e0 reelei\u00e7\u00e3o Humberto Costa (PT) reuniu-se, nesta quinta-feira (12), com o presidente Luiz In\u00e1cio Lula da Silva (PT), no Pal\u00e1cio do Planalto, em Bras\u00edlia. Na pauta do encontro, estiveram as prioridades do governo para este ano no Congresso Nacional, al\u00e9m da an\u00e1lise de conjuntura e dos cen\u00e1rios pol\u00edtico e eleitoral.<\/p>\n<div id=\"portal-whatsapp-cta\">\n<p>Segundo o senador, o presidente e ele discutiram, do ponto de vista pol\u00edtico e eleitoral, tanto o contexto nacional quanto a situa\u00e7\u00e3o pol\u00edtica em Pernambuco. Humberto afirmou que h\u00e1 plena converg\u00eancia de posi\u00e7\u00f5es entre ambos.<\/p>\n<p>\u201cOuvir o presidente Lula, as ideias dele, \u00e9 sempre muito bom. Estamos em total sintonia. Sou candidato \u00e0 reelei\u00e7\u00e3o pelo PT e vamos seguir trabalhando juntos por Pernambuco e pelo Brasil\u201d, declarou.<\/p>\n<p data-intext-processed=\"true\">De acordo com o parlamentar, Lula est\u00e1 confiante nas entregas que o governo vem realizando em todo o pa\u00eds, incluindo a\u00e7\u00f5es voltadas especialmente para o Nordeste, onde a aprova\u00e7\u00e3o do governo est\u00e1 em crescimento, e para Pernambuco.<\/p>\n<div id=\"_ppads_outstream_intext\" data-premium=\"\" data-adunit=\"FOLHA_PE_INTEXT_01\" data-sizes-mobile=\"[[336,280],[320,320],[300,300],[300,250],[300,190],[250,250],[200,200]]\" data-sizes-desktop=\"[[336,280],[320,320],[300,300],[300,250],[250,250],[200,200]]\" data-type=\"intext\" data-count=\"1\" data-fetch=\"true\" data-google-query-id=\"CLiXqaXlnJMDFQg5uQYdI0YfXQ\">\n<p>\u201cEu sempre digo que este \u00e9 o melhor mandato do presidente Lula, e os n\u00fameros comprovam isso: menor desemprego da hist\u00f3ria recente, infla\u00e7\u00e3o em queda, renda da popula\u00e7\u00e3o crescendo e muitas a\u00e7\u00f5es para garantir mais dignidade ao povo brasileiro. O presidente tamb\u00e9m est\u00e1 muito animado. \u00c9 um governo que tem muito a mostrar e ainda vai entregar muito mais. O ano est\u00e1 apenas come\u00e7ando\u201d, afirmou.<\/p>\n<\/div>\n<div class=\"dn_noticiasRelacionadas\">\n<p>Durante a reuni\u00e3o, Lula e Humberto tamb\u00e9m debateram as prioridades do governo no Congresso. Como segundo vice-presidente do Senado, o parlamentar destacou a necessidade de uni\u00e3o para avan\u00e7ar em pautas sociais, entre elas o fim da escala de trabalho 6&#215;1 sem redu\u00e7\u00e3o de sal\u00e1rio para os trabalhadores.<\/p>\n<p>\u201c\u00c9 uma pauta importante de um governo que quer unir o Brasil em defesa da melhoria da qualidade de vida do nosso povo. Precisamos garantir mais dignidade aos trabalhadores\u201d, disse o senador.<\/p>\n<p><em>Com informa\u00e7\u00f5es da assessoria\u00a0<\/em><\/p>\n<\/div>\n<\/div>\n","protected":false},"excerpt":{"rendered":"<p>O senador e candidato \u00e0 reelei\u00e7\u00e3o Humberto Costa (PT) reuniu-se, nesta quinta-feira (12), com o presidente Luiz In\u00e1cio Lula da Silva (PT), no Pal\u00e1cio do Planalto, em Bras\u00edlia. Na pauta do encontro, estiveram as prioridades do governo para este ano no Congresso Nacional, al\u00e9m da an\u00e1lise de conjuntura e dos cen\u00e1rios pol\u00edtico e eleitoral. Segundo o senador, o presidente e ele discutiram, do ponto de vista pol\u00edtico e eleitoral, tanto o contexto nacional quanto a situa\u00e7\u00e3o pol\u00edtica em Pernambuco. Humberto afirmou que h\u00e1 plena converg\u00eancia de posi\u00e7\u00f5es entre ambos. \u201cOuvir o presidente Lula, as ideias dele, \u00e9 sempre muito bom. [&hellip;]<\/p>\n","protected":false},"author":2,"featured_media":26893,"comment_status":"open","ping_status":"open","sticky":false,"template":"","format":"standard","meta":{"_jetpack_memberships_contains_paid_content":false,"footnotes":"","jetpack_publicize_message":"","jetpack_publicize_feature_enabled":true,"jetpack_social_post_already_shared":true,"jetpack_social_options":{"image_generator_settings":{"template":"highway","enabled":false},"version":2}},"categories":[149],"tags":[306,6,203],"class_list":["post-26892","post","type-post","status-publish","format-standard","has-post-thumbnail","hentry","category-brasil","tag-brasil","tag-noticias","tag-politica"],"jetpack_publicize_connections":[],"yoast_head":"<!-- This site is optimized with the Yoast SEO plugin v24.7 - https:\/\/yoast.com\/wordpress\/plugins\/seo\/ -->\n<title>Humberto Costa se re\u00fane com Lula e refor\u00e7a sintonia com o presidente - Serra FM 87,9<\/title>\n<meta name=\"robots\" content=\"index, follow, max-snippet:-1, max-image-preview:large, max-video-preview:-1\" \/>\n<link rel=\"canonical\" href=\"https:\/\/serrafm879.com.br\/serrafm\/2026\/03\/humberto-costa-se-reune-com-lula-e-reforca-sintonia-com-o-presidente\/\" \/>\n<meta property=\"og:locale\" content=\"pt_BR\" \/>\n<meta property=\"og:type\" content=\"article\" \/>\n<meta property=\"og:title\" content=\"Humberto Costa se re\u00fane com Lula e refor\u00e7a sintonia com o presidente - Serra FM 87,9\" \/>\n<meta property=\"og:description\" content=\"O senador e candidato \u00e0 reelei\u00e7\u00e3o Humberto Costa (PT) reuniu-se, nesta quinta-feira (12), com o presidente Luiz In\u00e1cio Lula da Silva (PT), no Pal\u00e1cio do Planalto, em Bras\u00edlia. Na pauta do encontro, estiveram as prioridades do governo para este ano no Congresso Nacional, al\u00e9m da an\u00e1lise de conjuntura e dos cen\u00e1rios pol\u00edtico e eleitoral. Segundo o senador, o presidente e ele discutiram, do ponto de vista pol\u00edtico e eleitoral, tanto o contexto nacional quanto a situa\u00e7\u00e3o pol\u00edtica em Pernambuco. Humberto afirmou que h\u00e1 plena converg\u00eancia de posi\u00e7\u00f5es entre ambos. \u201cOuvir o presidente Lula, as ideias dele, \u00e9 sempre muito bom. [&hellip;]\" \/>\n<meta property=\"og:url\" content=\"https:\/\/serrafm879.com.br\/serrafm\/2026\/03\/humberto-costa-se-reune-com-lula-e-reforca-sintonia-com-o-presidente\/\" \/>\n<meta property=\"og:site_name\" content=\"Serra FM 87,9\" \/>\n<meta property=\"article:published_time\" content=\"2026-03-13T11:45:05+00:00\" \/>\n<meta property=\"og:image\" content=\"http:\/\/serrafm879.com.br\/serrafm\/wp-content\/uploads\/2026\/03\/lula-e-humberto.jpg\" \/>\n\t<meta property=\"og:image:width\" content=\"1100\" \/>\n\t<meta property=\"og:image:height\" content=\"734\" \/>\n\t<meta property=\"og:image:type\" content=\"image\/jpeg\" \/>\n<meta name=\"author\" content=\"serrafm87\" \/>\n<meta name=\"twitter:card\" content=\"summary_large_image\" \/>\n<meta name=\"twitter:label1\" content=\"Escrito por\" \/>\n\t<meta name=\"twitter:data1\" content=\"serrafm87\" \/>\n\t<meta name=\"twitter:label2\" content=\"Est. tempo de leitura\" \/>\n\t<meta name=\"twitter:data2\" content=\"2 minutos\" \/>\n<script type=\"application\/ld+json\" class=\"yoast-schema-graph\">{\"@context\":\"https:\/\/schema.org\",\"@graph\":[{\"@type\":\"WebPage\",\"@id\":\"https:\/\/serrafm879.com.br\/serrafm\/2026\/03\/humberto-costa-se-reune-com-lula-e-reforca-sintonia-com-o-presidente\/\",\"url\":\"https:\/\/serrafm879.com.br\/serrafm\/2026\/03\/humberto-costa-se-reune-com-lula-e-reforca-sintonia-com-o-presidente\/\",\"name\":\"Humberto Costa se re\u00fane com Lula e refor\u00e7a sintonia com o presidente - Serra FM 87,9\",\"isPartOf\":{\"@id\":\"https:\/\/serrafm879.com.br\/serrafm\/#website\"},\"primaryImageOfPage\":{\"@id\":\"https:\/\/serrafm879.com.br\/serrafm\/2026\/03\/humberto-costa-se-reune-com-lula-e-reforca-sintonia-com-o-presidente\/#primaryimage\"},\"image\":{\"@id\":\"https:\/\/serrafm879.com.br\/serrafm\/2026\/03\/humberto-costa-se-reune-com-lula-e-reforca-sintonia-com-o-presidente\/#primaryimage\"},\"thumbnailUrl\":\"https:\/\/serrafm879.com.br\/serrafm\/wp-content\/uploads\/2026\/03\/lula-e-humberto.jpg\",\"datePublished\":\"2026-03-13T11:45:05+00:00\",\"author\":{\"@id\":\"https:\/\/serrafm879.com.br\/serrafm\/#\/schema\/person\/c028a197030ff8b1c03c68dfba4a787a\"},\"breadcrumb\":{\"@id\":\"https:\/\/serrafm879.com.br\/serrafm\/2026\/03\/humberto-costa-se-reune-com-lula-e-reforca-sintonia-com-o-presidente\/#breadcrumb\"},\"inLanguage\":\"pt-BR\",\"potentialAction\":[{\"@type\":\"ReadAction\",\"target\":[\"https:\/\/serrafm879.com.br\/serrafm\/2026\/03\/humberto-costa-se-reune-com-lula-e-reforca-sintonia-com-o-presidente\/\"]}]},{\"@type\":\"ImageObject\",\"inLanguage\":\"pt-BR\",\"@id\":\"https:\/\/serrafm879.com.br\/serrafm\/2026\/03\/humberto-costa-se-reune-com-lula-e-reforca-sintonia-com-o-presidente\/#primaryimage\",\"url\":\"https:\/\/serrafm879.com.br\/serrafm\/wp-content\/uploads\/2026\/03\/lula-e-humberto.jpg\",\"contentUrl\":\"https:\/\/serrafm879.com.br\/serrafm\/wp-content\/uploads\/2026\/03\/lula-e-humberto.jpg\",\"width\":1100,\"height\":734},{\"@type\":\"BreadcrumbList\",\"@id\":\"https:\/\/serrafm879.com.br\/serrafm\/2026\/03\/humberto-costa-se-reune-com-lula-e-reforca-sintonia-com-o-presidente\/#breadcrumb\",\"itemListElement\":[{\"@type\":\"ListItem\",\"position\":1,\"name\":\"In\u00edcio\",\"item\":\"https:\/\/serrafm879.com.br\/serrafm\/\"},{\"@type\":\"ListItem\",\"position\":2,\"name\":\"Humberto Costa se re\u00fane com Lula e refor\u00e7a sintonia com o presidente\"}]},{\"@type\":\"WebSite\",\"@id\":\"https:\/\/serrafm879.com.br\/serrafm\/#website\",\"url\":\"https:\/\/serrafm879.com.br\/serrafm\/\",\"name\":\"Serra FM 87,9\",\"description\":\"O seu novo amor!\",\"potentialAction\":[{\"@type\":\"SearchAction\",\"target\":{\"@type\":\"EntryPoint\",\"urlTemplate\":\"https:\/\/serrafm879.com.br\/serrafm\/?s={search_term_string}\"},\"query-input\":{\"@type\":\"PropertyValueSpecification\",\"valueRequired\":true,\"valueName\":\"search_term_string\"}}],\"inLanguage\":\"pt-BR\"},{\"@type\":\"Person\",\"@id\":\"https:\/\/serrafm879.com.br\/serrafm\/#\/schema\/person\/c028a197030ff8b1c03c68dfba4a787a\",\"name\":\"serrafm87\",\"image\":{\"@type\":\"ImageObject\",\"inLanguage\":\"pt-BR\",\"@id\":\"https:\/\/serrafm879.com.br\/serrafm\/#\/schema\/person\/image\/\",\"url\":\"https:\/\/secure.gravatar.com\/avatar\/a743233f1112d34f48bb3dc9559b76eb930bab8b27175856cba6362608736235?s=96&d=mm&r=g\",\"contentUrl\":\"https:\/\/secure.gravatar.com\/avatar\/a743233f1112d34f48bb3dc9559b76eb930bab8b27175856cba6362608736235?s=96&d=mm&r=g\",\"caption\":\"serrafm87\"},\"sameAs\":[\"http:\/\/serrafm879.com.br\/\"],\"url\":\"https:\/\/serrafm879.com.br\/serrafm\/author\/serrafm87\/\"}]}<\/script>\n<!-- \/ Yoast SEO plugin. -->","yoast_head_json":{"title":"Humberto Costa se re\u00fane com Lula e refor\u00e7a sintonia com o presidente - Serra FM 87,9","robots":{"index":"index","follow":"follow","max-snippet":"max-snippet:-1","max-image-preview":"max-image-preview:large","max-video-preview":"max-video-preview:-1"},"canonical":"https:\/\/serrafm879.com.br\/serrafm\/2026\/03\/humberto-costa-se-reune-com-lula-e-reforca-sintonia-com-o-presidente\/","og_locale":"pt_BR","og_type":"article","og_title":"Humberto Costa se re\u00fane com Lula e refor\u00e7a sintonia com o presidente - Serra FM 87,9","og_description":"O senador e candidato \u00e0 reelei\u00e7\u00e3o Humberto Costa (PT) reuniu-se, nesta quinta-feira (12), com o presidente Luiz In\u00e1cio Lula da Silva (PT), no Pal\u00e1cio do Planalto, em Bras\u00edlia. Na pauta do encontro, estiveram as prioridades do governo para este ano no Congresso Nacional, al\u00e9m da an\u00e1lise de conjuntura e dos cen\u00e1rios pol\u00edtico e eleitoral. Segundo o senador, o presidente e ele discutiram, do ponto de vista pol\u00edtico e eleitoral, tanto o contexto nacional quanto a situa\u00e7\u00e3o pol\u00edtica em Pernambuco. Humberto afirmou que h\u00e1 plena converg\u00eancia de posi\u00e7\u00f5es entre ambos. \u201cOuvir o presidente Lula, as ideias dele, \u00e9 sempre muito bom. [&hellip;]","og_url":"https:\/\/serrafm879.com.br\/serrafm\/2026\/03\/humberto-costa-se-reune-com-lula-e-reforca-sintonia-com-o-presidente\/","og_site_name":"Serra FM 87,9","article_published_time":"2026-03-13T11:45:05+00:00","og_image":[{"width":1100,"height":734,"url":"http:\/\/serrafm879.com.br\/serrafm\/wp-content\/uploads\/2026\/03\/lula-e-humberto.jpg","type":"image\/jpeg"}],"author":"serrafm87","twitter_card":"summary_large_image","twitter_misc":{"Escrito por":"serrafm87","Est. tempo de leitura":"2 minutos"},"schema":{"@context":"https:\/\/schema.org","@graph":[{"@type":"WebPage","@id":"https:\/\/serrafm879.com.br\/serrafm\/2026\/03\/humberto-costa-se-reune-com-lula-e-reforca-sintonia-com-o-presidente\/","url":"https:\/\/serrafm879.com.br\/serrafm\/2026\/03\/humberto-costa-se-reune-com-lula-e-reforca-sintonia-com-o-presidente\/","name":"Humberto Costa se re\u00fane com Lula e refor\u00e7a sintonia com o presidente - Serra FM 87,9","isPartOf":{"@id":"https:\/\/serrafm879.com.br\/serrafm\/#website"},"primaryImageOfPage":{"@id":"https:\/\/serrafm879.com.br\/serrafm\/2026\/03\/humberto-costa-se-reune-com-lula-e-reforca-sintonia-com-o-presidente\/#primaryimage"},"image":{"@id":"https:\/\/serrafm879.com.br\/serrafm\/2026\/03\/humberto-costa-se-reune-com-lula-e-reforca-sintonia-com-o-presidente\/#primaryimage"},"thumbnailUrl":"https:\/\/serrafm879.com.br\/serrafm\/wp-content\/uploads\/2026\/03\/lula-e-humberto.jpg","datePublished":"2026-03-13T11:45:05+00:00","author":{"@id":"https:\/\/serrafm879.com.br\/serrafm\/#\/schema\/person\/c028a197030ff8b1c03c68dfba4a787a"},"breadcrumb":{"@id":"https:\/\/serrafm879.com.br\/serrafm\/2026\/03\/humberto-costa-se-reune-com-lula-e-reforca-sintonia-com-o-presidente\/#breadcrumb"},"inLanguage":"pt-BR","potentialAction":[{"@type":"ReadAction","target":["https:\/\/serrafm879.com.br\/serrafm\/2026\/03\/humberto-costa-se-reune-com-lula-e-reforca-sintonia-com-o-presidente\/"]}]},{"@type":"ImageObject","inLanguage":"pt-BR","@id":"https:\/\/serrafm879.com.br\/serrafm\/2026\/03\/humberto-costa-se-reune-com-lula-e-reforca-sintonia-com-o-presidente\/#primaryimage","url":"https:\/\/serrafm879.com.br\/serrafm\/wp-content\/uploads\/2026\/03\/lula-e-humberto.jpg","contentUrl":"https:\/\/serrafm879.com.br\/serrafm\/wp-content\/uploads\/2026\/03\/lula-e-humberto.jpg","width":1100,"height":734},{"@type":"BreadcrumbList","@id":"https:\/\/serrafm879.com.br\/serrafm\/2026\/03\/humberto-costa-se-reune-com-lula-e-reforca-sintonia-com-o-presidente\/#breadcrumb","itemListElement":[{"@type":"ListItem","position":1,"name":"In\u00edcio","item":"https:\/\/serrafm879.com.br\/serrafm\/"},{"@type":"ListItem","position":2,"name":"Humberto Costa se re\u00fane com Lula e refor\u00e7a sintonia com o presidente"}]},{"@type":"WebSite","@id":"https:\/\/serrafm879.com.br\/serrafm\/#website","url":"https:\/\/serrafm879.com.br\/serrafm\/","name":"Serra FM 87,9","description":"O seu novo amor!","potentialAction":[{"@type":"SearchAction","target":{"@type":"EntryPoint","urlTemplate":"https:\/\/serrafm879.com.br\/serrafm\/?s={search_term_string}"},"query-input":{"@type":"PropertyValueSpecification","valueRequired":true,"valueName":"search_term_string"}}],"inLanguage":"pt-BR"},{"@type":"Person","@id":"https:\/\/serrafm879.com.br\/serrafm\/#\/schema\/person\/c028a197030ff8b1c03c68dfba4a787a","name":"serrafm87","image":{"@type":"ImageObject","inLanguage":"pt-BR","@id":"https:\/\/serrafm879.com.br\/serrafm\/#\/schema\/person\/image\/","url":"https:\/\/secure.gravatar.com\/avatar\/a743233f1112d34f48bb3dc9559b76eb930bab8b27175856cba6362608736235?s=96&d=mm&r=g","contentUrl":"https:\/\/secure.gravatar.com\/avatar\/a743233f1112d34f48bb3dc9559b76eb930bab8b27175856cba6362608736235?s=96&d=mm&r=g","caption":"serrafm87"},"sameAs":["http:\/\/serrafm879.com.br\/"],"url":"https:\/\/serrafm879.com.br\/serrafm\/author\/serrafm87\/"}]}},"jetpack_featured_media_url":"https:\/\/serrafm879.com.br\/serrafm\/wp-content\/uploads\/2026\/03\/lula-e-humberto.jpg","jetpack_shortlink":"https:\/\/wp.me\/p7HyXg-6ZK","jetpack_sharing_enabled":true,"_links":{"self":[{"href":"https:\/\/serrafm879.com.br\/serrafm\/wp-json\/wp\/v2\/posts\/26892","targetHints":{"allow":["GET"]}}],"collection":[{"href":"https:\/\/serrafm879.com.br\/serrafm\/wp-json\/wp\/v2\/posts"}],"about":[{"href":"https:\/\/serrafm879.com.br\/serrafm\/wp-json\/wp\/v2\/types\/post"}],"author":[{"embeddable":true,"href":"https:\/\/serrafm879.com.br\/serrafm\/wp-json\/wp\/v2\/users\/2"}],"replies":[{"embeddable":true,"href":"https:\/\/serrafm879.com.br\/serrafm\/wp-json\/wp\/v2\/comments?post=26892"}],"version-history":[{"count":1,"href":"https:\/\/serrafm879.com.br\/serrafm\/wp-json\/wp\/v2\/posts\/26892\/revisions"}],"predecessor-version":[{"id":26894,"href":"https:\/\/serrafm879.com.br\/serrafm\/wp-json\/wp\/v2\/posts\/26892\/revisions\/26894"}],"wp:featuredmedia":[{"embeddable":true,"href":"https:\/\/serrafm879.com.br\/serrafm\/wp-json\/wp\/v2\/media\/26893"}],"wp:attachment":[{"href":"https:\/\/serrafm879.com.br\/serrafm\/wp-json\/wp\/v2\/media?parent=26892"}],"wp:term":[{"taxonomy":"category","embeddable":true,"href":"https:\/\/serrafm879.com.br\/serrafm\/wp-json\/wp\/v2\/categories?post=26892"},{"taxonomy":"post_tag","embeddable":true,"href":"https:\/\/serrafm879.com.br\/serrafm\/wp-json\/wp\/v2\/tags?post=26892"}],"curies":[{"name":"wp","href":"https:\/\/api.w.org\/{rel}","templated":true}]}}