{"id":26895,"date":"2026-03-13T08:49:19","date_gmt":"2026-03-13T11:49:19","guid":{"rendered":"https:\/\/serrafm879.com.br\/serrafm\/?p=26895"},"modified":"2026-03-13T08:49:44","modified_gmt":"2026-03-13T11:49:44","slug":"carlos-lupi-crava-que-pdt-estara-no-palanque-que-der-a-marilia-arraes-vaga-de-candidata-ao-senado","status":"publish","type":"post","link":"https:\/\/serrafm879.com.br\/serrafm\/2026\/03\/carlos-lupi-crava-que-pdt-estara-no-palanque-que-der-a-marilia-arraes-vaga-de-candidata-ao-senado\/","title":{"rendered":"Carlos Lupi crava que PDT estar\u00e1 no palanque que der a Mar\u00edlia Arraes vaga de candidata ao Senado"},"content":{"rendered":"<p>As articula\u00e7\u00f5es em torno da montagem das chapas de candidatos ao Senado Federal tem movimentado os bastidores da pol\u00edtica em Pernambuco com mais for\u00e7a ultimamente. O presidente nacional do PDT, Carlos Lupi, revelou, em coletiva de imprensa realizada ontem, no Recife, que a ex-deputada federal e pr\u00e9-candidata ao Senado Mar\u00edlia Arraes manteve conversa com a governadora Raquel Lyra (PSD), em busca de espa\u00e7o na chapa da gestora estadual.<\/p>\n<div id=\"portal-whatsapp-cta\">\n<p>At\u00e9 ent\u00e3o integrante do grupo do prefeito do Recife e virtual pr\u00e9-candidato ao governo estadual, Jo\u00e3o Campos (PSB), a ex-deputada estadual recebeu de Raquel Lyra manifesta\u00e7\u00e3o de interesse em rela\u00e7\u00e3o \u00e0 possibilidade de alian\u00e7a, de acordo com Lupi.<\/p>\n<p data-intext-processed=\"true\">\u201cVoltamos a conversar, liguei para ela (a governadora Raquel Lyra), ela mostrou interesse, manteve uma conversa com Mar\u00edlia que foi muito boa. Agora a gente vai dar sequ\u00eancia. Vou falar com ela de novo\u201d, exp\u00f4s Lupi.<\/p>\n<div id=\"_ppads_outstream_intext\" data-premium=\"\" data-adunit=\"FOLHA_PE_INTEXT_01\" data-sizes-mobile=\"[[336,280],[320,320],[300,300],[300,250],[300,190],[250,250],[200,200]]\" data-sizes-desktop=\"[[336,280],[320,320],[300,300],[300,250],[250,250],[200,200]]\" data-type=\"intext\" data-count=\"1\" data-fetch=\"true\" data-google-query-id=\"CIGMtuLmnJMDFehMuAQdgqEfWw\">\n<p>O contato encerra um longo per\u00edodo de distanciamento entre as duas pol\u00edticas, que se enfrentaram nas urnas no segundo turno de 2022, quando Raquel Lyra foi eleita para o atual mandato de governadora.<\/p>\n<p>Ao falar sobre as articula\u00e7\u00f5es em torno da composi\u00e7\u00e3o com o prefeito Jo\u00e3o Campos, Carlos Lupi afirmou que n\u00e3o ficou \u201canimado\u201d com as conversas que teve com o prefeito, mas que dever\u00e1 voltar a conversar com o gestor.<\/p>\n<div class=\"dn_noticiasRelacionadas\">\n<p data-intext-processed=\"true\">Mais cedo, em entrevista \u00e0 R\u00e1dio Folha 96,7 FM, o l\u00edder do PDT detalhou o imbr\u00f3glio envolvendo a articula\u00e7\u00e3o para que Mar\u00edlia concorra ao Senado na chapa de Campos. De acordo com ele, o prefeito deu sinais de que j\u00e1 teria formado a chapa e havia \u201cdescartado\u201d a presen\u00e7a da ex-deputada.<\/p>\n<div id=\"pads_intext-177340236679514\" data-premium=\"\" data-adunit=\"FOLHA_PE_INTEXT_02\" data-sizes-mobile=\"[[336,280],[320,320],[300,300],[300,250],[300,190],[250,250],[200,200]]\" data-sizes-desktop=\"[[336,280],[320,320],[300,300],[300,250],[250,250],[200,200]]\" data-type=\"intext\" data-count=\"2\" data-fetch=\"true\" data-google-query-id=\"CI6OmevmnJMDFWg1uQYdKNkY_w\">\n<p>\u201cEstamos vendo pela imprensa que o prefeito Jo\u00e3o j\u00e1 fechou a sua nominata com seus candidatos, e n\u00f3s estamos exclu\u00eddos, e estamos buscando outras alternativas. Como a gente pode ficar com quem n\u00e3o quer ficar com a gente?\u201d, defendeu Carlos Lupi.<\/p>\n<p>J\u00e1 na coletiva de imprensa, o l\u00edder partid\u00e1rio informou ter recebido um telefone de Jo\u00e3o Campos logo ap\u00f3s a entrevista e que o gestor recifense disse que n\u00e3o havia conclu\u00eddo a constru\u00e7\u00e3o da chapa e que o di\u00e1logo estava aberto. Lupi enfatizou que a pr\u00e9 condi\u00e7\u00e3o para uma alian\u00e7a com o prefeito \u00e9 ter Mar\u00edlia em uma das vagas da chapa para o Senado.<\/p>\n<p data-intext-processed=\"true\">\u201cColoquei para ele que a pr\u00e9-condi\u00e7\u00e3o para o PDT estar numa chapa \u00e9 a vaga de Senado. Estou falando porque ela lidera todas as pesquisas. Se voc\u00eas encontrarem um estado da federa\u00e7\u00e3o em que o candidato que lidera a pesquisa, \u00e9 rejeitado, \u00e9 subtra\u00eddo, n\u00e3o \u00e9 aceito, me fala, eu n\u00e3o conhe\u00e7o\u201d, cravou.<\/p>\n<div id=\"pads_intext-177340236679592\" data-premium=\"\" data-adunit=\"FOLHA_PE_INTEXT_03\" data-sizes-mobile=\"[[336,280],[320,320],[300,300],[300,250],[300,190],[250,250],[200,200]]\" data-sizes-desktop=\"[[336,280],[320,320],[300,300],[300,250],[250,250],[200,200]]\" data-type=\"intext\" data-count=\"3\" data-fetch=\"true\" data-google-query-id=\"CPSfofnmnJMDFStOuAQd3XouWQ\">\n<p>Questionado sobre a aproxima\u00e7\u00e3o entre Mar\u00edlia e Raquel, Carlos Lupi lembrou a rela\u00e7\u00e3o entre o presidente Luiz In\u00e1cio Lula da SIlva (PT) e Leonel Brizola, fundador do PDT.<\/p>\n<p>\u201cA pol\u00edtica pode ter a diverg\u00eancia, ela n\u00e3o pode separar a causa. Quem tem causa, fica com essa causa. O Lula ficou com o Brizola, quando ele foi candidato a governador pela segunda vez em 1990, e o Brizola ficou com o Lula na elei\u00e7\u00e3o da Rep\u00fablica mesmo tendo diverg\u00eancias profundas. Se pegar nas redes sociais a mem\u00f3ria, vai ver como \u00e9 que o que um falava do outro pouco antes da elei\u00e7\u00e3o, a pol\u00edtica \u00e9 assim\u201d, frisou.<\/p>\n<\/div>\n<\/div>\n<\/div>\n<\/div>\n<\/div>\n","protected":false},"excerpt":{"rendered":"<p>As articula\u00e7\u00f5es em torno da montagem das chapas de candidatos ao Senado Federal tem movimentado os bastidores da pol\u00edtica em Pernambuco com mais for\u00e7a ultimamente. O presidente nacional do PDT, Carlos Lupi, revelou, em coletiva de imprensa realizada ontem, no Recife, que a ex-deputada federal e pr\u00e9-candidata ao Senado Mar\u00edlia Arraes manteve conversa com a governadora Raquel Lyra (PSD), em busca de espa\u00e7o na chapa da gestora estadual. At\u00e9 ent\u00e3o integrante do grupo do prefeito do Recife e virtual pr\u00e9-candidato ao governo estadual, Jo\u00e3o Campos (PSB), a ex-deputada estadual recebeu de Raquel Lyra manifesta\u00e7\u00e3o de interesse em rela\u00e7\u00e3o \u00e0 possibilidade [&hellip;]<\/p>\n","protected":false},"author":2,"featured_media":26896,"comment_status":"open","ping_status":"open","sticky":false,"template":"","format":"standard","meta":{"_jetpack_memberships_contains_paid_content":false,"footnotes":"","jetpack_publicize_message":"","jetpack_publicize_feature_enabled":true,"jetpack_social_post_already_shared":true,"jetpack_social_options":{"image_generator_settings":{"template":"highway","enabled":false},"version":2}},"categories":[297],"tags":[318,210],"class_list":["post-26895","post","type-post","status-publish","format-standard","has-post-thumbnail","hentry","category-eleicoes-2026","tag-eleicoes-2026","tag-pernambuco"],"jetpack_publicize_connections":[],"yoast_head":"<!-- This site is optimized with the Yoast SEO plugin v24.7 - https:\/\/yoast.com\/wordpress\/plugins\/seo\/ -->\n<title>Carlos Lupi crava que PDT estar\u00e1 no palanque que der a Mar\u00edlia Arraes vaga de candidata ao Senado - Serra FM 87,9<\/title>\n<meta name=\"robots\" content=\"index, follow, max-snippet:-1, max-image-preview:large, max-video-preview:-1\" \/>\n<link rel=\"canonical\" href=\"https:\/\/serrafm879.com.br\/serrafm\/2026\/03\/carlos-lupi-crava-que-pdt-estara-no-palanque-que-der-a-marilia-arraes-vaga-de-candidata-ao-senado\/\" \/>\n<meta property=\"og:locale\" content=\"pt_BR\" \/>\n<meta property=\"og:type\" content=\"article\" \/>\n<meta property=\"og:title\" content=\"Carlos Lupi crava que PDT estar\u00e1 no palanque que der a Mar\u00edlia Arraes vaga de candidata ao Senado - Serra FM 87,9\" \/>\n<meta property=\"og:description\" content=\"As articula\u00e7\u00f5es em torno da montagem das chapas de candidatos ao Senado Federal tem movimentado os bastidores da pol\u00edtica em Pernambuco com mais for\u00e7a ultimamente. O presidente nacional do PDT, Carlos Lupi, revelou, em coletiva de imprensa realizada ontem, no Recife, que a ex-deputada federal e pr\u00e9-candidata ao Senado Mar\u00edlia Arraes manteve conversa com a governadora Raquel Lyra (PSD), em busca de espa\u00e7o na chapa da gestora estadual. At\u00e9 ent\u00e3o integrante do grupo do prefeito do Recife e virtual pr\u00e9-candidato ao governo estadual, Jo\u00e3o Campos (PSB), a ex-deputada estadual recebeu de Raquel Lyra manifesta\u00e7\u00e3o de interesse em rela\u00e7\u00e3o \u00e0 possibilidade [&hellip;]\" \/>\n<meta property=\"og:url\" content=\"https:\/\/serrafm879.com.br\/serrafm\/2026\/03\/carlos-lupi-crava-que-pdt-estara-no-palanque-que-der-a-marilia-arraes-vaga-de-candidata-ao-senado\/\" \/>\n<meta property=\"og:site_name\" content=\"Serra FM 87,9\" \/>\n<meta property=\"article:published_time\" content=\"2026-03-13T11:49:19+00:00\" \/>\n<meta property=\"article:modified_time\" content=\"2026-03-13T11:49:44+00:00\" \/>\n<meta property=\"og:image\" content=\"http:\/\/serrafm879.com.br\/serrafm\/wp-content\/uploads\/2026\/03\/whatsapp-image-2026-03-12-at-182123.jpeg\" \/>\n\t<meta property=\"og:image:width\" content=\"1100\" \/>\n\t<meta property=\"og:image:height\" content=\"734\" \/>\n\t<meta property=\"og:image:type\" content=\"image\/jpeg\" \/>\n<meta name=\"author\" content=\"serrafm87\" \/>\n<meta name=\"twitter:card\" content=\"summary_large_image\" \/>\n<meta name=\"twitter:label1\" content=\"Escrito por\" \/>\n\t<meta name=\"twitter:data1\" content=\"serrafm87\" \/>\n\t<meta name=\"twitter:label2\" content=\"Est. tempo de leitura\" \/>\n\t<meta name=\"twitter:data2\" content=\"4 minutos\" \/>\n<script type=\"application\/ld+json\" class=\"yoast-schema-graph\">{\"@context\":\"https:\/\/schema.org\",\"@graph\":[{\"@type\":\"WebPage\",\"@id\":\"https:\/\/serrafm879.com.br\/serrafm\/2026\/03\/carlos-lupi-crava-que-pdt-estara-no-palanque-que-der-a-marilia-arraes-vaga-de-candidata-ao-senado\/\",\"url\":\"https:\/\/serrafm879.com.br\/serrafm\/2026\/03\/carlos-lupi-crava-que-pdt-estara-no-palanque-que-der-a-marilia-arraes-vaga-de-candidata-ao-senado\/\",\"name\":\"Carlos Lupi crava que PDT estar\u00e1 no palanque que der a Mar\u00edlia Arraes vaga de candidata ao Senado - Serra FM 87,9\",\"isPartOf\":{\"@id\":\"https:\/\/serrafm879.com.br\/serrafm\/#website\"},\"primaryImageOfPage\":{\"@id\":\"https:\/\/serrafm879.com.br\/serrafm\/2026\/03\/carlos-lupi-crava-que-pdt-estara-no-palanque-que-der-a-marilia-arraes-vaga-de-candidata-ao-senado\/#primaryimage\"},\"image\":{\"@id\":\"https:\/\/serrafm879.com.br\/serrafm\/2026\/03\/carlos-lupi-crava-que-pdt-estara-no-palanque-que-der-a-marilia-arraes-vaga-de-candidata-ao-senado\/#primaryimage\"},\"thumbnailUrl\":\"https:\/\/serrafm879.com.br\/serrafm\/wp-content\/uploads\/2026\/03\/whatsapp-image-2026-03-12-at-182123.jpeg\",\"datePublished\":\"2026-03-13T11:49:19+00:00\",\"dateModified\":\"2026-03-13T11:49:44+00:00\",\"author\":{\"@id\":\"https:\/\/serrafm879.com.br\/serrafm\/#\/schema\/person\/c028a197030ff8b1c03c68dfba4a787a\"},\"breadcrumb\":{\"@id\":\"https:\/\/serrafm879.com.br\/serrafm\/2026\/03\/carlos-lupi-crava-que-pdt-estara-no-palanque-que-der-a-marilia-arraes-vaga-de-candidata-ao-senado\/#breadcrumb\"},\"inLanguage\":\"pt-BR\",\"potentialAction\":[{\"@type\":\"ReadAction\",\"target\":[\"https:\/\/serrafm879.com.br\/serrafm\/2026\/03\/carlos-lupi-crava-que-pdt-estara-no-palanque-que-der-a-marilia-arraes-vaga-de-candidata-ao-senado\/\"]}]},{\"@type\":\"ImageObject\",\"inLanguage\":\"pt-BR\",\"@id\":\"https:\/\/serrafm879.com.br\/serrafm\/2026\/03\/carlos-lupi-crava-que-pdt-estara-no-palanque-que-der-a-marilia-arraes-vaga-de-candidata-ao-senado\/#primaryimage\",\"url\":\"https:\/\/serrafm879.com.br\/serrafm\/wp-content\/uploads\/2026\/03\/whatsapp-image-2026-03-12-at-182123.jpeg\",\"contentUrl\":\"https:\/\/serrafm879.com.br\/serrafm\/wp-content\/uploads\/2026\/03\/whatsapp-image-2026-03-12-at-182123.jpeg\",\"width\":1100,\"height\":734},{\"@type\":\"BreadcrumbList\",\"@id\":\"https:\/\/serrafm879.com.br\/serrafm\/2026\/03\/carlos-lupi-crava-que-pdt-estara-no-palanque-que-der-a-marilia-arraes-vaga-de-candidata-ao-senado\/#breadcrumb\",\"itemListElement\":[{\"@type\":\"ListItem\",\"position\":1,\"name\":\"In\u00edcio\",\"item\":\"https:\/\/serrafm879.com.br\/serrafm\/\"},{\"@type\":\"ListItem\",\"position\":2,\"name\":\"Carlos Lupi crava que PDT estar\u00e1 no palanque que der a Mar\u00edlia Arraes vaga de candidata ao Senado\"}]},{\"@type\":\"WebSite\",\"@id\":\"https:\/\/serrafm879.com.br\/serrafm\/#website\",\"url\":\"https:\/\/serrafm879.com.br\/serrafm\/\",\"name\":\"Serra FM 87,9\",\"description\":\"O seu novo amor!\",\"potentialAction\":[{\"@type\":\"SearchAction\",\"target\":{\"@type\":\"EntryPoint\",\"urlTemplate\":\"https:\/\/serrafm879.com.br\/serrafm\/?s={search_term_string}\"},\"query-input\":{\"@type\":\"PropertyValueSpecification\",\"valueRequired\":true,\"valueName\":\"search_term_string\"}}],\"inLanguage\":\"pt-BR\"},{\"@type\":\"Person\",\"@id\":\"https:\/\/serrafm879.com.br\/serrafm\/#\/schema\/person\/c028a197030ff8b1c03c68dfba4a787a\",\"name\":\"serrafm87\",\"image\":{\"@type\":\"ImageObject\",\"inLanguage\":\"pt-BR\",\"@id\":\"https:\/\/serrafm879.com.br\/serrafm\/#\/schema\/person\/image\/\",\"url\":\"https:\/\/secure.gravatar.com\/avatar\/a743233f1112d34f48bb3dc9559b76eb930bab8b27175856cba6362608736235?s=96&d=mm&r=g\",\"contentUrl\":\"https:\/\/secure.gravatar.com\/avatar\/a743233f1112d34f48bb3dc9559b76eb930bab8b27175856cba6362608736235?s=96&d=mm&r=g\",\"caption\":\"serrafm87\"},\"sameAs\":[\"http:\/\/serrafm879.com.br\/\"],\"url\":\"https:\/\/serrafm879.com.br\/serrafm\/author\/serrafm87\/\"}]}<\/script>\n<!-- \/ Yoast SEO plugin. -->","yoast_head_json":{"title":"Carlos Lupi crava que PDT estar\u00e1 no palanque que der a Mar\u00edlia Arraes vaga de candidata ao Senado - Serra FM 87,9","robots":{"index":"index","follow":"follow","max-snippet":"max-snippet:-1","max-image-preview":"max-image-preview:large","max-video-preview":"max-video-preview:-1"},"canonical":"https:\/\/serrafm879.com.br\/serrafm\/2026\/03\/carlos-lupi-crava-que-pdt-estara-no-palanque-que-der-a-marilia-arraes-vaga-de-candidata-ao-senado\/","og_locale":"pt_BR","og_type":"article","og_title":"Carlos Lupi crava que PDT estar\u00e1 no palanque que der a Mar\u00edlia Arraes vaga de candidata ao Senado - Serra FM 87,9","og_description":"As articula\u00e7\u00f5es em torno da montagem das chapas de candidatos ao Senado Federal tem movimentado os bastidores da pol\u00edtica em Pernambuco com mais for\u00e7a ultimamente. O presidente nacional do PDT, Carlos Lupi, revelou, em coletiva de imprensa realizada ontem, no Recife, que a ex-deputada federal e pr\u00e9-candidata ao Senado Mar\u00edlia Arraes manteve conversa com a governadora Raquel Lyra (PSD), em busca de espa\u00e7o na chapa da gestora estadual. At\u00e9 ent\u00e3o integrante do grupo do prefeito do Recife e virtual pr\u00e9-candidato ao governo estadual, Jo\u00e3o Campos (PSB), a ex-deputada estadual recebeu de Raquel Lyra manifesta\u00e7\u00e3o de interesse em rela\u00e7\u00e3o \u00e0 possibilidade [&hellip;]","og_url":"https:\/\/serrafm879.com.br\/serrafm\/2026\/03\/carlos-lupi-crava-que-pdt-estara-no-palanque-que-der-a-marilia-arraes-vaga-de-candidata-ao-senado\/","og_site_name":"Serra FM 87,9","article_published_time":"2026-03-13T11:49:19+00:00","article_modified_time":"2026-03-13T11:49:44+00:00","og_image":[{"width":1100,"height":734,"url":"http:\/\/serrafm879.com.br\/serrafm\/wp-content\/uploads\/2026\/03\/whatsapp-image-2026-03-12-at-182123.jpeg","type":"image\/jpeg"}],"author":"serrafm87","twitter_card":"summary_large_image","twitter_misc":{"Escrito por":"serrafm87","Est. tempo de leitura":"4 minutos"},"schema":{"@context":"https:\/\/schema.org","@graph":[{"@type":"WebPage","@id":"https:\/\/serrafm879.com.br\/serrafm\/2026\/03\/carlos-lupi-crava-que-pdt-estara-no-palanque-que-der-a-marilia-arraes-vaga-de-candidata-ao-senado\/","url":"https:\/\/serrafm879.com.br\/serrafm\/2026\/03\/carlos-lupi-crava-que-pdt-estara-no-palanque-que-der-a-marilia-arraes-vaga-de-candidata-ao-senado\/","name":"Carlos Lupi crava que PDT estar\u00e1 no palanque que der a Mar\u00edlia Arraes vaga de candidata ao Senado - Serra FM 87,9","isPartOf":{"@id":"https:\/\/serrafm879.com.br\/serrafm\/#website"},"primaryImageOfPage":{"@id":"https:\/\/serrafm879.com.br\/serrafm\/2026\/03\/carlos-lupi-crava-que-pdt-estara-no-palanque-que-der-a-marilia-arraes-vaga-de-candidata-ao-senado\/#primaryimage"},"image":{"@id":"https:\/\/serrafm879.com.br\/serrafm\/2026\/03\/carlos-lupi-crava-que-pdt-estara-no-palanque-que-der-a-marilia-arraes-vaga-de-candidata-ao-senado\/#primaryimage"},"thumbnailUrl":"https:\/\/serrafm879.com.br\/serrafm\/wp-content\/uploads\/2026\/03\/whatsapp-image-2026-03-12-at-182123.jpeg","datePublished":"2026-03-13T11:49:19+00:00","dateModified":"2026-03-13T11:49:44+00:00","author":{"@id":"https:\/\/serrafm879.com.br\/serrafm\/#\/schema\/person\/c028a197030ff8b1c03c68dfba4a787a"},"breadcrumb":{"@id":"https:\/\/serrafm879.com.br\/serrafm\/2026\/03\/carlos-lupi-crava-que-pdt-estara-no-palanque-que-der-a-marilia-arraes-vaga-de-candidata-ao-senado\/#breadcrumb"},"inLanguage":"pt-BR","potentialAction":[{"@type":"ReadAction","target":["https:\/\/serrafm879.com.br\/serrafm\/2026\/03\/carlos-lupi-crava-que-pdt-estara-no-palanque-que-der-a-marilia-arraes-vaga-de-candidata-ao-senado\/"]}]},{"@type":"ImageObject","inLanguage":"pt-BR","@id":"https:\/\/serrafm879.com.br\/serrafm\/2026\/03\/carlos-lupi-crava-que-pdt-estara-no-palanque-que-der-a-marilia-arraes-vaga-de-candidata-ao-senado\/#primaryimage","url":"https:\/\/serrafm879.com.br\/serrafm\/wp-content\/uploads\/2026\/03\/whatsapp-image-2026-03-12-at-182123.jpeg","contentUrl":"https:\/\/serrafm879.com.br\/serrafm\/wp-content\/uploads\/2026\/03\/whatsapp-image-2026-03-12-at-182123.jpeg","width":1100,"height":734},{"@type":"BreadcrumbList","@id":"https:\/\/serrafm879.com.br\/serrafm\/2026\/03\/carlos-lupi-crava-que-pdt-estara-no-palanque-que-der-a-marilia-arraes-vaga-de-candidata-ao-senado\/#breadcrumb","itemListElement":[{"@type":"ListItem","position":1,"name":"In\u00edcio","item":"https:\/\/serrafm879.com.br\/serrafm\/"},{"@type":"ListItem","position":2,"name":"Carlos Lupi crava que PDT estar\u00e1 no palanque que der a Mar\u00edlia Arraes vaga de candidata ao Senado"}]},{"@type":"WebSite","@id":"https:\/\/serrafm879.com.br\/serrafm\/#website","url":"https:\/\/serrafm879.com.br\/serrafm\/","name":"Serra FM 87,9","description":"O seu novo amor!","potentialAction":[{"@type":"SearchAction","target":{"@type":"EntryPoint","urlTemplate":"https:\/\/serrafm879.com.br\/serrafm\/?s={search_term_string}"},"query-input":{"@type":"PropertyValueSpecification","valueRequired":true,"valueName":"search_term_string"}}],"inLanguage":"pt-BR"},{"@type":"Person","@id":"https:\/\/serrafm879.com.br\/serrafm\/#\/schema\/person\/c028a197030ff8b1c03c68dfba4a787a","name":"serrafm87","image":{"@type":"ImageObject","inLanguage":"pt-BR","@id":"https:\/\/serrafm879.com.br\/serrafm\/#\/schema\/person\/image\/","url":"https:\/\/secure.gravatar.com\/avatar\/a743233f1112d34f48bb3dc9559b76eb930bab8b27175856cba6362608736235?s=96&d=mm&r=g","contentUrl":"https:\/\/secure.gravatar.com\/avatar\/a743233f1112d34f48bb3dc9559b76eb930bab8b27175856cba6362608736235?s=96&d=mm&r=g","caption":"serrafm87"},"sameAs":["http:\/\/serrafm879.com.br\/"],"url":"https:\/\/serrafm879.com.br\/serrafm\/author\/serrafm87\/"}]}},"jetpack_featured_media_url":"https:\/\/serrafm879.com.br\/serrafm\/wp-content\/uploads\/2026\/03\/whatsapp-image-2026-03-12-at-182123.jpeg","jetpack_shortlink":"https:\/\/wp.me\/p7HyXg-6ZN","jetpack_sharing_enabled":true,"_links":{"self":[{"href":"https:\/\/serrafm879.com.br\/serrafm\/wp-json\/wp\/v2\/posts\/26895","targetHints":{"allow":["GET"]}}],"collection":[{"href":"https:\/\/serrafm879.com.br\/serrafm\/wp-json\/wp\/v2\/posts"}],"about":[{"href":"https:\/\/serrafm879.com.br\/serrafm\/wp-json\/wp\/v2\/types\/post"}],"author":[{"embeddable":true,"href":"https:\/\/serrafm879.com.br\/serrafm\/wp-json\/wp\/v2\/users\/2"}],"replies":[{"embeddable":true,"href":"https:\/\/serrafm879.com.br\/serrafm\/wp-json\/wp\/v2\/comments?post=26895"}],"version-history":[{"count":1,"href":"https:\/\/serrafm879.com.br\/serrafm\/wp-json\/wp\/v2\/posts\/26895\/revisions"}],"predecessor-version":[{"id":26897,"href":"https:\/\/serrafm879.com.br\/serrafm\/wp-json\/wp\/v2\/posts\/26895\/revisions\/26897"}],"wp:featuredmedia":[{"embeddable":true,"href":"https:\/\/serrafm879.com.br\/serrafm\/wp-json\/wp\/v2\/media\/26896"}],"wp:attachment":[{"href":"https:\/\/serrafm879.com.br\/serrafm\/wp-json\/wp\/v2\/media?parent=26895"}],"wp:term":[{"taxonomy":"category","embeddable":true,"href":"https:\/\/serrafm879.com.br\/serrafm\/wp-json\/wp\/v2\/categories?post=26895"},{"taxonomy":"post_tag","embeddable":true,"href":"https:\/\/serrafm879.com.br\/serrafm\/wp-json\/wp\/v2\/tags?post=26895"}],"curies":[{"name":"wp","href":"https:\/\/api.w.org\/{rel}","templated":true}]}}