{"id":26898,"date":"2026-03-13T08:57:39","date_gmt":"2026-03-13T11:57:39","guid":{"rendered":"https:\/\/serrafm879.com.br\/serrafm\/?p=26898"},"modified":"2026-03-13T08:57:39","modified_gmt":"2026-03-13T11:57:39","slug":"esfcex-exercito-divulga-concurso-com-227-vagas-para-todo-o-brasil","status":"publish","type":"post","link":"https:\/\/serrafm879.com.br\/serrafm\/2026\/03\/esfcex-exercito-divulga-concurso-com-227-vagas-para-todo-o-brasil\/","title":{"rendered":"Esfcex: Ex\u00e9rcito divulga concurso com 227 vagas para todo o Brasil"},"content":{"rendered":"<p class=\"second_blur_2\">A Escola de Sa\u00fade e Forma\u00e7\u00e3o Complementar do Ex\u00e9rcito Brasileiro\u00a0(<a href=\"http:\/\/www.esfcex.eb.mil.br\/\" target=\"_self\"><strong>esfcex<\/strong><\/a>) divulgou editais de concurso para ingresso em 2027.<\/p>\n<div id=\"portal-whatsapp-cta\">\n<p>Ao todo, est\u00e3o sendo oferecidas 227 vagas de n\u00edvel superior distribu\u00eddas entre oficiais do servi\u00e7o de sa\u00fade, oficiais do quadro de capel\u00e3es militares e quadro complementar.<\/p>\n<p data-intext-processed=\"true\">Para o servi\u00e7o de sa\u00fade, est\u00e3o sendo ofertadas 109 vagas de\u00a0<strong>\u00e2mbito nacional<\/strong>\u00a0nas seguintes \u00e1reas:<\/p>\n<div id=\"_ppads_outstream_intext\" data-premium=\"\" data-adunit=\"FOLHA_PE_INTEXT_01\" data-sizes-mobile=\"[[336,280],[320,320],[300,300],[300,250],[300,190],[250,250],[200,200]]\" data-sizes-desktop=\"[[336,280],[320,320],[300,300],[300,250],[250,250],[200,200]]\" data-type=\"intext\" data-count=\"1\" data-fetch=\"true\" data-google-query-id=\"CM_k2OjnnJMDFctK3QIdnZItJw\">Anestesiologia<br \/>\nCancerologia\/Oncologia<br \/>\nCardiologia<br \/>\nCirurgia de Cabe\u00e7a e Pesco\u00e7o<br \/>\nCirurgia Geral<br \/>\nCirurgia de M\u00e3o<br \/>\nCirurgia Vascular<br \/>\nCl\u00ednica M\u00e9dica<br \/>\nEndocrinologia<br \/>\nEndoscopia Digestiva<br \/>\nGeriatria<br \/>\nGinecologia e Obstetr\u00edcia<br \/>\nHematologia e Hemoterapia<br \/>\nInfectologia<br \/>\nMastologia<br \/>\nMedicina da Fam\u00edlia &#8211; Sa\u00fade da Fam\u00edlia<br \/>\nMedicina Intensiva<br \/>\nMedicina Intensiva Pedi\u00e1trica<br \/>\nNefrologia<br \/>\nNeurologia<br \/>\nOftalmologia<br \/>\nOrtopedia\/Traumatologia<br \/>\nOrtopedia\/Traumatologia (cirurgia de joelho)<br \/>\nOrtopedia\/Traumatologia (cirurgia de ombro)<br \/>\nOtorrinolaringologia<br \/>\nPatologia<br \/>\nPediatria<br \/>\nPneumologia<br \/>\nProctologia<br \/>\nPsiquiatria<br \/>\nRadiologia<br \/>\nReumatologia<br \/>\nUrologia<br \/>\nSem especialidade.<\/div>\n<\/div>\n<div data-premium=\"\" data-adunit=\"FOLHA_PE_INTEXT_01\" data-sizes-mobile=\"[[336,280],[320,320],[300,300],[300,250],[300,190],[250,250],[200,200]]\" data-sizes-desktop=\"[[336,280],[320,320],[300,300],[300,250],[250,250],[200,200]]\" data-type=\"intext\" data-count=\"1\" data-fetch=\"true\" data-google-query-id=\"CM_k2OjnnJMDFctK3QIdnZItJw\"><\/div>\n<div data-premium=\"\" data-adunit=\"FOLHA_PE_INTEXT_01\" data-sizes-mobile=\"[[336,280],[320,320],[300,300],[300,250],[300,190],[250,250],[200,200]]\" data-sizes-desktop=\"[[336,280],[320,320],[300,300],[300,250],[250,250],[200,200]]\" data-type=\"intext\" data-count=\"1\" data-fetch=\"true\" data-google-query-id=\"CM_k2OjnnJMDFctK3QIdnZItJw\">J\u00e1 de\u00a0<strong>\u00e2mbito regional<\/strong>, h\u00e1 43 vagas em diferentes \u00e1reas e locais, incluindo quatro delas para o Recife:<\/div>\n<div data-premium=\"\" data-adunit=\"FOLHA_PE_INTEXT_01\" data-sizes-mobile=\"[[336,280],[320,320],[300,300],[300,250],[300,190],[250,250],[200,200]]\" data-sizes-desktop=\"[[336,280],[320,320],[300,300],[300,250],[250,250],[200,200]]\" data-type=\"intext\" data-count=\"1\" data-fetch=\"true\" data-google-query-id=\"CM_k2OjnnJMDFctK3QIdnZItJw\"><\/div>\n<div data-premium=\"\" data-adunit=\"FOLHA_PE_INTEXT_01\" data-sizes-mobile=\"[[336,280],[320,320],[300,300],[300,250],[300,190],[250,250],[200,200]]\" data-sizes-desktop=\"[[336,280],[320,320],[300,300],[300,250],[250,250],[200,200]]\" data-type=\"intext\" data-count=\"1\" data-fetch=\"true\" data-google-query-id=\"CM_k2OjnnJMDFctK3QIdnZItJw\">Cancerologia\/Oncologia<br \/>\nCardiologia<br \/>\nCardiologia Intervencionista<br \/>\n(Hemodin\u00e2mica)<br \/>\nPsiquiatria<br \/>\nEndoscopia Digestiva<br \/>\nHematologia e Hemoterapia<br \/>\nMedicina Intensiva<br \/>\nNeonatologia<br \/>\nNeurocirurgia<br \/>\nProctologia<br \/>\nRadiologia.<\/div>\n<div data-premium=\"\" data-adunit=\"FOLHA_PE_INTEXT_01\" data-sizes-mobile=\"[[336,280],[320,320],[300,300],[300,250],[300,190],[250,250],[200,200]]\" data-sizes-desktop=\"[[336,280],[320,320],[300,300],[300,250],[250,250],[200,200]]\" data-type=\"intext\" data-count=\"1\" data-fetch=\"true\" data-google-query-id=\"CM_k2OjnnJMDFctK3QIdnZItJw\"><\/div>\n<div data-premium=\"\" data-adunit=\"FOLHA_PE_INTEXT_01\" data-sizes-mobile=\"[[336,280],[320,320],[300,300],[300,250],[300,190],[250,250],[200,200]]\" data-sizes-desktop=\"[[336,280],[320,320],[300,300],[300,250],[250,250],[200,200]]\" data-type=\"intext\" data-count=\"1\" data-fetch=\"true\" data-google-query-id=\"CM_k2OjnnJMDFctK3QIdnZItJw\">\n<p>H\u00e1 tamb\u00e9m 8 vagas para<strong>\u00a0oficiais<\/strong>\u00a0<strong>farmac\u00eauticos<\/strong>\u00a0nas seguintes especialidades:<br \/>\nFarm\u00e1cia;<br \/>\nFarm\u00e1cia Oncol\u00f3gica.<\/p>\n<p>O edital prev\u00ea, ainda, 8 vagas para\u00a0<strong>oficiais dentistas<\/strong>\u00a0nas seguintes \u00e1reas:<br \/>\nCirurgia e Traumatologia Buco-M\u00e1xilo-Facial<br \/>\nImplantodontia<br \/>\nDent\u00edstica Restauradora<br \/>\nOdontologia Hospitalar.<\/p>\n<\/div>\n<p>J\u00e1 para o\u00a0<strong>quadro complementar de oficiais<\/strong>, s\u00e3o 57 vagas para as seguintes \u00e1reas:<br \/>\nAdministra\u00e7\u00e3o<br \/>\nCi\u00eancias Cont\u00e1beis<br \/>\nComunica\u00e7\u00e3o Social (Jornalismo)<br \/>\nDireito<br \/>\nEconomia<br \/>\nEnfermagem<br \/>\nEstat\u00edstica<br \/>\nInform\u00e1tica<br \/>\nPsicologia<br \/>\nPedagogia<br \/>\nVeterin\u00e1ria<br \/>\nMagist\u00e9rio Biologia<br \/>\nMagist\u00e9rio Geografia<br \/>\nMagist\u00e9rio Hist\u00f3ria<br \/>\nMagist\u00e9rio Ingl\u00eas<br \/>\nMagist\u00e9rio Matem\u00e1tica<\/p>\n<p>Para o quadro de\u00a0<strong>capel\u00e3es militares<\/strong>, est\u00e3o sendo oferecidas duas vagas para o cargo de padre cat\u00f3lico apost\u00f3lico romano.<\/p>\n<p><strong>Exig\u00eancias<\/strong><br \/>\nPodem participar candidatos de ambos os sexos, brasileiros, com idade m\u00e1xima de 32 anos completos at\u00e9 31 de dezembro de 2027. Para o quadro de capel\u00e3es militares, possuir idade de, no m\u00ednimo 30 anos e no m\u00e1ximo 40 anos completados at\u00e9 a data do t\u00e9rmino do curso.<\/p>\n<p><strong>Inscri\u00e7\u00f5es<\/strong><br \/>\nAs inscri\u00e7\u00f5es come\u00e7am no dia 27 de mar\u00e7o e seguem at\u00e9 o dia 12 de junho, no\u00a0<a href=\"http:\/\/www.esfcex.eb.mil.br\/\" target=\"_self\"><strong>site da esfcex<\/strong><\/a>.<\/p>\n<p>A taxa de inscri\u00e7\u00e3o custa R$ 150. A isen\u00e7\u00e3o do valor pode ser solicitada at\u00e9 o dia 3 de abril.<\/p>\n<p>As provas ser\u00e3o aplicadas em capitais de estados de todas as regi\u00f5es do Brasil. No Nordeste, os locais s\u00e3o:<\/p>\n<p data-intext-processed=\"true\">&#8211; Recife &#8211; Comando da 7\u00aa Divis\u00e3o de Ex\u00e9rcito;<br \/>\n&#8211;\u00a0Salvador &#8211; Comando da 6\u00aa Regi\u00e3o Militar;<br \/>\n&#8211;\u00a0Fortaleza &#8211; Comando da 10\u00aa Regi\u00e3o Militar.<\/p>\n<p data-intext-processed=\"true\"><strong>Sele\u00e7\u00e3o<\/strong><br \/>\nA primeira etapa da sele\u00e7\u00e3o ocorrer\u00e1 por meio de prova objetiva com 50 quest\u00f5es divididas entre conte\u00fados de conhecimentos gerais em l\u00edngua portuguesa, hist\u00f3ria e geografia do Brasil, e tamb\u00e9m sobre assuntos espec\u00edficos na \u00e1rea pretendida.<\/p>\n<p data-intext-processed=\"true\">A avalia\u00e7\u00e3o est\u00e1 prevista para ser realizada no dia 12 de julho e ser\u00e1 aplicada em v\u00e1rias capitais brasileiras.<\/p>\n<p data-intext-processed=\"true\">O edital tamb\u00e9m prev\u00ea a realiza\u00e7\u00e3o de outras etapas, como inspe\u00e7\u00e3o de sa\u00fade, exame de aptid\u00e3o f\u00edsica e avalia\u00e7\u00e3o psicol\u00f3gica, que devem ocorrer entre setembro e novembro deste ano.<\/p>\n<div id=\"pads_intext-177340265020324\" data-premium=\"\" data-adunit=\"FOLHA_PE_INTEXT_06\" data-sizes-mobile=\"[[336,280],[320,320],[300,300],[300,250],[300,190],[250,250],[200,200]]\" data-sizes-desktop=\"[[336,280],[320,320],[300,300],[300,250],[250,250],[200,200]]\" data-type=\"intext\" data-count=\"6\" data-fetch=\"true\" data-google-query-id=\"CNWa0dXonJMDFZZpuAQdQEo4Rw\">A matr\u00edcula final deve ocorrer em 8 de mar\u00e7o de 2027.<\/p>\n<p>O edital n\u00e3o descreve valores para fins de remunera\u00e7\u00e3o e nem demais benef\u00edcios.<\/p><\/div>\n","protected":false},"excerpt":{"rendered":"<p>A Escola de Sa\u00fade e Forma\u00e7\u00e3o Complementar do Ex\u00e9rcito Brasileiro\u00a0(esfcex) divulgou editais de concurso para ingresso em 2027. Ao todo, est\u00e3o sendo oferecidas 227 vagas de n\u00edvel superior distribu\u00eddas entre oficiais do servi\u00e7o de sa\u00fade, oficiais do quadro de capel\u00e3es militares e quadro complementar. Para o servi\u00e7o de sa\u00fade, est\u00e3o sendo ofertadas 109 vagas de\u00a0\u00e2mbito nacional\u00a0nas seguintes \u00e1reas: Anestesiologia Cancerologia\/Oncologia Cardiologia Cirurgia de Cabe\u00e7a e Pesco\u00e7o Cirurgia Geral Cirurgia de M\u00e3o Cirurgia Vascular Cl\u00ednica M\u00e9dica Endocrinologia Endoscopia Digestiva Geriatria Ginecologia e Obstetr\u00edcia Hematologia e Hemoterapia Infectologia Mastologia Medicina da Fam\u00edlia &#8211; Sa\u00fade da Fam\u00edlia Medicina Intensiva Medicina Intensiva Pedi\u00e1trica Nefrologia [&hellip;]<\/p>\n","protected":false},"author":2,"featured_media":26900,"comment_status":"open","ping_status":"open","sticky":false,"template":"","format":"standard","meta":{"_jetpack_memberships_contains_paid_content":false,"footnotes":"","jetpack_publicize_message":"","jetpack_publicize_feature_enabled":true,"jetpack_social_post_already_shared":true,"jetpack_social_options":{"image_generator_settings":{"template":"highway","enabled":false},"version":2}},"categories":[149],"tags":[306,332,331],"class_list":["post-26898","post","type-post","status-publish","format-standard","has-post-thumbnail","hentry","category-brasil","tag-brasil","tag-concurso","tag-exercito"],"jetpack_publicize_connections":[],"yoast_head":"<!-- This site is optimized with the Yoast SEO plugin v24.7 - https:\/\/yoast.com\/wordpress\/plugins\/seo\/ -->\n<title>Esfcex: Ex\u00e9rcito divulga concurso com 227 vagas para todo o Brasil - Serra FM 87,9<\/title>\n<meta name=\"description\" content=\"A Escola de Sa\u00fade e Forma\u00e7\u00e3o Complementar do Ex\u00e9rcito Brasileiro\u00a0(esfcex) divulgou editais de concurso para ingresso em 2027.\" \/>\n<meta name=\"robots\" content=\"index, follow, max-snippet:-1, max-image-preview:large, max-video-preview:-1\" \/>\n<link rel=\"canonical\" href=\"https:\/\/serrafm879.com.br\/serrafm\/2026\/03\/esfcex-exercito-divulga-concurso-com-227-vagas-para-todo-o-brasil\/\" \/>\n<meta property=\"og:locale\" content=\"pt_BR\" \/>\n<meta property=\"og:type\" content=\"article\" \/>\n<meta property=\"og:title\" content=\"Esfcex: Ex\u00e9rcito divulga concurso com 227 vagas para todo o Brasil - Serra FM 87,9\" \/>\n<meta property=\"og:description\" content=\"A Escola de Sa\u00fade e Forma\u00e7\u00e3o Complementar do Ex\u00e9rcito Brasileiro\u00a0(esfcex) divulgou editais de concurso para ingresso em 2027.\" \/>\n<meta property=\"og:url\" content=\"https:\/\/serrafm879.com.br\/serrafm\/2026\/03\/esfcex-exercito-divulga-concurso-com-227-vagas-para-todo-o-brasil\/\" \/>\n<meta property=\"og:site_name\" content=\"Serra FM 87,9\" \/>\n<meta property=\"article:published_time\" content=\"2026-03-13T11:57:39+00:00\" \/>\n<meta property=\"og:image\" content=\"http:\/\/serrafm879.com.br\/serrafm\/wp-content\/uploads\/2026\/03\/sem-titulo_13.png\" \/>\n\t<meta property=\"og:image:width\" content=\"768\" \/>\n\t<meta property=\"og:image:height\" content=\"460\" \/>\n\t<meta property=\"og:image:type\" content=\"image\/png\" \/>\n<meta name=\"author\" content=\"serrafm87\" \/>\n<meta name=\"twitter:card\" content=\"summary_large_image\" \/>\n<meta name=\"twitter:label1\" content=\"Escrito por\" \/>\n\t<meta name=\"twitter:data1\" content=\"serrafm87\" \/>\n\t<meta name=\"twitter:label2\" content=\"Est. tempo de leitura\" \/>\n\t<meta name=\"twitter:data2\" content=\"3 minutos\" \/>\n<script type=\"application\/ld+json\" class=\"yoast-schema-graph\">{\"@context\":\"https:\/\/schema.org\",\"@graph\":[{\"@type\":\"WebPage\",\"@id\":\"https:\/\/serrafm879.com.br\/serrafm\/2026\/03\/esfcex-exercito-divulga-concurso-com-227-vagas-para-todo-o-brasil\/\",\"url\":\"https:\/\/serrafm879.com.br\/serrafm\/2026\/03\/esfcex-exercito-divulga-concurso-com-227-vagas-para-todo-o-brasil\/\",\"name\":\"Esfcex: Ex\u00e9rcito divulga concurso com 227 vagas para todo o Brasil - Serra FM 87,9\",\"isPartOf\":{\"@id\":\"https:\/\/serrafm879.com.br\/serrafm\/#website\"},\"primaryImageOfPage\":{\"@id\":\"https:\/\/serrafm879.com.br\/serrafm\/2026\/03\/esfcex-exercito-divulga-concurso-com-227-vagas-para-todo-o-brasil\/#primaryimage\"},\"image\":{\"@id\":\"https:\/\/serrafm879.com.br\/serrafm\/2026\/03\/esfcex-exercito-divulga-concurso-com-227-vagas-para-todo-o-brasil\/#primaryimage\"},\"thumbnailUrl\":\"https:\/\/serrafm879.com.br\/serrafm\/wp-content\/uploads\/2026\/03\/sem-titulo_13.png\",\"datePublished\":\"2026-03-13T11:57:39+00:00\",\"author\":{\"@id\":\"https:\/\/serrafm879.com.br\/serrafm\/#\/schema\/person\/c028a197030ff8b1c03c68dfba4a787a\"},\"description\":\"A Escola de Sa\u00fade e Forma\u00e7\u00e3o Complementar do Ex\u00e9rcito Brasileiro\u00a0(esfcex) divulgou editais de concurso para ingresso em 2027.\",\"breadcrumb\":{\"@id\":\"https:\/\/serrafm879.com.br\/serrafm\/2026\/03\/esfcex-exercito-divulga-concurso-com-227-vagas-para-todo-o-brasil\/#breadcrumb\"},\"inLanguage\":\"pt-BR\",\"potentialAction\":[{\"@type\":\"ReadAction\",\"target\":[\"https:\/\/serrafm879.com.br\/serrafm\/2026\/03\/esfcex-exercito-divulga-concurso-com-227-vagas-para-todo-o-brasil\/\"]}]},{\"@type\":\"ImageObject\",\"inLanguage\":\"pt-BR\",\"@id\":\"https:\/\/serrafm879.com.br\/serrafm\/2026\/03\/esfcex-exercito-divulga-concurso-com-227-vagas-para-todo-o-brasil\/#primaryimage\",\"url\":\"https:\/\/serrafm879.com.br\/serrafm\/wp-content\/uploads\/2026\/03\/sem-titulo_13.png\",\"contentUrl\":\"https:\/\/serrafm879.com.br\/serrafm\/wp-content\/uploads\/2026\/03\/sem-titulo_13.png\",\"width\":768,\"height\":460},{\"@type\":\"BreadcrumbList\",\"@id\":\"https:\/\/serrafm879.com.br\/serrafm\/2026\/03\/esfcex-exercito-divulga-concurso-com-227-vagas-para-todo-o-brasil\/#breadcrumb\",\"itemListElement\":[{\"@type\":\"ListItem\",\"position\":1,\"name\":\"In\u00edcio\",\"item\":\"https:\/\/serrafm879.com.br\/serrafm\/\"},{\"@type\":\"ListItem\",\"position\":2,\"name\":\"Esfcex: Ex\u00e9rcito divulga concurso com 227 vagas para todo o Brasil\"}]},{\"@type\":\"WebSite\",\"@id\":\"https:\/\/serrafm879.com.br\/serrafm\/#website\",\"url\":\"https:\/\/serrafm879.com.br\/serrafm\/\",\"name\":\"Serra FM 87,9\",\"description\":\"O seu novo amor!\",\"potentialAction\":[{\"@type\":\"SearchAction\",\"target\":{\"@type\":\"EntryPoint\",\"urlTemplate\":\"https:\/\/serrafm879.com.br\/serrafm\/?s={search_term_string}\"},\"query-input\":{\"@type\":\"PropertyValueSpecification\",\"valueRequired\":true,\"valueName\":\"search_term_string\"}}],\"inLanguage\":\"pt-BR\"},{\"@type\":\"Person\",\"@id\":\"https:\/\/serrafm879.com.br\/serrafm\/#\/schema\/person\/c028a197030ff8b1c03c68dfba4a787a\",\"name\":\"serrafm87\",\"image\":{\"@type\":\"ImageObject\",\"inLanguage\":\"pt-BR\",\"@id\":\"https:\/\/serrafm879.com.br\/serrafm\/#\/schema\/person\/image\/\",\"url\":\"https:\/\/secure.gravatar.com\/avatar\/a743233f1112d34f48bb3dc9559b76eb930bab8b27175856cba6362608736235?s=96&d=mm&r=g\",\"contentUrl\":\"https:\/\/secure.gravatar.com\/avatar\/a743233f1112d34f48bb3dc9559b76eb930bab8b27175856cba6362608736235?s=96&d=mm&r=g\",\"caption\":\"serrafm87\"},\"sameAs\":[\"http:\/\/serrafm879.com.br\/\"],\"url\":\"https:\/\/serrafm879.com.br\/serrafm\/author\/serrafm87\/\"}]}<\/script>\n<!-- \/ Yoast SEO plugin. -->","yoast_head_json":{"title":"Esfcex: Ex\u00e9rcito divulga concurso com 227 vagas para todo o Brasil - Serra FM 87,9","description":"A Escola de Sa\u00fade e Forma\u00e7\u00e3o Complementar do Ex\u00e9rcito Brasileiro\u00a0(esfcex) divulgou editais de concurso para ingresso em 2027.","robots":{"index":"index","follow":"follow","max-snippet":"max-snippet:-1","max-image-preview":"max-image-preview:large","max-video-preview":"max-video-preview:-1"},"canonical":"https:\/\/serrafm879.com.br\/serrafm\/2026\/03\/esfcex-exercito-divulga-concurso-com-227-vagas-para-todo-o-brasil\/","og_locale":"pt_BR","og_type":"article","og_title":"Esfcex: Ex\u00e9rcito divulga concurso com 227 vagas para todo o Brasil - Serra FM 87,9","og_description":"A Escola de Sa\u00fade e Forma\u00e7\u00e3o Complementar do Ex\u00e9rcito Brasileiro\u00a0(esfcex) divulgou editais de concurso para ingresso em 2027.","og_url":"https:\/\/serrafm879.com.br\/serrafm\/2026\/03\/esfcex-exercito-divulga-concurso-com-227-vagas-para-todo-o-brasil\/","og_site_name":"Serra FM 87,9","article_published_time":"2026-03-13T11:57:39+00:00","og_image":[{"width":768,"height":460,"url":"http:\/\/serrafm879.com.br\/serrafm\/wp-content\/uploads\/2026\/03\/sem-titulo_13.png","type":"image\/png"}],"author":"serrafm87","twitter_card":"summary_large_image","twitter_misc":{"Escrito por":"serrafm87","Est. tempo de leitura":"3 minutos"},"schema":{"@context":"https:\/\/schema.org","@graph":[{"@type":"WebPage","@id":"https:\/\/serrafm879.com.br\/serrafm\/2026\/03\/esfcex-exercito-divulga-concurso-com-227-vagas-para-todo-o-brasil\/","url":"https:\/\/serrafm879.com.br\/serrafm\/2026\/03\/esfcex-exercito-divulga-concurso-com-227-vagas-para-todo-o-brasil\/","name":"Esfcex: Ex\u00e9rcito divulga concurso com 227 vagas para todo o Brasil - Serra FM 87,9","isPartOf":{"@id":"https:\/\/serrafm879.com.br\/serrafm\/#website"},"primaryImageOfPage":{"@id":"https:\/\/serrafm879.com.br\/serrafm\/2026\/03\/esfcex-exercito-divulga-concurso-com-227-vagas-para-todo-o-brasil\/#primaryimage"},"image":{"@id":"https:\/\/serrafm879.com.br\/serrafm\/2026\/03\/esfcex-exercito-divulga-concurso-com-227-vagas-para-todo-o-brasil\/#primaryimage"},"thumbnailUrl":"https:\/\/serrafm879.com.br\/serrafm\/wp-content\/uploads\/2026\/03\/sem-titulo_13.png","datePublished":"2026-03-13T11:57:39+00:00","author":{"@id":"https:\/\/serrafm879.com.br\/serrafm\/#\/schema\/person\/c028a197030ff8b1c03c68dfba4a787a"},"description":"A Escola de Sa\u00fade e Forma\u00e7\u00e3o Complementar do Ex\u00e9rcito Brasileiro\u00a0(esfcex) divulgou editais de concurso para ingresso em 2027.","breadcrumb":{"@id":"https:\/\/serrafm879.com.br\/serrafm\/2026\/03\/esfcex-exercito-divulga-concurso-com-227-vagas-para-todo-o-brasil\/#breadcrumb"},"inLanguage":"pt-BR","potentialAction":[{"@type":"ReadAction","target":["https:\/\/serrafm879.com.br\/serrafm\/2026\/03\/esfcex-exercito-divulga-concurso-com-227-vagas-para-todo-o-brasil\/"]}]},{"@type":"ImageObject","inLanguage":"pt-BR","@id":"https:\/\/serrafm879.com.br\/serrafm\/2026\/03\/esfcex-exercito-divulga-concurso-com-227-vagas-para-todo-o-brasil\/#primaryimage","url":"https:\/\/serrafm879.com.br\/serrafm\/wp-content\/uploads\/2026\/03\/sem-titulo_13.png","contentUrl":"https:\/\/serrafm879.com.br\/serrafm\/wp-content\/uploads\/2026\/03\/sem-titulo_13.png","width":768,"height":460},{"@type":"BreadcrumbList","@id":"https:\/\/serrafm879.com.br\/serrafm\/2026\/03\/esfcex-exercito-divulga-concurso-com-227-vagas-para-todo-o-brasil\/#breadcrumb","itemListElement":[{"@type":"ListItem","position":1,"name":"In\u00edcio","item":"https:\/\/serrafm879.com.br\/serrafm\/"},{"@type":"ListItem","position":2,"name":"Esfcex: Ex\u00e9rcito divulga concurso com 227 vagas para todo o Brasil"}]},{"@type":"WebSite","@id":"https:\/\/serrafm879.com.br\/serrafm\/#website","url":"https:\/\/serrafm879.com.br\/serrafm\/","name":"Serra FM 87,9","description":"O seu novo amor!","potentialAction":[{"@type":"SearchAction","target":{"@type":"EntryPoint","urlTemplate":"https:\/\/serrafm879.com.br\/serrafm\/?s={search_term_string}"},"query-input":{"@type":"PropertyValueSpecification","valueRequired":true,"valueName":"search_term_string"}}],"inLanguage":"pt-BR"},{"@type":"Person","@id":"https:\/\/serrafm879.com.br\/serrafm\/#\/schema\/person\/c028a197030ff8b1c03c68dfba4a787a","name":"serrafm87","image":{"@type":"ImageObject","inLanguage":"pt-BR","@id":"https:\/\/serrafm879.com.br\/serrafm\/#\/schema\/person\/image\/","url":"https:\/\/secure.gravatar.com\/avatar\/a743233f1112d34f48bb3dc9559b76eb930bab8b27175856cba6362608736235?s=96&d=mm&r=g","contentUrl":"https:\/\/secure.gravatar.com\/avatar\/a743233f1112d34f48bb3dc9559b76eb930bab8b27175856cba6362608736235?s=96&d=mm&r=g","caption":"serrafm87"},"sameAs":["http:\/\/serrafm879.com.br\/"],"url":"https:\/\/serrafm879.com.br\/serrafm\/author\/serrafm87\/"}]}},"jetpack_featured_media_url":"https:\/\/serrafm879.com.br\/serrafm\/wp-content\/uploads\/2026\/03\/sem-titulo_13.png","jetpack_shortlink":"https:\/\/wp.me\/p7HyXg-6ZQ","jetpack_sharing_enabled":true,"_links":{"self":[{"href":"https:\/\/serrafm879.com.br\/serrafm\/wp-json\/wp\/v2\/posts\/26898","targetHints":{"allow":["GET"]}}],"collection":[{"href":"https:\/\/serrafm879.com.br\/serrafm\/wp-json\/wp\/v2\/posts"}],"about":[{"href":"https:\/\/serrafm879.com.br\/serrafm\/wp-json\/wp\/v2\/types\/post"}],"author":[{"embeddable":true,"href":"https:\/\/serrafm879.com.br\/serrafm\/wp-json\/wp\/v2\/users\/2"}],"replies":[{"embeddable":true,"href":"https:\/\/serrafm879.com.br\/serrafm\/wp-json\/wp\/v2\/comments?post=26898"}],"version-history":[{"count":1,"href":"https:\/\/serrafm879.com.br\/serrafm\/wp-json\/wp\/v2\/posts\/26898\/revisions"}],"predecessor-version":[{"id":26901,"href":"https:\/\/serrafm879.com.br\/serrafm\/wp-json\/wp\/v2\/posts\/26898\/revisions\/26901"}],"wp:featuredmedia":[{"embeddable":true,"href":"https:\/\/serrafm879.com.br\/serrafm\/wp-json\/wp\/v2\/media\/26900"}],"wp:attachment":[{"href":"https:\/\/serrafm879.com.br\/serrafm\/wp-json\/wp\/v2\/media?parent=26898"}],"wp:term":[{"taxonomy":"category","embeddable":true,"href":"https:\/\/serrafm879.com.br\/serrafm\/wp-json\/wp\/v2\/categories?post=26898"},{"taxonomy":"post_tag","embeddable":true,"href":"https:\/\/serrafm879.com.br\/serrafm\/wp-json\/wp\/v2\/tags?post=26898"}],"curies":[{"name":"wp","href":"https:\/\/api.w.org\/{rel}","templated":true}]}}