{"id":26904,"date":"2026-03-13T09:07:43","date_gmt":"2026-03-13T12:07:43","guid":{"rendered":"https:\/\/serrafm879.com.br\/serrafm\/?p=26904"},"modified":"2026-03-13T09:07:43","modified_gmt":"2026-03-13T12:07:43","slug":"inmet-serra-talhada-tem-alerta-para-risco-de-chuva-forte-nesta-sexta-13","status":"publish","type":"post","link":"https:\/\/serrafm879.com.br\/serrafm\/2026\/03\/inmet-serra-talhada-tem-alerta-para-risco-de-chuva-forte-nesta-sexta-13\/","title":{"rendered":"Inmet: Serra Talhada tem alerta para risco de chuva forte nesta sexta (13)"},"content":{"rendered":"<p class=\"texto\">O\u00a0<strong><a href=\"https:\/\/portal.inmet.gov.br\/\" target=\"_blank\" rel=\"noopener noreferrer\">Instituto Nacional de Meteorologia (Inmet)<\/a><\/strong>\u00a0publicou alerta de chuva intensa, na madrugada desta sexta-feira (13), para 21 munic\u00edpios de Pernambuco.<\/p>\n<p class=\"texto\">Conforme o Inmet, o risco \u00e9 de chuva com \u201cPerigo Potencial\u201d, a bandeira amarela, quando indica ac\u00famulo de \u00e1gua entre 20 e 30 mm, a hora, ou at\u00e9 50 mm, o dia, al\u00e9m de ventos intensos (40-60 km\/h).<\/p>\n<p class=\"texto\">Os 21 munic\u00edpios ficam no Sert\u00e3o do estado. A maioria na divisa de Pernambuco com\u00a0<strong>o sul do Cear\u00e1 e do Piau\u00ed<\/strong>\u00a0e uma pequena parte no limite com a Para\u00edba.<\/p>\n<p class=\"texto\"><strong>Confira os munic\u00edpios que est\u00e3o sob alerta do Inmet ao longo desta sexta-feira:<\/strong><\/p>\n<p class=\"texto\">\nAfogados da Ingazeira<\/p>\n<p class=\"texto\">Araripina<\/p>\n<p class=\"texto\">Bodoc\u00f3<\/p>\n<p class=\"texto\">Brejinho<\/p>\n<p class=\"texto\">Carna\u00edba<\/p>\n<p class=\"texto\">Cedro<\/p>\n<p class=\"texto\">Exu<\/p>\n<p class=\"texto\">Granito<\/p>\n<p class=\"texto\">Ipubi<\/p>\n<p class=\"texto\">Moreil\u00e2ndia<\/p>\n<p class=\"texto\">Ouricuri<\/p>\n<p class=\"texto\">Quixaba<\/p>\n<p class=\"texto\">Santa Cruz<\/p>\n<p class=\"texto\">Santa Filomena<\/p>\n<p class=\"texto\">Santa Terezinha<\/p>\n<p class=\"texto\">S\u00e3o Jos\u00e9 do Belmonte<\/p>\n<p class=\"texto\">Serra Talhada<\/p>\n<p class=\"texto\">Serrita<\/p>\n<p class=\"texto\">Solid\u00e3o<\/p>\n<p class=\"texto\">Tabira<\/p>\n<p class=\"texto\">Trindade<\/p>\n","protected":false},"excerpt":{"rendered":"<p>O\u00a0Instituto Nacional de Meteorologia (Inmet)\u00a0publicou alerta de chuva intensa, na madrugada desta sexta-feira (13), para 21 munic\u00edpios de Pernambuco. Conforme o Inmet, o risco \u00e9 de chuva com \u201cPerigo Potencial\u201d, a bandeira amarela, quando indica ac\u00famulo de \u00e1gua entre 20 e 30 mm, a hora, ou at\u00e9 50 mm, o dia, al\u00e9m de ventos intensos (40-60 km\/h). Os 21 munic\u00edpios ficam no Sert\u00e3o do estado. A maioria na divisa de Pernambuco com\u00a0o sul do Cear\u00e1 e do Piau\u00ed\u00a0e uma pequena parte no limite com a Para\u00edba. Confira os munic\u00edpios que est\u00e3o sob alerta do Inmet ao longo desta sexta-feira: Afogados [&hellip;]<\/p>\n","protected":false},"author":2,"featured_media":26095,"comment_status":"open","ping_status":"open","sticky":false,"template":"","format":"standard","meta":{"_jetpack_memberships_contains_paid_content":false,"footnotes":"","jetpack_publicize_message":"","jetpack_publicize_feature_enabled":true,"jetpack_social_post_already_shared":true,"jetpack_social_options":{"image_generator_settings":{"template":"highway","enabled":false},"version":2}},"categories":[2],"tags":[92,334,333,21],"class_list":["post-26904","post","type-post","status-publish","format-standard","has-post-thumbnail","hentry","category-noticias","tag-chuvas","tag-inmet","tag-previsao-do-tempo","tag-serra-talhada"],"jetpack_publicize_connections":[],"yoast_head":"<!-- This site is optimized with the Yoast SEO plugin v24.7 - https:\/\/yoast.com\/wordpress\/plugins\/seo\/ -->\n<title>Inmet: Serra Talhada tem alerta para risco de chuva forte nesta sexta (13) - Serra FM 87,9<\/title>\n<meta name=\"robots\" content=\"index, follow, max-snippet:-1, max-image-preview:large, max-video-preview:-1\" \/>\n<link rel=\"canonical\" href=\"https:\/\/serrafm879.com.br\/serrafm\/2026\/03\/inmet-serra-talhada-tem-alerta-para-risco-de-chuva-forte-nesta-sexta-13\/\" \/>\n<meta property=\"og:locale\" content=\"pt_BR\" \/>\n<meta property=\"og:type\" content=\"article\" \/>\n<meta property=\"og:title\" content=\"Inmet: Serra Talhada tem alerta para risco de chuva forte nesta sexta (13) - Serra FM 87,9\" \/>\n<meta property=\"og:description\" content=\"O\u00a0Instituto Nacional de Meteorologia (Inmet)\u00a0publicou alerta de chuva intensa, na madrugada desta sexta-feira (13), para 21 munic\u00edpios de Pernambuco. Conforme o Inmet, o risco \u00e9 de chuva com \u201cPerigo Potencial\u201d, a bandeira amarela, quando indica ac\u00famulo de \u00e1gua entre 20 e 30 mm, a hora, ou at\u00e9 50 mm, o dia, al\u00e9m de ventos intensos (40-60 km\/h). Os 21 munic\u00edpios ficam no Sert\u00e3o do estado. A maioria na divisa de Pernambuco com\u00a0o sul do Cear\u00e1 e do Piau\u00ed\u00a0e uma pequena parte no limite com a Para\u00edba. Confira os munic\u00edpios que est\u00e3o sob alerta do Inmet ao longo desta sexta-feira: Afogados [&hellip;]\" \/>\n<meta property=\"og:url\" content=\"https:\/\/serrafm879.com.br\/serrafm\/2026\/03\/inmet-serra-talhada-tem-alerta-para-risco-de-chuva-forte-nesta-sexta-13\/\" \/>\n<meta property=\"og:site_name\" content=\"Serra FM 87,9\" \/>\n<meta property=\"article:published_time\" content=\"2026-03-13T12:07:43+00:00\" \/>\n<meta property=\"og:image\" content=\"http:\/\/serrafm879.com.br\/serrafm\/wp-content\/uploads\/2026\/02\/chuva_sertao_2-841985.jpg\" \/>\n\t<meta property=\"og:image:width\" content=\"960\" \/>\n\t<meta property=\"og:image:height\" content=\"640\" \/>\n\t<meta property=\"og:image:type\" content=\"image\/jpeg\" \/>\n<meta name=\"author\" content=\"serrafm87\" \/>\n<meta name=\"twitter:card\" content=\"summary_large_image\" \/>\n<meta name=\"twitter:label1\" content=\"Escrito por\" \/>\n\t<meta name=\"twitter:data1\" content=\"serrafm87\" \/>\n\t<meta name=\"twitter:label2\" content=\"Est. tempo de leitura\" \/>\n\t<meta name=\"twitter:data2\" content=\"1 minuto\" \/>\n<script type=\"application\/ld+json\" class=\"yoast-schema-graph\">{\"@context\":\"https:\/\/schema.org\",\"@graph\":[{\"@type\":\"WebPage\",\"@id\":\"https:\/\/serrafm879.com.br\/serrafm\/2026\/03\/inmet-serra-talhada-tem-alerta-para-risco-de-chuva-forte-nesta-sexta-13\/\",\"url\":\"https:\/\/serrafm879.com.br\/serrafm\/2026\/03\/inmet-serra-talhada-tem-alerta-para-risco-de-chuva-forte-nesta-sexta-13\/\",\"name\":\"Inmet: Serra Talhada tem alerta para risco de chuva forte nesta sexta (13) - Serra FM 87,9\",\"isPartOf\":{\"@id\":\"https:\/\/serrafm879.com.br\/serrafm\/#website\"},\"primaryImageOfPage\":{\"@id\":\"https:\/\/serrafm879.com.br\/serrafm\/2026\/03\/inmet-serra-talhada-tem-alerta-para-risco-de-chuva-forte-nesta-sexta-13\/#primaryimage\"},\"image\":{\"@id\":\"https:\/\/serrafm879.com.br\/serrafm\/2026\/03\/inmet-serra-talhada-tem-alerta-para-risco-de-chuva-forte-nesta-sexta-13\/#primaryimage\"},\"thumbnailUrl\":\"https:\/\/serrafm879.com.br\/serrafm\/wp-content\/uploads\/2026\/02\/chuva_sertao_2-841985.jpg\",\"datePublished\":\"2026-03-13T12:07:43+00:00\",\"author\":{\"@id\":\"https:\/\/serrafm879.com.br\/serrafm\/#\/schema\/person\/c028a197030ff8b1c03c68dfba4a787a\"},\"breadcrumb\":{\"@id\":\"https:\/\/serrafm879.com.br\/serrafm\/2026\/03\/inmet-serra-talhada-tem-alerta-para-risco-de-chuva-forte-nesta-sexta-13\/#breadcrumb\"},\"inLanguage\":\"pt-BR\",\"potentialAction\":[{\"@type\":\"ReadAction\",\"target\":[\"https:\/\/serrafm879.com.br\/serrafm\/2026\/03\/inmet-serra-talhada-tem-alerta-para-risco-de-chuva-forte-nesta-sexta-13\/\"]}]},{\"@type\":\"ImageObject\",\"inLanguage\":\"pt-BR\",\"@id\":\"https:\/\/serrafm879.com.br\/serrafm\/2026\/03\/inmet-serra-talhada-tem-alerta-para-risco-de-chuva-forte-nesta-sexta-13\/#primaryimage\",\"url\":\"https:\/\/serrafm879.com.br\/serrafm\/wp-content\/uploads\/2026\/02\/chuva_sertao_2-841985.jpg\",\"contentUrl\":\"https:\/\/serrafm879.com.br\/serrafm\/wp-content\/uploads\/2026\/02\/chuva_sertao_2-841985.jpg\",\"width\":960,\"height\":640},{\"@type\":\"BreadcrumbList\",\"@id\":\"https:\/\/serrafm879.com.br\/serrafm\/2026\/03\/inmet-serra-talhada-tem-alerta-para-risco-de-chuva-forte-nesta-sexta-13\/#breadcrumb\",\"itemListElement\":[{\"@type\":\"ListItem\",\"position\":1,\"name\":\"In\u00edcio\",\"item\":\"https:\/\/serrafm879.com.br\/serrafm\/\"},{\"@type\":\"ListItem\",\"position\":2,\"name\":\"Inmet: Serra Talhada tem alerta para risco de chuva forte nesta sexta (13)\"}]},{\"@type\":\"WebSite\",\"@id\":\"https:\/\/serrafm879.com.br\/serrafm\/#website\",\"url\":\"https:\/\/serrafm879.com.br\/serrafm\/\",\"name\":\"Serra FM 87,9\",\"description\":\"O seu novo amor!\",\"potentialAction\":[{\"@type\":\"SearchAction\",\"target\":{\"@type\":\"EntryPoint\",\"urlTemplate\":\"https:\/\/serrafm879.com.br\/serrafm\/?s={search_term_string}\"},\"query-input\":{\"@type\":\"PropertyValueSpecification\",\"valueRequired\":true,\"valueName\":\"search_term_string\"}}],\"inLanguage\":\"pt-BR\"},{\"@type\":\"Person\",\"@id\":\"https:\/\/serrafm879.com.br\/serrafm\/#\/schema\/person\/c028a197030ff8b1c03c68dfba4a787a\",\"name\":\"serrafm87\",\"image\":{\"@type\":\"ImageObject\",\"inLanguage\":\"pt-BR\",\"@id\":\"https:\/\/serrafm879.com.br\/serrafm\/#\/schema\/person\/image\/\",\"url\":\"https:\/\/secure.gravatar.com\/avatar\/a743233f1112d34f48bb3dc9559b76eb930bab8b27175856cba6362608736235?s=96&d=mm&r=g\",\"contentUrl\":\"https:\/\/secure.gravatar.com\/avatar\/a743233f1112d34f48bb3dc9559b76eb930bab8b27175856cba6362608736235?s=96&d=mm&r=g\",\"caption\":\"serrafm87\"},\"sameAs\":[\"http:\/\/serrafm879.com.br\/\"],\"url\":\"https:\/\/serrafm879.com.br\/serrafm\/author\/serrafm87\/\"}]}<\/script>\n<!-- \/ Yoast SEO plugin. -->","yoast_head_json":{"title":"Inmet: Serra Talhada tem alerta para risco de chuva forte nesta sexta (13) - Serra FM 87,9","robots":{"index":"index","follow":"follow","max-snippet":"max-snippet:-1","max-image-preview":"max-image-preview:large","max-video-preview":"max-video-preview:-1"},"canonical":"https:\/\/serrafm879.com.br\/serrafm\/2026\/03\/inmet-serra-talhada-tem-alerta-para-risco-de-chuva-forte-nesta-sexta-13\/","og_locale":"pt_BR","og_type":"article","og_title":"Inmet: Serra Talhada tem alerta para risco de chuva forte nesta sexta (13) - Serra FM 87,9","og_description":"O\u00a0Instituto Nacional de Meteorologia (Inmet)\u00a0publicou alerta de chuva intensa, na madrugada desta sexta-feira (13), para 21 munic\u00edpios de Pernambuco. Conforme o Inmet, o risco \u00e9 de chuva com \u201cPerigo Potencial\u201d, a bandeira amarela, quando indica ac\u00famulo de \u00e1gua entre 20 e 30 mm, a hora, ou at\u00e9 50 mm, o dia, al\u00e9m de ventos intensos (40-60 km\/h). Os 21 munic\u00edpios ficam no Sert\u00e3o do estado. A maioria na divisa de Pernambuco com\u00a0o sul do Cear\u00e1 e do Piau\u00ed\u00a0e uma pequena parte no limite com a Para\u00edba. Confira os munic\u00edpios que est\u00e3o sob alerta do Inmet ao longo desta sexta-feira: Afogados [&hellip;]","og_url":"https:\/\/serrafm879.com.br\/serrafm\/2026\/03\/inmet-serra-talhada-tem-alerta-para-risco-de-chuva-forte-nesta-sexta-13\/","og_site_name":"Serra FM 87,9","article_published_time":"2026-03-13T12:07:43+00:00","og_image":[{"width":960,"height":640,"url":"http:\/\/serrafm879.com.br\/serrafm\/wp-content\/uploads\/2026\/02\/chuva_sertao_2-841985.jpg","type":"image\/jpeg"}],"author":"serrafm87","twitter_card":"summary_large_image","twitter_misc":{"Escrito por":"serrafm87","Est. tempo de leitura":"1 minuto"},"schema":{"@context":"https:\/\/schema.org","@graph":[{"@type":"WebPage","@id":"https:\/\/serrafm879.com.br\/serrafm\/2026\/03\/inmet-serra-talhada-tem-alerta-para-risco-de-chuva-forte-nesta-sexta-13\/","url":"https:\/\/serrafm879.com.br\/serrafm\/2026\/03\/inmet-serra-talhada-tem-alerta-para-risco-de-chuva-forte-nesta-sexta-13\/","name":"Inmet: Serra Talhada tem alerta para risco de chuva forte nesta sexta (13) - Serra FM 87,9","isPartOf":{"@id":"https:\/\/serrafm879.com.br\/serrafm\/#website"},"primaryImageOfPage":{"@id":"https:\/\/serrafm879.com.br\/serrafm\/2026\/03\/inmet-serra-talhada-tem-alerta-para-risco-de-chuva-forte-nesta-sexta-13\/#primaryimage"},"image":{"@id":"https:\/\/serrafm879.com.br\/serrafm\/2026\/03\/inmet-serra-talhada-tem-alerta-para-risco-de-chuva-forte-nesta-sexta-13\/#primaryimage"},"thumbnailUrl":"https:\/\/serrafm879.com.br\/serrafm\/wp-content\/uploads\/2026\/02\/chuva_sertao_2-841985.jpg","datePublished":"2026-03-13T12:07:43+00:00","author":{"@id":"https:\/\/serrafm879.com.br\/serrafm\/#\/schema\/person\/c028a197030ff8b1c03c68dfba4a787a"},"breadcrumb":{"@id":"https:\/\/serrafm879.com.br\/serrafm\/2026\/03\/inmet-serra-talhada-tem-alerta-para-risco-de-chuva-forte-nesta-sexta-13\/#breadcrumb"},"inLanguage":"pt-BR","potentialAction":[{"@type":"ReadAction","target":["https:\/\/serrafm879.com.br\/serrafm\/2026\/03\/inmet-serra-talhada-tem-alerta-para-risco-de-chuva-forte-nesta-sexta-13\/"]}]},{"@type":"ImageObject","inLanguage":"pt-BR","@id":"https:\/\/serrafm879.com.br\/serrafm\/2026\/03\/inmet-serra-talhada-tem-alerta-para-risco-de-chuva-forte-nesta-sexta-13\/#primaryimage","url":"https:\/\/serrafm879.com.br\/serrafm\/wp-content\/uploads\/2026\/02\/chuva_sertao_2-841985.jpg","contentUrl":"https:\/\/serrafm879.com.br\/serrafm\/wp-content\/uploads\/2026\/02\/chuva_sertao_2-841985.jpg","width":960,"height":640},{"@type":"BreadcrumbList","@id":"https:\/\/serrafm879.com.br\/serrafm\/2026\/03\/inmet-serra-talhada-tem-alerta-para-risco-de-chuva-forte-nesta-sexta-13\/#breadcrumb","itemListElement":[{"@type":"ListItem","position":1,"name":"In\u00edcio","item":"https:\/\/serrafm879.com.br\/serrafm\/"},{"@type":"ListItem","position":2,"name":"Inmet: Serra Talhada tem alerta para risco de chuva forte nesta sexta (13)"}]},{"@type":"WebSite","@id":"https:\/\/serrafm879.com.br\/serrafm\/#website","url":"https:\/\/serrafm879.com.br\/serrafm\/","name":"Serra FM 87,9","description":"O seu novo amor!","potentialAction":[{"@type":"SearchAction","target":{"@type":"EntryPoint","urlTemplate":"https:\/\/serrafm879.com.br\/serrafm\/?s={search_term_string}"},"query-input":{"@type":"PropertyValueSpecification","valueRequired":true,"valueName":"search_term_string"}}],"inLanguage":"pt-BR"},{"@type":"Person","@id":"https:\/\/serrafm879.com.br\/serrafm\/#\/schema\/person\/c028a197030ff8b1c03c68dfba4a787a","name":"serrafm87","image":{"@type":"ImageObject","inLanguage":"pt-BR","@id":"https:\/\/serrafm879.com.br\/serrafm\/#\/schema\/person\/image\/","url":"https:\/\/secure.gravatar.com\/avatar\/a743233f1112d34f48bb3dc9559b76eb930bab8b27175856cba6362608736235?s=96&d=mm&r=g","contentUrl":"https:\/\/secure.gravatar.com\/avatar\/a743233f1112d34f48bb3dc9559b76eb930bab8b27175856cba6362608736235?s=96&d=mm&r=g","caption":"serrafm87"},"sameAs":["http:\/\/serrafm879.com.br\/"],"url":"https:\/\/serrafm879.com.br\/serrafm\/author\/serrafm87\/"}]}},"jetpack_featured_media_url":"https:\/\/serrafm879.com.br\/serrafm\/wp-content\/uploads\/2026\/02\/chuva_sertao_2-841985.jpg","jetpack_shortlink":"https:\/\/wp.me\/p7HyXg-6ZW","jetpack_sharing_enabled":true,"_links":{"self":[{"href":"https:\/\/serrafm879.com.br\/serrafm\/wp-json\/wp\/v2\/posts\/26904","targetHints":{"allow":["GET"]}}],"collection":[{"href":"https:\/\/serrafm879.com.br\/serrafm\/wp-json\/wp\/v2\/posts"}],"about":[{"href":"https:\/\/serrafm879.com.br\/serrafm\/wp-json\/wp\/v2\/types\/post"}],"author":[{"embeddable":true,"href":"https:\/\/serrafm879.com.br\/serrafm\/wp-json\/wp\/v2\/users\/2"}],"replies":[{"embeddable":true,"href":"https:\/\/serrafm879.com.br\/serrafm\/wp-json\/wp\/v2\/comments?post=26904"}],"version-history":[{"count":1,"href":"https:\/\/serrafm879.com.br\/serrafm\/wp-json\/wp\/v2\/posts\/26904\/revisions"}],"predecessor-version":[{"id":26905,"href":"https:\/\/serrafm879.com.br\/serrafm\/wp-json\/wp\/v2\/posts\/26904\/revisions\/26905"}],"wp:featuredmedia":[{"embeddable":true,"href":"https:\/\/serrafm879.com.br\/serrafm\/wp-json\/wp\/v2\/media\/26095"}],"wp:attachment":[{"href":"https:\/\/serrafm879.com.br\/serrafm\/wp-json\/wp\/v2\/media?parent=26904"}],"wp:term":[{"taxonomy":"category","embeddable":true,"href":"https:\/\/serrafm879.com.br\/serrafm\/wp-json\/wp\/v2\/categories?post=26904"},{"taxonomy":"post_tag","embeddable":true,"href":"https:\/\/serrafm879.com.br\/serrafm\/wp-json\/wp\/v2\/tags?post=26904"}],"curies":[{"name":"wp","href":"https:\/\/api.w.org\/{rel}","templated":true}]}}