{"id":26907,"date":"2026-03-13T13:23:53","date_gmt":"2026-03-13T16:23:53","guid":{"rendered":"https:\/\/serrafm879.com.br\/serrafm\/?p=26907"},"modified":"2026-03-13T13:23:53","modified_gmt":"2026-03-13T16:23:53","slug":"ipa-encerra-semana-de-formacao-para-execucao-do-programa-bem-viver-semiarido-ii","status":"publish","type":"post","link":"https:\/\/serrafm879.com.br\/serrafm\/2026\/03\/ipa-encerra-semana-de-formacao-para-execucao-do-programa-bem-viver-semiarido-ii\/","title":{"rendered":"IPA encerra semana de forma\u00e7\u00e3o para execu\u00e7\u00e3o do programa Bem Viver Semi\u00e1rido II"},"content":{"rendered":"<p>O Instituto Agron\u00f4mico de Pernambuco (IPA) encerrou, nesta semana, a forma\u00e7\u00e3o voltada \u00e0 execu\u00e7\u00e3o do programa\u00a0<strong>Bem Viver Semi\u00e1rido II<\/strong>, realizada no Centro de Treinamento do IPA (Cetreino), em Carpina. A capacita\u00e7\u00e3o foi organizada pelo Departamento de Educa\u00e7\u00e3o e Metodologia em Extens\u00e3o Rural (DEEM) e contou com a participa\u00e7\u00e3o de formadoras da\u00a0Ag\u00eancia Nacional de Assist\u00eancia T\u00e9cnica e Extens\u00e3o Rural.<\/p>\n<p>Durante os encontros, extensionistas do IPA receberam orienta\u00e7\u00f5es sobre metodologias de trabalho e estrat\u00e9gias para a execu\u00e7\u00e3o do programa no Sert\u00e3o do Paje\u00fa, onde cerca de 350 fam\u00edlias agricultoras devem ser acompanhadas pela iniciativa.<\/p>\n<p>A forma\u00e7\u00e3o tamb\u00e9m apresentou o funcionamento do Sistema de Gest\u00e3o da Assist\u00eancia T\u00e9cnica e Extens\u00e3o Rural (SGA), ferramenta utilizada para registrar e monitorar as atividades do projeto, desde a\u00e7\u00f5es coletivas, como oficinas e dias de campo, at\u00e9 o acompanhamento t\u00e9cnico realizado diretamente nas propriedades rurais.<\/p>\n<p>Com foco na agroecologia, na conviv\u00eancia com o semi\u00e1rido e no fortalecimento da agricultura familiar, o programa prioriza a participa\u00e7\u00e3o de mulheres e jovens do meio rural, contribuindo para o desenvolvimento sustent\u00e1vel das comunidades atendidas.<\/p>\n<p>&nbsp;<\/p>\n","protected":false},"excerpt":{"rendered":"<p>O Instituto Agron\u00f4mico de Pernambuco (IPA) encerrou, nesta semana, a forma\u00e7\u00e3o voltada \u00e0 execu\u00e7\u00e3o do programa\u00a0Bem Viver Semi\u00e1rido II, realizada no Centro de Treinamento do IPA (Cetreino), em Carpina. A capacita\u00e7\u00e3o foi organizada pelo Departamento de Educa\u00e7\u00e3o e Metodologia em Extens\u00e3o Rural (DEEM) e contou com a participa\u00e7\u00e3o de formadoras da\u00a0Ag\u00eancia Nacional de Assist\u00eancia T\u00e9cnica e Extens\u00e3o Rural. Durante os encontros, extensionistas do IPA receberam orienta\u00e7\u00f5es sobre metodologias de trabalho e estrat\u00e9gias para a execu\u00e7\u00e3o do programa no Sert\u00e3o do Paje\u00fa, onde cerca de 350 fam\u00edlias agricultoras devem ser acompanhadas pela iniciativa. A forma\u00e7\u00e3o tamb\u00e9m apresentou o funcionamento do Sistema [&hellip;]<\/p>\n","protected":false},"author":2,"featured_media":26908,"comment_status":"open","ping_status":"open","sticky":false,"template":"","format":"standard","meta":{"_jetpack_memberships_contains_paid_content":false,"footnotes":"","jetpack_publicize_message":"","jetpack_publicize_feature_enabled":true,"jetpack_social_post_already_shared":true,"jetpack_social_options":{"image_generator_settings":{"template":"highway","enabled":false},"version":2}},"categories":[2],"tags":[],"class_list":["post-26907","post","type-post","status-publish","format-standard","has-post-thumbnail","hentry","category-noticias"],"jetpack_publicize_connections":[],"yoast_head":"<!-- This site is optimized with the Yoast SEO plugin v24.7 - https:\/\/yoast.com\/wordpress\/plugins\/seo\/ -->\n<title>IPA encerra semana de forma\u00e7\u00e3o para execu\u00e7\u00e3o do programa Bem Viver Semi\u00e1rido II - Serra FM 87,9<\/title>\n<meta name=\"robots\" content=\"index, follow, max-snippet:-1, max-image-preview:large, max-video-preview:-1\" \/>\n<link rel=\"canonical\" href=\"https:\/\/serrafm879.com.br\/serrafm\/2026\/03\/ipa-encerra-semana-de-formacao-para-execucao-do-programa-bem-viver-semiarido-ii\/\" \/>\n<meta property=\"og:locale\" content=\"pt_BR\" \/>\n<meta property=\"og:type\" content=\"article\" \/>\n<meta property=\"og:title\" content=\"IPA encerra semana de forma\u00e7\u00e3o para execu\u00e7\u00e3o do programa Bem Viver Semi\u00e1rido II - Serra FM 87,9\" \/>\n<meta property=\"og:description\" content=\"O Instituto Agron\u00f4mico de Pernambuco (IPA) encerrou, nesta semana, a forma\u00e7\u00e3o voltada \u00e0 execu\u00e7\u00e3o do programa\u00a0Bem Viver Semi\u00e1rido II, realizada no Centro de Treinamento do IPA (Cetreino), em Carpina. A capacita\u00e7\u00e3o foi organizada pelo Departamento de Educa\u00e7\u00e3o e Metodologia em Extens\u00e3o Rural (DEEM) e contou com a participa\u00e7\u00e3o de formadoras da\u00a0Ag\u00eancia Nacional de Assist\u00eancia T\u00e9cnica e Extens\u00e3o Rural. Durante os encontros, extensionistas do IPA receberam orienta\u00e7\u00f5es sobre metodologias de trabalho e estrat\u00e9gias para a execu\u00e7\u00e3o do programa no Sert\u00e3o do Paje\u00fa, onde cerca de 350 fam\u00edlias agricultoras devem ser acompanhadas pela iniciativa. A forma\u00e7\u00e3o tamb\u00e9m apresentou o funcionamento do Sistema [&hellip;]\" \/>\n<meta property=\"og:url\" content=\"https:\/\/serrafm879.com.br\/serrafm\/2026\/03\/ipa-encerra-semana-de-formacao-para-execucao-do-programa-bem-viver-semiarido-ii\/\" \/>\n<meta property=\"og:site_name\" content=\"Serra FM 87,9\" \/>\n<meta property=\"article:published_time\" content=\"2026-03-13T16:23:53+00:00\" \/>\n<meta property=\"og:image\" content=\"http:\/\/serrafm879.com.br\/serrafm\/wp-content\/uploads\/2026\/03\/Formacao-Bem-Viver-Semiarido-II-1.jpeg\" \/>\n\t<meta property=\"og:image:width\" content=\"1280\" \/>\n\t<meta property=\"og:image:height\" content=\"722\" \/>\n\t<meta property=\"og:image:type\" content=\"image\/jpeg\" \/>\n<meta name=\"author\" content=\"serrafm87\" \/>\n<meta name=\"twitter:card\" content=\"summary_large_image\" \/>\n<meta name=\"twitter:label1\" content=\"Escrito por\" \/>\n\t<meta name=\"twitter:data1\" content=\"serrafm87\" \/>\n\t<meta name=\"twitter:label2\" content=\"Est. tempo de leitura\" \/>\n\t<meta name=\"twitter:data2\" content=\"2 minutos\" \/>\n<script type=\"application\/ld+json\" class=\"yoast-schema-graph\">{\"@context\":\"https:\/\/schema.org\",\"@graph\":[{\"@type\":\"WebPage\",\"@id\":\"https:\/\/serrafm879.com.br\/serrafm\/2026\/03\/ipa-encerra-semana-de-formacao-para-execucao-do-programa-bem-viver-semiarido-ii\/\",\"url\":\"https:\/\/serrafm879.com.br\/serrafm\/2026\/03\/ipa-encerra-semana-de-formacao-para-execucao-do-programa-bem-viver-semiarido-ii\/\",\"name\":\"IPA encerra semana de forma\u00e7\u00e3o para execu\u00e7\u00e3o do programa Bem Viver Semi\u00e1rido II - Serra FM 87,9\",\"isPartOf\":{\"@id\":\"https:\/\/serrafm879.com.br\/serrafm\/#website\"},\"primaryImageOfPage\":{\"@id\":\"https:\/\/serrafm879.com.br\/serrafm\/2026\/03\/ipa-encerra-semana-de-formacao-para-execucao-do-programa-bem-viver-semiarido-ii\/#primaryimage\"},\"image\":{\"@id\":\"https:\/\/serrafm879.com.br\/serrafm\/2026\/03\/ipa-encerra-semana-de-formacao-para-execucao-do-programa-bem-viver-semiarido-ii\/#primaryimage\"},\"thumbnailUrl\":\"https:\/\/serrafm879.com.br\/serrafm\/wp-content\/uploads\/2026\/03\/Formacao-Bem-Viver-Semiarido-II-1.jpeg\",\"datePublished\":\"2026-03-13T16:23:53+00:00\",\"author\":{\"@id\":\"https:\/\/serrafm879.com.br\/serrafm\/#\/schema\/person\/c028a197030ff8b1c03c68dfba4a787a\"},\"breadcrumb\":{\"@id\":\"https:\/\/serrafm879.com.br\/serrafm\/2026\/03\/ipa-encerra-semana-de-formacao-para-execucao-do-programa-bem-viver-semiarido-ii\/#breadcrumb\"},\"inLanguage\":\"pt-BR\",\"potentialAction\":[{\"@type\":\"ReadAction\",\"target\":[\"https:\/\/serrafm879.com.br\/serrafm\/2026\/03\/ipa-encerra-semana-de-formacao-para-execucao-do-programa-bem-viver-semiarido-ii\/\"]}]},{\"@type\":\"ImageObject\",\"inLanguage\":\"pt-BR\",\"@id\":\"https:\/\/serrafm879.com.br\/serrafm\/2026\/03\/ipa-encerra-semana-de-formacao-para-execucao-do-programa-bem-viver-semiarido-ii\/#primaryimage\",\"url\":\"https:\/\/serrafm879.com.br\/serrafm\/wp-content\/uploads\/2026\/03\/Formacao-Bem-Viver-Semiarido-II-1.jpeg\",\"contentUrl\":\"https:\/\/serrafm879.com.br\/serrafm\/wp-content\/uploads\/2026\/03\/Formacao-Bem-Viver-Semiarido-II-1.jpeg\",\"width\":1280,\"height\":722},{\"@type\":\"BreadcrumbList\",\"@id\":\"https:\/\/serrafm879.com.br\/serrafm\/2026\/03\/ipa-encerra-semana-de-formacao-para-execucao-do-programa-bem-viver-semiarido-ii\/#breadcrumb\",\"itemListElement\":[{\"@type\":\"ListItem\",\"position\":1,\"name\":\"In\u00edcio\",\"item\":\"https:\/\/serrafm879.com.br\/serrafm\/\"},{\"@type\":\"ListItem\",\"position\":2,\"name\":\"IPA encerra semana de forma\u00e7\u00e3o para execu\u00e7\u00e3o do programa Bem Viver Semi\u00e1rido II\"}]},{\"@type\":\"WebSite\",\"@id\":\"https:\/\/serrafm879.com.br\/serrafm\/#website\",\"url\":\"https:\/\/serrafm879.com.br\/serrafm\/\",\"name\":\"Serra FM 87,9\",\"description\":\"O seu novo amor!\",\"potentialAction\":[{\"@type\":\"SearchAction\",\"target\":{\"@type\":\"EntryPoint\",\"urlTemplate\":\"https:\/\/serrafm879.com.br\/serrafm\/?s={search_term_string}\"},\"query-input\":{\"@type\":\"PropertyValueSpecification\",\"valueRequired\":true,\"valueName\":\"search_term_string\"}}],\"inLanguage\":\"pt-BR\"},{\"@type\":\"Person\",\"@id\":\"https:\/\/serrafm879.com.br\/serrafm\/#\/schema\/person\/c028a197030ff8b1c03c68dfba4a787a\",\"name\":\"serrafm87\",\"image\":{\"@type\":\"ImageObject\",\"inLanguage\":\"pt-BR\",\"@id\":\"https:\/\/serrafm879.com.br\/serrafm\/#\/schema\/person\/image\/\",\"url\":\"https:\/\/secure.gravatar.com\/avatar\/a743233f1112d34f48bb3dc9559b76eb930bab8b27175856cba6362608736235?s=96&d=mm&r=g\",\"contentUrl\":\"https:\/\/secure.gravatar.com\/avatar\/a743233f1112d34f48bb3dc9559b76eb930bab8b27175856cba6362608736235?s=96&d=mm&r=g\",\"caption\":\"serrafm87\"},\"sameAs\":[\"http:\/\/serrafm879.com.br\/\"],\"url\":\"https:\/\/serrafm879.com.br\/serrafm\/author\/serrafm87\/\"}]}<\/script>\n<!-- \/ Yoast SEO plugin. -->","yoast_head_json":{"title":"IPA encerra semana de forma\u00e7\u00e3o para execu\u00e7\u00e3o do programa Bem Viver Semi\u00e1rido II - Serra FM 87,9","robots":{"index":"index","follow":"follow","max-snippet":"max-snippet:-1","max-image-preview":"max-image-preview:large","max-video-preview":"max-video-preview:-1"},"canonical":"https:\/\/serrafm879.com.br\/serrafm\/2026\/03\/ipa-encerra-semana-de-formacao-para-execucao-do-programa-bem-viver-semiarido-ii\/","og_locale":"pt_BR","og_type":"article","og_title":"IPA encerra semana de forma\u00e7\u00e3o para execu\u00e7\u00e3o do programa Bem Viver Semi\u00e1rido II - Serra FM 87,9","og_description":"O Instituto Agron\u00f4mico de Pernambuco (IPA) encerrou, nesta semana, a forma\u00e7\u00e3o voltada \u00e0 execu\u00e7\u00e3o do programa\u00a0Bem Viver Semi\u00e1rido II, realizada no Centro de Treinamento do IPA (Cetreino), em Carpina. A capacita\u00e7\u00e3o foi organizada pelo Departamento de Educa\u00e7\u00e3o e Metodologia em Extens\u00e3o Rural (DEEM) e contou com a participa\u00e7\u00e3o de formadoras da\u00a0Ag\u00eancia Nacional de Assist\u00eancia T\u00e9cnica e Extens\u00e3o Rural. Durante os encontros, extensionistas do IPA receberam orienta\u00e7\u00f5es sobre metodologias de trabalho e estrat\u00e9gias para a execu\u00e7\u00e3o do programa no Sert\u00e3o do Paje\u00fa, onde cerca de 350 fam\u00edlias agricultoras devem ser acompanhadas pela iniciativa. A forma\u00e7\u00e3o tamb\u00e9m apresentou o funcionamento do Sistema [&hellip;]","og_url":"https:\/\/serrafm879.com.br\/serrafm\/2026\/03\/ipa-encerra-semana-de-formacao-para-execucao-do-programa-bem-viver-semiarido-ii\/","og_site_name":"Serra FM 87,9","article_published_time":"2026-03-13T16:23:53+00:00","og_image":[{"width":1280,"height":722,"url":"http:\/\/serrafm879.com.br\/serrafm\/wp-content\/uploads\/2026\/03\/Formacao-Bem-Viver-Semiarido-II-1.jpeg","type":"image\/jpeg"}],"author":"serrafm87","twitter_card":"summary_large_image","twitter_misc":{"Escrito por":"serrafm87","Est. tempo de leitura":"2 minutos"},"schema":{"@context":"https:\/\/schema.org","@graph":[{"@type":"WebPage","@id":"https:\/\/serrafm879.com.br\/serrafm\/2026\/03\/ipa-encerra-semana-de-formacao-para-execucao-do-programa-bem-viver-semiarido-ii\/","url":"https:\/\/serrafm879.com.br\/serrafm\/2026\/03\/ipa-encerra-semana-de-formacao-para-execucao-do-programa-bem-viver-semiarido-ii\/","name":"IPA encerra semana de forma\u00e7\u00e3o para execu\u00e7\u00e3o do programa Bem Viver Semi\u00e1rido II - Serra FM 87,9","isPartOf":{"@id":"https:\/\/serrafm879.com.br\/serrafm\/#website"},"primaryImageOfPage":{"@id":"https:\/\/serrafm879.com.br\/serrafm\/2026\/03\/ipa-encerra-semana-de-formacao-para-execucao-do-programa-bem-viver-semiarido-ii\/#primaryimage"},"image":{"@id":"https:\/\/serrafm879.com.br\/serrafm\/2026\/03\/ipa-encerra-semana-de-formacao-para-execucao-do-programa-bem-viver-semiarido-ii\/#primaryimage"},"thumbnailUrl":"https:\/\/serrafm879.com.br\/serrafm\/wp-content\/uploads\/2026\/03\/Formacao-Bem-Viver-Semiarido-II-1.jpeg","datePublished":"2026-03-13T16:23:53+00:00","author":{"@id":"https:\/\/serrafm879.com.br\/serrafm\/#\/schema\/person\/c028a197030ff8b1c03c68dfba4a787a"},"breadcrumb":{"@id":"https:\/\/serrafm879.com.br\/serrafm\/2026\/03\/ipa-encerra-semana-de-formacao-para-execucao-do-programa-bem-viver-semiarido-ii\/#breadcrumb"},"inLanguage":"pt-BR","potentialAction":[{"@type":"ReadAction","target":["https:\/\/serrafm879.com.br\/serrafm\/2026\/03\/ipa-encerra-semana-de-formacao-para-execucao-do-programa-bem-viver-semiarido-ii\/"]}]},{"@type":"ImageObject","inLanguage":"pt-BR","@id":"https:\/\/serrafm879.com.br\/serrafm\/2026\/03\/ipa-encerra-semana-de-formacao-para-execucao-do-programa-bem-viver-semiarido-ii\/#primaryimage","url":"https:\/\/serrafm879.com.br\/serrafm\/wp-content\/uploads\/2026\/03\/Formacao-Bem-Viver-Semiarido-II-1.jpeg","contentUrl":"https:\/\/serrafm879.com.br\/serrafm\/wp-content\/uploads\/2026\/03\/Formacao-Bem-Viver-Semiarido-II-1.jpeg","width":1280,"height":722},{"@type":"BreadcrumbList","@id":"https:\/\/serrafm879.com.br\/serrafm\/2026\/03\/ipa-encerra-semana-de-formacao-para-execucao-do-programa-bem-viver-semiarido-ii\/#breadcrumb","itemListElement":[{"@type":"ListItem","position":1,"name":"In\u00edcio","item":"https:\/\/serrafm879.com.br\/serrafm\/"},{"@type":"ListItem","position":2,"name":"IPA encerra semana de forma\u00e7\u00e3o para execu\u00e7\u00e3o do programa Bem Viver Semi\u00e1rido II"}]},{"@type":"WebSite","@id":"https:\/\/serrafm879.com.br\/serrafm\/#website","url":"https:\/\/serrafm879.com.br\/serrafm\/","name":"Serra FM 87,9","description":"O seu novo amor!","potentialAction":[{"@type":"SearchAction","target":{"@type":"EntryPoint","urlTemplate":"https:\/\/serrafm879.com.br\/serrafm\/?s={search_term_string}"},"query-input":{"@type":"PropertyValueSpecification","valueRequired":true,"valueName":"search_term_string"}}],"inLanguage":"pt-BR"},{"@type":"Person","@id":"https:\/\/serrafm879.com.br\/serrafm\/#\/schema\/person\/c028a197030ff8b1c03c68dfba4a787a","name":"serrafm87","image":{"@type":"ImageObject","inLanguage":"pt-BR","@id":"https:\/\/serrafm879.com.br\/serrafm\/#\/schema\/person\/image\/","url":"https:\/\/secure.gravatar.com\/avatar\/a743233f1112d34f48bb3dc9559b76eb930bab8b27175856cba6362608736235?s=96&d=mm&r=g","contentUrl":"https:\/\/secure.gravatar.com\/avatar\/a743233f1112d34f48bb3dc9559b76eb930bab8b27175856cba6362608736235?s=96&d=mm&r=g","caption":"serrafm87"},"sameAs":["http:\/\/serrafm879.com.br\/"],"url":"https:\/\/serrafm879.com.br\/serrafm\/author\/serrafm87\/"}]}},"jetpack_featured_media_url":"https:\/\/serrafm879.com.br\/serrafm\/wp-content\/uploads\/2026\/03\/Formacao-Bem-Viver-Semiarido-II-1.jpeg","jetpack_shortlink":"https:\/\/wp.me\/p7HyXg-6ZZ","jetpack_sharing_enabled":true,"_links":{"self":[{"href":"https:\/\/serrafm879.com.br\/serrafm\/wp-json\/wp\/v2\/posts\/26907","targetHints":{"allow":["GET"]}}],"collection":[{"href":"https:\/\/serrafm879.com.br\/serrafm\/wp-json\/wp\/v2\/posts"}],"about":[{"href":"https:\/\/serrafm879.com.br\/serrafm\/wp-json\/wp\/v2\/types\/post"}],"author":[{"embeddable":true,"href":"https:\/\/serrafm879.com.br\/serrafm\/wp-json\/wp\/v2\/users\/2"}],"replies":[{"embeddable":true,"href":"https:\/\/serrafm879.com.br\/serrafm\/wp-json\/wp\/v2\/comments?post=26907"}],"version-history":[{"count":1,"href":"https:\/\/serrafm879.com.br\/serrafm\/wp-json\/wp\/v2\/posts\/26907\/revisions"}],"predecessor-version":[{"id":26909,"href":"https:\/\/serrafm879.com.br\/serrafm\/wp-json\/wp\/v2\/posts\/26907\/revisions\/26909"}],"wp:featuredmedia":[{"embeddable":true,"href":"https:\/\/serrafm879.com.br\/serrafm\/wp-json\/wp\/v2\/media\/26908"}],"wp:attachment":[{"href":"https:\/\/serrafm879.com.br\/serrafm\/wp-json\/wp\/v2\/media?parent=26907"}],"wp:term":[{"taxonomy":"category","embeddable":true,"href":"https:\/\/serrafm879.com.br\/serrafm\/wp-json\/wp\/v2\/categories?post=26907"},{"taxonomy":"post_tag","embeddable":true,"href":"https:\/\/serrafm879.com.br\/serrafm\/wp-json\/wp\/v2\/tags?post=26907"}],"curies":[{"name":"wp","href":"https:\/\/api.w.org\/{rel}","templated":true}]}}