{"id":26915,"date":"2026-03-16T07:00:40","date_gmt":"2026-03-16T10:00:40","guid":{"rendered":"https:\/\/serrafm879.com.br\/serrafm\/?p=26915"},"modified":"2026-03-16T07:01:14","modified_gmt":"2026-03-16T10:01:14","slug":"o-agente-secreto-perdeu-oscar-para-uma-batalha-apos-a-outra","status":"publish","type":"post","link":"https:\/\/serrafm879.com.br\/serrafm\/2026\/03\/o-agente-secreto-perdeu-oscar-para-uma-batalha-apos-a-outra\/","title":{"rendered":"\u201cO agente secreto\u201d perdeu Oscar para \u201cUma batalha ap\u00f3s a outra\u201d."},"content":{"rendered":"<p>\u201cO agente secreto\u201d perdeu o Oscar de Melhor Sele\u00e7\u00e3o de Elenco, na estreia da categoria na premia\u00e7\u00e3o. Gabriel Domingues, diretor de elenco do filme estrelado por Wagner Moura, n\u00e3o levou a estatueta, que ficou com \u201cUma batalha ap\u00f3s a outra\u201d.<\/p>\n<p>Antes do an\u00fancio, cinco atores dos filmes falaram sobre os respons\u00e1veis pela sele\u00e7\u00e3o de elenco de cada produ\u00e7\u00e3o.<\/p>\n<p>Wagner Moura disse que Gabriel conseguiu selecionar bem os atores para pap\u00e9is de destaque e pap\u00e9is menores, com rostos que pareciam ter vindo dos anos 70. \u201cParab\u00e9ns\u201d, disse Wagner, em portugu\u00eas, no final de seu discurso.<\/p>\n<p>O filme de Kleber Mendon\u00e7a Filho ainda foi indicado nas categorias melhor ator, com Wagner Moura, melhor filme internacional e melhor filme.<\/p>\n<p><strong>Os indicados na categoria eram:<\/strong><\/p>\n<p>\u2018Hamnet: A vida antes de Hamlet\u2019<br \/>\n\u2018Marty Supreme\u2019<br \/>\n\u2018Uma batalha ap\u00f3s a outra\u2019<br \/>\n\u2018O agente secreto\u2019<br \/>\n\u2018Pecadores\u2019<\/p>\n<h5>O que \u00e9 Sele\u00e7\u00e3o de Elenco?<\/h5>\n<p>O Oscar 2026 tem a estreia de sua primeira categoria nova em 24 anos, ap\u00f3s Anima\u00e7\u00e3o estrear em 2002. A Academia de Cinema americana escolhe a melhor sele\u00e7\u00e3o de elenco \u2013 que n\u00e3o \u00e9 uma avalia\u00e7\u00e3o dos elencos, ou das atua\u00e7\u00f5es dos conjuntos.<\/p>\n<p>Sele\u00e7\u00e3o de elenco se refere ao processo pelo qual o diretor de elenco colabora com o diretor e os produtores de um filme na an\u00e1lise criativa, e sele\u00e7\u00e3o de atores que constitui o elenco de atua\u00e7\u00e3o de um filme.<\/p>\n","protected":false},"excerpt":{"rendered":"<p>\u201cO agente secreto\u201d perdeu o Oscar de Melhor Sele\u00e7\u00e3o de Elenco, na estreia da categoria na premia\u00e7\u00e3o. Gabriel Domingues, diretor de elenco do filme estrelado por Wagner Moura, n\u00e3o levou a estatueta, que ficou com \u201cUma batalha ap\u00f3s a outra\u201d. Antes do an\u00fancio, cinco atores dos filmes falaram sobre os respons\u00e1veis pela sele\u00e7\u00e3o de elenco de cada produ\u00e7\u00e3o. Wagner Moura disse que Gabriel conseguiu selecionar bem os atores para pap\u00e9is de destaque e pap\u00e9is menores, com rostos que pareciam ter vindo dos anos 70. \u201cParab\u00e9ns\u201d, disse Wagner, em portugu\u00eas, no final de seu discurso. O filme de Kleber Mendon\u00e7a Filho [&hellip;]<\/p>\n","protected":false},"author":2,"featured_media":26916,"comment_status":"open","ping_status":"open","sticky":false,"template":"","format":"standard","meta":{"_jetpack_memberships_contains_paid_content":false,"footnotes":"","jetpack_publicize_message":"","jetpack_publicize_feature_enabled":true,"jetpack_social_post_already_shared":true,"jetpack_social_options":{"image_generator_settings":{"template":"highway","enabled":false},"version":2}},"categories":[149],"tags":[336,335,210,217],"class_list":["post-26915","post","type-post","status-publish","format-standard","has-post-thumbnail","hentry","category-brasil","tag-filme","tag-oscar-2026","tag-pernambuco","tag-recife"],"jetpack_publicize_connections":[],"yoast_head":"<!-- This site is optimized with the Yoast SEO plugin v24.7 - https:\/\/yoast.com\/wordpress\/plugins\/seo\/ -->\n<title>\u201cO agente secreto\u201d perdeu Oscar para \u201cUma batalha ap\u00f3s a outra\u201d. - Serra FM 87,9<\/title>\n<meta name=\"description\" content=\"\u201cO agente secreto\u201d perdeu o Oscar de Melhor Sele\u00e7\u00e3o de Elenco, na estreia da categoria na premia\u00e7\u00e3o. Gabriel Domingues, diretor de elenco do filme estrelado por Wagner Moura, n\u00e3o levou a estatueta, que ficou com \u201cUma batalha ap\u00f3s a outra\u201d.\" \/>\n<meta name=\"robots\" content=\"index, follow, max-snippet:-1, max-image-preview:large, max-video-preview:-1\" \/>\n<link rel=\"canonical\" href=\"https:\/\/serrafm879.com.br\/serrafm\/2026\/03\/o-agente-secreto-perdeu-oscar-para-uma-batalha-apos-a-outra\/\" \/>\n<meta property=\"og:locale\" content=\"pt_BR\" \/>\n<meta property=\"og:type\" content=\"article\" \/>\n<meta property=\"og:title\" content=\"\u201cO agente secreto\u201d perdeu Oscar para \u201cUma batalha ap\u00f3s a outra\u201d. - Serra FM 87,9\" \/>\n<meta property=\"og:description\" content=\"\u201cO agente secreto\u201d perdeu o Oscar de Melhor Sele\u00e7\u00e3o de Elenco, na estreia da categoria na premia\u00e7\u00e3o. Gabriel Domingues, diretor de elenco do filme estrelado por Wagner Moura, n\u00e3o levou a estatueta, que ficou com \u201cUma batalha ap\u00f3s a outra\u201d.\" \/>\n<meta property=\"og:url\" content=\"https:\/\/serrafm879.com.br\/serrafm\/2026\/03\/o-agente-secreto-perdeu-oscar-para-uma-batalha-apos-a-outra\/\" \/>\n<meta property=\"og:site_name\" content=\"Serra FM 87,9\" \/>\n<meta property=\"article:published_time\" content=\"2026-03-16T10:00:40+00:00\" \/>\n<meta property=\"article:modified_time\" content=\"2026-03-16T10:01:14+00:00\" \/>\n<meta property=\"og:image\" content=\"http:\/\/serrafm879.com.br\/serrafm\/wp-content\/uploads\/2026\/03\/Captura-de-tela-2026-03-16-065903.png\" \/>\n\t<meta property=\"og:image:width\" content=\"675\" \/>\n\t<meta property=\"og:image:height\" content=\"348\" \/>\n\t<meta property=\"og:image:type\" content=\"image\/png\" \/>\n<meta name=\"author\" content=\"serrafm87\" \/>\n<meta name=\"twitter:card\" content=\"summary_large_image\" \/>\n<meta name=\"twitter:label1\" content=\"Escrito por\" \/>\n\t<meta name=\"twitter:data1\" content=\"serrafm87\" \/>\n\t<meta name=\"twitter:label2\" content=\"Est. tempo de leitura\" \/>\n\t<meta name=\"twitter:data2\" content=\"2 minutos\" \/>\n<script type=\"application\/ld+json\" class=\"yoast-schema-graph\">{\"@context\":\"https:\/\/schema.org\",\"@graph\":[{\"@type\":\"WebPage\",\"@id\":\"https:\/\/serrafm879.com.br\/serrafm\/2026\/03\/o-agente-secreto-perdeu-oscar-para-uma-batalha-apos-a-outra\/\",\"url\":\"https:\/\/serrafm879.com.br\/serrafm\/2026\/03\/o-agente-secreto-perdeu-oscar-para-uma-batalha-apos-a-outra\/\",\"name\":\"\u201cO agente secreto\u201d perdeu Oscar para \u201cUma batalha ap\u00f3s a outra\u201d. - Serra FM 87,9\",\"isPartOf\":{\"@id\":\"https:\/\/serrafm879.com.br\/serrafm\/#website\"},\"primaryImageOfPage\":{\"@id\":\"https:\/\/serrafm879.com.br\/serrafm\/2026\/03\/o-agente-secreto-perdeu-oscar-para-uma-batalha-apos-a-outra\/#primaryimage\"},\"image\":{\"@id\":\"https:\/\/serrafm879.com.br\/serrafm\/2026\/03\/o-agente-secreto-perdeu-oscar-para-uma-batalha-apos-a-outra\/#primaryimage\"},\"thumbnailUrl\":\"https:\/\/serrafm879.com.br\/serrafm\/wp-content\/uploads\/2026\/03\/Captura-de-tela-2026-03-16-065903.png\",\"datePublished\":\"2026-03-16T10:00:40+00:00\",\"dateModified\":\"2026-03-16T10:01:14+00:00\",\"author\":{\"@id\":\"https:\/\/serrafm879.com.br\/serrafm\/#\/schema\/person\/c028a197030ff8b1c03c68dfba4a787a\"},\"description\":\"\u201cO agente secreto\u201d perdeu o Oscar de Melhor Sele\u00e7\u00e3o de Elenco, na estreia da categoria na premia\u00e7\u00e3o. Gabriel Domingues, diretor de elenco do filme estrelado por Wagner Moura, n\u00e3o levou a estatueta, que ficou com \u201cUma batalha ap\u00f3s a outra\u201d.\",\"breadcrumb\":{\"@id\":\"https:\/\/serrafm879.com.br\/serrafm\/2026\/03\/o-agente-secreto-perdeu-oscar-para-uma-batalha-apos-a-outra\/#breadcrumb\"},\"inLanguage\":\"pt-BR\",\"potentialAction\":[{\"@type\":\"ReadAction\",\"target\":[\"https:\/\/serrafm879.com.br\/serrafm\/2026\/03\/o-agente-secreto-perdeu-oscar-para-uma-batalha-apos-a-outra\/\"]}]},{\"@type\":\"ImageObject\",\"inLanguage\":\"pt-BR\",\"@id\":\"https:\/\/serrafm879.com.br\/serrafm\/2026\/03\/o-agente-secreto-perdeu-oscar-para-uma-batalha-apos-a-outra\/#primaryimage\",\"url\":\"https:\/\/serrafm879.com.br\/serrafm\/wp-content\/uploads\/2026\/03\/Captura-de-tela-2026-03-16-065903.png\",\"contentUrl\":\"https:\/\/serrafm879.com.br\/serrafm\/wp-content\/uploads\/2026\/03\/Captura-de-tela-2026-03-16-065903.png\",\"width\":675,\"height\":348},{\"@type\":\"BreadcrumbList\",\"@id\":\"https:\/\/serrafm879.com.br\/serrafm\/2026\/03\/o-agente-secreto-perdeu-oscar-para-uma-batalha-apos-a-outra\/#breadcrumb\",\"itemListElement\":[{\"@type\":\"ListItem\",\"position\":1,\"name\":\"In\u00edcio\",\"item\":\"https:\/\/serrafm879.com.br\/serrafm\/\"},{\"@type\":\"ListItem\",\"position\":2,\"name\":\"\u201cO agente secreto\u201d perdeu Oscar para \u201cUma batalha ap\u00f3s a outra\u201d.\"}]},{\"@type\":\"WebSite\",\"@id\":\"https:\/\/serrafm879.com.br\/serrafm\/#website\",\"url\":\"https:\/\/serrafm879.com.br\/serrafm\/\",\"name\":\"Serra FM 87,9\",\"description\":\"O seu novo amor!\",\"potentialAction\":[{\"@type\":\"SearchAction\",\"target\":{\"@type\":\"EntryPoint\",\"urlTemplate\":\"https:\/\/serrafm879.com.br\/serrafm\/?s={search_term_string}\"},\"query-input\":{\"@type\":\"PropertyValueSpecification\",\"valueRequired\":true,\"valueName\":\"search_term_string\"}}],\"inLanguage\":\"pt-BR\"},{\"@type\":\"Person\",\"@id\":\"https:\/\/serrafm879.com.br\/serrafm\/#\/schema\/person\/c028a197030ff8b1c03c68dfba4a787a\",\"name\":\"serrafm87\",\"image\":{\"@type\":\"ImageObject\",\"inLanguage\":\"pt-BR\",\"@id\":\"https:\/\/serrafm879.com.br\/serrafm\/#\/schema\/person\/image\/\",\"url\":\"https:\/\/secure.gravatar.com\/avatar\/a743233f1112d34f48bb3dc9559b76eb930bab8b27175856cba6362608736235?s=96&d=mm&r=g\",\"contentUrl\":\"https:\/\/secure.gravatar.com\/avatar\/a743233f1112d34f48bb3dc9559b76eb930bab8b27175856cba6362608736235?s=96&d=mm&r=g\",\"caption\":\"serrafm87\"},\"sameAs\":[\"http:\/\/serrafm879.com.br\/\"],\"url\":\"https:\/\/serrafm879.com.br\/serrafm\/author\/serrafm87\/\"}]}<\/script>\n<!-- \/ Yoast SEO plugin. -->","yoast_head_json":{"title":"\u201cO agente secreto\u201d perdeu Oscar para \u201cUma batalha ap\u00f3s a outra\u201d. - Serra FM 87,9","description":"\u201cO agente secreto\u201d perdeu o Oscar de Melhor Sele\u00e7\u00e3o de Elenco, na estreia da categoria na premia\u00e7\u00e3o. Gabriel Domingues, diretor de elenco do filme estrelado por Wagner Moura, n\u00e3o levou a estatueta, que ficou com \u201cUma batalha ap\u00f3s a outra\u201d.","robots":{"index":"index","follow":"follow","max-snippet":"max-snippet:-1","max-image-preview":"max-image-preview:large","max-video-preview":"max-video-preview:-1"},"canonical":"https:\/\/serrafm879.com.br\/serrafm\/2026\/03\/o-agente-secreto-perdeu-oscar-para-uma-batalha-apos-a-outra\/","og_locale":"pt_BR","og_type":"article","og_title":"\u201cO agente secreto\u201d perdeu Oscar para \u201cUma batalha ap\u00f3s a outra\u201d. - Serra FM 87,9","og_description":"\u201cO agente secreto\u201d perdeu o Oscar de Melhor Sele\u00e7\u00e3o de Elenco, na estreia da categoria na premia\u00e7\u00e3o. Gabriel Domingues, diretor de elenco do filme estrelado por Wagner Moura, n\u00e3o levou a estatueta, que ficou com \u201cUma batalha ap\u00f3s a outra\u201d.","og_url":"https:\/\/serrafm879.com.br\/serrafm\/2026\/03\/o-agente-secreto-perdeu-oscar-para-uma-batalha-apos-a-outra\/","og_site_name":"Serra FM 87,9","article_published_time":"2026-03-16T10:00:40+00:00","article_modified_time":"2026-03-16T10:01:14+00:00","og_image":[{"width":675,"height":348,"url":"http:\/\/serrafm879.com.br\/serrafm\/wp-content\/uploads\/2026\/03\/Captura-de-tela-2026-03-16-065903.png","type":"image\/png"}],"author":"serrafm87","twitter_card":"summary_large_image","twitter_misc":{"Escrito por":"serrafm87","Est. tempo de leitura":"2 minutos"},"schema":{"@context":"https:\/\/schema.org","@graph":[{"@type":"WebPage","@id":"https:\/\/serrafm879.com.br\/serrafm\/2026\/03\/o-agente-secreto-perdeu-oscar-para-uma-batalha-apos-a-outra\/","url":"https:\/\/serrafm879.com.br\/serrafm\/2026\/03\/o-agente-secreto-perdeu-oscar-para-uma-batalha-apos-a-outra\/","name":"\u201cO agente secreto\u201d perdeu Oscar para \u201cUma batalha ap\u00f3s a outra\u201d. - Serra FM 87,9","isPartOf":{"@id":"https:\/\/serrafm879.com.br\/serrafm\/#website"},"primaryImageOfPage":{"@id":"https:\/\/serrafm879.com.br\/serrafm\/2026\/03\/o-agente-secreto-perdeu-oscar-para-uma-batalha-apos-a-outra\/#primaryimage"},"image":{"@id":"https:\/\/serrafm879.com.br\/serrafm\/2026\/03\/o-agente-secreto-perdeu-oscar-para-uma-batalha-apos-a-outra\/#primaryimage"},"thumbnailUrl":"https:\/\/serrafm879.com.br\/serrafm\/wp-content\/uploads\/2026\/03\/Captura-de-tela-2026-03-16-065903.png","datePublished":"2026-03-16T10:00:40+00:00","dateModified":"2026-03-16T10:01:14+00:00","author":{"@id":"https:\/\/serrafm879.com.br\/serrafm\/#\/schema\/person\/c028a197030ff8b1c03c68dfba4a787a"},"description":"\u201cO agente secreto\u201d perdeu o Oscar de Melhor Sele\u00e7\u00e3o de Elenco, na estreia da categoria na premia\u00e7\u00e3o. Gabriel Domingues, diretor de elenco do filme estrelado por Wagner Moura, n\u00e3o levou a estatueta, que ficou com \u201cUma batalha ap\u00f3s a outra\u201d.","breadcrumb":{"@id":"https:\/\/serrafm879.com.br\/serrafm\/2026\/03\/o-agente-secreto-perdeu-oscar-para-uma-batalha-apos-a-outra\/#breadcrumb"},"inLanguage":"pt-BR","potentialAction":[{"@type":"ReadAction","target":["https:\/\/serrafm879.com.br\/serrafm\/2026\/03\/o-agente-secreto-perdeu-oscar-para-uma-batalha-apos-a-outra\/"]}]},{"@type":"ImageObject","inLanguage":"pt-BR","@id":"https:\/\/serrafm879.com.br\/serrafm\/2026\/03\/o-agente-secreto-perdeu-oscar-para-uma-batalha-apos-a-outra\/#primaryimage","url":"https:\/\/serrafm879.com.br\/serrafm\/wp-content\/uploads\/2026\/03\/Captura-de-tela-2026-03-16-065903.png","contentUrl":"https:\/\/serrafm879.com.br\/serrafm\/wp-content\/uploads\/2026\/03\/Captura-de-tela-2026-03-16-065903.png","width":675,"height":348},{"@type":"BreadcrumbList","@id":"https:\/\/serrafm879.com.br\/serrafm\/2026\/03\/o-agente-secreto-perdeu-oscar-para-uma-batalha-apos-a-outra\/#breadcrumb","itemListElement":[{"@type":"ListItem","position":1,"name":"In\u00edcio","item":"https:\/\/serrafm879.com.br\/serrafm\/"},{"@type":"ListItem","position":2,"name":"\u201cO agente secreto\u201d perdeu Oscar para \u201cUma batalha ap\u00f3s a outra\u201d."}]},{"@type":"WebSite","@id":"https:\/\/serrafm879.com.br\/serrafm\/#website","url":"https:\/\/serrafm879.com.br\/serrafm\/","name":"Serra FM 87,9","description":"O seu novo amor!","potentialAction":[{"@type":"SearchAction","target":{"@type":"EntryPoint","urlTemplate":"https:\/\/serrafm879.com.br\/serrafm\/?s={search_term_string}"},"query-input":{"@type":"PropertyValueSpecification","valueRequired":true,"valueName":"search_term_string"}}],"inLanguage":"pt-BR"},{"@type":"Person","@id":"https:\/\/serrafm879.com.br\/serrafm\/#\/schema\/person\/c028a197030ff8b1c03c68dfba4a787a","name":"serrafm87","image":{"@type":"ImageObject","inLanguage":"pt-BR","@id":"https:\/\/serrafm879.com.br\/serrafm\/#\/schema\/person\/image\/","url":"https:\/\/secure.gravatar.com\/avatar\/a743233f1112d34f48bb3dc9559b76eb930bab8b27175856cba6362608736235?s=96&d=mm&r=g","contentUrl":"https:\/\/secure.gravatar.com\/avatar\/a743233f1112d34f48bb3dc9559b76eb930bab8b27175856cba6362608736235?s=96&d=mm&r=g","caption":"serrafm87"},"sameAs":["http:\/\/serrafm879.com.br\/"],"url":"https:\/\/serrafm879.com.br\/serrafm\/author\/serrafm87\/"}]}},"jetpack_featured_media_url":"https:\/\/serrafm879.com.br\/serrafm\/wp-content\/uploads\/2026\/03\/Captura-de-tela-2026-03-16-065903.png","jetpack_shortlink":"https:\/\/wp.me\/p7HyXg-707","jetpack_sharing_enabled":true,"_links":{"self":[{"href":"https:\/\/serrafm879.com.br\/serrafm\/wp-json\/wp\/v2\/posts\/26915","targetHints":{"allow":["GET"]}}],"collection":[{"href":"https:\/\/serrafm879.com.br\/serrafm\/wp-json\/wp\/v2\/posts"}],"about":[{"href":"https:\/\/serrafm879.com.br\/serrafm\/wp-json\/wp\/v2\/types\/post"}],"author":[{"embeddable":true,"href":"https:\/\/serrafm879.com.br\/serrafm\/wp-json\/wp\/v2\/users\/2"}],"replies":[{"embeddable":true,"href":"https:\/\/serrafm879.com.br\/serrafm\/wp-json\/wp\/v2\/comments?post=26915"}],"version-history":[{"count":1,"href":"https:\/\/serrafm879.com.br\/serrafm\/wp-json\/wp\/v2\/posts\/26915\/revisions"}],"predecessor-version":[{"id":26917,"href":"https:\/\/serrafm879.com.br\/serrafm\/wp-json\/wp\/v2\/posts\/26915\/revisions\/26917"}],"wp:featuredmedia":[{"embeddable":true,"href":"https:\/\/serrafm879.com.br\/serrafm\/wp-json\/wp\/v2\/media\/26916"}],"wp:attachment":[{"href":"https:\/\/serrafm879.com.br\/serrafm\/wp-json\/wp\/v2\/media?parent=26915"}],"wp:term":[{"taxonomy":"category","embeddable":true,"href":"https:\/\/serrafm879.com.br\/serrafm\/wp-json\/wp\/v2\/categories?post=26915"},{"taxonomy":"post_tag","embeddable":true,"href":"https:\/\/serrafm879.com.br\/serrafm\/wp-json\/wp\/v2\/tags?post=26915"}],"curies":[{"name":"wp","href":"https:\/\/api.w.org\/{rel}","templated":true}]}}