{"id":26922,"date":"2026-03-16T07:13:53","date_gmt":"2026-03-16T10:13:53","guid":{"rendered":"https:\/\/serrafm879.com.br\/serrafm\/?p=26922"},"modified":"2026-03-16T07:13:53","modified_gmt":"2026-03-16T10:13:53","slug":"br-232-sofrera-interdicao-parcial-nesta-segunda-16-para-recuperacao-da-pista-saiba-onde","status":"publish","type":"post","link":"https:\/\/serrafm879.com.br\/serrafm\/2026\/03\/br-232-sofrera-interdicao-parcial-nesta-segunda-16-para-recuperacao-da-pista-saiba-onde\/","title":{"rendered":"BR-232 sofrer\u00e1 interdi\u00e7\u00e3o parcial nesta segunda (16) para recupera\u00e7\u00e3o da pista; saiba onde!"},"content":{"rendered":"<p class=\"texto\">A partir desta segunda-feira (16), a BR-232 sofrer\u00e1 interdi\u00e7\u00e3o parcial, no sentido capital-interior, para obras de recupera\u00e7\u00e3o de uma das pistas, entre os munic\u00edpios de Moreno e Vit\u00f3ria de Santo Ant\u00e3o.<\/p>\n<p class=\"texto\">\u00c9 o que informou, nesse domingo (15), o <strong>Departamento de Estradas de Rodagem de Pernambuco (DER-PE)<\/strong>.<\/p>\n<p class=\"texto\">Os servi\u00e7os ter\u00e3o in\u00edcio \u00e0s 6h, quando uma das faixas da BR-232 ser\u00e1 interditada no km 11, em Moreno, seguindo at\u00e9 o km 27, em Vit\u00f3ria de Santo Ant\u00e3o.<\/p>\n<p class=\"texto\">A previs\u00e3o \u00e9 de que as obras nos 26km de pista sejam conclu\u00eddas no dia 30 de mar\u00e7o.<\/p>\n<p class=\"texto\">Conforme o DER-PE, a interven\u00e7\u00e3o prev\u00ea a execu\u00e7\u00e3o de microrrevestimento, t\u00e9cnica que consiste na aplica\u00e7\u00e3o de uma nova camada de asfalto sobre o pavimento, exceto nos trechos com placas de concreto.<\/p>\n<p class=\"texto\">At\u00e9 o momento, 286 placas de concreto j\u00e1 teriam sido recuperadas nas imedia\u00e7\u00f5es do viaduto de Bonan\u00e7a, em Moreno, restando ainda 2.049 placas a serem executadas.<\/p>\n<p class=\"texto\">As a\u00e7\u00f5es integram o Plano Anual de Trabalho e Or\u00e7amento (PATO), resultado de conv\u00eanio entre o Governo de Pernambuco, por meio da Secretaria de Mobilidade e Infraestrutura (Semobi) e do DER-PE, com o Governo Federal, atrav\u00e9s do DNIT.<\/p>\n<p class=\"texto\">O investimento, segundo o DER-PE, \u00e9 de quase R$ 52 milh\u00f5es, proveniente de emenda da bancada parlamentar de Pernambuco, e o prazo total previsto para execu\u00e7\u00e3o das obras \u00e9 de tr\u00eas anos.<\/p>\n<p class=\"texto\">Durante a realiza\u00e7\u00e3o dos servi\u00e7os, equipes de agentes de tr\u00e2nsito estar\u00e3o no local para orientar os condutores e auxiliar na organiza\u00e7\u00e3o do tr\u00e1fego.<\/p>\n<p class=\"texto\">O DER-PE orienta os motoristas a redobrarem a aten\u00e7\u00e3o e a respeitarem a sinaliza\u00e7\u00e3o implantada no trecho.<\/p>\n","protected":false},"excerpt":{"rendered":"<p>A partir desta segunda-feira (16), a BR-232 sofrer\u00e1 interdi\u00e7\u00e3o parcial, no sentido capital-interior, para obras de recupera\u00e7\u00e3o de uma das pistas, entre os munic\u00edpios de Moreno e Vit\u00f3ria de Santo Ant\u00e3o. \u00c9 o que informou, nesse domingo (15), o Departamento de Estradas de Rodagem de Pernambuco (DER-PE). Os servi\u00e7os ter\u00e3o in\u00edcio \u00e0s 6h, quando uma das faixas da BR-232 ser\u00e1 interditada no km 11, em Moreno, seguindo at\u00e9 o km 27, em Vit\u00f3ria de Santo Ant\u00e3o. A previs\u00e3o \u00e9 de que as obras nos 26km de pista sejam conclu\u00eddas no dia 30 de mar\u00e7o. Conforme o DER-PE, a interven\u00e7\u00e3o prev\u00ea [&hellip;]<\/p>\n","protected":false},"author":2,"featured_media":26923,"comment_status":"open","ping_status":"open","sticky":false,"template":"","format":"standard","meta":{"_jetpack_memberships_contains_paid_content":false,"footnotes":"","jetpack_publicize_message":"","jetpack_publicize_feature_enabled":true,"jetpack_social_post_already_shared":true,"jetpack_social_options":{"image_generator_settings":{"template":"highway","enabled":false},"version":2}},"categories":[288],"tags":[339,340,341,210,342],"class_list":["post-26922","post","type-post","status-publish","format-standard","has-post-thumbnail","hentry","category-pernambuco","tag-br-232","tag-interdicao","tag-obra","tag-pernambuco","tag-transito"],"jetpack_publicize_connections":[],"yoast_head":"<!-- This site is optimized with the Yoast SEO plugin v24.7 - https:\/\/yoast.com\/wordpress\/plugins\/seo\/ -->\n<title>BR-232 sofrer\u00e1 interdi\u00e7\u00e3o parcial nesta segunda (16) para recupera\u00e7\u00e3o da pista; saiba onde! - Serra FM 87,9<\/title>\n<meta name=\"robots\" content=\"index, follow, max-snippet:-1, max-image-preview:large, max-video-preview:-1\" \/>\n<link rel=\"canonical\" href=\"https:\/\/serrafm879.com.br\/serrafm\/2026\/03\/br-232-sofrera-interdicao-parcial-nesta-segunda-16-para-recuperacao-da-pista-saiba-onde\/\" \/>\n<meta property=\"og:locale\" content=\"pt_BR\" \/>\n<meta property=\"og:type\" content=\"article\" \/>\n<meta property=\"og:title\" content=\"BR-232 sofrer\u00e1 interdi\u00e7\u00e3o parcial nesta segunda (16) para recupera\u00e7\u00e3o da pista; saiba onde! - Serra FM 87,9\" \/>\n<meta property=\"og:description\" content=\"A partir desta segunda-feira (16), a BR-232 sofrer\u00e1 interdi\u00e7\u00e3o parcial, no sentido capital-interior, para obras de recupera\u00e7\u00e3o de uma das pistas, entre os munic\u00edpios de Moreno e Vit\u00f3ria de Santo Ant\u00e3o. \u00c9 o que informou, nesse domingo (15), o Departamento de Estradas de Rodagem de Pernambuco (DER-PE). Os servi\u00e7os ter\u00e3o in\u00edcio \u00e0s 6h, quando uma das faixas da BR-232 ser\u00e1 interditada no km 11, em Moreno, seguindo at\u00e9 o km 27, em Vit\u00f3ria de Santo Ant\u00e3o. A previs\u00e3o \u00e9 de que as obras nos 26km de pista sejam conclu\u00eddas no dia 30 de mar\u00e7o. Conforme o DER-PE, a interven\u00e7\u00e3o prev\u00ea [&hellip;]\" \/>\n<meta property=\"og:url\" content=\"https:\/\/serrafm879.com.br\/serrafm\/2026\/03\/br-232-sofrera-interdicao-parcial-nesta-segunda-16-para-recuperacao-da-pista-saiba-onde\/\" \/>\n<meta property=\"og:site_name\" content=\"Serra FM 87,9\" \/>\n<meta property=\"article:published_time\" content=\"2026-03-16T10:13:53+00:00\" \/>\n<meta property=\"og:image\" content=\"http:\/\/serrafm879.com.br\/serrafm\/wp-content\/uploads\/2026\/03\/br232_km12-861746.jpg\" \/>\n\t<meta property=\"og:image:width\" content=\"960\" \/>\n\t<meta property=\"og:image:height\" content=\"640\" \/>\n\t<meta property=\"og:image:type\" content=\"image\/jpeg\" \/>\n<meta name=\"author\" content=\"serrafm87\" \/>\n<meta name=\"twitter:card\" content=\"summary_large_image\" \/>\n<meta name=\"twitter:label1\" content=\"Escrito por\" \/>\n\t<meta name=\"twitter:data1\" content=\"serrafm87\" \/>\n\t<meta name=\"twitter:label2\" content=\"Est. tempo de leitura\" \/>\n\t<meta name=\"twitter:data2\" content=\"2 minutos\" \/>\n<script type=\"application\/ld+json\" class=\"yoast-schema-graph\">{\"@context\":\"https:\/\/schema.org\",\"@graph\":[{\"@type\":\"WebPage\",\"@id\":\"https:\/\/serrafm879.com.br\/serrafm\/2026\/03\/br-232-sofrera-interdicao-parcial-nesta-segunda-16-para-recuperacao-da-pista-saiba-onde\/\",\"url\":\"https:\/\/serrafm879.com.br\/serrafm\/2026\/03\/br-232-sofrera-interdicao-parcial-nesta-segunda-16-para-recuperacao-da-pista-saiba-onde\/\",\"name\":\"BR-232 sofrer\u00e1 interdi\u00e7\u00e3o parcial nesta segunda (16) para recupera\u00e7\u00e3o da pista; saiba onde! - Serra FM 87,9\",\"isPartOf\":{\"@id\":\"https:\/\/serrafm879.com.br\/serrafm\/#website\"},\"primaryImageOfPage\":{\"@id\":\"https:\/\/serrafm879.com.br\/serrafm\/2026\/03\/br-232-sofrera-interdicao-parcial-nesta-segunda-16-para-recuperacao-da-pista-saiba-onde\/#primaryimage\"},\"image\":{\"@id\":\"https:\/\/serrafm879.com.br\/serrafm\/2026\/03\/br-232-sofrera-interdicao-parcial-nesta-segunda-16-para-recuperacao-da-pista-saiba-onde\/#primaryimage\"},\"thumbnailUrl\":\"https:\/\/serrafm879.com.br\/serrafm\/wp-content\/uploads\/2026\/03\/br232_km12-861746.jpg\",\"datePublished\":\"2026-03-16T10:13:53+00:00\",\"author\":{\"@id\":\"https:\/\/serrafm879.com.br\/serrafm\/#\/schema\/person\/c028a197030ff8b1c03c68dfba4a787a\"},\"breadcrumb\":{\"@id\":\"https:\/\/serrafm879.com.br\/serrafm\/2026\/03\/br-232-sofrera-interdicao-parcial-nesta-segunda-16-para-recuperacao-da-pista-saiba-onde\/#breadcrumb\"},\"inLanguage\":\"pt-BR\",\"potentialAction\":[{\"@type\":\"ReadAction\",\"target\":[\"https:\/\/serrafm879.com.br\/serrafm\/2026\/03\/br-232-sofrera-interdicao-parcial-nesta-segunda-16-para-recuperacao-da-pista-saiba-onde\/\"]}]},{\"@type\":\"ImageObject\",\"inLanguage\":\"pt-BR\",\"@id\":\"https:\/\/serrafm879.com.br\/serrafm\/2026\/03\/br-232-sofrera-interdicao-parcial-nesta-segunda-16-para-recuperacao-da-pista-saiba-onde\/#primaryimage\",\"url\":\"https:\/\/serrafm879.com.br\/serrafm\/wp-content\/uploads\/2026\/03\/br232_km12-861746.jpg\",\"contentUrl\":\"https:\/\/serrafm879.com.br\/serrafm\/wp-content\/uploads\/2026\/03\/br232_km12-861746.jpg\",\"width\":960,\"height\":640},{\"@type\":\"BreadcrumbList\",\"@id\":\"https:\/\/serrafm879.com.br\/serrafm\/2026\/03\/br-232-sofrera-interdicao-parcial-nesta-segunda-16-para-recuperacao-da-pista-saiba-onde\/#breadcrumb\",\"itemListElement\":[{\"@type\":\"ListItem\",\"position\":1,\"name\":\"In\u00edcio\",\"item\":\"https:\/\/serrafm879.com.br\/serrafm\/\"},{\"@type\":\"ListItem\",\"position\":2,\"name\":\"BR-232 sofrer\u00e1 interdi\u00e7\u00e3o parcial nesta segunda (16) para recupera\u00e7\u00e3o da pista; saiba onde!\"}]},{\"@type\":\"WebSite\",\"@id\":\"https:\/\/serrafm879.com.br\/serrafm\/#website\",\"url\":\"https:\/\/serrafm879.com.br\/serrafm\/\",\"name\":\"Serra FM 87,9\",\"description\":\"O seu novo amor!\",\"potentialAction\":[{\"@type\":\"SearchAction\",\"target\":{\"@type\":\"EntryPoint\",\"urlTemplate\":\"https:\/\/serrafm879.com.br\/serrafm\/?s={search_term_string}\"},\"query-input\":{\"@type\":\"PropertyValueSpecification\",\"valueRequired\":true,\"valueName\":\"search_term_string\"}}],\"inLanguage\":\"pt-BR\"},{\"@type\":\"Person\",\"@id\":\"https:\/\/serrafm879.com.br\/serrafm\/#\/schema\/person\/c028a197030ff8b1c03c68dfba4a787a\",\"name\":\"serrafm87\",\"image\":{\"@type\":\"ImageObject\",\"inLanguage\":\"pt-BR\",\"@id\":\"https:\/\/serrafm879.com.br\/serrafm\/#\/schema\/person\/image\/\",\"url\":\"https:\/\/secure.gravatar.com\/avatar\/a743233f1112d34f48bb3dc9559b76eb930bab8b27175856cba6362608736235?s=96&d=mm&r=g\",\"contentUrl\":\"https:\/\/secure.gravatar.com\/avatar\/a743233f1112d34f48bb3dc9559b76eb930bab8b27175856cba6362608736235?s=96&d=mm&r=g\",\"caption\":\"serrafm87\"},\"sameAs\":[\"http:\/\/serrafm879.com.br\/\"],\"url\":\"https:\/\/serrafm879.com.br\/serrafm\/author\/serrafm87\/\"}]}<\/script>\n<!-- \/ Yoast SEO plugin. -->","yoast_head_json":{"title":"BR-232 sofrer\u00e1 interdi\u00e7\u00e3o parcial nesta segunda (16) para recupera\u00e7\u00e3o da pista; saiba onde! - Serra FM 87,9","robots":{"index":"index","follow":"follow","max-snippet":"max-snippet:-1","max-image-preview":"max-image-preview:large","max-video-preview":"max-video-preview:-1"},"canonical":"https:\/\/serrafm879.com.br\/serrafm\/2026\/03\/br-232-sofrera-interdicao-parcial-nesta-segunda-16-para-recuperacao-da-pista-saiba-onde\/","og_locale":"pt_BR","og_type":"article","og_title":"BR-232 sofrer\u00e1 interdi\u00e7\u00e3o parcial nesta segunda (16) para recupera\u00e7\u00e3o da pista; saiba onde! - Serra FM 87,9","og_description":"A partir desta segunda-feira (16), a BR-232 sofrer\u00e1 interdi\u00e7\u00e3o parcial, no sentido capital-interior, para obras de recupera\u00e7\u00e3o de uma das pistas, entre os munic\u00edpios de Moreno e Vit\u00f3ria de Santo Ant\u00e3o. \u00c9 o que informou, nesse domingo (15), o Departamento de Estradas de Rodagem de Pernambuco (DER-PE). Os servi\u00e7os ter\u00e3o in\u00edcio \u00e0s 6h, quando uma das faixas da BR-232 ser\u00e1 interditada no km 11, em Moreno, seguindo at\u00e9 o km 27, em Vit\u00f3ria de Santo Ant\u00e3o. A previs\u00e3o \u00e9 de que as obras nos 26km de pista sejam conclu\u00eddas no dia 30 de mar\u00e7o. Conforme o DER-PE, a interven\u00e7\u00e3o prev\u00ea [&hellip;]","og_url":"https:\/\/serrafm879.com.br\/serrafm\/2026\/03\/br-232-sofrera-interdicao-parcial-nesta-segunda-16-para-recuperacao-da-pista-saiba-onde\/","og_site_name":"Serra FM 87,9","article_published_time":"2026-03-16T10:13:53+00:00","og_image":[{"width":960,"height":640,"url":"http:\/\/serrafm879.com.br\/serrafm\/wp-content\/uploads\/2026\/03\/br232_km12-861746.jpg","type":"image\/jpeg"}],"author":"serrafm87","twitter_card":"summary_large_image","twitter_misc":{"Escrito por":"serrafm87","Est. tempo de leitura":"2 minutos"},"schema":{"@context":"https:\/\/schema.org","@graph":[{"@type":"WebPage","@id":"https:\/\/serrafm879.com.br\/serrafm\/2026\/03\/br-232-sofrera-interdicao-parcial-nesta-segunda-16-para-recuperacao-da-pista-saiba-onde\/","url":"https:\/\/serrafm879.com.br\/serrafm\/2026\/03\/br-232-sofrera-interdicao-parcial-nesta-segunda-16-para-recuperacao-da-pista-saiba-onde\/","name":"BR-232 sofrer\u00e1 interdi\u00e7\u00e3o parcial nesta segunda (16) para recupera\u00e7\u00e3o da pista; saiba onde! - Serra FM 87,9","isPartOf":{"@id":"https:\/\/serrafm879.com.br\/serrafm\/#website"},"primaryImageOfPage":{"@id":"https:\/\/serrafm879.com.br\/serrafm\/2026\/03\/br-232-sofrera-interdicao-parcial-nesta-segunda-16-para-recuperacao-da-pista-saiba-onde\/#primaryimage"},"image":{"@id":"https:\/\/serrafm879.com.br\/serrafm\/2026\/03\/br-232-sofrera-interdicao-parcial-nesta-segunda-16-para-recuperacao-da-pista-saiba-onde\/#primaryimage"},"thumbnailUrl":"https:\/\/serrafm879.com.br\/serrafm\/wp-content\/uploads\/2026\/03\/br232_km12-861746.jpg","datePublished":"2026-03-16T10:13:53+00:00","author":{"@id":"https:\/\/serrafm879.com.br\/serrafm\/#\/schema\/person\/c028a197030ff8b1c03c68dfba4a787a"},"breadcrumb":{"@id":"https:\/\/serrafm879.com.br\/serrafm\/2026\/03\/br-232-sofrera-interdicao-parcial-nesta-segunda-16-para-recuperacao-da-pista-saiba-onde\/#breadcrumb"},"inLanguage":"pt-BR","potentialAction":[{"@type":"ReadAction","target":["https:\/\/serrafm879.com.br\/serrafm\/2026\/03\/br-232-sofrera-interdicao-parcial-nesta-segunda-16-para-recuperacao-da-pista-saiba-onde\/"]}]},{"@type":"ImageObject","inLanguage":"pt-BR","@id":"https:\/\/serrafm879.com.br\/serrafm\/2026\/03\/br-232-sofrera-interdicao-parcial-nesta-segunda-16-para-recuperacao-da-pista-saiba-onde\/#primaryimage","url":"https:\/\/serrafm879.com.br\/serrafm\/wp-content\/uploads\/2026\/03\/br232_km12-861746.jpg","contentUrl":"https:\/\/serrafm879.com.br\/serrafm\/wp-content\/uploads\/2026\/03\/br232_km12-861746.jpg","width":960,"height":640},{"@type":"BreadcrumbList","@id":"https:\/\/serrafm879.com.br\/serrafm\/2026\/03\/br-232-sofrera-interdicao-parcial-nesta-segunda-16-para-recuperacao-da-pista-saiba-onde\/#breadcrumb","itemListElement":[{"@type":"ListItem","position":1,"name":"In\u00edcio","item":"https:\/\/serrafm879.com.br\/serrafm\/"},{"@type":"ListItem","position":2,"name":"BR-232 sofrer\u00e1 interdi\u00e7\u00e3o parcial nesta segunda (16) para recupera\u00e7\u00e3o da pista; saiba onde!"}]},{"@type":"WebSite","@id":"https:\/\/serrafm879.com.br\/serrafm\/#website","url":"https:\/\/serrafm879.com.br\/serrafm\/","name":"Serra FM 87,9","description":"O seu novo amor!","potentialAction":[{"@type":"SearchAction","target":{"@type":"EntryPoint","urlTemplate":"https:\/\/serrafm879.com.br\/serrafm\/?s={search_term_string}"},"query-input":{"@type":"PropertyValueSpecification","valueRequired":true,"valueName":"search_term_string"}}],"inLanguage":"pt-BR"},{"@type":"Person","@id":"https:\/\/serrafm879.com.br\/serrafm\/#\/schema\/person\/c028a197030ff8b1c03c68dfba4a787a","name":"serrafm87","image":{"@type":"ImageObject","inLanguage":"pt-BR","@id":"https:\/\/serrafm879.com.br\/serrafm\/#\/schema\/person\/image\/","url":"https:\/\/secure.gravatar.com\/avatar\/a743233f1112d34f48bb3dc9559b76eb930bab8b27175856cba6362608736235?s=96&d=mm&r=g","contentUrl":"https:\/\/secure.gravatar.com\/avatar\/a743233f1112d34f48bb3dc9559b76eb930bab8b27175856cba6362608736235?s=96&d=mm&r=g","caption":"serrafm87"},"sameAs":["http:\/\/serrafm879.com.br\/"],"url":"https:\/\/serrafm879.com.br\/serrafm\/author\/serrafm87\/"}]}},"jetpack_featured_media_url":"https:\/\/serrafm879.com.br\/serrafm\/wp-content\/uploads\/2026\/03\/br232_km12-861746.jpg","jetpack_shortlink":"https:\/\/wp.me\/p7HyXg-70e","jetpack_sharing_enabled":true,"_links":{"self":[{"href":"https:\/\/serrafm879.com.br\/serrafm\/wp-json\/wp\/v2\/posts\/26922","targetHints":{"allow":["GET"]}}],"collection":[{"href":"https:\/\/serrafm879.com.br\/serrafm\/wp-json\/wp\/v2\/posts"}],"about":[{"href":"https:\/\/serrafm879.com.br\/serrafm\/wp-json\/wp\/v2\/types\/post"}],"author":[{"embeddable":true,"href":"https:\/\/serrafm879.com.br\/serrafm\/wp-json\/wp\/v2\/users\/2"}],"replies":[{"embeddable":true,"href":"https:\/\/serrafm879.com.br\/serrafm\/wp-json\/wp\/v2\/comments?post=26922"}],"version-history":[{"count":1,"href":"https:\/\/serrafm879.com.br\/serrafm\/wp-json\/wp\/v2\/posts\/26922\/revisions"}],"predecessor-version":[{"id":26924,"href":"https:\/\/serrafm879.com.br\/serrafm\/wp-json\/wp\/v2\/posts\/26922\/revisions\/26924"}],"wp:featuredmedia":[{"embeddable":true,"href":"https:\/\/serrafm879.com.br\/serrafm\/wp-json\/wp\/v2\/media\/26923"}],"wp:attachment":[{"href":"https:\/\/serrafm879.com.br\/serrafm\/wp-json\/wp\/v2\/media?parent=26922"}],"wp:term":[{"taxonomy":"category","embeddable":true,"href":"https:\/\/serrafm879.com.br\/serrafm\/wp-json\/wp\/v2\/categories?post=26922"},{"taxonomy":"post_tag","embeddable":true,"href":"https:\/\/serrafm879.com.br\/serrafm\/wp-json\/wp\/v2\/tags?post=26922"}],"curies":[{"name":"wp","href":"https:\/\/api.w.org\/{rel}","templated":true}]}}