{"id":26925,"date":"2026-03-16T07:17:39","date_gmt":"2026-03-16T10:17:39","guid":{"rendered":"https:\/\/serrafm879.com.br\/serrafm\/?p=26925"},"modified":"2026-03-16T07:17:39","modified_gmt":"2026-03-16T10:17:39","slug":"breno-araujo-participa-de-corrida-ao-lado-do-prefeito-de-sao-jose-do-belmonte","status":"publish","type":"post","link":"https:\/\/serrafm879.com.br\/serrafm\/2026\/03\/breno-araujo-participa-de-corrida-ao-lado-do-prefeito-de-sao-jose-do-belmonte\/","title":{"rendered":"Breno Ara\u00fajo participa de corrida ao lado do prefeito de S\u00e3o Jos\u00e9 do Belmonte"},"content":{"rendered":"<p>O pr\u00e9-candidato a deputado estadual, Breno Ara\u00fajo, participou, nesse domingo (15), da 2\u00aa Corrida de S\u00e3o Jos\u00e9, no munic\u00edpio de S\u00e3o Jos\u00e9 do Belmonte, Sert\u00e3o Central. ao lado do prefeito Vinicius Marques.<\/p>\n<p>O trajeto teve in\u00edcio na Pra\u00e7a Pires Ribeiro com um percusso de seis quil\u00f4metros. Ara\u00fajo disse que bateu a meta de 6km mostrando que o time t\u00e1 pronto. \u201cMomento de alegria que incentiva a pr\u00e1tica esportiva, e fortalecendo a f\u00e9, a sa\u00fade em um momento especial\u201d, comentou.<\/p>\n<p><strong>PREFEITO N\u00c3O DECIDIU<\/strong><\/p>\n<p>Ao ser provocado pelo\u00a0<strong>Farol,<\/strong>\u00a0se j\u00e1 tinha cravado apoio ao nome de Breno Ara\u00fajo, de olho nas Elei\u00e7\u00f5es 2026, o prefeito Vin\u00edcius Marques foi cauteloso. \u201cN\u00e3o tenho defini\u00e7\u00e3o sobre candidato, ainda dependo do posiconamento partid\u00e1rio\u201d, explicou Marques, afirmando que s\u00f3 tomar\u00e1 uma decis\u00e3o sobre o apoio no m\u00eas de abril.<\/p>\n<p>Do Site Farol de Not\u00edcias<\/p>\n","protected":false},"excerpt":{"rendered":"<p>O pr\u00e9-candidato a deputado estadual, Breno Ara\u00fajo, participou, nesse domingo (15), da 2\u00aa Corrida de S\u00e3o Jos\u00e9, no munic\u00edpio de S\u00e3o Jos\u00e9 do Belmonte, Sert\u00e3o Central. ao lado do prefeito Vinicius Marques. O trajeto teve in\u00edcio na Pra\u00e7a Pires Ribeiro com um percusso de seis quil\u00f4metros. Ara\u00fajo disse que bateu a meta de 6km mostrando que o time t\u00e1 pronto. \u201cMomento de alegria que incentiva a pr\u00e1tica esportiva, e fortalecendo a f\u00e9, a sa\u00fade em um momento especial\u201d, comentou. PREFEITO N\u00c3O DECIDIU Ao ser provocado pelo\u00a0Farol,\u00a0se j\u00e1 tinha cravado apoio ao nome de Breno Ara\u00fajo, de olho nas Elei\u00e7\u00f5es 2026, [&hellip;]<\/p>\n","protected":false},"author":2,"featured_media":26926,"comment_status":"open","ping_status":"open","sticky":false,"template":"","format":"standard","meta":{"_jetpack_memberships_contains_paid_content":false,"footnotes":"","jetpack_publicize_message":"","jetpack_publicize_feature_enabled":true,"jetpack_social_post_already_shared":true,"jetpack_social_options":{"image_generator_settings":{"template":"highway","enabled":false},"version":2}},"categories":[297],"tags":[],"class_list":["post-26925","post","type-post","status-publish","format-standard","has-post-thumbnail","hentry","category-eleicoes-2026"],"jetpack_publicize_connections":[],"yoast_head":"<!-- This site is optimized with the Yoast SEO plugin v24.7 - https:\/\/yoast.com\/wordpress\/plugins\/seo\/ -->\n<title>Breno Ara\u00fajo participa de corrida ao lado do prefeito de S\u00e3o Jos\u00e9 do Belmonte - Serra FM 87,9<\/title>\n<meta name=\"robots\" content=\"index, follow, max-snippet:-1, max-image-preview:large, max-video-preview:-1\" \/>\n<link rel=\"canonical\" href=\"https:\/\/serrafm879.com.br\/serrafm\/2026\/03\/breno-araujo-participa-de-corrida-ao-lado-do-prefeito-de-sao-jose-do-belmonte\/\" \/>\n<meta property=\"og:locale\" content=\"pt_BR\" \/>\n<meta property=\"og:type\" content=\"article\" \/>\n<meta property=\"og:title\" content=\"Breno Ara\u00fajo participa de corrida ao lado do prefeito de S\u00e3o Jos\u00e9 do Belmonte - Serra FM 87,9\" \/>\n<meta property=\"og:description\" content=\"O pr\u00e9-candidato a deputado estadual, Breno Ara\u00fajo, participou, nesse domingo (15), da 2\u00aa Corrida de S\u00e3o Jos\u00e9, no munic\u00edpio de S\u00e3o Jos\u00e9 do Belmonte, Sert\u00e3o Central. ao lado do prefeito Vinicius Marques. O trajeto teve in\u00edcio na Pra\u00e7a Pires Ribeiro com um percusso de seis quil\u00f4metros. Ara\u00fajo disse que bateu a meta de 6km mostrando que o time t\u00e1 pronto. \u201cMomento de alegria que incentiva a pr\u00e1tica esportiva, e fortalecendo a f\u00e9, a sa\u00fade em um momento especial\u201d, comentou. PREFEITO N\u00c3O DECIDIU Ao ser provocado pelo\u00a0Farol,\u00a0se j\u00e1 tinha cravado apoio ao nome de Breno Ara\u00fajo, de olho nas Elei\u00e7\u00f5es 2026, [&hellip;]\" \/>\n<meta property=\"og:url\" content=\"https:\/\/serrafm879.com.br\/serrafm\/2026\/03\/breno-araujo-participa-de-corrida-ao-lado-do-prefeito-de-sao-jose-do-belmonte\/\" \/>\n<meta property=\"og:site_name\" content=\"Serra FM 87,9\" \/>\n<meta property=\"article:published_time\" content=\"2026-03-16T10:17:39+00:00\" \/>\n<meta property=\"og:image\" content=\"http:\/\/serrafm879.com.br\/serrafm\/wp-content\/uploads\/2026\/03\/IMG-20260315-WA0020.jpg\" \/>\n\t<meta property=\"og:image:width\" content=\"908\" \/>\n\t<meta property=\"og:image:height\" content=\"854\" \/>\n\t<meta property=\"og:image:type\" content=\"image\/jpeg\" \/>\n<meta name=\"author\" content=\"serrafm87\" \/>\n<meta name=\"twitter:card\" content=\"summary_large_image\" \/>\n<meta name=\"twitter:label1\" content=\"Escrito por\" \/>\n\t<meta name=\"twitter:data1\" content=\"serrafm87\" \/>\n\t<meta name=\"twitter:label2\" content=\"Est. tempo de leitura\" \/>\n\t<meta name=\"twitter:data2\" content=\"1 minuto\" \/>\n<script type=\"application\/ld+json\" class=\"yoast-schema-graph\">{\"@context\":\"https:\/\/schema.org\",\"@graph\":[{\"@type\":\"WebPage\",\"@id\":\"https:\/\/serrafm879.com.br\/serrafm\/2026\/03\/breno-araujo-participa-de-corrida-ao-lado-do-prefeito-de-sao-jose-do-belmonte\/\",\"url\":\"https:\/\/serrafm879.com.br\/serrafm\/2026\/03\/breno-araujo-participa-de-corrida-ao-lado-do-prefeito-de-sao-jose-do-belmonte\/\",\"name\":\"Breno Ara\u00fajo participa de corrida ao lado do prefeito de S\u00e3o Jos\u00e9 do Belmonte - Serra FM 87,9\",\"isPartOf\":{\"@id\":\"https:\/\/serrafm879.com.br\/serrafm\/#website\"},\"primaryImageOfPage\":{\"@id\":\"https:\/\/serrafm879.com.br\/serrafm\/2026\/03\/breno-araujo-participa-de-corrida-ao-lado-do-prefeito-de-sao-jose-do-belmonte\/#primaryimage\"},\"image\":{\"@id\":\"https:\/\/serrafm879.com.br\/serrafm\/2026\/03\/breno-araujo-participa-de-corrida-ao-lado-do-prefeito-de-sao-jose-do-belmonte\/#primaryimage\"},\"thumbnailUrl\":\"https:\/\/serrafm879.com.br\/serrafm\/wp-content\/uploads\/2026\/03\/IMG-20260315-WA0020.jpg\",\"datePublished\":\"2026-03-16T10:17:39+00:00\",\"author\":{\"@id\":\"https:\/\/serrafm879.com.br\/serrafm\/#\/schema\/person\/c028a197030ff8b1c03c68dfba4a787a\"},\"breadcrumb\":{\"@id\":\"https:\/\/serrafm879.com.br\/serrafm\/2026\/03\/breno-araujo-participa-de-corrida-ao-lado-do-prefeito-de-sao-jose-do-belmonte\/#breadcrumb\"},\"inLanguage\":\"pt-BR\",\"potentialAction\":[{\"@type\":\"ReadAction\",\"target\":[\"https:\/\/serrafm879.com.br\/serrafm\/2026\/03\/breno-araujo-participa-de-corrida-ao-lado-do-prefeito-de-sao-jose-do-belmonte\/\"]}]},{\"@type\":\"ImageObject\",\"inLanguage\":\"pt-BR\",\"@id\":\"https:\/\/serrafm879.com.br\/serrafm\/2026\/03\/breno-araujo-participa-de-corrida-ao-lado-do-prefeito-de-sao-jose-do-belmonte\/#primaryimage\",\"url\":\"https:\/\/serrafm879.com.br\/serrafm\/wp-content\/uploads\/2026\/03\/IMG-20260315-WA0020.jpg\",\"contentUrl\":\"https:\/\/serrafm879.com.br\/serrafm\/wp-content\/uploads\/2026\/03\/IMG-20260315-WA0020.jpg\",\"width\":908,\"height\":854},{\"@type\":\"BreadcrumbList\",\"@id\":\"https:\/\/serrafm879.com.br\/serrafm\/2026\/03\/breno-araujo-participa-de-corrida-ao-lado-do-prefeito-de-sao-jose-do-belmonte\/#breadcrumb\",\"itemListElement\":[{\"@type\":\"ListItem\",\"position\":1,\"name\":\"In\u00edcio\",\"item\":\"https:\/\/serrafm879.com.br\/serrafm\/\"},{\"@type\":\"ListItem\",\"position\":2,\"name\":\"Breno Ara\u00fajo participa de corrida ao lado do prefeito de S\u00e3o Jos\u00e9 do Belmonte\"}]},{\"@type\":\"WebSite\",\"@id\":\"https:\/\/serrafm879.com.br\/serrafm\/#website\",\"url\":\"https:\/\/serrafm879.com.br\/serrafm\/\",\"name\":\"Serra FM 87,9\",\"description\":\"O seu novo amor!\",\"potentialAction\":[{\"@type\":\"SearchAction\",\"target\":{\"@type\":\"EntryPoint\",\"urlTemplate\":\"https:\/\/serrafm879.com.br\/serrafm\/?s={search_term_string}\"},\"query-input\":{\"@type\":\"PropertyValueSpecification\",\"valueRequired\":true,\"valueName\":\"search_term_string\"}}],\"inLanguage\":\"pt-BR\"},{\"@type\":\"Person\",\"@id\":\"https:\/\/serrafm879.com.br\/serrafm\/#\/schema\/person\/c028a197030ff8b1c03c68dfba4a787a\",\"name\":\"serrafm87\",\"image\":{\"@type\":\"ImageObject\",\"inLanguage\":\"pt-BR\",\"@id\":\"https:\/\/serrafm879.com.br\/serrafm\/#\/schema\/person\/image\/\",\"url\":\"https:\/\/secure.gravatar.com\/avatar\/a743233f1112d34f48bb3dc9559b76eb930bab8b27175856cba6362608736235?s=96&d=mm&r=g\",\"contentUrl\":\"https:\/\/secure.gravatar.com\/avatar\/a743233f1112d34f48bb3dc9559b76eb930bab8b27175856cba6362608736235?s=96&d=mm&r=g\",\"caption\":\"serrafm87\"},\"sameAs\":[\"http:\/\/serrafm879.com.br\/\"],\"url\":\"https:\/\/serrafm879.com.br\/serrafm\/author\/serrafm87\/\"}]}<\/script>\n<!-- \/ Yoast SEO plugin. -->","yoast_head_json":{"title":"Breno Ara\u00fajo participa de corrida ao lado do prefeito de S\u00e3o Jos\u00e9 do Belmonte - Serra FM 87,9","robots":{"index":"index","follow":"follow","max-snippet":"max-snippet:-1","max-image-preview":"max-image-preview:large","max-video-preview":"max-video-preview:-1"},"canonical":"https:\/\/serrafm879.com.br\/serrafm\/2026\/03\/breno-araujo-participa-de-corrida-ao-lado-do-prefeito-de-sao-jose-do-belmonte\/","og_locale":"pt_BR","og_type":"article","og_title":"Breno Ara\u00fajo participa de corrida ao lado do prefeito de S\u00e3o Jos\u00e9 do Belmonte - Serra FM 87,9","og_description":"O pr\u00e9-candidato a deputado estadual, Breno Ara\u00fajo, participou, nesse domingo (15), da 2\u00aa Corrida de S\u00e3o Jos\u00e9, no munic\u00edpio de S\u00e3o Jos\u00e9 do Belmonte, Sert\u00e3o Central. ao lado do prefeito Vinicius Marques. O trajeto teve in\u00edcio na Pra\u00e7a Pires Ribeiro com um percusso de seis quil\u00f4metros. Ara\u00fajo disse que bateu a meta de 6km mostrando que o time t\u00e1 pronto. \u201cMomento de alegria que incentiva a pr\u00e1tica esportiva, e fortalecendo a f\u00e9, a sa\u00fade em um momento especial\u201d, comentou. PREFEITO N\u00c3O DECIDIU Ao ser provocado pelo\u00a0Farol,\u00a0se j\u00e1 tinha cravado apoio ao nome de Breno Ara\u00fajo, de olho nas Elei\u00e7\u00f5es 2026, [&hellip;]","og_url":"https:\/\/serrafm879.com.br\/serrafm\/2026\/03\/breno-araujo-participa-de-corrida-ao-lado-do-prefeito-de-sao-jose-do-belmonte\/","og_site_name":"Serra FM 87,9","article_published_time":"2026-03-16T10:17:39+00:00","og_image":[{"width":908,"height":854,"url":"http:\/\/serrafm879.com.br\/serrafm\/wp-content\/uploads\/2026\/03\/IMG-20260315-WA0020.jpg","type":"image\/jpeg"}],"author":"serrafm87","twitter_card":"summary_large_image","twitter_misc":{"Escrito por":"serrafm87","Est. tempo de leitura":"1 minuto"},"schema":{"@context":"https:\/\/schema.org","@graph":[{"@type":"WebPage","@id":"https:\/\/serrafm879.com.br\/serrafm\/2026\/03\/breno-araujo-participa-de-corrida-ao-lado-do-prefeito-de-sao-jose-do-belmonte\/","url":"https:\/\/serrafm879.com.br\/serrafm\/2026\/03\/breno-araujo-participa-de-corrida-ao-lado-do-prefeito-de-sao-jose-do-belmonte\/","name":"Breno Ara\u00fajo participa de corrida ao lado do prefeito de S\u00e3o Jos\u00e9 do Belmonte - Serra FM 87,9","isPartOf":{"@id":"https:\/\/serrafm879.com.br\/serrafm\/#website"},"primaryImageOfPage":{"@id":"https:\/\/serrafm879.com.br\/serrafm\/2026\/03\/breno-araujo-participa-de-corrida-ao-lado-do-prefeito-de-sao-jose-do-belmonte\/#primaryimage"},"image":{"@id":"https:\/\/serrafm879.com.br\/serrafm\/2026\/03\/breno-araujo-participa-de-corrida-ao-lado-do-prefeito-de-sao-jose-do-belmonte\/#primaryimage"},"thumbnailUrl":"https:\/\/serrafm879.com.br\/serrafm\/wp-content\/uploads\/2026\/03\/IMG-20260315-WA0020.jpg","datePublished":"2026-03-16T10:17:39+00:00","author":{"@id":"https:\/\/serrafm879.com.br\/serrafm\/#\/schema\/person\/c028a197030ff8b1c03c68dfba4a787a"},"breadcrumb":{"@id":"https:\/\/serrafm879.com.br\/serrafm\/2026\/03\/breno-araujo-participa-de-corrida-ao-lado-do-prefeito-de-sao-jose-do-belmonte\/#breadcrumb"},"inLanguage":"pt-BR","potentialAction":[{"@type":"ReadAction","target":["https:\/\/serrafm879.com.br\/serrafm\/2026\/03\/breno-araujo-participa-de-corrida-ao-lado-do-prefeito-de-sao-jose-do-belmonte\/"]}]},{"@type":"ImageObject","inLanguage":"pt-BR","@id":"https:\/\/serrafm879.com.br\/serrafm\/2026\/03\/breno-araujo-participa-de-corrida-ao-lado-do-prefeito-de-sao-jose-do-belmonte\/#primaryimage","url":"https:\/\/serrafm879.com.br\/serrafm\/wp-content\/uploads\/2026\/03\/IMG-20260315-WA0020.jpg","contentUrl":"https:\/\/serrafm879.com.br\/serrafm\/wp-content\/uploads\/2026\/03\/IMG-20260315-WA0020.jpg","width":908,"height":854},{"@type":"BreadcrumbList","@id":"https:\/\/serrafm879.com.br\/serrafm\/2026\/03\/breno-araujo-participa-de-corrida-ao-lado-do-prefeito-de-sao-jose-do-belmonte\/#breadcrumb","itemListElement":[{"@type":"ListItem","position":1,"name":"In\u00edcio","item":"https:\/\/serrafm879.com.br\/serrafm\/"},{"@type":"ListItem","position":2,"name":"Breno Ara\u00fajo participa de corrida ao lado do prefeito de S\u00e3o Jos\u00e9 do Belmonte"}]},{"@type":"WebSite","@id":"https:\/\/serrafm879.com.br\/serrafm\/#website","url":"https:\/\/serrafm879.com.br\/serrafm\/","name":"Serra FM 87,9","description":"O seu novo amor!","potentialAction":[{"@type":"SearchAction","target":{"@type":"EntryPoint","urlTemplate":"https:\/\/serrafm879.com.br\/serrafm\/?s={search_term_string}"},"query-input":{"@type":"PropertyValueSpecification","valueRequired":true,"valueName":"search_term_string"}}],"inLanguage":"pt-BR"},{"@type":"Person","@id":"https:\/\/serrafm879.com.br\/serrafm\/#\/schema\/person\/c028a197030ff8b1c03c68dfba4a787a","name":"serrafm87","image":{"@type":"ImageObject","inLanguage":"pt-BR","@id":"https:\/\/serrafm879.com.br\/serrafm\/#\/schema\/person\/image\/","url":"https:\/\/secure.gravatar.com\/avatar\/a743233f1112d34f48bb3dc9559b76eb930bab8b27175856cba6362608736235?s=96&d=mm&r=g","contentUrl":"https:\/\/secure.gravatar.com\/avatar\/a743233f1112d34f48bb3dc9559b76eb930bab8b27175856cba6362608736235?s=96&d=mm&r=g","caption":"serrafm87"},"sameAs":["http:\/\/serrafm879.com.br\/"],"url":"https:\/\/serrafm879.com.br\/serrafm\/author\/serrafm87\/"}]}},"jetpack_featured_media_url":"https:\/\/serrafm879.com.br\/serrafm\/wp-content\/uploads\/2026\/03\/IMG-20260315-WA0020.jpg","jetpack_shortlink":"https:\/\/wp.me\/p7HyXg-70h","jetpack_sharing_enabled":true,"_links":{"self":[{"href":"https:\/\/serrafm879.com.br\/serrafm\/wp-json\/wp\/v2\/posts\/26925","targetHints":{"allow":["GET"]}}],"collection":[{"href":"https:\/\/serrafm879.com.br\/serrafm\/wp-json\/wp\/v2\/posts"}],"about":[{"href":"https:\/\/serrafm879.com.br\/serrafm\/wp-json\/wp\/v2\/types\/post"}],"author":[{"embeddable":true,"href":"https:\/\/serrafm879.com.br\/serrafm\/wp-json\/wp\/v2\/users\/2"}],"replies":[{"embeddable":true,"href":"https:\/\/serrafm879.com.br\/serrafm\/wp-json\/wp\/v2\/comments?post=26925"}],"version-history":[{"count":1,"href":"https:\/\/serrafm879.com.br\/serrafm\/wp-json\/wp\/v2\/posts\/26925\/revisions"}],"predecessor-version":[{"id":26927,"href":"https:\/\/serrafm879.com.br\/serrafm\/wp-json\/wp\/v2\/posts\/26925\/revisions\/26927"}],"wp:featuredmedia":[{"embeddable":true,"href":"https:\/\/serrafm879.com.br\/serrafm\/wp-json\/wp\/v2\/media\/26926"}],"wp:attachment":[{"href":"https:\/\/serrafm879.com.br\/serrafm\/wp-json\/wp\/v2\/media?parent=26925"}],"wp:term":[{"taxonomy":"category","embeddable":true,"href":"https:\/\/serrafm879.com.br\/serrafm\/wp-json\/wp\/v2\/categories?post=26925"},{"taxonomy":"post_tag","embeddable":true,"href":"https:\/\/serrafm879.com.br\/serrafm\/wp-json\/wp\/v2\/tags?post=26925"}],"curies":[{"name":"wp","href":"https:\/\/api.w.org\/{rel}","templated":true}]}}