{"id":26928,"date":"2026-03-16T07:20:22","date_gmt":"2026-03-16T10:20:22","guid":{"rendered":"https:\/\/serrafm879.com.br\/serrafm\/?p=26928"},"modified":"2026-03-16T07:20:22","modified_gmt":"2026-03-16T10:20:22","slug":"motorista-invade-a-contramao-e-colide-com-caminhao-na-pe-320","status":"publish","type":"post","link":"https:\/\/serrafm879.com.br\/serrafm\/2026\/03\/motorista-invade-a-contramao-e-colide-com-caminhao-na-pe-320\/","title":{"rendered":"Motorista invade a contram\u00e3o e colide com caminh\u00e3o na PE-320"},"content":{"rendered":"<p>Um acidente na noite desse domingo (15) na PE-320, no munic\u00edpio de Calumbi, Sert\u00e3o do Paje\u00fa, mobilizou a Pol\u00edcia Rodovi\u00e1ria Federal (PRF) e a Delegacia de Pol\u00edcia de Serra Talhada. Na entrada do S\u00edtio Cajazeiras, um condutor de um ve\u00edculo Ford Ka, de cor branca, trafegava em alta velocidade no sentido oposto, quando invadiu a contram\u00e3o e colidiu com um caminh\u00e3o.<\/p>\n<div class=\"amp-wp-25642fa\" data-amp-original-style=\"clear:both; margin-top:2em; margin-bottom:2em;\">\n<p>Segundo informa\u00e7\u00f5es da Pol\u00edcia Militar, que foi acionada, com o impacto, os ve\u00edculos ficaram tombados fora da pista, mas n\u00e3o houve registro de feridos.<\/p>\n<p>O motorista do carro de passeio apresentava vis\u00edveis sinais de embriaguez alco\u00f3lica, com voz arrastada e discurso desconexo. Diante os fatos, os envolvidos foram conduzidos ao posto da PRF, onde foi realizado teste de baf\u00f4metro, dando positivo para o condutor do Ford Ka. As partes foram conduzidas \u00e0 Delegacia de Pol\u00edcia de Serra Talhada.<\/p>\n<\/div>\n","protected":false},"excerpt":{"rendered":"<p>Um acidente na noite desse domingo (15) na PE-320, no munic\u00edpio de Calumbi, Sert\u00e3o do Paje\u00fa, mobilizou a Pol\u00edcia Rodovi\u00e1ria Federal (PRF) e a Delegacia de Pol\u00edcia de Serra Talhada. Na entrada do S\u00edtio Cajazeiras, um condutor de um ve\u00edculo Ford Ka, de cor branca, trafegava em alta velocidade no sentido oposto, quando invadiu a contram\u00e3o e colidiu com um caminh\u00e3o. Segundo informa\u00e7\u00f5es da Pol\u00edcia Militar, que foi acionada, com o impacto, os ve\u00edculos ficaram tombados fora da pista, mas n\u00e3o houve registro de feridos. O motorista do carro de passeio apresentava vis\u00edveis sinais de embriaguez alco\u00f3lica, com voz arrastada [&hellip;]<\/p>\n","protected":false},"author":2,"featured_media":26929,"comment_status":"open","ping_status":"open","sticky":false,"template":"","format":"standard","meta":{"_jetpack_memberships_contains_paid_content":false,"footnotes":"","jetpack_publicize_message":"","jetpack_publicize_feature_enabled":true,"jetpack_social_post_already_shared":true,"jetpack_social_options":{"image_generator_settings":{"template":"highway","enabled":false},"version":2}},"categories":[294],"tags":[80,343,6,44,21],"class_list":["post-26928","post","type-post","status-publish","format-standard","has-post-thumbnail","hentry","category-acidente","tag-acidente","tag-calumbi","tag-noticias","tag-policia","tag-serra-talhada"],"jetpack_publicize_connections":[],"yoast_head":"<!-- This site is optimized with the Yoast SEO plugin v24.7 - https:\/\/yoast.com\/wordpress\/plugins\/seo\/ -->\n<title>Motorista invade a contram\u00e3o e colide com caminh\u00e3o na PE-320 - Serra FM 87,9<\/title>\n<meta name=\"robots\" content=\"index, follow, max-snippet:-1, max-image-preview:large, max-video-preview:-1\" \/>\n<link rel=\"canonical\" href=\"https:\/\/serrafm879.com.br\/serrafm\/2026\/03\/motorista-invade-a-contramao-e-colide-com-caminhao-na-pe-320\/\" \/>\n<meta property=\"og:locale\" content=\"pt_BR\" \/>\n<meta property=\"og:type\" content=\"article\" \/>\n<meta property=\"og:title\" content=\"Motorista invade a contram\u00e3o e colide com caminh\u00e3o na PE-320 - Serra FM 87,9\" \/>\n<meta property=\"og:description\" content=\"Um acidente na noite desse domingo (15) na PE-320, no munic\u00edpio de Calumbi, Sert\u00e3o do Paje\u00fa, mobilizou a Pol\u00edcia Rodovi\u00e1ria Federal (PRF) e a Delegacia de Pol\u00edcia de Serra Talhada. Na entrada do S\u00edtio Cajazeiras, um condutor de um ve\u00edculo Ford Ka, de cor branca, trafegava em alta velocidade no sentido oposto, quando invadiu a contram\u00e3o e colidiu com um caminh\u00e3o. Segundo informa\u00e7\u00f5es da Pol\u00edcia Militar, que foi acionada, com o impacto, os ve\u00edculos ficaram tombados fora da pista, mas n\u00e3o houve registro de feridos. O motorista do carro de passeio apresentava vis\u00edveis sinais de embriaguez alco\u00f3lica, com voz arrastada [&hellip;]\" \/>\n<meta property=\"og:url\" content=\"https:\/\/serrafm879.com.br\/serrafm\/2026\/03\/motorista-invade-a-contramao-e-colide-com-caminhao-na-pe-320\/\" \/>\n<meta property=\"og:site_name\" content=\"Serra FM 87,9\" \/>\n<meta property=\"article:published_time\" content=\"2026-03-16T10:20:22+00:00\" \/>\n<meta property=\"og:image\" content=\"http:\/\/serrafm879.com.br\/serrafm\/wp-content\/uploads\/2026\/03\/ACIDENTE-VB.jpg\" \/>\n\t<meta property=\"og:image:width\" content=\"388\" \/>\n\t<meta property=\"og:image:height\" content=\"295\" \/>\n\t<meta property=\"og:image:type\" content=\"image\/jpeg\" \/>\n<meta name=\"author\" content=\"serrafm87\" \/>\n<meta name=\"twitter:card\" content=\"summary_large_image\" \/>\n<meta name=\"twitter:label1\" content=\"Escrito por\" \/>\n\t<meta name=\"twitter:data1\" content=\"serrafm87\" \/>\n\t<meta name=\"twitter:label2\" content=\"Est. tempo de leitura\" \/>\n\t<meta name=\"twitter:data2\" content=\"1 minuto\" \/>\n<script type=\"application\/ld+json\" class=\"yoast-schema-graph\">{\"@context\":\"https:\/\/schema.org\",\"@graph\":[{\"@type\":\"WebPage\",\"@id\":\"https:\/\/serrafm879.com.br\/serrafm\/2026\/03\/motorista-invade-a-contramao-e-colide-com-caminhao-na-pe-320\/\",\"url\":\"https:\/\/serrafm879.com.br\/serrafm\/2026\/03\/motorista-invade-a-contramao-e-colide-com-caminhao-na-pe-320\/\",\"name\":\"Motorista invade a contram\u00e3o e colide com caminh\u00e3o na PE-320 - Serra FM 87,9\",\"isPartOf\":{\"@id\":\"https:\/\/serrafm879.com.br\/serrafm\/#website\"},\"primaryImageOfPage\":{\"@id\":\"https:\/\/serrafm879.com.br\/serrafm\/2026\/03\/motorista-invade-a-contramao-e-colide-com-caminhao-na-pe-320\/#primaryimage\"},\"image\":{\"@id\":\"https:\/\/serrafm879.com.br\/serrafm\/2026\/03\/motorista-invade-a-contramao-e-colide-com-caminhao-na-pe-320\/#primaryimage\"},\"thumbnailUrl\":\"https:\/\/serrafm879.com.br\/serrafm\/wp-content\/uploads\/2026\/03\/ACIDENTE-VB.jpg\",\"datePublished\":\"2026-03-16T10:20:22+00:00\",\"author\":{\"@id\":\"https:\/\/serrafm879.com.br\/serrafm\/#\/schema\/person\/c028a197030ff8b1c03c68dfba4a787a\"},\"breadcrumb\":{\"@id\":\"https:\/\/serrafm879.com.br\/serrafm\/2026\/03\/motorista-invade-a-contramao-e-colide-com-caminhao-na-pe-320\/#breadcrumb\"},\"inLanguage\":\"pt-BR\",\"potentialAction\":[{\"@type\":\"ReadAction\",\"target\":[\"https:\/\/serrafm879.com.br\/serrafm\/2026\/03\/motorista-invade-a-contramao-e-colide-com-caminhao-na-pe-320\/\"]}]},{\"@type\":\"ImageObject\",\"inLanguage\":\"pt-BR\",\"@id\":\"https:\/\/serrafm879.com.br\/serrafm\/2026\/03\/motorista-invade-a-contramao-e-colide-com-caminhao-na-pe-320\/#primaryimage\",\"url\":\"https:\/\/serrafm879.com.br\/serrafm\/wp-content\/uploads\/2026\/03\/ACIDENTE-VB.jpg\",\"contentUrl\":\"https:\/\/serrafm879.com.br\/serrafm\/wp-content\/uploads\/2026\/03\/ACIDENTE-VB.jpg\",\"width\":388,\"height\":295},{\"@type\":\"BreadcrumbList\",\"@id\":\"https:\/\/serrafm879.com.br\/serrafm\/2026\/03\/motorista-invade-a-contramao-e-colide-com-caminhao-na-pe-320\/#breadcrumb\",\"itemListElement\":[{\"@type\":\"ListItem\",\"position\":1,\"name\":\"In\u00edcio\",\"item\":\"https:\/\/serrafm879.com.br\/serrafm\/\"},{\"@type\":\"ListItem\",\"position\":2,\"name\":\"Motorista invade a contram\u00e3o e colide com caminh\u00e3o na PE-320\"}]},{\"@type\":\"WebSite\",\"@id\":\"https:\/\/serrafm879.com.br\/serrafm\/#website\",\"url\":\"https:\/\/serrafm879.com.br\/serrafm\/\",\"name\":\"Serra FM 87,9\",\"description\":\"O seu novo amor!\",\"potentialAction\":[{\"@type\":\"SearchAction\",\"target\":{\"@type\":\"EntryPoint\",\"urlTemplate\":\"https:\/\/serrafm879.com.br\/serrafm\/?s={search_term_string}\"},\"query-input\":{\"@type\":\"PropertyValueSpecification\",\"valueRequired\":true,\"valueName\":\"search_term_string\"}}],\"inLanguage\":\"pt-BR\"},{\"@type\":\"Person\",\"@id\":\"https:\/\/serrafm879.com.br\/serrafm\/#\/schema\/person\/c028a197030ff8b1c03c68dfba4a787a\",\"name\":\"serrafm87\",\"image\":{\"@type\":\"ImageObject\",\"inLanguage\":\"pt-BR\",\"@id\":\"https:\/\/serrafm879.com.br\/serrafm\/#\/schema\/person\/image\/\",\"url\":\"https:\/\/secure.gravatar.com\/avatar\/a743233f1112d34f48bb3dc9559b76eb930bab8b27175856cba6362608736235?s=96&d=mm&r=g\",\"contentUrl\":\"https:\/\/secure.gravatar.com\/avatar\/a743233f1112d34f48bb3dc9559b76eb930bab8b27175856cba6362608736235?s=96&d=mm&r=g\",\"caption\":\"serrafm87\"},\"sameAs\":[\"http:\/\/serrafm879.com.br\/\"],\"url\":\"https:\/\/serrafm879.com.br\/serrafm\/author\/serrafm87\/\"}]}<\/script>\n<!-- \/ Yoast SEO plugin. -->","yoast_head_json":{"title":"Motorista invade a contram\u00e3o e colide com caminh\u00e3o na PE-320 - Serra FM 87,9","robots":{"index":"index","follow":"follow","max-snippet":"max-snippet:-1","max-image-preview":"max-image-preview:large","max-video-preview":"max-video-preview:-1"},"canonical":"https:\/\/serrafm879.com.br\/serrafm\/2026\/03\/motorista-invade-a-contramao-e-colide-com-caminhao-na-pe-320\/","og_locale":"pt_BR","og_type":"article","og_title":"Motorista invade a contram\u00e3o e colide com caminh\u00e3o na PE-320 - Serra FM 87,9","og_description":"Um acidente na noite desse domingo (15) na PE-320, no munic\u00edpio de Calumbi, Sert\u00e3o do Paje\u00fa, mobilizou a Pol\u00edcia Rodovi\u00e1ria Federal (PRF) e a Delegacia de Pol\u00edcia de Serra Talhada. Na entrada do S\u00edtio Cajazeiras, um condutor de um ve\u00edculo Ford Ka, de cor branca, trafegava em alta velocidade no sentido oposto, quando invadiu a contram\u00e3o e colidiu com um caminh\u00e3o. Segundo informa\u00e7\u00f5es da Pol\u00edcia Militar, que foi acionada, com o impacto, os ve\u00edculos ficaram tombados fora da pista, mas n\u00e3o houve registro de feridos. O motorista do carro de passeio apresentava vis\u00edveis sinais de embriaguez alco\u00f3lica, com voz arrastada [&hellip;]","og_url":"https:\/\/serrafm879.com.br\/serrafm\/2026\/03\/motorista-invade-a-contramao-e-colide-com-caminhao-na-pe-320\/","og_site_name":"Serra FM 87,9","article_published_time":"2026-03-16T10:20:22+00:00","og_image":[{"width":388,"height":295,"url":"http:\/\/serrafm879.com.br\/serrafm\/wp-content\/uploads\/2026\/03\/ACIDENTE-VB.jpg","type":"image\/jpeg"}],"author":"serrafm87","twitter_card":"summary_large_image","twitter_misc":{"Escrito por":"serrafm87","Est. tempo de leitura":"1 minuto"},"schema":{"@context":"https:\/\/schema.org","@graph":[{"@type":"WebPage","@id":"https:\/\/serrafm879.com.br\/serrafm\/2026\/03\/motorista-invade-a-contramao-e-colide-com-caminhao-na-pe-320\/","url":"https:\/\/serrafm879.com.br\/serrafm\/2026\/03\/motorista-invade-a-contramao-e-colide-com-caminhao-na-pe-320\/","name":"Motorista invade a contram\u00e3o e colide com caminh\u00e3o na PE-320 - Serra FM 87,9","isPartOf":{"@id":"https:\/\/serrafm879.com.br\/serrafm\/#website"},"primaryImageOfPage":{"@id":"https:\/\/serrafm879.com.br\/serrafm\/2026\/03\/motorista-invade-a-contramao-e-colide-com-caminhao-na-pe-320\/#primaryimage"},"image":{"@id":"https:\/\/serrafm879.com.br\/serrafm\/2026\/03\/motorista-invade-a-contramao-e-colide-com-caminhao-na-pe-320\/#primaryimage"},"thumbnailUrl":"https:\/\/serrafm879.com.br\/serrafm\/wp-content\/uploads\/2026\/03\/ACIDENTE-VB.jpg","datePublished":"2026-03-16T10:20:22+00:00","author":{"@id":"https:\/\/serrafm879.com.br\/serrafm\/#\/schema\/person\/c028a197030ff8b1c03c68dfba4a787a"},"breadcrumb":{"@id":"https:\/\/serrafm879.com.br\/serrafm\/2026\/03\/motorista-invade-a-contramao-e-colide-com-caminhao-na-pe-320\/#breadcrumb"},"inLanguage":"pt-BR","potentialAction":[{"@type":"ReadAction","target":["https:\/\/serrafm879.com.br\/serrafm\/2026\/03\/motorista-invade-a-contramao-e-colide-com-caminhao-na-pe-320\/"]}]},{"@type":"ImageObject","inLanguage":"pt-BR","@id":"https:\/\/serrafm879.com.br\/serrafm\/2026\/03\/motorista-invade-a-contramao-e-colide-com-caminhao-na-pe-320\/#primaryimage","url":"https:\/\/serrafm879.com.br\/serrafm\/wp-content\/uploads\/2026\/03\/ACIDENTE-VB.jpg","contentUrl":"https:\/\/serrafm879.com.br\/serrafm\/wp-content\/uploads\/2026\/03\/ACIDENTE-VB.jpg","width":388,"height":295},{"@type":"BreadcrumbList","@id":"https:\/\/serrafm879.com.br\/serrafm\/2026\/03\/motorista-invade-a-contramao-e-colide-com-caminhao-na-pe-320\/#breadcrumb","itemListElement":[{"@type":"ListItem","position":1,"name":"In\u00edcio","item":"https:\/\/serrafm879.com.br\/serrafm\/"},{"@type":"ListItem","position":2,"name":"Motorista invade a contram\u00e3o e colide com caminh\u00e3o na PE-320"}]},{"@type":"WebSite","@id":"https:\/\/serrafm879.com.br\/serrafm\/#website","url":"https:\/\/serrafm879.com.br\/serrafm\/","name":"Serra FM 87,9","description":"O seu novo amor!","potentialAction":[{"@type":"SearchAction","target":{"@type":"EntryPoint","urlTemplate":"https:\/\/serrafm879.com.br\/serrafm\/?s={search_term_string}"},"query-input":{"@type":"PropertyValueSpecification","valueRequired":true,"valueName":"search_term_string"}}],"inLanguage":"pt-BR"},{"@type":"Person","@id":"https:\/\/serrafm879.com.br\/serrafm\/#\/schema\/person\/c028a197030ff8b1c03c68dfba4a787a","name":"serrafm87","image":{"@type":"ImageObject","inLanguage":"pt-BR","@id":"https:\/\/serrafm879.com.br\/serrafm\/#\/schema\/person\/image\/","url":"https:\/\/secure.gravatar.com\/avatar\/a743233f1112d34f48bb3dc9559b76eb930bab8b27175856cba6362608736235?s=96&d=mm&r=g","contentUrl":"https:\/\/secure.gravatar.com\/avatar\/a743233f1112d34f48bb3dc9559b76eb930bab8b27175856cba6362608736235?s=96&d=mm&r=g","caption":"serrafm87"},"sameAs":["http:\/\/serrafm879.com.br\/"],"url":"https:\/\/serrafm879.com.br\/serrafm\/author\/serrafm87\/"}]}},"jetpack_featured_media_url":"https:\/\/serrafm879.com.br\/serrafm\/wp-content\/uploads\/2026\/03\/ACIDENTE-VB.jpg","jetpack_shortlink":"https:\/\/wp.me\/p7HyXg-70k","jetpack_sharing_enabled":true,"_links":{"self":[{"href":"https:\/\/serrafm879.com.br\/serrafm\/wp-json\/wp\/v2\/posts\/26928","targetHints":{"allow":["GET"]}}],"collection":[{"href":"https:\/\/serrafm879.com.br\/serrafm\/wp-json\/wp\/v2\/posts"}],"about":[{"href":"https:\/\/serrafm879.com.br\/serrafm\/wp-json\/wp\/v2\/types\/post"}],"author":[{"embeddable":true,"href":"https:\/\/serrafm879.com.br\/serrafm\/wp-json\/wp\/v2\/users\/2"}],"replies":[{"embeddable":true,"href":"https:\/\/serrafm879.com.br\/serrafm\/wp-json\/wp\/v2\/comments?post=26928"}],"version-history":[{"count":1,"href":"https:\/\/serrafm879.com.br\/serrafm\/wp-json\/wp\/v2\/posts\/26928\/revisions"}],"predecessor-version":[{"id":26930,"href":"https:\/\/serrafm879.com.br\/serrafm\/wp-json\/wp\/v2\/posts\/26928\/revisions\/26930"}],"wp:featuredmedia":[{"embeddable":true,"href":"https:\/\/serrafm879.com.br\/serrafm\/wp-json\/wp\/v2\/media\/26929"}],"wp:attachment":[{"href":"https:\/\/serrafm879.com.br\/serrafm\/wp-json\/wp\/v2\/media?parent=26928"}],"wp:term":[{"taxonomy":"category","embeddable":true,"href":"https:\/\/serrafm879.com.br\/serrafm\/wp-json\/wp\/v2\/categories?post=26928"},{"taxonomy":"post_tag","embeddable":true,"href":"https:\/\/serrafm879.com.br\/serrafm\/wp-json\/wp\/v2\/tags?post=26928"}],"curies":[{"name":"wp","href":"https:\/\/api.w.org\/{rel}","templated":true}]}}