{"id":26931,"date":"2026-03-16T07:22:59","date_gmt":"2026-03-16T10:22:59","guid":{"rendered":"https:\/\/serrafm879.com.br\/serrafm\/?p=26931"},"modified":"2026-03-16T07:22:59","modified_gmt":"2026-03-16T10:22:59","slug":"pe-abre-mais-de-800-vagas-em-selecao-simplificada-para-secretaria-de-saude","status":"publish","type":"post","link":"https:\/\/serrafm879.com.br\/serrafm\/2026\/03\/pe-abre-mais-de-800-vagas-em-selecao-simplificada-para-secretaria-de-saude\/","title":{"rendered":"PE abre mais de 800 vagas em Sele\u00e7\u00e3o Simplificada para Secretaria de Sa\u00fade"},"content":{"rendered":"<p>Sele\u00e7\u00e3o simplificada da Secretaria de Sa\u00fade oferece sal\u00e1rios de at\u00e9 R$ 12,3 mil e inscri\u00e7\u00f5es seguem at\u00e9 27 de mar\u00e7o<\/p>\n<p>O governo de\u00a0<a href=\"https:\/\/faroldenoticias.com.br\/categoria\/pernambuco\/\">Pernambuco<\/a>\u00a0abriu uma sele\u00e7\u00e3o p\u00fablica simplificada com 831 vagas destinadas a profissionais da \u00e1rea da sa\u00fade. As oportunidades contemplam cargos de n\u00edveis t\u00e9cnico e superior, com sal\u00e1rios que variam entre R$ 1.621 e R$ 12.366,61. Confira edital\u00a0<a href=\"https:\/\/diariooficial.cepe.com.br\/diariooficialweb\/#\/visualizar-jornal?dataPublicacao=25-02-2026&amp;diario=MQ%3D%3D&amp;extra=false\" target=\"_blank\" rel=\"noopener\"><strong>clique aqui<\/strong><\/a>.<\/p>\n<p>O processo seletivo foi lan\u00e7ado pela Secretaria de Administra\u00e7\u00e3o de Pernambuco (SAD) em conjunto com a Secretaria Estadual de Sa\u00fade de Pernambuco (SES). As inscri\u00e7\u00f5es come\u00e7aram na sexta-feira (13) e podem ser realizadas pela internet at\u00e9 o dia 27 de mar\u00e7o.<\/p>\n<div class=\"amp-wp-25642fa\" data-amp-original-style=\"clear:both; margin-top:2em; margin-bottom:2em;\">\n<p>H\u00e1 vagas para m\u00e9dicos de diferentes especialidades, al\u00e9m de fun\u00e7\u00f5es nas \u00e1reas de an\u00e1lise e assist\u00eancia em sa\u00fade. O processo contar\u00e1 com apenas uma etapa: avalia\u00e7\u00e3o curricular, de car\u00e1ter classificat\u00f3rio e eliminat\u00f3rio, na qual os candidatos dever\u00e3o apresentar documentos que comprovem forma\u00e7\u00e3o e experi\u00eancia profissional.<\/p>\n<p>Segundo o edital divulgado pelos \u00f3rg\u00e3os estaduais, os profissionais selecionados atuar\u00e3o em diversas Ger\u00eancias Regionais de Sa\u00fade (Geres) espalhadas pelo estado. A contrata\u00e7\u00e3o ser\u00e1 tempor\u00e1ria, inicialmente por dois anos, com possibilidade de prorroga\u00e7\u00e3o por at\u00e9 seis anos, conforme a necessidade da administra\u00e7\u00e3o p\u00fablica. A carga hor\u00e1ria varia de acordo com o cargo escolhido.<\/p>\n<p>Confira a distribui\u00e7\u00e3o das vagas:<\/p>\n<p>Analista em Sa\u00fade (diarista) \u2013 59 vagas<\/p>\n<p>Analista em Sa\u00fade (plantonista) \u2013 67 vagas<\/p>\n<p>Assistente em Sa\u00fade (diarista) \u2013 133 vagas<\/p>\n<p>Assistente em Sa\u00fade (plantonista) \u2013 116 vagas<\/p>\n<p>Cirurgi\u00e3o Bucomaxilo (plantonista) \u2013 6 vagas<\/p>\n<p>M\u00e9dico (diarista) \u2013 136 vagas<\/p>\n<p>M\u00e9dico (plantonista) \u2013 314 vagas<\/p>\n<\/div>\n","protected":false},"excerpt":{"rendered":"<p>Sele\u00e7\u00e3o simplificada da Secretaria de Sa\u00fade oferece sal\u00e1rios de at\u00e9 R$ 12,3 mil e inscri\u00e7\u00f5es seguem at\u00e9 27 de mar\u00e7o O governo de\u00a0Pernambuco\u00a0abriu uma sele\u00e7\u00e3o p\u00fablica simplificada com 831 vagas destinadas a profissionais da \u00e1rea da sa\u00fade. As oportunidades contemplam cargos de n\u00edveis t\u00e9cnico e superior, com sal\u00e1rios que variam entre R$ 1.621 e R$ 12.366,61. Confira edital\u00a0clique aqui. O processo seletivo foi lan\u00e7ado pela Secretaria de Administra\u00e7\u00e3o de Pernambuco (SAD) em conjunto com a Secretaria Estadual de Sa\u00fade de Pernambuco (SES). As inscri\u00e7\u00f5es come\u00e7aram na sexta-feira (13) e podem ser realizadas pela internet at\u00e9 o dia 27 de mar\u00e7o. [&hellip;]<\/p>\n","protected":false},"author":2,"featured_media":25356,"comment_status":"open","ping_status":"open","sticky":false,"template":"","format":"standard","meta":{"_jetpack_memberships_contains_paid_content":false,"footnotes":"","jetpack_publicize_message":"","jetpack_publicize_feature_enabled":true,"jetpack_social_post_already_shared":true,"jetpack_social_options":{"image_generator_settings":{"template":"highway","enabled":false},"version":2}},"categories":[296],"tags":[345,210,322,344],"class_list":["post-26931","post","type-post","status-publish","format-standard","has-post-thumbnail","hentry","category-saude","tag-emprego","tag-pernambuco","tag-saude","tag-selecao"],"jetpack_publicize_connections":[],"yoast_head":"<!-- This site is optimized with the Yoast SEO plugin v24.7 - https:\/\/yoast.com\/wordpress\/plugins\/seo\/ -->\n<title>PE abre mais de 800 vagas em Sele\u00e7\u00e3o Simplificada para Secretaria de Sa\u00fade - Serra FM 87,9<\/title>\n<meta name=\"robots\" content=\"index, follow, max-snippet:-1, max-image-preview:large, max-video-preview:-1\" \/>\n<link rel=\"canonical\" href=\"https:\/\/serrafm879.com.br\/serrafm\/2026\/03\/pe-abre-mais-de-800-vagas-em-selecao-simplificada-para-secretaria-de-saude\/\" \/>\n<meta property=\"og:locale\" content=\"pt_BR\" \/>\n<meta property=\"og:type\" content=\"article\" \/>\n<meta property=\"og:title\" content=\"PE abre mais de 800 vagas em Sele\u00e7\u00e3o Simplificada para Secretaria de Sa\u00fade - Serra FM 87,9\" \/>\n<meta property=\"og:description\" content=\"Sele\u00e7\u00e3o simplificada da Secretaria de Sa\u00fade oferece sal\u00e1rios de at\u00e9 R$ 12,3 mil e inscri\u00e7\u00f5es seguem at\u00e9 27 de mar\u00e7o O governo de\u00a0Pernambuco\u00a0abriu uma sele\u00e7\u00e3o p\u00fablica simplificada com 831 vagas destinadas a profissionais da \u00e1rea da sa\u00fade. As oportunidades contemplam cargos de n\u00edveis t\u00e9cnico e superior, com sal\u00e1rios que variam entre R$ 1.621 e R$ 12.366,61. Confira edital\u00a0clique aqui. O processo seletivo foi lan\u00e7ado pela Secretaria de Administra\u00e7\u00e3o de Pernambuco (SAD) em conjunto com a Secretaria Estadual de Sa\u00fade de Pernambuco (SES). As inscri\u00e7\u00f5es come\u00e7aram na sexta-feira (13) e podem ser realizadas pela internet at\u00e9 o dia 27 de mar\u00e7o. [&hellip;]\" \/>\n<meta property=\"og:url\" content=\"https:\/\/serrafm879.com.br\/serrafm\/2026\/03\/pe-abre-mais-de-800-vagas-em-selecao-simplificada-para-secretaria-de-saude\/\" \/>\n<meta property=\"og:site_name\" content=\"Serra FM 87,9\" \/>\n<meta property=\"article:published_time\" content=\"2026-03-16T10:22:59+00:00\" \/>\n<meta property=\"og:image\" content=\"http:\/\/serrafm879.com.br\/serrafm\/wp-content\/uploads\/2026\/01\/concurso_publico-824320.jpeg\" \/>\n\t<meta property=\"og:image:width\" content=\"700\" \/>\n\t<meta property=\"og:image:height\" content=\"466\" \/>\n\t<meta property=\"og:image:type\" content=\"image\/jpeg\" \/>\n<meta name=\"author\" content=\"serrafm87\" \/>\n<meta name=\"twitter:card\" content=\"summary_large_image\" \/>\n<meta name=\"twitter:label1\" content=\"Escrito por\" \/>\n\t<meta name=\"twitter:data1\" content=\"serrafm87\" \/>\n\t<meta name=\"twitter:label2\" content=\"Est. tempo de leitura\" \/>\n\t<meta name=\"twitter:data2\" content=\"2 minutos\" \/>\n<script type=\"application\/ld+json\" class=\"yoast-schema-graph\">{\"@context\":\"https:\/\/schema.org\",\"@graph\":[{\"@type\":\"WebPage\",\"@id\":\"https:\/\/serrafm879.com.br\/serrafm\/2026\/03\/pe-abre-mais-de-800-vagas-em-selecao-simplificada-para-secretaria-de-saude\/\",\"url\":\"https:\/\/serrafm879.com.br\/serrafm\/2026\/03\/pe-abre-mais-de-800-vagas-em-selecao-simplificada-para-secretaria-de-saude\/\",\"name\":\"PE abre mais de 800 vagas em Sele\u00e7\u00e3o Simplificada para Secretaria de Sa\u00fade - Serra FM 87,9\",\"isPartOf\":{\"@id\":\"https:\/\/serrafm879.com.br\/serrafm\/#website\"},\"primaryImageOfPage\":{\"@id\":\"https:\/\/serrafm879.com.br\/serrafm\/2026\/03\/pe-abre-mais-de-800-vagas-em-selecao-simplificada-para-secretaria-de-saude\/#primaryimage\"},\"image\":{\"@id\":\"https:\/\/serrafm879.com.br\/serrafm\/2026\/03\/pe-abre-mais-de-800-vagas-em-selecao-simplificada-para-secretaria-de-saude\/#primaryimage\"},\"thumbnailUrl\":\"https:\/\/serrafm879.com.br\/serrafm\/wp-content\/uploads\/2026\/01\/concurso_publico-824320.jpeg\",\"datePublished\":\"2026-03-16T10:22:59+00:00\",\"author\":{\"@id\":\"https:\/\/serrafm879.com.br\/serrafm\/#\/schema\/person\/c028a197030ff8b1c03c68dfba4a787a\"},\"breadcrumb\":{\"@id\":\"https:\/\/serrafm879.com.br\/serrafm\/2026\/03\/pe-abre-mais-de-800-vagas-em-selecao-simplificada-para-secretaria-de-saude\/#breadcrumb\"},\"inLanguage\":\"pt-BR\",\"potentialAction\":[{\"@type\":\"ReadAction\",\"target\":[\"https:\/\/serrafm879.com.br\/serrafm\/2026\/03\/pe-abre-mais-de-800-vagas-em-selecao-simplificada-para-secretaria-de-saude\/\"]}]},{\"@type\":\"ImageObject\",\"inLanguage\":\"pt-BR\",\"@id\":\"https:\/\/serrafm879.com.br\/serrafm\/2026\/03\/pe-abre-mais-de-800-vagas-em-selecao-simplificada-para-secretaria-de-saude\/#primaryimage\",\"url\":\"https:\/\/serrafm879.com.br\/serrafm\/wp-content\/uploads\/2026\/01\/concurso_publico-824320.jpeg\",\"contentUrl\":\"https:\/\/serrafm879.com.br\/serrafm\/wp-content\/uploads\/2026\/01\/concurso_publico-824320.jpeg\",\"width\":700,\"height\":466},{\"@type\":\"BreadcrumbList\",\"@id\":\"https:\/\/serrafm879.com.br\/serrafm\/2026\/03\/pe-abre-mais-de-800-vagas-em-selecao-simplificada-para-secretaria-de-saude\/#breadcrumb\",\"itemListElement\":[{\"@type\":\"ListItem\",\"position\":1,\"name\":\"In\u00edcio\",\"item\":\"https:\/\/serrafm879.com.br\/serrafm\/\"},{\"@type\":\"ListItem\",\"position\":2,\"name\":\"PE abre mais de 800 vagas em Sele\u00e7\u00e3o Simplificada para Secretaria de Sa\u00fade\"}]},{\"@type\":\"WebSite\",\"@id\":\"https:\/\/serrafm879.com.br\/serrafm\/#website\",\"url\":\"https:\/\/serrafm879.com.br\/serrafm\/\",\"name\":\"Serra FM 87,9\",\"description\":\"O seu novo amor!\",\"potentialAction\":[{\"@type\":\"SearchAction\",\"target\":{\"@type\":\"EntryPoint\",\"urlTemplate\":\"https:\/\/serrafm879.com.br\/serrafm\/?s={search_term_string}\"},\"query-input\":{\"@type\":\"PropertyValueSpecification\",\"valueRequired\":true,\"valueName\":\"search_term_string\"}}],\"inLanguage\":\"pt-BR\"},{\"@type\":\"Person\",\"@id\":\"https:\/\/serrafm879.com.br\/serrafm\/#\/schema\/person\/c028a197030ff8b1c03c68dfba4a787a\",\"name\":\"serrafm87\",\"image\":{\"@type\":\"ImageObject\",\"inLanguage\":\"pt-BR\",\"@id\":\"https:\/\/serrafm879.com.br\/serrafm\/#\/schema\/person\/image\/\",\"url\":\"https:\/\/secure.gravatar.com\/avatar\/a743233f1112d34f48bb3dc9559b76eb930bab8b27175856cba6362608736235?s=96&d=mm&r=g\",\"contentUrl\":\"https:\/\/secure.gravatar.com\/avatar\/a743233f1112d34f48bb3dc9559b76eb930bab8b27175856cba6362608736235?s=96&d=mm&r=g\",\"caption\":\"serrafm87\"},\"sameAs\":[\"http:\/\/serrafm879.com.br\/\"],\"url\":\"https:\/\/serrafm879.com.br\/serrafm\/author\/serrafm87\/\"}]}<\/script>\n<!-- \/ Yoast SEO plugin. -->","yoast_head_json":{"title":"PE abre mais de 800 vagas em Sele\u00e7\u00e3o Simplificada para Secretaria de Sa\u00fade - Serra FM 87,9","robots":{"index":"index","follow":"follow","max-snippet":"max-snippet:-1","max-image-preview":"max-image-preview:large","max-video-preview":"max-video-preview:-1"},"canonical":"https:\/\/serrafm879.com.br\/serrafm\/2026\/03\/pe-abre-mais-de-800-vagas-em-selecao-simplificada-para-secretaria-de-saude\/","og_locale":"pt_BR","og_type":"article","og_title":"PE abre mais de 800 vagas em Sele\u00e7\u00e3o Simplificada para Secretaria de Sa\u00fade - Serra FM 87,9","og_description":"Sele\u00e7\u00e3o simplificada da Secretaria de Sa\u00fade oferece sal\u00e1rios de at\u00e9 R$ 12,3 mil e inscri\u00e7\u00f5es seguem at\u00e9 27 de mar\u00e7o O governo de\u00a0Pernambuco\u00a0abriu uma sele\u00e7\u00e3o p\u00fablica simplificada com 831 vagas destinadas a profissionais da \u00e1rea da sa\u00fade. As oportunidades contemplam cargos de n\u00edveis t\u00e9cnico e superior, com sal\u00e1rios que variam entre R$ 1.621 e R$ 12.366,61. Confira edital\u00a0clique aqui. O processo seletivo foi lan\u00e7ado pela Secretaria de Administra\u00e7\u00e3o de Pernambuco (SAD) em conjunto com a Secretaria Estadual de Sa\u00fade de Pernambuco (SES). As inscri\u00e7\u00f5es come\u00e7aram na sexta-feira (13) e podem ser realizadas pela internet at\u00e9 o dia 27 de mar\u00e7o. [&hellip;]","og_url":"https:\/\/serrafm879.com.br\/serrafm\/2026\/03\/pe-abre-mais-de-800-vagas-em-selecao-simplificada-para-secretaria-de-saude\/","og_site_name":"Serra FM 87,9","article_published_time":"2026-03-16T10:22:59+00:00","og_image":[{"width":700,"height":466,"url":"http:\/\/serrafm879.com.br\/serrafm\/wp-content\/uploads\/2026\/01\/concurso_publico-824320.jpeg","type":"image\/jpeg"}],"author":"serrafm87","twitter_card":"summary_large_image","twitter_misc":{"Escrito por":"serrafm87","Est. tempo de leitura":"2 minutos"},"schema":{"@context":"https:\/\/schema.org","@graph":[{"@type":"WebPage","@id":"https:\/\/serrafm879.com.br\/serrafm\/2026\/03\/pe-abre-mais-de-800-vagas-em-selecao-simplificada-para-secretaria-de-saude\/","url":"https:\/\/serrafm879.com.br\/serrafm\/2026\/03\/pe-abre-mais-de-800-vagas-em-selecao-simplificada-para-secretaria-de-saude\/","name":"PE abre mais de 800 vagas em Sele\u00e7\u00e3o Simplificada para Secretaria de Sa\u00fade - Serra FM 87,9","isPartOf":{"@id":"https:\/\/serrafm879.com.br\/serrafm\/#website"},"primaryImageOfPage":{"@id":"https:\/\/serrafm879.com.br\/serrafm\/2026\/03\/pe-abre-mais-de-800-vagas-em-selecao-simplificada-para-secretaria-de-saude\/#primaryimage"},"image":{"@id":"https:\/\/serrafm879.com.br\/serrafm\/2026\/03\/pe-abre-mais-de-800-vagas-em-selecao-simplificada-para-secretaria-de-saude\/#primaryimage"},"thumbnailUrl":"https:\/\/serrafm879.com.br\/serrafm\/wp-content\/uploads\/2026\/01\/concurso_publico-824320.jpeg","datePublished":"2026-03-16T10:22:59+00:00","author":{"@id":"https:\/\/serrafm879.com.br\/serrafm\/#\/schema\/person\/c028a197030ff8b1c03c68dfba4a787a"},"breadcrumb":{"@id":"https:\/\/serrafm879.com.br\/serrafm\/2026\/03\/pe-abre-mais-de-800-vagas-em-selecao-simplificada-para-secretaria-de-saude\/#breadcrumb"},"inLanguage":"pt-BR","potentialAction":[{"@type":"ReadAction","target":["https:\/\/serrafm879.com.br\/serrafm\/2026\/03\/pe-abre-mais-de-800-vagas-em-selecao-simplificada-para-secretaria-de-saude\/"]}]},{"@type":"ImageObject","inLanguage":"pt-BR","@id":"https:\/\/serrafm879.com.br\/serrafm\/2026\/03\/pe-abre-mais-de-800-vagas-em-selecao-simplificada-para-secretaria-de-saude\/#primaryimage","url":"https:\/\/serrafm879.com.br\/serrafm\/wp-content\/uploads\/2026\/01\/concurso_publico-824320.jpeg","contentUrl":"https:\/\/serrafm879.com.br\/serrafm\/wp-content\/uploads\/2026\/01\/concurso_publico-824320.jpeg","width":700,"height":466},{"@type":"BreadcrumbList","@id":"https:\/\/serrafm879.com.br\/serrafm\/2026\/03\/pe-abre-mais-de-800-vagas-em-selecao-simplificada-para-secretaria-de-saude\/#breadcrumb","itemListElement":[{"@type":"ListItem","position":1,"name":"In\u00edcio","item":"https:\/\/serrafm879.com.br\/serrafm\/"},{"@type":"ListItem","position":2,"name":"PE abre mais de 800 vagas em Sele\u00e7\u00e3o Simplificada para Secretaria de Sa\u00fade"}]},{"@type":"WebSite","@id":"https:\/\/serrafm879.com.br\/serrafm\/#website","url":"https:\/\/serrafm879.com.br\/serrafm\/","name":"Serra FM 87,9","description":"O seu novo amor!","potentialAction":[{"@type":"SearchAction","target":{"@type":"EntryPoint","urlTemplate":"https:\/\/serrafm879.com.br\/serrafm\/?s={search_term_string}"},"query-input":{"@type":"PropertyValueSpecification","valueRequired":true,"valueName":"search_term_string"}}],"inLanguage":"pt-BR"},{"@type":"Person","@id":"https:\/\/serrafm879.com.br\/serrafm\/#\/schema\/person\/c028a197030ff8b1c03c68dfba4a787a","name":"serrafm87","image":{"@type":"ImageObject","inLanguage":"pt-BR","@id":"https:\/\/serrafm879.com.br\/serrafm\/#\/schema\/person\/image\/","url":"https:\/\/secure.gravatar.com\/avatar\/a743233f1112d34f48bb3dc9559b76eb930bab8b27175856cba6362608736235?s=96&d=mm&r=g","contentUrl":"https:\/\/secure.gravatar.com\/avatar\/a743233f1112d34f48bb3dc9559b76eb930bab8b27175856cba6362608736235?s=96&d=mm&r=g","caption":"serrafm87"},"sameAs":["http:\/\/serrafm879.com.br\/"],"url":"https:\/\/serrafm879.com.br\/serrafm\/author\/serrafm87\/"}]}},"jetpack_featured_media_url":"https:\/\/serrafm879.com.br\/serrafm\/wp-content\/uploads\/2026\/01\/concurso_publico-824320.jpeg","jetpack_shortlink":"https:\/\/wp.me\/p7HyXg-70n","jetpack_sharing_enabled":true,"_links":{"self":[{"href":"https:\/\/serrafm879.com.br\/serrafm\/wp-json\/wp\/v2\/posts\/26931","targetHints":{"allow":["GET"]}}],"collection":[{"href":"https:\/\/serrafm879.com.br\/serrafm\/wp-json\/wp\/v2\/posts"}],"about":[{"href":"https:\/\/serrafm879.com.br\/serrafm\/wp-json\/wp\/v2\/types\/post"}],"author":[{"embeddable":true,"href":"https:\/\/serrafm879.com.br\/serrafm\/wp-json\/wp\/v2\/users\/2"}],"replies":[{"embeddable":true,"href":"https:\/\/serrafm879.com.br\/serrafm\/wp-json\/wp\/v2\/comments?post=26931"}],"version-history":[{"count":1,"href":"https:\/\/serrafm879.com.br\/serrafm\/wp-json\/wp\/v2\/posts\/26931\/revisions"}],"predecessor-version":[{"id":26932,"href":"https:\/\/serrafm879.com.br\/serrafm\/wp-json\/wp\/v2\/posts\/26931\/revisions\/26932"}],"wp:featuredmedia":[{"embeddable":true,"href":"https:\/\/serrafm879.com.br\/serrafm\/wp-json\/wp\/v2\/media\/25356"}],"wp:attachment":[{"href":"https:\/\/serrafm879.com.br\/serrafm\/wp-json\/wp\/v2\/media?parent=26931"}],"wp:term":[{"taxonomy":"category","embeddable":true,"href":"https:\/\/serrafm879.com.br\/serrafm\/wp-json\/wp\/v2\/categories?post=26931"},{"taxonomy":"post_tag","embeddable":true,"href":"https:\/\/serrafm879.com.br\/serrafm\/wp-json\/wp\/v2\/tags?post=26931"}],"curies":[{"name":"wp","href":"https:\/\/api.w.org\/{rel}","templated":true}]}}