{"id":26935,"date":"2026-03-16T07:32:23","date_gmt":"2026-03-16T10:32:23","guid":{"rendered":"https:\/\/serrafm879.com.br\/serrafm\/?p=26935"},"modified":"2026-03-16T07:32:23","modified_gmt":"2026-03-16T10:32:23","slug":"luciano-duque-deixa-o-solidariedade-e-filia-se-ao-podemos-nesta-sexta-feira-20","status":"publish","type":"post","link":"https:\/\/serrafm879.com.br\/serrafm\/2026\/03\/luciano-duque-deixa-o-solidariedade-e-filia-se-ao-podemos-nesta-sexta-feira-20\/","title":{"rendered":"Luciano Duque deixa o Solidariedade e filia-se ao Podemos, nesta sexta-feira (20)"},"content":{"rendered":"<p>O deputado estadual Luciano Duque formaliza na pr\u00f3xima sexta-feira, dia 20 de mar\u00e7o, sua entrada no Podemos.<\/p>\n<p>Duque foi eleito em 2022 pelo Solidariedade com mais de 61 mil votos. Mas o curso do mandato foi marcado pelo afastamento de Mar\u00edlia Arraes e aproxima\u00e7\u00e3o com a governadora Raquel Lyra.<\/p>\n<p>O \u00faltimo ato ocorreu quando Mar\u00edlia negou a legenda para que Duque disputasse a prefeitura de Serra Talhada, aliada que voltou a ser de M\u00e1rcia Conrado, candidata \u00e0 reelei\u00e7\u00e3o. O Deputado lan\u00e7ou o filho, Miguel Duque, pelo Podemos. M\u00e1rcia foi reeleita.<\/p>\n<p>Duque acompanhou a agenda da governadora Raquel Lyra no Paje\u00fa e recebeu uma miss\u00e3o, juntamente com Romero Sales Filho, que estavam no est\u00fadio: brigar na ALEPE para colocar em vota\u00e7\u00e3o a LOA, Lei Or\u00e7ament\u00e1ria Anual, ainda travada na Casa.<\/p>\n","protected":false},"excerpt":{"rendered":"<p>O deputado estadual Luciano Duque formaliza na pr\u00f3xima sexta-feira, dia 20 de mar\u00e7o, sua entrada no Podemos. Duque foi eleito em 2022 pelo Solidariedade com mais de 61 mil votos. Mas o curso do mandato foi marcado pelo afastamento de Mar\u00edlia Arraes e aproxima\u00e7\u00e3o com a governadora Raquel Lyra. O \u00faltimo ato ocorreu quando Mar\u00edlia negou a legenda para que Duque disputasse a prefeitura de Serra Talhada, aliada que voltou a ser de M\u00e1rcia Conrado, candidata \u00e0 reelei\u00e7\u00e3o. O Deputado lan\u00e7ou o filho, Miguel Duque, pelo Podemos. M\u00e1rcia foi reeleita. Duque acompanhou a agenda da governadora Raquel Lyra no Paje\u00fa [&hellip;]<\/p>\n","protected":false},"author":2,"featured_media":16421,"comment_status":"open","ping_status":"open","sticky":false,"template":"","format":"standard","meta":{"_jetpack_memberships_contains_paid_content":false,"footnotes":"","jetpack_publicize_message":"","jetpack_publicize_feature_enabled":true,"jetpack_social_post_already_shared":true,"jetpack_social_options":{"image_generator_settings":{"template":"highway","enabled":false},"version":2}},"categories":[290],"tags":[318,42,346,21,347],"class_list":["post-26935","post","type-post","status-publish","format-standard","has-post-thumbnail","hentry","category-serra-talhada","tag-eleicoes-2026","tag-luciano-duque","tag-podemos","tag-serra-talhada","tag-solidariedade"],"jetpack_publicize_connections":[],"yoast_head":"<!-- This site is optimized with the Yoast SEO plugin v24.7 - https:\/\/yoast.com\/wordpress\/plugins\/seo\/ -->\n<title>Luciano Duque deixa o Solidariedade e filia-se ao Podemos, nesta sexta-feira (20) - Serra FM 87,9<\/title>\n<meta name=\"robots\" content=\"index, follow, max-snippet:-1, max-image-preview:large, max-video-preview:-1\" \/>\n<link rel=\"canonical\" href=\"https:\/\/serrafm879.com.br\/serrafm\/2026\/03\/luciano-duque-deixa-o-solidariedade-e-filia-se-ao-podemos-nesta-sexta-feira-20\/\" \/>\n<meta property=\"og:locale\" content=\"pt_BR\" \/>\n<meta property=\"og:type\" content=\"article\" \/>\n<meta property=\"og:title\" content=\"Luciano Duque deixa o Solidariedade e filia-se ao Podemos, nesta sexta-feira (20) - Serra FM 87,9\" \/>\n<meta property=\"og:description\" content=\"O deputado estadual Luciano Duque formaliza na pr\u00f3xima sexta-feira, dia 20 de mar\u00e7o, sua entrada no Podemos. Duque foi eleito em 2022 pelo Solidariedade com mais de 61 mil votos. Mas o curso do mandato foi marcado pelo afastamento de Mar\u00edlia Arraes e aproxima\u00e7\u00e3o com a governadora Raquel Lyra. O \u00faltimo ato ocorreu quando Mar\u00edlia negou a legenda para que Duque disputasse a prefeitura de Serra Talhada, aliada que voltou a ser de M\u00e1rcia Conrado, candidata \u00e0 reelei\u00e7\u00e3o. O Deputado lan\u00e7ou o filho, Miguel Duque, pelo Podemos. M\u00e1rcia foi reeleita. Duque acompanhou a agenda da governadora Raquel Lyra no Paje\u00fa [&hellip;]\" \/>\n<meta property=\"og:url\" content=\"https:\/\/serrafm879.com.br\/serrafm\/2026\/03\/luciano-duque-deixa-o-solidariedade-e-filia-se-ao-podemos-nesta-sexta-feira-20\/\" \/>\n<meta property=\"og:site_name\" content=\"Serra FM 87,9\" \/>\n<meta property=\"article:published_time\" content=\"2026-03-16T10:32:23+00:00\" \/>\n<meta property=\"og:image\" content=\"http:\/\/serrafm879.com.br\/serrafm\/wp-content\/uploads\/2024\/06\/Luciano-Duque-anuncia-R-1-milhao-em-emendas-para-instituicoes-de-ST-Farol-de-Noticias-Referencia-em-Jornalismo-de-Serra-Tal.png\" \/>\n\t<meta property=\"og:image:width\" content=\"1196\" \/>\n\t<meta property=\"og:image:height\" content=\"733\" \/>\n\t<meta property=\"og:image:type\" content=\"image\/png\" \/>\n<meta name=\"author\" content=\"serrafm87\" \/>\n<meta name=\"twitter:card\" content=\"summary_large_image\" \/>\n<meta name=\"twitter:label1\" content=\"Escrito por\" \/>\n\t<meta name=\"twitter:data1\" content=\"serrafm87\" \/>\n\t<meta name=\"twitter:label2\" content=\"Est. tempo de leitura\" \/>\n\t<meta name=\"twitter:data2\" content=\"1 minuto\" \/>\n<script type=\"application\/ld+json\" class=\"yoast-schema-graph\">{\"@context\":\"https:\/\/schema.org\",\"@graph\":[{\"@type\":\"WebPage\",\"@id\":\"https:\/\/serrafm879.com.br\/serrafm\/2026\/03\/luciano-duque-deixa-o-solidariedade-e-filia-se-ao-podemos-nesta-sexta-feira-20\/\",\"url\":\"https:\/\/serrafm879.com.br\/serrafm\/2026\/03\/luciano-duque-deixa-o-solidariedade-e-filia-se-ao-podemos-nesta-sexta-feira-20\/\",\"name\":\"Luciano Duque deixa o Solidariedade e filia-se ao Podemos, nesta sexta-feira (20) - Serra FM 87,9\",\"isPartOf\":{\"@id\":\"https:\/\/serrafm879.com.br\/serrafm\/#website\"},\"primaryImageOfPage\":{\"@id\":\"https:\/\/serrafm879.com.br\/serrafm\/2026\/03\/luciano-duque-deixa-o-solidariedade-e-filia-se-ao-podemos-nesta-sexta-feira-20\/#primaryimage\"},\"image\":{\"@id\":\"https:\/\/serrafm879.com.br\/serrafm\/2026\/03\/luciano-duque-deixa-o-solidariedade-e-filia-se-ao-podemos-nesta-sexta-feira-20\/#primaryimage\"},\"thumbnailUrl\":\"https:\/\/serrafm879.com.br\/serrafm\/wp-content\/uploads\/2024\/06\/Luciano-Duque-anuncia-R-1-milhao-em-emendas-para-instituicoes-de-ST-Farol-de-Noticias-Referencia-em-Jornalismo-de-Serra-Tal.png\",\"datePublished\":\"2026-03-16T10:32:23+00:00\",\"author\":{\"@id\":\"https:\/\/serrafm879.com.br\/serrafm\/#\/schema\/person\/c028a197030ff8b1c03c68dfba4a787a\"},\"breadcrumb\":{\"@id\":\"https:\/\/serrafm879.com.br\/serrafm\/2026\/03\/luciano-duque-deixa-o-solidariedade-e-filia-se-ao-podemos-nesta-sexta-feira-20\/#breadcrumb\"},\"inLanguage\":\"pt-BR\",\"potentialAction\":[{\"@type\":\"ReadAction\",\"target\":[\"https:\/\/serrafm879.com.br\/serrafm\/2026\/03\/luciano-duque-deixa-o-solidariedade-e-filia-se-ao-podemos-nesta-sexta-feira-20\/\"]}]},{\"@type\":\"ImageObject\",\"inLanguage\":\"pt-BR\",\"@id\":\"https:\/\/serrafm879.com.br\/serrafm\/2026\/03\/luciano-duque-deixa-o-solidariedade-e-filia-se-ao-podemos-nesta-sexta-feira-20\/#primaryimage\",\"url\":\"https:\/\/serrafm879.com.br\/serrafm\/wp-content\/uploads\/2024\/06\/Luciano-Duque-anuncia-R-1-milhao-em-emendas-para-instituicoes-de-ST-Farol-de-Noticias-Referencia-em-Jornalismo-de-Serra-Tal.png\",\"contentUrl\":\"https:\/\/serrafm879.com.br\/serrafm\/wp-content\/uploads\/2024\/06\/Luciano-Duque-anuncia-R-1-milhao-em-emendas-para-instituicoes-de-ST-Farol-de-Noticias-Referencia-em-Jornalismo-de-Serra-Tal.png\",\"width\":1196,\"height\":733},{\"@type\":\"BreadcrumbList\",\"@id\":\"https:\/\/serrafm879.com.br\/serrafm\/2026\/03\/luciano-duque-deixa-o-solidariedade-e-filia-se-ao-podemos-nesta-sexta-feira-20\/#breadcrumb\",\"itemListElement\":[{\"@type\":\"ListItem\",\"position\":1,\"name\":\"In\u00edcio\",\"item\":\"https:\/\/serrafm879.com.br\/serrafm\/\"},{\"@type\":\"ListItem\",\"position\":2,\"name\":\"Luciano Duque deixa o Solidariedade e filia-se ao Podemos, nesta sexta-feira (20)\"}]},{\"@type\":\"WebSite\",\"@id\":\"https:\/\/serrafm879.com.br\/serrafm\/#website\",\"url\":\"https:\/\/serrafm879.com.br\/serrafm\/\",\"name\":\"Serra FM 87,9\",\"description\":\"O seu novo amor!\",\"potentialAction\":[{\"@type\":\"SearchAction\",\"target\":{\"@type\":\"EntryPoint\",\"urlTemplate\":\"https:\/\/serrafm879.com.br\/serrafm\/?s={search_term_string}\"},\"query-input\":{\"@type\":\"PropertyValueSpecification\",\"valueRequired\":true,\"valueName\":\"search_term_string\"}}],\"inLanguage\":\"pt-BR\"},{\"@type\":\"Person\",\"@id\":\"https:\/\/serrafm879.com.br\/serrafm\/#\/schema\/person\/c028a197030ff8b1c03c68dfba4a787a\",\"name\":\"serrafm87\",\"image\":{\"@type\":\"ImageObject\",\"inLanguage\":\"pt-BR\",\"@id\":\"https:\/\/serrafm879.com.br\/serrafm\/#\/schema\/person\/image\/\",\"url\":\"https:\/\/secure.gravatar.com\/avatar\/a743233f1112d34f48bb3dc9559b76eb930bab8b27175856cba6362608736235?s=96&d=mm&r=g\",\"contentUrl\":\"https:\/\/secure.gravatar.com\/avatar\/a743233f1112d34f48bb3dc9559b76eb930bab8b27175856cba6362608736235?s=96&d=mm&r=g\",\"caption\":\"serrafm87\"},\"sameAs\":[\"http:\/\/serrafm879.com.br\/\"],\"url\":\"https:\/\/serrafm879.com.br\/serrafm\/author\/serrafm87\/\"}]}<\/script>\n<!-- \/ Yoast SEO plugin. -->","yoast_head_json":{"title":"Luciano Duque deixa o Solidariedade e filia-se ao Podemos, nesta sexta-feira (20) - Serra FM 87,9","robots":{"index":"index","follow":"follow","max-snippet":"max-snippet:-1","max-image-preview":"max-image-preview:large","max-video-preview":"max-video-preview:-1"},"canonical":"https:\/\/serrafm879.com.br\/serrafm\/2026\/03\/luciano-duque-deixa-o-solidariedade-e-filia-se-ao-podemos-nesta-sexta-feira-20\/","og_locale":"pt_BR","og_type":"article","og_title":"Luciano Duque deixa o Solidariedade e filia-se ao Podemos, nesta sexta-feira (20) - Serra FM 87,9","og_description":"O deputado estadual Luciano Duque formaliza na pr\u00f3xima sexta-feira, dia 20 de mar\u00e7o, sua entrada no Podemos. Duque foi eleito em 2022 pelo Solidariedade com mais de 61 mil votos. Mas o curso do mandato foi marcado pelo afastamento de Mar\u00edlia Arraes e aproxima\u00e7\u00e3o com a governadora Raquel Lyra. O \u00faltimo ato ocorreu quando Mar\u00edlia negou a legenda para que Duque disputasse a prefeitura de Serra Talhada, aliada que voltou a ser de M\u00e1rcia Conrado, candidata \u00e0 reelei\u00e7\u00e3o. O Deputado lan\u00e7ou o filho, Miguel Duque, pelo Podemos. M\u00e1rcia foi reeleita. Duque acompanhou a agenda da governadora Raquel Lyra no Paje\u00fa [&hellip;]","og_url":"https:\/\/serrafm879.com.br\/serrafm\/2026\/03\/luciano-duque-deixa-o-solidariedade-e-filia-se-ao-podemos-nesta-sexta-feira-20\/","og_site_name":"Serra FM 87,9","article_published_time":"2026-03-16T10:32:23+00:00","og_image":[{"width":1196,"height":733,"url":"http:\/\/serrafm879.com.br\/serrafm\/wp-content\/uploads\/2024\/06\/Luciano-Duque-anuncia-R-1-milhao-em-emendas-para-instituicoes-de-ST-Farol-de-Noticias-Referencia-em-Jornalismo-de-Serra-Tal.png","type":"image\/png"}],"author":"serrafm87","twitter_card":"summary_large_image","twitter_misc":{"Escrito por":"serrafm87","Est. tempo de leitura":"1 minuto"},"schema":{"@context":"https:\/\/schema.org","@graph":[{"@type":"WebPage","@id":"https:\/\/serrafm879.com.br\/serrafm\/2026\/03\/luciano-duque-deixa-o-solidariedade-e-filia-se-ao-podemos-nesta-sexta-feira-20\/","url":"https:\/\/serrafm879.com.br\/serrafm\/2026\/03\/luciano-duque-deixa-o-solidariedade-e-filia-se-ao-podemos-nesta-sexta-feira-20\/","name":"Luciano Duque deixa o Solidariedade e filia-se ao Podemos, nesta sexta-feira (20) - Serra FM 87,9","isPartOf":{"@id":"https:\/\/serrafm879.com.br\/serrafm\/#website"},"primaryImageOfPage":{"@id":"https:\/\/serrafm879.com.br\/serrafm\/2026\/03\/luciano-duque-deixa-o-solidariedade-e-filia-se-ao-podemos-nesta-sexta-feira-20\/#primaryimage"},"image":{"@id":"https:\/\/serrafm879.com.br\/serrafm\/2026\/03\/luciano-duque-deixa-o-solidariedade-e-filia-se-ao-podemos-nesta-sexta-feira-20\/#primaryimage"},"thumbnailUrl":"https:\/\/serrafm879.com.br\/serrafm\/wp-content\/uploads\/2024\/06\/Luciano-Duque-anuncia-R-1-milhao-em-emendas-para-instituicoes-de-ST-Farol-de-Noticias-Referencia-em-Jornalismo-de-Serra-Tal.png","datePublished":"2026-03-16T10:32:23+00:00","author":{"@id":"https:\/\/serrafm879.com.br\/serrafm\/#\/schema\/person\/c028a197030ff8b1c03c68dfba4a787a"},"breadcrumb":{"@id":"https:\/\/serrafm879.com.br\/serrafm\/2026\/03\/luciano-duque-deixa-o-solidariedade-e-filia-se-ao-podemos-nesta-sexta-feira-20\/#breadcrumb"},"inLanguage":"pt-BR","potentialAction":[{"@type":"ReadAction","target":["https:\/\/serrafm879.com.br\/serrafm\/2026\/03\/luciano-duque-deixa-o-solidariedade-e-filia-se-ao-podemos-nesta-sexta-feira-20\/"]}]},{"@type":"ImageObject","inLanguage":"pt-BR","@id":"https:\/\/serrafm879.com.br\/serrafm\/2026\/03\/luciano-duque-deixa-o-solidariedade-e-filia-se-ao-podemos-nesta-sexta-feira-20\/#primaryimage","url":"https:\/\/serrafm879.com.br\/serrafm\/wp-content\/uploads\/2024\/06\/Luciano-Duque-anuncia-R-1-milhao-em-emendas-para-instituicoes-de-ST-Farol-de-Noticias-Referencia-em-Jornalismo-de-Serra-Tal.png","contentUrl":"https:\/\/serrafm879.com.br\/serrafm\/wp-content\/uploads\/2024\/06\/Luciano-Duque-anuncia-R-1-milhao-em-emendas-para-instituicoes-de-ST-Farol-de-Noticias-Referencia-em-Jornalismo-de-Serra-Tal.png","width":1196,"height":733},{"@type":"BreadcrumbList","@id":"https:\/\/serrafm879.com.br\/serrafm\/2026\/03\/luciano-duque-deixa-o-solidariedade-e-filia-se-ao-podemos-nesta-sexta-feira-20\/#breadcrumb","itemListElement":[{"@type":"ListItem","position":1,"name":"In\u00edcio","item":"https:\/\/serrafm879.com.br\/serrafm\/"},{"@type":"ListItem","position":2,"name":"Luciano Duque deixa o Solidariedade e filia-se ao Podemos, nesta sexta-feira (20)"}]},{"@type":"WebSite","@id":"https:\/\/serrafm879.com.br\/serrafm\/#website","url":"https:\/\/serrafm879.com.br\/serrafm\/","name":"Serra FM 87,9","description":"O seu novo amor!","potentialAction":[{"@type":"SearchAction","target":{"@type":"EntryPoint","urlTemplate":"https:\/\/serrafm879.com.br\/serrafm\/?s={search_term_string}"},"query-input":{"@type":"PropertyValueSpecification","valueRequired":true,"valueName":"search_term_string"}}],"inLanguage":"pt-BR"},{"@type":"Person","@id":"https:\/\/serrafm879.com.br\/serrafm\/#\/schema\/person\/c028a197030ff8b1c03c68dfba4a787a","name":"serrafm87","image":{"@type":"ImageObject","inLanguage":"pt-BR","@id":"https:\/\/serrafm879.com.br\/serrafm\/#\/schema\/person\/image\/","url":"https:\/\/secure.gravatar.com\/avatar\/a743233f1112d34f48bb3dc9559b76eb930bab8b27175856cba6362608736235?s=96&d=mm&r=g","contentUrl":"https:\/\/secure.gravatar.com\/avatar\/a743233f1112d34f48bb3dc9559b76eb930bab8b27175856cba6362608736235?s=96&d=mm&r=g","caption":"serrafm87"},"sameAs":["http:\/\/serrafm879.com.br\/"],"url":"https:\/\/serrafm879.com.br\/serrafm\/author\/serrafm87\/"}]}},"jetpack_featured_media_url":"https:\/\/serrafm879.com.br\/serrafm\/wp-content\/uploads\/2024\/06\/Luciano-Duque-anuncia-R-1-milhao-em-emendas-para-instituicoes-de-ST-Farol-de-Noticias-Referencia-em-Jornalismo-de-Serra-Tal.png","jetpack_shortlink":"https:\/\/wp.me\/p7HyXg-70r","jetpack_sharing_enabled":true,"_links":{"self":[{"href":"https:\/\/serrafm879.com.br\/serrafm\/wp-json\/wp\/v2\/posts\/26935","targetHints":{"allow":["GET"]}}],"collection":[{"href":"https:\/\/serrafm879.com.br\/serrafm\/wp-json\/wp\/v2\/posts"}],"about":[{"href":"https:\/\/serrafm879.com.br\/serrafm\/wp-json\/wp\/v2\/types\/post"}],"author":[{"embeddable":true,"href":"https:\/\/serrafm879.com.br\/serrafm\/wp-json\/wp\/v2\/users\/2"}],"replies":[{"embeddable":true,"href":"https:\/\/serrafm879.com.br\/serrafm\/wp-json\/wp\/v2\/comments?post=26935"}],"version-history":[{"count":1,"href":"https:\/\/serrafm879.com.br\/serrafm\/wp-json\/wp\/v2\/posts\/26935\/revisions"}],"predecessor-version":[{"id":26936,"href":"https:\/\/serrafm879.com.br\/serrafm\/wp-json\/wp\/v2\/posts\/26935\/revisions\/26936"}],"wp:featuredmedia":[{"embeddable":true,"href":"https:\/\/serrafm879.com.br\/serrafm\/wp-json\/wp\/v2\/media\/16421"}],"wp:attachment":[{"href":"https:\/\/serrafm879.com.br\/serrafm\/wp-json\/wp\/v2\/media?parent=26935"}],"wp:term":[{"taxonomy":"category","embeddable":true,"href":"https:\/\/serrafm879.com.br\/serrafm\/wp-json\/wp\/v2\/categories?post=26935"},{"taxonomy":"post_tag","embeddable":true,"href":"https:\/\/serrafm879.com.br\/serrafm\/wp-json\/wp\/v2\/tags?post=26935"}],"curies":[{"name":"wp","href":"https:\/\/api.w.org\/{rel}","templated":true}]}}