{"id":26941,"date":"2026-03-16T09:54:18","date_gmt":"2026-03-16T12:54:18","guid":{"rendered":"https:\/\/serrafm879.com.br\/serrafm\/?p=26941"},"modified":"2026-03-16T09:54:18","modified_gmt":"2026-03-16T12:54:18","slug":"silvio-filho-decide-apoiar-raquel-e-deve-ser-um-dos-senadores-da-chapa-da-governadora","status":"publish","type":"post","link":"https:\/\/serrafm879.com.br\/serrafm\/2026\/03\/silvio-filho-decide-apoiar-raquel-e-deve-ser-um-dos-senadores-da-chapa-da-governadora\/","title":{"rendered":"Silvio Filho decide apoiar Raquel e deve ser um dos senadores da chapa da governadora"},"content":{"rendered":"<p>Em uma longa conversa este s\u00e1bado em Pal\u00e1cio com a governadora Raquel Lyra o ministro S\u00edlvio Costa Filho assumiu o compromisso de apoi\u00e1-la e deve ser um dos candidatos ao Senado na chapa da governadora. Depois do encontro, ele confessou a um amigo que saiu muito satisfeito e vai ter uma audi\u00eancia com o presidente Lula na pr\u00f3xima ter\u00e7a-feira para falar do assunto e tratar da poss\u00edvel sa\u00edda do minist\u00e9rio dos Portos e Aeroportos no dia 04 de abril.<\/p>\n<p>Resolvida a quest\u00e3o de Silvio, a governadora deve se debru\u00e7ar sobre\u00a0 uma cada vez mais prov\u00e1vel alian\u00e7a com a ex-deputada federal Mar\u00edlia Arraes, o que deve acontecer em Bras\u00edlia esta quarta-feira onde tamb\u00e9m vai estar o presidente nacional do PDT, Carlos Lupi. Ap\u00f3s o apoio de Silvio, o coment\u00e1rio este final de semana no meio pol\u00edtico era de que a chapa de Raquel pode estar definida nos pr\u00f3ximos dias com os dois compondo as vagas para o Senado.<\/p>\n<p>O ministro j\u00e1 ligou para deputados mais pr\u00f3ximos do Pal\u00e1cio das Princesas para pedir apoio, mas n\u00e3o adiantou qual vaga vai ocupar na chapa. A um deles, por\u00e9m, foi misterioso: \u201cvou apoi\u00e1-la independente de chapa\u201d. O \u201cmist\u00e9rio\u201d \u00e9 explicado pela dificuldade que tem um prov\u00e1vel proponente de se adiantar ao candidato ao governo, ao qual cabe dar publicidade a uma decis\u00e3o dessa magnitude.<\/p>\n<p>Isso tamb\u00e9m explicaria a mudez da ex-deputada federal Mar\u00edlia Arraes que, antes de conversar com Raquel, atendia ao telefone e n\u00e3o se recusava a dar declara\u00e7\u00f5es, mas nos \u00faltimos dias se recolheu por completo, afastando-se n\u00e3o s\u00f3 da imprensa como de pol\u00edticos mais pr\u00f3ximos. Se a chapa para o Senado vier a contemplar S\u00edlvio e Mar\u00edlia, resta saber o destino do senador Fernando Dueire que a pr\u00f3pria governadora tem feito quest\u00e3o de elogiar em eventos e em conversas com interlocutores, al\u00e9m de t\u00ea-lo convidado a participar, de forma permanente, de sua agenda de inaugura\u00e7\u00f5es na Regi\u00e3o Metropolitana e no Interior e a acompanh\u00e1-la em alguns compromissos em Bras\u00edlia.<\/p>\n<p><strong>Correndo atr\u00e1s dos prefeitos<\/strong><\/p>\n<p>Com exce\u00e7\u00e3o do senador Fernando Dueire, que tem o apoio de mais de 80 prefeitos, os demais concorrentes \u00e0s duas vagas para o Senado est\u00e3o correndo atr\u00e1s do preju\u00edzo para conquistar bases municipais. O senador Humberto Costa divulgou este domingo o apoio de 18 prefeitos com os quais se reuniu no agreste, incluindo Rodrigo Pinheiro, de Caruaru, e o padre Joselito, de Gravat\u00e1, ambos filiados ao PSD da governadora Raquel Lyra. Como h\u00e1 duas vagas em disputa para o Senado e Raquel ainda n\u00e3o definiu sua chapa, os prefeitos v\u00e3o se comprometendo pelo menos com um nome, deixando o segundo para depois.<\/p>\n<p><strong>Uni\u00e3o Brasil longe do PP<\/strong><\/p>\n<p>\u00c9 cada vez mais dif\u00edcil um entendimento entre o PP e o Uni\u00e3o Brasil em Pernambuco. Como a Federa\u00e7\u00e3o entre os dois partidos ainda n\u00e3o foi sacramentada os deputados federais Mendon\u00e7a Filho e Fernando Filho, ao lado do ex-prefeito de Petrolina Miguel Coelho arregimentam for\u00e7as para tentar por \u00e1gua fria nessa fervura. At\u00e9 porque enquanto Eduardo da Fonte se prepara para ser candidato ao Senado na chapa do prefeito Jo\u00e3o Campos, Mendon\u00e7a e os Coelhos conversam com a governadora e sustentam a tese de que como h\u00e1 disputa na poss\u00edvel Federa\u00e7\u00e3o no estado, cabe \u00e0 dire\u00e7\u00e3o nacional resolver a quest\u00e3o.<\/p>\n<p><strong>MDB em banho-maria<\/strong><\/p>\n<p>Tamb\u00e9m est\u00e1 indefinida a situa\u00e7\u00e3o do MDB enquanto o TSE n\u00e3o julgar a a\u00e7\u00e3o interposta por diret\u00f3rios municipais da legenda pedindo a anula\u00e7\u00e3o da Conven\u00e7\u00e3o que escolheu o ex-deputado federal Raul Henry como presidente estadual do partido. E se o assunto continuar pendente at\u00e9 o dia 04 de abril, quem estiver filiado corre o risco de n\u00e3o poder concorrer \u00e0 elei\u00e7\u00e3o.<\/p>\n<p>&nbsp;<\/p>\n<p>Fonte: Blog Terezinha Nunes<\/p>\n","protected":false},"excerpt":{"rendered":"<p>Em uma longa conversa este s\u00e1bado em Pal\u00e1cio com a governadora Raquel Lyra o ministro S\u00edlvio Costa Filho assumiu o compromisso de apoi\u00e1-la e deve ser um dos candidatos ao Senado na chapa da governadora. Depois do encontro, ele confessou a um amigo que saiu muito satisfeito e vai ter uma audi\u00eancia com o presidente Lula na pr\u00f3xima ter\u00e7a-feira para falar do assunto e tratar da poss\u00edvel sa\u00edda do minist\u00e9rio dos Portos e Aeroportos no dia 04 de abril. Resolvida a quest\u00e3o de Silvio, a governadora deve se debru\u00e7ar sobre\u00a0 uma cada vez mais prov\u00e1vel alian\u00e7a com a ex-deputada federal [&hellip;]<\/p>\n","protected":false},"author":2,"featured_media":26942,"comment_status":"open","ping_status":"open","sticky":false,"template":"","format":"standard","meta":{"_jetpack_memberships_contains_paid_content":false,"footnotes":"","jetpack_publicize_message":"","jetpack_publicize_feature_enabled":true,"jetpack_social_post_already_shared":true,"jetpack_social_options":{"image_generator_settings":{"template":"highway","enabled":false},"version":2}},"categories":[144],"tags":[],"class_list":["post-26941","post","type-post","status-publish","format-standard","has-post-thumbnail","hentry","category-politica"],"jetpack_publicize_connections":[],"yoast_head":"<!-- This site is optimized with the Yoast SEO plugin v24.7 - https:\/\/yoast.com\/wordpress\/plugins\/seo\/ -->\n<title>Silvio Filho decide apoiar Raquel e deve ser um dos senadores da chapa da governadora - Serra FM 87,9<\/title>\n<meta name=\"robots\" content=\"index, follow, max-snippet:-1, max-image-preview:large, max-video-preview:-1\" \/>\n<link rel=\"canonical\" href=\"https:\/\/serrafm879.com.br\/serrafm\/2026\/03\/silvio-filho-decide-apoiar-raquel-e-deve-ser-um-dos-senadores-da-chapa-da-governadora\/\" \/>\n<meta property=\"og:locale\" content=\"pt_BR\" \/>\n<meta property=\"og:type\" content=\"article\" \/>\n<meta property=\"og:title\" content=\"Silvio Filho decide apoiar Raquel e deve ser um dos senadores da chapa da governadora - Serra FM 87,9\" \/>\n<meta property=\"og:description\" content=\"Em uma longa conversa este s\u00e1bado em Pal\u00e1cio com a governadora Raquel Lyra o ministro S\u00edlvio Costa Filho assumiu o compromisso de apoi\u00e1-la e deve ser um dos candidatos ao Senado na chapa da governadora. Depois do encontro, ele confessou a um amigo que saiu muito satisfeito e vai ter uma audi\u00eancia com o presidente Lula na pr\u00f3xima ter\u00e7a-feira para falar do assunto e tratar da poss\u00edvel sa\u00edda do minist\u00e9rio dos Portos e Aeroportos no dia 04 de abril. Resolvida a quest\u00e3o de Silvio, a governadora deve se debru\u00e7ar sobre\u00a0 uma cada vez mais prov\u00e1vel alian\u00e7a com a ex-deputada federal [&hellip;]\" \/>\n<meta property=\"og:url\" content=\"https:\/\/serrafm879.com.br\/serrafm\/2026\/03\/silvio-filho-decide-apoiar-raquel-e-deve-ser-um-dos-senadores-da-chapa-da-governadora\/\" \/>\n<meta property=\"og:site_name\" content=\"Serra FM 87,9\" \/>\n<meta property=\"article:published_time\" content=\"2026-03-16T12:54:18+00:00\" \/>\n<meta property=\"og:image\" content=\"http:\/\/serrafm879.com.br\/serrafm\/wp-content\/uploads\/2026\/03\/download-1-3.jpg\" \/>\n\t<meta property=\"og:image:width\" content=\"278\" \/>\n\t<meta property=\"og:image:height\" content=\"181\" \/>\n\t<meta property=\"og:image:type\" content=\"image\/jpeg\" \/>\n<meta name=\"author\" content=\"serrafm87\" \/>\n<meta name=\"twitter:card\" content=\"summary_large_image\" \/>\n<meta name=\"twitter:label1\" content=\"Escrito por\" \/>\n\t<meta name=\"twitter:data1\" content=\"serrafm87\" \/>\n\t<meta name=\"twitter:label2\" content=\"Est. tempo de leitura\" \/>\n\t<meta name=\"twitter:data2\" content=\"4 minutos\" \/>\n<script type=\"application\/ld+json\" class=\"yoast-schema-graph\">{\"@context\":\"https:\/\/schema.org\",\"@graph\":[{\"@type\":\"WebPage\",\"@id\":\"https:\/\/serrafm879.com.br\/serrafm\/2026\/03\/silvio-filho-decide-apoiar-raquel-e-deve-ser-um-dos-senadores-da-chapa-da-governadora\/\",\"url\":\"https:\/\/serrafm879.com.br\/serrafm\/2026\/03\/silvio-filho-decide-apoiar-raquel-e-deve-ser-um-dos-senadores-da-chapa-da-governadora\/\",\"name\":\"Silvio Filho decide apoiar Raquel e deve ser um dos senadores da chapa da governadora - Serra FM 87,9\",\"isPartOf\":{\"@id\":\"https:\/\/serrafm879.com.br\/serrafm\/#website\"},\"primaryImageOfPage\":{\"@id\":\"https:\/\/serrafm879.com.br\/serrafm\/2026\/03\/silvio-filho-decide-apoiar-raquel-e-deve-ser-um-dos-senadores-da-chapa-da-governadora\/#primaryimage\"},\"image\":{\"@id\":\"https:\/\/serrafm879.com.br\/serrafm\/2026\/03\/silvio-filho-decide-apoiar-raquel-e-deve-ser-um-dos-senadores-da-chapa-da-governadora\/#primaryimage\"},\"thumbnailUrl\":\"https:\/\/serrafm879.com.br\/serrafm\/wp-content\/uploads\/2026\/03\/download-1-3.jpg\",\"datePublished\":\"2026-03-16T12:54:18+00:00\",\"author\":{\"@id\":\"https:\/\/serrafm879.com.br\/serrafm\/#\/schema\/person\/c028a197030ff8b1c03c68dfba4a787a\"},\"breadcrumb\":{\"@id\":\"https:\/\/serrafm879.com.br\/serrafm\/2026\/03\/silvio-filho-decide-apoiar-raquel-e-deve-ser-um-dos-senadores-da-chapa-da-governadora\/#breadcrumb\"},\"inLanguage\":\"pt-BR\",\"potentialAction\":[{\"@type\":\"ReadAction\",\"target\":[\"https:\/\/serrafm879.com.br\/serrafm\/2026\/03\/silvio-filho-decide-apoiar-raquel-e-deve-ser-um-dos-senadores-da-chapa-da-governadora\/\"]}]},{\"@type\":\"ImageObject\",\"inLanguage\":\"pt-BR\",\"@id\":\"https:\/\/serrafm879.com.br\/serrafm\/2026\/03\/silvio-filho-decide-apoiar-raquel-e-deve-ser-um-dos-senadores-da-chapa-da-governadora\/#primaryimage\",\"url\":\"https:\/\/serrafm879.com.br\/serrafm\/wp-content\/uploads\/2026\/03\/download-1-3.jpg\",\"contentUrl\":\"https:\/\/serrafm879.com.br\/serrafm\/wp-content\/uploads\/2026\/03\/download-1-3.jpg\",\"width\":278,\"height\":181},{\"@type\":\"BreadcrumbList\",\"@id\":\"https:\/\/serrafm879.com.br\/serrafm\/2026\/03\/silvio-filho-decide-apoiar-raquel-e-deve-ser-um-dos-senadores-da-chapa-da-governadora\/#breadcrumb\",\"itemListElement\":[{\"@type\":\"ListItem\",\"position\":1,\"name\":\"In\u00edcio\",\"item\":\"https:\/\/serrafm879.com.br\/serrafm\/\"},{\"@type\":\"ListItem\",\"position\":2,\"name\":\"Silvio Filho decide apoiar Raquel e deve ser um dos senadores da chapa da governadora\"}]},{\"@type\":\"WebSite\",\"@id\":\"https:\/\/serrafm879.com.br\/serrafm\/#website\",\"url\":\"https:\/\/serrafm879.com.br\/serrafm\/\",\"name\":\"Serra FM 87,9\",\"description\":\"O seu novo amor!\",\"potentialAction\":[{\"@type\":\"SearchAction\",\"target\":{\"@type\":\"EntryPoint\",\"urlTemplate\":\"https:\/\/serrafm879.com.br\/serrafm\/?s={search_term_string}\"},\"query-input\":{\"@type\":\"PropertyValueSpecification\",\"valueRequired\":true,\"valueName\":\"search_term_string\"}}],\"inLanguage\":\"pt-BR\"},{\"@type\":\"Person\",\"@id\":\"https:\/\/serrafm879.com.br\/serrafm\/#\/schema\/person\/c028a197030ff8b1c03c68dfba4a787a\",\"name\":\"serrafm87\",\"image\":{\"@type\":\"ImageObject\",\"inLanguage\":\"pt-BR\",\"@id\":\"https:\/\/serrafm879.com.br\/serrafm\/#\/schema\/person\/image\/\",\"url\":\"https:\/\/secure.gravatar.com\/avatar\/a743233f1112d34f48bb3dc9559b76eb930bab8b27175856cba6362608736235?s=96&d=mm&r=g\",\"contentUrl\":\"https:\/\/secure.gravatar.com\/avatar\/a743233f1112d34f48bb3dc9559b76eb930bab8b27175856cba6362608736235?s=96&d=mm&r=g\",\"caption\":\"serrafm87\"},\"sameAs\":[\"http:\/\/serrafm879.com.br\/\"],\"url\":\"https:\/\/serrafm879.com.br\/serrafm\/author\/serrafm87\/\"}]}<\/script>\n<!-- \/ Yoast SEO plugin. -->","yoast_head_json":{"title":"Silvio Filho decide apoiar Raquel e deve ser um dos senadores da chapa da governadora - Serra FM 87,9","robots":{"index":"index","follow":"follow","max-snippet":"max-snippet:-1","max-image-preview":"max-image-preview:large","max-video-preview":"max-video-preview:-1"},"canonical":"https:\/\/serrafm879.com.br\/serrafm\/2026\/03\/silvio-filho-decide-apoiar-raquel-e-deve-ser-um-dos-senadores-da-chapa-da-governadora\/","og_locale":"pt_BR","og_type":"article","og_title":"Silvio Filho decide apoiar Raquel e deve ser um dos senadores da chapa da governadora - Serra FM 87,9","og_description":"Em uma longa conversa este s\u00e1bado em Pal\u00e1cio com a governadora Raquel Lyra o ministro S\u00edlvio Costa Filho assumiu o compromisso de apoi\u00e1-la e deve ser um dos candidatos ao Senado na chapa da governadora. Depois do encontro, ele confessou a um amigo que saiu muito satisfeito e vai ter uma audi\u00eancia com o presidente Lula na pr\u00f3xima ter\u00e7a-feira para falar do assunto e tratar da poss\u00edvel sa\u00edda do minist\u00e9rio dos Portos e Aeroportos no dia 04 de abril. Resolvida a quest\u00e3o de Silvio, a governadora deve se debru\u00e7ar sobre\u00a0 uma cada vez mais prov\u00e1vel alian\u00e7a com a ex-deputada federal [&hellip;]","og_url":"https:\/\/serrafm879.com.br\/serrafm\/2026\/03\/silvio-filho-decide-apoiar-raquel-e-deve-ser-um-dos-senadores-da-chapa-da-governadora\/","og_site_name":"Serra FM 87,9","article_published_time":"2026-03-16T12:54:18+00:00","og_image":[{"width":278,"height":181,"url":"http:\/\/serrafm879.com.br\/serrafm\/wp-content\/uploads\/2026\/03\/download-1-3.jpg","type":"image\/jpeg"}],"author":"serrafm87","twitter_card":"summary_large_image","twitter_misc":{"Escrito por":"serrafm87","Est. tempo de leitura":"4 minutos"},"schema":{"@context":"https:\/\/schema.org","@graph":[{"@type":"WebPage","@id":"https:\/\/serrafm879.com.br\/serrafm\/2026\/03\/silvio-filho-decide-apoiar-raquel-e-deve-ser-um-dos-senadores-da-chapa-da-governadora\/","url":"https:\/\/serrafm879.com.br\/serrafm\/2026\/03\/silvio-filho-decide-apoiar-raquel-e-deve-ser-um-dos-senadores-da-chapa-da-governadora\/","name":"Silvio Filho decide apoiar Raquel e deve ser um dos senadores da chapa da governadora - Serra FM 87,9","isPartOf":{"@id":"https:\/\/serrafm879.com.br\/serrafm\/#website"},"primaryImageOfPage":{"@id":"https:\/\/serrafm879.com.br\/serrafm\/2026\/03\/silvio-filho-decide-apoiar-raquel-e-deve-ser-um-dos-senadores-da-chapa-da-governadora\/#primaryimage"},"image":{"@id":"https:\/\/serrafm879.com.br\/serrafm\/2026\/03\/silvio-filho-decide-apoiar-raquel-e-deve-ser-um-dos-senadores-da-chapa-da-governadora\/#primaryimage"},"thumbnailUrl":"https:\/\/serrafm879.com.br\/serrafm\/wp-content\/uploads\/2026\/03\/download-1-3.jpg","datePublished":"2026-03-16T12:54:18+00:00","author":{"@id":"https:\/\/serrafm879.com.br\/serrafm\/#\/schema\/person\/c028a197030ff8b1c03c68dfba4a787a"},"breadcrumb":{"@id":"https:\/\/serrafm879.com.br\/serrafm\/2026\/03\/silvio-filho-decide-apoiar-raquel-e-deve-ser-um-dos-senadores-da-chapa-da-governadora\/#breadcrumb"},"inLanguage":"pt-BR","potentialAction":[{"@type":"ReadAction","target":["https:\/\/serrafm879.com.br\/serrafm\/2026\/03\/silvio-filho-decide-apoiar-raquel-e-deve-ser-um-dos-senadores-da-chapa-da-governadora\/"]}]},{"@type":"ImageObject","inLanguage":"pt-BR","@id":"https:\/\/serrafm879.com.br\/serrafm\/2026\/03\/silvio-filho-decide-apoiar-raquel-e-deve-ser-um-dos-senadores-da-chapa-da-governadora\/#primaryimage","url":"https:\/\/serrafm879.com.br\/serrafm\/wp-content\/uploads\/2026\/03\/download-1-3.jpg","contentUrl":"https:\/\/serrafm879.com.br\/serrafm\/wp-content\/uploads\/2026\/03\/download-1-3.jpg","width":278,"height":181},{"@type":"BreadcrumbList","@id":"https:\/\/serrafm879.com.br\/serrafm\/2026\/03\/silvio-filho-decide-apoiar-raquel-e-deve-ser-um-dos-senadores-da-chapa-da-governadora\/#breadcrumb","itemListElement":[{"@type":"ListItem","position":1,"name":"In\u00edcio","item":"https:\/\/serrafm879.com.br\/serrafm\/"},{"@type":"ListItem","position":2,"name":"Silvio Filho decide apoiar Raquel e deve ser um dos senadores da chapa da governadora"}]},{"@type":"WebSite","@id":"https:\/\/serrafm879.com.br\/serrafm\/#website","url":"https:\/\/serrafm879.com.br\/serrafm\/","name":"Serra FM 87,9","description":"O seu novo amor!","potentialAction":[{"@type":"SearchAction","target":{"@type":"EntryPoint","urlTemplate":"https:\/\/serrafm879.com.br\/serrafm\/?s={search_term_string}"},"query-input":{"@type":"PropertyValueSpecification","valueRequired":true,"valueName":"search_term_string"}}],"inLanguage":"pt-BR"},{"@type":"Person","@id":"https:\/\/serrafm879.com.br\/serrafm\/#\/schema\/person\/c028a197030ff8b1c03c68dfba4a787a","name":"serrafm87","image":{"@type":"ImageObject","inLanguage":"pt-BR","@id":"https:\/\/serrafm879.com.br\/serrafm\/#\/schema\/person\/image\/","url":"https:\/\/secure.gravatar.com\/avatar\/a743233f1112d34f48bb3dc9559b76eb930bab8b27175856cba6362608736235?s=96&d=mm&r=g","contentUrl":"https:\/\/secure.gravatar.com\/avatar\/a743233f1112d34f48bb3dc9559b76eb930bab8b27175856cba6362608736235?s=96&d=mm&r=g","caption":"serrafm87"},"sameAs":["http:\/\/serrafm879.com.br\/"],"url":"https:\/\/serrafm879.com.br\/serrafm\/author\/serrafm87\/"}]}},"jetpack_featured_media_url":"https:\/\/serrafm879.com.br\/serrafm\/wp-content\/uploads\/2026\/03\/download-1-3.jpg","jetpack_shortlink":"https:\/\/wp.me\/p7HyXg-70x","jetpack_sharing_enabled":true,"_links":{"self":[{"href":"https:\/\/serrafm879.com.br\/serrafm\/wp-json\/wp\/v2\/posts\/26941","targetHints":{"allow":["GET"]}}],"collection":[{"href":"https:\/\/serrafm879.com.br\/serrafm\/wp-json\/wp\/v2\/posts"}],"about":[{"href":"https:\/\/serrafm879.com.br\/serrafm\/wp-json\/wp\/v2\/types\/post"}],"author":[{"embeddable":true,"href":"https:\/\/serrafm879.com.br\/serrafm\/wp-json\/wp\/v2\/users\/2"}],"replies":[{"embeddable":true,"href":"https:\/\/serrafm879.com.br\/serrafm\/wp-json\/wp\/v2\/comments?post=26941"}],"version-history":[{"count":1,"href":"https:\/\/serrafm879.com.br\/serrafm\/wp-json\/wp\/v2\/posts\/26941\/revisions"}],"predecessor-version":[{"id":26943,"href":"https:\/\/serrafm879.com.br\/serrafm\/wp-json\/wp\/v2\/posts\/26941\/revisions\/26943"}],"wp:featuredmedia":[{"embeddable":true,"href":"https:\/\/serrafm879.com.br\/serrafm\/wp-json\/wp\/v2\/media\/26942"}],"wp:attachment":[{"href":"https:\/\/serrafm879.com.br\/serrafm\/wp-json\/wp\/v2\/media?parent=26941"}],"wp:term":[{"taxonomy":"category","embeddable":true,"href":"https:\/\/serrafm879.com.br\/serrafm\/wp-json\/wp\/v2\/categories?post=26941"},{"taxonomy":"post_tag","embeddable":true,"href":"https:\/\/serrafm879.com.br\/serrafm\/wp-json\/wp\/v2\/tags?post=26941"}],"curies":[{"name":"wp","href":"https:\/\/api.w.org\/{rel}","templated":true}]}}