{"id":26944,"date":"2026-03-17T08:01:39","date_gmt":"2026-03-17T11:01:39","guid":{"rendered":"https:\/\/serrafm879.com.br\/serrafm\/?p=26944"},"modified":"2026-03-17T08:01:55","modified_gmt":"2026-03-17T11:01:55","slug":"deputada-mdb-do-ceara-e-alvo-de-operacao-e-passa-a-usar-tornozeleira","status":"publish","type":"post","link":"https:\/\/serrafm879.com.br\/serrafm\/2026\/03\/deputada-mdb-do-ceara-e-alvo-de-operacao-e-passa-a-usar-tornozeleira\/","title":{"rendered":"Deputada do MDB Cear\u00e1 \u00e9 alvo de opera\u00e7\u00e3o e passa a usar tornozeleira"},"content":{"rendered":"<p>A Pol\u00edcia Federal (PF) deflagrou, nesta ter\u00e7a-feira (17), a\u00a0<strong>Opera\u00e7\u00e3o Ind\u00e9bito\u00a0<\/strong>\u2014 um desdobramento da Opera\u00e7\u00e3o Sem Desconto, que investiga um esquema nacional de\u00a0desvios n\u00e3o autorizados em aposentadorias e pens\u00f5es de benefici\u00e1rios do INSS.<\/p>\n<p>A deputada federal<strong>\u00a0Gorete Pereira (MDB-CE)<\/strong>\u00a0est\u00e1 entre os alvos da opera\u00e7\u00e3o. Ela passou a ser monitorada com tornozeleira eletr\u00f4nica, segundo informa\u00e7\u00f5es obtidas pela\u00a0<strong>TV Globo.<\/strong><\/p>\n<p>Tamb\u00e9m durante a opera\u00e7\u00e3o, a PF prendeu o empres\u00e1rio\u00a0<strong>Natjo de Lima Pinheiro<\/strong>\u00a0e a advogada e ex-presidente de associa\u00e7\u00f5es de aposentados e pensionistas no Cear\u00e1\u00a0<strong>Cec\u00edlia Rodrigues Mota<\/strong>, que s\u00e3o investigados por envolvimento no esquema<em>.<\/em><\/p>\n<div id=\"chunk-8kbhn\">\n<div class=\"mc-column content-text active-extra-styles \" data-block-type=\"unstyled\" data-block-weight=\"30\" data-block-id=\"9\">\n<p class=\" content-text__container \" data-track-category=\"Link no Texto\" data-track-links=\"\" data-mrf-recirculation=\"Mat\u00e9ria - Links no Texto\">Policiais federais e auditores da Controladoria-Geral da Uni\u00e3o (CGU)\u00a0<span class=\"highlight highlighted\">cumprem 19 mandados de busca e apreens\u00e3o, dois mandados de pris\u00e3o e outras medidas cautelares no Cear\u00e1 e no Distrito Federal.<\/span><\/p>\n<\/div>\n<\/div>\n<div id=\"chunk-7j6ve\">\n<div class=\"mc-column content-text active-extra-styles \" data-block-type=\"unstyled\" data-block-weight=\"19\" data-block-id=\"10\">\n<p class=\" content-text__container \" data-track-category=\"Link no Texto\" data-track-links=\"\" data-mrf-recirculation=\"Mat\u00e9ria - Links no Texto\">Os mandados judiciais foram expedidos pelo Supremo Tribunal Federal (STF), em procedimentos sob relatoria do ministro Andr\u00e9 Mendon\u00e7a.<\/p>\n<\/div>\n<\/div>\n<div id=\"chunk-8u40a\">\n<div class=\"mc-column content-text active-extra-styles \" data-block-type=\"unstyled\" data-block-weight=\"43\" data-block-id=\"11\">\n<p class=\" content-text__container \" data-track-category=\"Link no Texto\" data-track-links=\"\" data-mrf-recirculation=\"Mat\u00e9ria - Links no Texto\">O objetivo, de acordo com a PF,\u00a0<span class=\"highlight highlighted\">\u00e9 aprofundar as investiga\u00e7\u00f5es da Opera\u00e7\u00e3o Sem Desconto, para esclarecer a pr\u00e1tica de diversos crimes de inser\u00e7\u00e3o de dados falsos em sistemas oficiais, constitui\u00e7\u00e3o de organiza\u00e7\u00e3o criminosa, estelionato previdenci\u00e1rio e atos de oculta\u00e7\u00e3o e dilapida\u00e7\u00e3o patrimonial.<\/span><\/p>\n<div id=\"chunk-8rdv3\">\n<div class=\"mc-column content-text active-extra-styles \" data-block-type=\"unstyled\" data-block-weight=\"2\" data-block-id=\"12\">\n<h5 class=\" content-text__container \" data-track-category=\"Link no Texto\" data-mrf-recirculation=\"Mat\u00e9ria - Links no Texto\"><strong>Foram presos:<\/strong><\/h5>\n<\/div>\n<\/div>\n<div id=\"chunk-9kam4\">\n<div class=\"mc-column content-text active-extra-styles\" data-block-type=\"raw\" data-block-weight=\"29\" data-block-id=\"13\">\n<ul class=\"content-unordered-list\" data-mrf-recirculation=\"Mat\u00e9ria - Leia Tamb\u00e9m (Lista)\">\n<li><strong>Natjo de Lima Pinheiro,<\/strong>\u00a0empres\u00e1rio;<\/li>\n<li><strong>Cec\u00edlia Rodrigues Mota,\u00a0<\/strong>advogada e ex-presidente da Associa\u00e7\u00e3o dos Aposentados e Pensionistas Nacional (Aapen) e da Associa\u00e7\u00e3o dos Aposentados e Pensionistas do Brasil (AAPB).<\/li>\n<\/ul>\n<p>Segundo relat\u00f3rio da PF divulgado pela Comiss\u00e3o Mista Parlamenta de Inqu\u00e9rito (PCMI) do INSS, &#8220;o empres\u00e1rio Natjo de Lima Pinheiro foi benefici\u00e1rio de aproximadamente R$ 400 mil em m\u00faltiplas opera\u00e7\u00f5es advindas das empresas de Cecilia Rodrigues Mota, uma das operadoras do esquema fraudulento, investigada pela PF&#8221;.<\/p>\n<p>A informa\u00e7\u00e3o consta no requerimento de depoimento apresentado pela CPMI para convoca\u00e7\u00e3o do empres\u00e1rio, em agosto do ano passado.<\/p>\n<\/div>\n<\/div>\n<\/div>\n<\/div>\n","protected":false},"excerpt":{"rendered":"<p>A Pol\u00edcia Federal (PF) deflagrou, nesta ter\u00e7a-feira (17), a\u00a0Opera\u00e7\u00e3o Ind\u00e9bito\u00a0\u2014 um desdobramento da Opera\u00e7\u00e3o Sem Desconto, que investiga um esquema nacional de\u00a0desvios n\u00e3o autorizados em aposentadorias e pens\u00f5es de benefici\u00e1rios do INSS. A deputada federal\u00a0Gorete Pereira (MDB-CE)\u00a0est\u00e1 entre os alvos da opera\u00e7\u00e3o. Ela passou a ser monitorada com tornozeleira eletr\u00f4nica, segundo informa\u00e7\u00f5es obtidas pela\u00a0TV Globo. Tamb\u00e9m durante a opera\u00e7\u00e3o, a PF prendeu o empres\u00e1rio\u00a0Natjo de Lima Pinheiro\u00a0e a advogada e ex-presidente de associa\u00e7\u00f5es de aposentados e pensionistas no Cear\u00e1\u00a0Cec\u00edlia Rodrigues Mota, que s\u00e3o investigados por envolvimento no esquema. Policiais federais e auditores da Controladoria-Geral da Uni\u00e3o (CGU)\u00a0cumprem 19 mandados de [&hellip;]<\/p>\n","protected":false},"author":2,"featured_media":26945,"comment_status":"open","ping_status":"open","sticky":false,"template":"","format":"standard","meta":{"_jetpack_memberships_contains_paid_content":false,"footnotes":"","jetpack_publicize_message":"","jetpack_publicize_feature_enabled":true,"jetpack_social_post_already_shared":true,"jetpack_social_options":{"image_generator_settings":{"template":"highway","enabled":false},"version":2}},"categories":[149],"tags":[],"class_list":["post-26944","post","type-post","status-publish","format-standard","has-post-thumbnail","hentry","category-brasil"],"jetpack_publicize_connections":[],"yoast_head":"<!-- This site is optimized with the Yoast SEO plugin v24.7 - https:\/\/yoast.com\/wordpress\/plugins\/seo\/ -->\n<title>Deputada do MDB Cear\u00e1 \u00e9 alvo de opera\u00e7\u00e3o e passa a usar tornozeleira - Serra FM 87,9<\/title>\n<meta name=\"robots\" content=\"index, follow, max-snippet:-1, max-image-preview:large, max-video-preview:-1\" \/>\n<link rel=\"canonical\" href=\"https:\/\/serrafm879.com.br\/serrafm\/2026\/03\/deputada-mdb-do-ceara-e-alvo-de-operacao-e-passa-a-usar-tornozeleira\/\" \/>\n<meta property=\"og:locale\" content=\"pt_BR\" \/>\n<meta property=\"og:type\" content=\"article\" \/>\n<meta property=\"og:title\" content=\"Deputada do MDB Cear\u00e1 \u00e9 alvo de opera\u00e7\u00e3o e passa a usar tornozeleira - Serra FM 87,9\" \/>\n<meta property=\"og:description\" content=\"A Pol\u00edcia Federal (PF) deflagrou, nesta ter\u00e7a-feira (17), a\u00a0Opera\u00e7\u00e3o Ind\u00e9bito\u00a0\u2014 um desdobramento da Opera\u00e7\u00e3o Sem Desconto, que investiga um esquema nacional de\u00a0desvios n\u00e3o autorizados em aposentadorias e pens\u00f5es de benefici\u00e1rios do INSS. A deputada federal\u00a0Gorete Pereira (MDB-CE)\u00a0est\u00e1 entre os alvos da opera\u00e7\u00e3o. Ela passou a ser monitorada com tornozeleira eletr\u00f4nica, segundo informa\u00e7\u00f5es obtidas pela\u00a0TV Globo. Tamb\u00e9m durante a opera\u00e7\u00e3o, a PF prendeu o empres\u00e1rio\u00a0Natjo de Lima Pinheiro\u00a0e a advogada e ex-presidente de associa\u00e7\u00f5es de aposentados e pensionistas no Cear\u00e1\u00a0Cec\u00edlia Rodrigues Mota, que s\u00e3o investigados por envolvimento no esquema. Policiais federais e auditores da Controladoria-Geral da Uni\u00e3o (CGU)\u00a0cumprem 19 mandados de [&hellip;]\" \/>\n<meta property=\"og:url\" content=\"https:\/\/serrafm879.com.br\/serrafm\/2026\/03\/deputada-mdb-do-ceara-e-alvo-de-operacao-e-passa-a-usar-tornozeleira\/\" \/>\n<meta property=\"og:site_name\" content=\"Serra FM 87,9\" \/>\n<meta property=\"article:published_time\" content=\"2026-03-17T11:01:39+00:00\" \/>\n<meta property=\"article:modified_time\" content=\"2026-03-17T11:01:55+00:00\" \/>\n<meta property=\"og:image\" content=\"http:\/\/serrafm879.com.br\/serrafm\/wp-content\/uploads\/2026\/03\/Captura-de-tela-2026-03-17-080049.png\" \/>\n\t<meta property=\"og:image:width\" content=\"384\" \/>\n\t<meta property=\"og:image:height\" content=\"372\" \/>\n\t<meta property=\"og:image:type\" content=\"image\/png\" \/>\n<meta name=\"author\" content=\"serrafm87\" \/>\n<meta name=\"twitter:card\" content=\"summary_large_image\" \/>\n<meta name=\"twitter:label1\" content=\"Escrito por\" \/>\n\t<meta name=\"twitter:data1\" content=\"serrafm87\" \/>\n\t<meta name=\"twitter:label2\" content=\"Est. tempo de leitura\" \/>\n\t<meta name=\"twitter:data2\" content=\"2 minutos\" \/>\n<script type=\"application\/ld+json\" class=\"yoast-schema-graph\">{\"@context\":\"https:\/\/schema.org\",\"@graph\":[{\"@type\":\"WebPage\",\"@id\":\"https:\/\/serrafm879.com.br\/serrafm\/2026\/03\/deputada-mdb-do-ceara-e-alvo-de-operacao-e-passa-a-usar-tornozeleira\/\",\"url\":\"https:\/\/serrafm879.com.br\/serrafm\/2026\/03\/deputada-mdb-do-ceara-e-alvo-de-operacao-e-passa-a-usar-tornozeleira\/\",\"name\":\"Deputada do MDB Cear\u00e1 \u00e9 alvo de opera\u00e7\u00e3o e passa a usar tornozeleira - Serra FM 87,9\",\"isPartOf\":{\"@id\":\"https:\/\/serrafm879.com.br\/serrafm\/#website\"},\"primaryImageOfPage\":{\"@id\":\"https:\/\/serrafm879.com.br\/serrafm\/2026\/03\/deputada-mdb-do-ceara-e-alvo-de-operacao-e-passa-a-usar-tornozeleira\/#primaryimage\"},\"image\":{\"@id\":\"https:\/\/serrafm879.com.br\/serrafm\/2026\/03\/deputada-mdb-do-ceara-e-alvo-de-operacao-e-passa-a-usar-tornozeleira\/#primaryimage\"},\"thumbnailUrl\":\"https:\/\/serrafm879.com.br\/serrafm\/wp-content\/uploads\/2026\/03\/Captura-de-tela-2026-03-17-080049.png\",\"datePublished\":\"2026-03-17T11:01:39+00:00\",\"dateModified\":\"2026-03-17T11:01:55+00:00\",\"author\":{\"@id\":\"https:\/\/serrafm879.com.br\/serrafm\/#\/schema\/person\/c028a197030ff8b1c03c68dfba4a787a\"},\"breadcrumb\":{\"@id\":\"https:\/\/serrafm879.com.br\/serrafm\/2026\/03\/deputada-mdb-do-ceara-e-alvo-de-operacao-e-passa-a-usar-tornozeleira\/#breadcrumb\"},\"inLanguage\":\"pt-BR\",\"potentialAction\":[{\"@type\":\"ReadAction\",\"target\":[\"https:\/\/serrafm879.com.br\/serrafm\/2026\/03\/deputada-mdb-do-ceara-e-alvo-de-operacao-e-passa-a-usar-tornozeleira\/\"]}]},{\"@type\":\"ImageObject\",\"inLanguage\":\"pt-BR\",\"@id\":\"https:\/\/serrafm879.com.br\/serrafm\/2026\/03\/deputada-mdb-do-ceara-e-alvo-de-operacao-e-passa-a-usar-tornozeleira\/#primaryimage\",\"url\":\"https:\/\/serrafm879.com.br\/serrafm\/wp-content\/uploads\/2026\/03\/Captura-de-tela-2026-03-17-080049.png\",\"contentUrl\":\"https:\/\/serrafm879.com.br\/serrafm\/wp-content\/uploads\/2026\/03\/Captura-de-tela-2026-03-17-080049.png\",\"width\":384,\"height\":372},{\"@type\":\"BreadcrumbList\",\"@id\":\"https:\/\/serrafm879.com.br\/serrafm\/2026\/03\/deputada-mdb-do-ceara-e-alvo-de-operacao-e-passa-a-usar-tornozeleira\/#breadcrumb\",\"itemListElement\":[{\"@type\":\"ListItem\",\"position\":1,\"name\":\"In\u00edcio\",\"item\":\"https:\/\/serrafm879.com.br\/serrafm\/\"},{\"@type\":\"ListItem\",\"position\":2,\"name\":\"Deputada do MDB Cear\u00e1 \u00e9 alvo de opera\u00e7\u00e3o e passa a usar tornozeleira\"}]},{\"@type\":\"WebSite\",\"@id\":\"https:\/\/serrafm879.com.br\/serrafm\/#website\",\"url\":\"https:\/\/serrafm879.com.br\/serrafm\/\",\"name\":\"Serra FM 87,9\",\"description\":\"O seu novo amor!\",\"potentialAction\":[{\"@type\":\"SearchAction\",\"target\":{\"@type\":\"EntryPoint\",\"urlTemplate\":\"https:\/\/serrafm879.com.br\/serrafm\/?s={search_term_string}\"},\"query-input\":{\"@type\":\"PropertyValueSpecification\",\"valueRequired\":true,\"valueName\":\"search_term_string\"}}],\"inLanguage\":\"pt-BR\"},{\"@type\":\"Person\",\"@id\":\"https:\/\/serrafm879.com.br\/serrafm\/#\/schema\/person\/c028a197030ff8b1c03c68dfba4a787a\",\"name\":\"serrafm87\",\"image\":{\"@type\":\"ImageObject\",\"inLanguage\":\"pt-BR\",\"@id\":\"https:\/\/serrafm879.com.br\/serrafm\/#\/schema\/person\/image\/\",\"url\":\"https:\/\/secure.gravatar.com\/avatar\/a743233f1112d34f48bb3dc9559b76eb930bab8b27175856cba6362608736235?s=96&d=mm&r=g\",\"contentUrl\":\"https:\/\/secure.gravatar.com\/avatar\/a743233f1112d34f48bb3dc9559b76eb930bab8b27175856cba6362608736235?s=96&d=mm&r=g\",\"caption\":\"serrafm87\"},\"sameAs\":[\"http:\/\/serrafm879.com.br\/\"],\"url\":\"https:\/\/serrafm879.com.br\/serrafm\/author\/serrafm87\/\"}]}<\/script>\n<!-- \/ Yoast SEO plugin. -->","yoast_head_json":{"title":"Deputada do MDB Cear\u00e1 \u00e9 alvo de opera\u00e7\u00e3o e passa a usar tornozeleira - Serra FM 87,9","robots":{"index":"index","follow":"follow","max-snippet":"max-snippet:-1","max-image-preview":"max-image-preview:large","max-video-preview":"max-video-preview:-1"},"canonical":"https:\/\/serrafm879.com.br\/serrafm\/2026\/03\/deputada-mdb-do-ceara-e-alvo-de-operacao-e-passa-a-usar-tornozeleira\/","og_locale":"pt_BR","og_type":"article","og_title":"Deputada do MDB Cear\u00e1 \u00e9 alvo de opera\u00e7\u00e3o e passa a usar tornozeleira - Serra FM 87,9","og_description":"A Pol\u00edcia Federal (PF) deflagrou, nesta ter\u00e7a-feira (17), a\u00a0Opera\u00e7\u00e3o Ind\u00e9bito\u00a0\u2014 um desdobramento da Opera\u00e7\u00e3o Sem Desconto, que investiga um esquema nacional de\u00a0desvios n\u00e3o autorizados em aposentadorias e pens\u00f5es de benefici\u00e1rios do INSS. A deputada federal\u00a0Gorete Pereira (MDB-CE)\u00a0est\u00e1 entre os alvos da opera\u00e7\u00e3o. Ela passou a ser monitorada com tornozeleira eletr\u00f4nica, segundo informa\u00e7\u00f5es obtidas pela\u00a0TV Globo. Tamb\u00e9m durante a opera\u00e7\u00e3o, a PF prendeu o empres\u00e1rio\u00a0Natjo de Lima Pinheiro\u00a0e a advogada e ex-presidente de associa\u00e7\u00f5es de aposentados e pensionistas no Cear\u00e1\u00a0Cec\u00edlia Rodrigues Mota, que s\u00e3o investigados por envolvimento no esquema. Policiais federais e auditores da Controladoria-Geral da Uni\u00e3o (CGU)\u00a0cumprem 19 mandados de [&hellip;]","og_url":"https:\/\/serrafm879.com.br\/serrafm\/2026\/03\/deputada-mdb-do-ceara-e-alvo-de-operacao-e-passa-a-usar-tornozeleira\/","og_site_name":"Serra FM 87,9","article_published_time":"2026-03-17T11:01:39+00:00","article_modified_time":"2026-03-17T11:01:55+00:00","og_image":[{"width":384,"height":372,"url":"http:\/\/serrafm879.com.br\/serrafm\/wp-content\/uploads\/2026\/03\/Captura-de-tela-2026-03-17-080049.png","type":"image\/png"}],"author":"serrafm87","twitter_card":"summary_large_image","twitter_misc":{"Escrito por":"serrafm87","Est. tempo de leitura":"2 minutos"},"schema":{"@context":"https:\/\/schema.org","@graph":[{"@type":"WebPage","@id":"https:\/\/serrafm879.com.br\/serrafm\/2026\/03\/deputada-mdb-do-ceara-e-alvo-de-operacao-e-passa-a-usar-tornozeleira\/","url":"https:\/\/serrafm879.com.br\/serrafm\/2026\/03\/deputada-mdb-do-ceara-e-alvo-de-operacao-e-passa-a-usar-tornozeleira\/","name":"Deputada do MDB Cear\u00e1 \u00e9 alvo de opera\u00e7\u00e3o e passa a usar tornozeleira - Serra FM 87,9","isPartOf":{"@id":"https:\/\/serrafm879.com.br\/serrafm\/#website"},"primaryImageOfPage":{"@id":"https:\/\/serrafm879.com.br\/serrafm\/2026\/03\/deputada-mdb-do-ceara-e-alvo-de-operacao-e-passa-a-usar-tornozeleira\/#primaryimage"},"image":{"@id":"https:\/\/serrafm879.com.br\/serrafm\/2026\/03\/deputada-mdb-do-ceara-e-alvo-de-operacao-e-passa-a-usar-tornozeleira\/#primaryimage"},"thumbnailUrl":"https:\/\/serrafm879.com.br\/serrafm\/wp-content\/uploads\/2026\/03\/Captura-de-tela-2026-03-17-080049.png","datePublished":"2026-03-17T11:01:39+00:00","dateModified":"2026-03-17T11:01:55+00:00","author":{"@id":"https:\/\/serrafm879.com.br\/serrafm\/#\/schema\/person\/c028a197030ff8b1c03c68dfba4a787a"},"breadcrumb":{"@id":"https:\/\/serrafm879.com.br\/serrafm\/2026\/03\/deputada-mdb-do-ceara-e-alvo-de-operacao-e-passa-a-usar-tornozeleira\/#breadcrumb"},"inLanguage":"pt-BR","potentialAction":[{"@type":"ReadAction","target":["https:\/\/serrafm879.com.br\/serrafm\/2026\/03\/deputada-mdb-do-ceara-e-alvo-de-operacao-e-passa-a-usar-tornozeleira\/"]}]},{"@type":"ImageObject","inLanguage":"pt-BR","@id":"https:\/\/serrafm879.com.br\/serrafm\/2026\/03\/deputada-mdb-do-ceara-e-alvo-de-operacao-e-passa-a-usar-tornozeleira\/#primaryimage","url":"https:\/\/serrafm879.com.br\/serrafm\/wp-content\/uploads\/2026\/03\/Captura-de-tela-2026-03-17-080049.png","contentUrl":"https:\/\/serrafm879.com.br\/serrafm\/wp-content\/uploads\/2026\/03\/Captura-de-tela-2026-03-17-080049.png","width":384,"height":372},{"@type":"BreadcrumbList","@id":"https:\/\/serrafm879.com.br\/serrafm\/2026\/03\/deputada-mdb-do-ceara-e-alvo-de-operacao-e-passa-a-usar-tornozeleira\/#breadcrumb","itemListElement":[{"@type":"ListItem","position":1,"name":"In\u00edcio","item":"https:\/\/serrafm879.com.br\/serrafm\/"},{"@type":"ListItem","position":2,"name":"Deputada do MDB Cear\u00e1 \u00e9 alvo de opera\u00e7\u00e3o e passa a usar tornozeleira"}]},{"@type":"WebSite","@id":"https:\/\/serrafm879.com.br\/serrafm\/#website","url":"https:\/\/serrafm879.com.br\/serrafm\/","name":"Serra FM 87,9","description":"O seu novo amor!","potentialAction":[{"@type":"SearchAction","target":{"@type":"EntryPoint","urlTemplate":"https:\/\/serrafm879.com.br\/serrafm\/?s={search_term_string}"},"query-input":{"@type":"PropertyValueSpecification","valueRequired":true,"valueName":"search_term_string"}}],"inLanguage":"pt-BR"},{"@type":"Person","@id":"https:\/\/serrafm879.com.br\/serrafm\/#\/schema\/person\/c028a197030ff8b1c03c68dfba4a787a","name":"serrafm87","image":{"@type":"ImageObject","inLanguage":"pt-BR","@id":"https:\/\/serrafm879.com.br\/serrafm\/#\/schema\/person\/image\/","url":"https:\/\/secure.gravatar.com\/avatar\/a743233f1112d34f48bb3dc9559b76eb930bab8b27175856cba6362608736235?s=96&d=mm&r=g","contentUrl":"https:\/\/secure.gravatar.com\/avatar\/a743233f1112d34f48bb3dc9559b76eb930bab8b27175856cba6362608736235?s=96&d=mm&r=g","caption":"serrafm87"},"sameAs":["http:\/\/serrafm879.com.br\/"],"url":"https:\/\/serrafm879.com.br\/serrafm\/author\/serrafm87\/"}]}},"jetpack_featured_media_url":"https:\/\/serrafm879.com.br\/serrafm\/wp-content\/uploads\/2026\/03\/Captura-de-tela-2026-03-17-080049.png","jetpack_shortlink":"https:\/\/wp.me\/p7HyXg-70A","jetpack_sharing_enabled":true,"_links":{"self":[{"href":"https:\/\/serrafm879.com.br\/serrafm\/wp-json\/wp\/v2\/posts\/26944","targetHints":{"allow":["GET"]}}],"collection":[{"href":"https:\/\/serrafm879.com.br\/serrafm\/wp-json\/wp\/v2\/posts"}],"about":[{"href":"https:\/\/serrafm879.com.br\/serrafm\/wp-json\/wp\/v2\/types\/post"}],"author":[{"embeddable":true,"href":"https:\/\/serrafm879.com.br\/serrafm\/wp-json\/wp\/v2\/users\/2"}],"replies":[{"embeddable":true,"href":"https:\/\/serrafm879.com.br\/serrafm\/wp-json\/wp\/v2\/comments?post=26944"}],"version-history":[{"count":2,"href":"https:\/\/serrafm879.com.br\/serrafm\/wp-json\/wp\/v2\/posts\/26944\/revisions"}],"predecessor-version":[{"id":26947,"href":"https:\/\/serrafm879.com.br\/serrafm\/wp-json\/wp\/v2\/posts\/26944\/revisions\/26947"}],"wp:featuredmedia":[{"embeddable":true,"href":"https:\/\/serrafm879.com.br\/serrafm\/wp-json\/wp\/v2\/media\/26945"}],"wp:attachment":[{"href":"https:\/\/serrafm879.com.br\/serrafm\/wp-json\/wp\/v2\/media?parent=26944"}],"wp:term":[{"taxonomy":"category","embeddable":true,"href":"https:\/\/serrafm879.com.br\/serrafm\/wp-json\/wp\/v2\/categories?post=26944"},{"taxonomy":"post_tag","embeddable":true,"href":"https:\/\/serrafm879.com.br\/serrafm\/wp-json\/wp\/v2\/tags?post=26944"}],"curies":[{"name":"wp","href":"https:\/\/api.w.org\/{rel}","templated":true}]}}