{"id":26948,"date":"2026-03-17T08:07:49","date_gmt":"2026-03-17T11:07:49","guid":{"rendered":"https:\/\/serrafm879.com.br\/serrafm\/?p=26948"},"modified":"2026-03-17T08:07:49","modified_gmt":"2026-03-17T11:07:49","slug":"mendonca-proibe-acesso-a-dados-de-vorcaro-e-determina-que-pf-retire-equipamentos-da-sala-cofre","status":"publish","type":"post","link":"https:\/\/serrafm879.com.br\/serrafm\/2026\/03\/mendonca-proibe-acesso-a-dados-de-vorcaro-e-determina-que-pf-retire-equipamentos-da-sala-cofre\/","title":{"rendered":"Mendon\u00e7a pro\u00edbe acesso a dados de Vorcaro e determina que PF retire equipamentos da sala cofre"},"content":{"rendered":"<div id=\"chunk-779hm\">\n<div class=\"mc-column content-text active-extra-styles \" data-block-type=\"unstyled\" data-block-weight=\"39\" data-block-id=\"3\">\n<p class=\" content-text__container \" data-track-category=\"Link no Texto\" data-track-links=\"\" data-mrf-recirculation=\"Mat\u00e9ria - Links no Texto\">O ministro Andr\u00e9 Mendon\u00e7a, do Supremo Tribunal Federal (<a class=\"\" href=\"https:\/\/g1.globo.com\/tudo-sobre\/supremo-tribunal-federal\/\" data-mrf-link=\"https:\/\/g1.globo.com\/tudo-sobre\/supremo-tribunal-federal\/\">STF<\/a>), proibiu o acesso ao material que est\u00e1 armazenado na sala cofre da CPMI do INSS, considerando a necessidade de preserva\u00e7\u00e3o do sigilo em rela\u00e7\u00e3o ao conte\u00fado relacionado a Daniel Vorcaro.<\/p>\n<div id=\"chunk-e2fe6\">\n<div class=\"mc-column content-text active-extra-styles\" data-block-type=\"raw\" data-block-weight=\"31\" data-block-id=\"5\">&#8220;Determino, com efeitos imediatos, que ningu\u00e9m tenha acesso ao material armazenado na Sala-cofre da CPMI do NSS referente aos equipamentos e documentos apreendidos do investigado Daniel Bueno Vorcaro&#8221;, escreveu o ministro.<\/div>\n<div id=\"chunk-8qhu9\">\n<div class=\"mc-column content-text active-extra-styles \" data-block-type=\"unstyled\" data-block-weight=\"22\" data-block-id=\"6\">\n<p class=\" content-text__container \" data-track-category=\"Link no Texto\" data-track-links=\"\" data-mrf-recirculation=\"Mat\u00e9ria - Links no Texto\">Andr\u00e9 Mendon\u00e7a determinou que medida seja tomada com extrema urg\u00eancia. O ministro \u00e9 o relator das investiga\u00e7\u00f5es do caso Master no STF.<\/p>\n<\/div>\n<\/div>\n<div id=\"chunk-ao21n\">\n<div class=\"mc-column content-text active-extra-styles\" data-block-type=\"raw\" data-block-weight=\"60\" data-block-id=\"7\">\n<div id=\"chunk-ao21n\">\n<div class=\"mc-column content-text active-extra-styles\" data-block-type=\"raw\" data-block-weight=\"60\" data-block-id=\"7\">&#8220;A Pol\u00edcia Federal dever\u00e1, em colabora\u00e7\u00e3o interinstitucional com a Presid\u00eancia da CPMI do INSS, retirar todos os equipamentos que est\u00e3o armazenados no referido local para realizar uma nova e detida separa\u00e7\u00e3o dos dados existentes, de maneira que eventual conte\u00fado que diga respeito exclusivamente \u00e0 vida privada do citado investigado n\u00e3o seja compartilhado com a referida Comiss\u00e3o Parlamentar&#8221;, complementou Mendon\u00e7a.<\/p>\n<div id=\"chunk-64chv\">\n<div class=\"mc-column content-text active-extra-styles \" data-block-type=\"unstyled\" data-block-weight=\"33\" data-block-id=\"9\">\n<p class=\" content-text__container \" data-track-category=\"Link no Texto\" data-track-links=\"\" data-mrf-recirculation=\"Mat\u00e9ria - Links no Texto\">Entre os conte\u00fados j\u00e1 identificados no aparelho de Vorcaro estavam mensagens trocadas com a ex-noiva do banqueiro, a modelo e influenciadora Martha Graeff. Os documentos inclu\u00edam conversas \u00edntimas trocadas entre os dois.<\/p>\n<\/div>\n<\/div>\n<div id=\"chunk-9g81n\">\n<div class=\"mc-column content-text active-extra-styles \" data-block-type=\"unstyled\" data-block-weight=\"25\" data-block-id=\"10\">&#8220;Sra. Martha Graeff, atrav\u00e9s de seu advogado, informa que resta consternada em face da grave viol\u00eancia que vem sofrendo, considerando a exposi\u00e7\u00e3o manifestamente ilegal e impressionantemente in\u00fatil de mensagens fragmentadas trocadas no sagrado ambiente restrito da intimidade de casal&#8221;, diz a nota assinada pelo advogado L\u00facio de Constantino.<\/div>\n<\/div>\n<\/div>\n<div data-block-type=\"unstyled\" data-block-weight=\"25\" data-block-id=\"10\">\n<div id=\"chunk-5npgl\">\n<div class=\"mc-column content-text active-extra-styles \" data-block-type=\"unstyled\" data-block-weight=\"29\" data-block-id=\"12\">\n<p class=\" content-text__container \" data-track-category=\"Link no Texto\" data-track-links=\"\" data-mrf-recirculation=\"Mat\u00e9ria - Links no Texto\">Ainda de acordo com a nota, Martha Graeff n\u00e3o mant\u00e9m relacionamento com Daniel Vorcaro h\u00e1 meses e ressalta que &#8220;ela jamais esteve envolvida em qualquer tipo de ilicitude penal&#8221;.<\/p>\n<\/div>\n<\/div>\n<div id=\"chunk-47ftt\">\n<div class=\"mc-column content-text active-extra-styles \" data-block-type=\"unstyled\" data-block-weight=\"29\" data-block-id=\"13\">\n<p class=\" content-text__container \" data-track-category=\"Link no Texto\" data-track-links=\"\" data-mrf-recirculation=\"Mat\u00e9ria - Links no Texto\">Na \u00faltima quinta-feira, Graeff foi convocada pela comiss\u00e3o para ser ouvida pelos parlamentares. O requerimento foi aprovado em vota\u00e7\u00e3o simb\u00f3lica, e a data para a audi\u00eancia n\u00e3o foi agendada.<\/p>\n<\/div>\n<\/div>\n<\/div>\n<\/div>\n<div id=\"chunk-d6spe\">\n<div class=\"content-ads\" data-block-type=\"ads\" data-block-id=\"8\">\n<div id=\"chunk-cfpu6\">\n<div class=\"mc-column content-text active-extra-styles\" data-block-type=\"raw\" data-block-weight=\"4\" data-block-id=\"16\">\n<div class=\"content-intertitle\">\n<h5>Material recebido pela CPMI<\/h5>\n<\/div>\n<\/div>\n<\/div>\n<div id=\"chunk-cs8io\">\n<div class=\"mc-column content-text active-extra-styles \" data-block-type=\"unstyled\" data-block-weight=\"48\" data-block-id=\"17\">\n<p class=\" content-text__container \" data-track-category=\"Link no Texto\" data-track-links=\"\" data-mrf-recirculation=\"Mat\u00e9ria - Links no Texto\">A CPMI do INSS que apura os descontos indevidos em aposentadorias e pens\u00f5es recebeu menos de 1% dos documentos referentes a quebra de sigilo do banqueiro, que foram enviadas para a PF ap\u00f3s decis\u00e3o do STF. A informa\u00e7\u00e3o foi confirmada pelo presidente da Comiss\u00e3o, senador Carlos Viana (Podemos-MG).<\/p>\n<\/div>\n<\/div>\n<\/div>\n<\/div>\n<div id=\"chunk-64chv\">\n<div class=\"mc-column content-text active-extra-styles \" data-block-type=\"unstyled\" data-block-weight=\"33\" data-block-id=\"9\">&#8220;A CPMI recebeu apenas 0,25%, vou repetir para os senhores, n\u00f3s recebemos menos de 1% [&#8230;] Foram enviados mais de 400GB de documentos e a comiss\u00e3o recebeu apenas 1GB, o que \u00e9 um absurdo&#8221;, disse o senador.<\/div>\n<\/div>\n<\/div>\n<div data-block-type=\"unstyled\" data-block-weight=\"33\" data-block-id=\"9\">\n<div id=\"chunk-eorm4\">\n<div class=\"mc-column content-text active-extra-styles \" data-block-type=\"unstyled\" data-block-weight=\"49\" data-block-id=\"19\">\n<p class=\" content-text__container \" data-track-category=\"Link no Texto\" data-track-links=\"\" data-mrf-recirculation=\"Mat\u00e9ria - Links no Texto\">Em dezembro de 2025, o ent\u00e3o relator do caso Master no STF, Dias Toffoli, mandou o\u00a0<a class=\"\" href=\"https:\/\/g1.globo.com\/tudo-sobre\/senado-federal\/\" data-mrf-link=\"https:\/\/g1.globo.com\/tudo-sobre\/senado-federal\/\">Senado Federal<\/a>\u00a0recolher os dados referentes a quebras de sigilo banc\u00e1rio, fiscal e telem\u00e1tico de Vorcaro que foram aprovados pela CPMI.\u00a0A decis\u00e3o foi revista apenas em fevereiro, j\u00e1 por Mendon\u00e7a, novo ministro-relator.<\/p>\n<\/div>\n<\/div>\n<div id=\"chunk-9t01f\">\n<div class=\"mc-column content-text active-extra-styles \" data-block-type=\"unstyled\" data-block-weight=\"40\" data-block-id=\"20\">\n<p class=\" content-text__container \" data-track-category=\"Link no Texto\" data-track-links=\"\" data-mrf-recirculation=\"Mat\u00e9ria - Links no Texto\"><span class=\"highlight highlighted\">De acordo com fontes ouvidas pelo g1, entre as duas decis\u00f5es, a CPMI do INSS recebeu aproximadamente 450 gigabites de documentos, a grande parte referente ao sigilo telem\u00e1tico disponibilizado pela Apple, contendo dados do celular do banqueiro salvos em nuvem.<\/span><\/p>\n<\/div>\n<\/div>\n<\/div>\n<\/div>\n<\/div>\n<div id=\"chunk-8qhu9\">\n<div class=\"mc-column content-text active-extra-styles \" data-block-type=\"unstyled\" data-block-weight=\"22\" data-block-id=\"6\">\n<div id=\"chunk-7jie9\">\n<div class=\"mc-column content-text active-extra-styles \" data-block-type=\"unstyled\" data-block-weight=\"22\" data-block-id=\"21\">\n<p class=\" content-text__container \" data-track-category=\"Link no Texto\" data-track-links=\"\" data-mrf-recirculation=\"Mat\u00e9ria - Links no Texto\">Entretanto, na decis\u00e3o feita pelo ministro Mendon\u00e7a, ele solicitou que a Pol\u00edcia Federal recolhesse os dados antes de disponibiliz\u00e1-los novamente \u00e0 comiss\u00e3o.<\/p>\n<div id=\"chunk-emqll\">\n<div class=\"mc-column content-text active-extra-styles \" data-block-type=\"unstyled\" data-block-weight=\"21\" data-block-id=\"23\">\n<p class=\" content-text__container \" data-track-category=\"Link no Texto\" data-track-links=\"\" data-mrf-recirculation=\"Mat\u00e9ria - Links no Texto\"><strong>Em um per\u00edodo de 12 dias, os dados que compreendiam centenas de gigas, retornaram com apenas 313 megabites em 206 arquivos.<\/strong><\/p>\n<\/div>\n<\/div>\n<div id=\"chunk-ep1ib\">\n<div class=\"mc-column content-text active-extra-styles \" data-block-type=\"unstyled\" data-block-weight=\"42\" data-block-id=\"24\">\n<p class=\" content-text__container \" data-track-category=\"Link no Texto\" data-track-links=\"\" data-mrf-recirculation=\"Mat\u00e9ria - Links no Texto\">Ao encaminhar os documentos referentes a quebra de sigilo do banqueiro, a Pol\u00edcia Federal disse que, por determina\u00e7\u00e3o do ministro Mendon\u00e7a, estaria disponibilizando &#8220;parte dos dados da quebra de sigilo de dados telem\u00e1ticos realizada pela CPMI em desfavor de Daniel Bueno Vorcaro&#8221;.<\/p>\n<\/div>\n<\/div>\n<div id=\"chunk-4udmd\">\n<div class=\"mc-column content-text active-extra-styles \" data-block-type=\"unstyled\" data-block-weight=\"37\" data-block-id=\"25\">\n<p class=\" content-text__container \" data-track-category=\"Link no Texto\" data-track-links=\"\" data-mrf-recirculation=\"Mat\u00e9ria - Links no Texto\">Na decis\u00e3o, o ministro Mendon\u00e7a ainda afirma que as quebras de sigilo feitas pela Pol\u00edcia Federal no \u00e2mbito da investiga\u00e7\u00e3o que corre no STF tamb\u00e9m deveriam ser disponibilizadas, mas at\u00e9 o momento elas n\u00e3o chegaram \u00e0 CPMI.<\/p>\n<\/div>\n<\/div>\n<\/div>\n<\/div>\n<\/div>\n<\/div>\n<\/div>\n<\/div>\n","protected":false},"excerpt":{"rendered":"<p>O ministro Andr\u00e9 Mendon\u00e7a, do Supremo Tribunal Federal (STF), proibiu o acesso ao material que est\u00e1 armazenado na sala cofre da CPMI do INSS, considerando a necessidade de preserva\u00e7\u00e3o do sigilo em rela\u00e7\u00e3o ao conte\u00fado relacionado a Daniel Vorcaro. &#8220;Determino, com efeitos imediatos, que ningu\u00e9m tenha acesso ao material armazenado na Sala-cofre da CPMI do NSS referente aos equipamentos e documentos apreendidos do investigado Daniel Bueno Vorcaro&#8221;, escreveu o ministro. Andr\u00e9 Mendon\u00e7a determinou que medida seja tomada com extrema urg\u00eancia. O ministro \u00e9 o relator das investiga\u00e7\u00f5es do caso Master no STF. &#8220;A Pol\u00edcia Federal dever\u00e1, em colabora\u00e7\u00e3o interinstitucional com [&hellip;]<\/p>\n","protected":false},"author":2,"featured_media":26949,"comment_status":"open","ping_status":"open","sticky":false,"template":"","format":"standard","meta":{"_jetpack_memberships_contains_paid_content":false,"footnotes":"","jetpack_publicize_message":"","jetpack_publicize_feature_enabled":true,"jetpack_social_post_already_shared":true,"jetpack_social_options":{"image_generator_settings":{"template":"highway","enabled":false},"version":2}},"categories":[149],"tags":[306,6,203],"class_list":["post-26948","post","type-post","status-publish","format-standard","has-post-thumbnail","hentry","category-brasil","tag-brasil","tag-noticias","tag-politica"],"jetpack_publicize_connections":[],"yoast_head":"<!-- This site is optimized with the Yoast SEO plugin v24.7 - https:\/\/yoast.com\/wordpress\/plugins\/seo\/ -->\n<title>Mendon\u00e7a pro\u00edbe acesso a dados de Vorcaro e determina que PF retire equipamentos da sala cofre - Serra FM 87,9<\/title>\n<meta name=\"robots\" content=\"index, follow, max-snippet:-1, max-image-preview:large, max-video-preview:-1\" \/>\n<link rel=\"canonical\" href=\"https:\/\/serrafm879.com.br\/serrafm\/2026\/03\/mendonca-proibe-acesso-a-dados-de-vorcaro-e-determina-que-pf-retire-equipamentos-da-sala-cofre\/\" \/>\n<meta property=\"og:locale\" content=\"pt_BR\" \/>\n<meta property=\"og:type\" content=\"article\" \/>\n<meta property=\"og:title\" content=\"Mendon\u00e7a pro\u00edbe acesso a dados de Vorcaro e determina que PF retire equipamentos da sala cofre - Serra FM 87,9\" \/>\n<meta property=\"og:description\" content=\"O ministro Andr\u00e9 Mendon\u00e7a, do Supremo Tribunal Federal (STF), proibiu o acesso ao material que est\u00e1 armazenado na sala cofre da CPMI do INSS, considerando a necessidade de preserva\u00e7\u00e3o do sigilo em rela\u00e7\u00e3o ao conte\u00fado relacionado a Daniel Vorcaro. &#8220;Determino, com efeitos imediatos, que ningu\u00e9m tenha acesso ao material armazenado na Sala-cofre da CPMI do NSS referente aos equipamentos e documentos apreendidos do investigado Daniel Bueno Vorcaro&#8221;, escreveu o ministro. Andr\u00e9 Mendon\u00e7a determinou que medida seja tomada com extrema urg\u00eancia. O ministro \u00e9 o relator das investiga\u00e7\u00f5es do caso Master no STF. &#8220;A Pol\u00edcia Federal dever\u00e1, em colabora\u00e7\u00e3o interinstitucional com [&hellip;]\" \/>\n<meta property=\"og:url\" content=\"https:\/\/serrafm879.com.br\/serrafm\/2026\/03\/mendonca-proibe-acesso-a-dados-de-vorcaro-e-determina-que-pf-retire-equipamentos-da-sala-cofre\/\" \/>\n<meta property=\"og:site_name\" content=\"Serra FM 87,9\" \/>\n<meta property=\"article:published_time\" content=\"2026-03-17T11:07:49+00:00\" \/>\n<meta property=\"og:image\" content=\"http:\/\/serrafm879.com.br\/serrafm\/wp-content\/uploads\/2026\/03\/Captura-de-tela-2026-03-17-080725.png\" \/>\n\t<meta property=\"og:image:width\" content=\"724\" \/>\n\t<meta property=\"og:image:height\" content=\"436\" \/>\n\t<meta property=\"og:image:type\" content=\"image\/png\" \/>\n<meta name=\"author\" content=\"serrafm87\" \/>\n<meta name=\"twitter:card\" content=\"summary_large_image\" \/>\n<meta name=\"twitter:label1\" content=\"Escrito por\" \/>\n\t<meta name=\"twitter:data1\" content=\"serrafm87\" \/>\n\t<meta name=\"twitter:label2\" content=\"Est. tempo de leitura\" \/>\n\t<meta name=\"twitter:data2\" content=\"4 minutos\" \/>\n<script type=\"application\/ld+json\" class=\"yoast-schema-graph\">{\"@context\":\"https:\/\/schema.org\",\"@graph\":[{\"@type\":\"WebPage\",\"@id\":\"https:\/\/serrafm879.com.br\/serrafm\/2026\/03\/mendonca-proibe-acesso-a-dados-de-vorcaro-e-determina-que-pf-retire-equipamentos-da-sala-cofre\/\",\"url\":\"https:\/\/serrafm879.com.br\/serrafm\/2026\/03\/mendonca-proibe-acesso-a-dados-de-vorcaro-e-determina-que-pf-retire-equipamentos-da-sala-cofre\/\",\"name\":\"Mendon\u00e7a pro\u00edbe acesso a dados de Vorcaro e determina que PF retire equipamentos da sala cofre - Serra FM 87,9\",\"isPartOf\":{\"@id\":\"https:\/\/serrafm879.com.br\/serrafm\/#website\"},\"primaryImageOfPage\":{\"@id\":\"https:\/\/serrafm879.com.br\/serrafm\/2026\/03\/mendonca-proibe-acesso-a-dados-de-vorcaro-e-determina-que-pf-retire-equipamentos-da-sala-cofre\/#primaryimage\"},\"image\":{\"@id\":\"https:\/\/serrafm879.com.br\/serrafm\/2026\/03\/mendonca-proibe-acesso-a-dados-de-vorcaro-e-determina-que-pf-retire-equipamentos-da-sala-cofre\/#primaryimage\"},\"thumbnailUrl\":\"https:\/\/serrafm879.com.br\/serrafm\/wp-content\/uploads\/2026\/03\/Captura-de-tela-2026-03-17-080725.png\",\"datePublished\":\"2026-03-17T11:07:49+00:00\",\"author\":{\"@id\":\"https:\/\/serrafm879.com.br\/serrafm\/#\/schema\/person\/c028a197030ff8b1c03c68dfba4a787a\"},\"breadcrumb\":{\"@id\":\"https:\/\/serrafm879.com.br\/serrafm\/2026\/03\/mendonca-proibe-acesso-a-dados-de-vorcaro-e-determina-que-pf-retire-equipamentos-da-sala-cofre\/#breadcrumb\"},\"inLanguage\":\"pt-BR\",\"potentialAction\":[{\"@type\":\"ReadAction\",\"target\":[\"https:\/\/serrafm879.com.br\/serrafm\/2026\/03\/mendonca-proibe-acesso-a-dados-de-vorcaro-e-determina-que-pf-retire-equipamentos-da-sala-cofre\/\"]}]},{\"@type\":\"ImageObject\",\"inLanguage\":\"pt-BR\",\"@id\":\"https:\/\/serrafm879.com.br\/serrafm\/2026\/03\/mendonca-proibe-acesso-a-dados-de-vorcaro-e-determina-que-pf-retire-equipamentos-da-sala-cofre\/#primaryimage\",\"url\":\"https:\/\/serrafm879.com.br\/serrafm\/wp-content\/uploads\/2026\/03\/Captura-de-tela-2026-03-17-080725.png\",\"contentUrl\":\"https:\/\/serrafm879.com.br\/serrafm\/wp-content\/uploads\/2026\/03\/Captura-de-tela-2026-03-17-080725.png\",\"width\":724,\"height\":436},{\"@type\":\"BreadcrumbList\",\"@id\":\"https:\/\/serrafm879.com.br\/serrafm\/2026\/03\/mendonca-proibe-acesso-a-dados-de-vorcaro-e-determina-que-pf-retire-equipamentos-da-sala-cofre\/#breadcrumb\",\"itemListElement\":[{\"@type\":\"ListItem\",\"position\":1,\"name\":\"In\u00edcio\",\"item\":\"https:\/\/serrafm879.com.br\/serrafm\/\"},{\"@type\":\"ListItem\",\"position\":2,\"name\":\"Mendon\u00e7a pro\u00edbe acesso a dados de Vorcaro e determina que PF retire equipamentos da sala cofre\"}]},{\"@type\":\"WebSite\",\"@id\":\"https:\/\/serrafm879.com.br\/serrafm\/#website\",\"url\":\"https:\/\/serrafm879.com.br\/serrafm\/\",\"name\":\"Serra FM 87,9\",\"description\":\"O seu novo amor!\",\"potentialAction\":[{\"@type\":\"SearchAction\",\"target\":{\"@type\":\"EntryPoint\",\"urlTemplate\":\"https:\/\/serrafm879.com.br\/serrafm\/?s={search_term_string}\"},\"query-input\":{\"@type\":\"PropertyValueSpecification\",\"valueRequired\":true,\"valueName\":\"search_term_string\"}}],\"inLanguage\":\"pt-BR\"},{\"@type\":\"Person\",\"@id\":\"https:\/\/serrafm879.com.br\/serrafm\/#\/schema\/person\/c028a197030ff8b1c03c68dfba4a787a\",\"name\":\"serrafm87\",\"image\":{\"@type\":\"ImageObject\",\"inLanguage\":\"pt-BR\",\"@id\":\"https:\/\/serrafm879.com.br\/serrafm\/#\/schema\/person\/image\/\",\"url\":\"https:\/\/secure.gravatar.com\/avatar\/a743233f1112d34f48bb3dc9559b76eb930bab8b27175856cba6362608736235?s=96&d=mm&r=g\",\"contentUrl\":\"https:\/\/secure.gravatar.com\/avatar\/a743233f1112d34f48bb3dc9559b76eb930bab8b27175856cba6362608736235?s=96&d=mm&r=g\",\"caption\":\"serrafm87\"},\"sameAs\":[\"http:\/\/serrafm879.com.br\/\"],\"url\":\"https:\/\/serrafm879.com.br\/serrafm\/author\/serrafm87\/\"}]}<\/script>\n<!-- \/ Yoast SEO plugin. -->","yoast_head_json":{"title":"Mendon\u00e7a pro\u00edbe acesso a dados de Vorcaro e determina que PF retire equipamentos da sala cofre - Serra FM 87,9","robots":{"index":"index","follow":"follow","max-snippet":"max-snippet:-1","max-image-preview":"max-image-preview:large","max-video-preview":"max-video-preview:-1"},"canonical":"https:\/\/serrafm879.com.br\/serrafm\/2026\/03\/mendonca-proibe-acesso-a-dados-de-vorcaro-e-determina-que-pf-retire-equipamentos-da-sala-cofre\/","og_locale":"pt_BR","og_type":"article","og_title":"Mendon\u00e7a pro\u00edbe acesso a dados de Vorcaro e determina que PF retire equipamentos da sala cofre - Serra FM 87,9","og_description":"O ministro Andr\u00e9 Mendon\u00e7a, do Supremo Tribunal Federal (STF), proibiu o acesso ao material que est\u00e1 armazenado na sala cofre da CPMI do INSS, considerando a necessidade de preserva\u00e7\u00e3o do sigilo em rela\u00e7\u00e3o ao conte\u00fado relacionado a Daniel Vorcaro. &#8220;Determino, com efeitos imediatos, que ningu\u00e9m tenha acesso ao material armazenado na Sala-cofre da CPMI do NSS referente aos equipamentos e documentos apreendidos do investigado Daniel Bueno Vorcaro&#8221;, escreveu o ministro. Andr\u00e9 Mendon\u00e7a determinou que medida seja tomada com extrema urg\u00eancia. O ministro \u00e9 o relator das investiga\u00e7\u00f5es do caso Master no STF. &#8220;A Pol\u00edcia Federal dever\u00e1, em colabora\u00e7\u00e3o interinstitucional com [&hellip;]","og_url":"https:\/\/serrafm879.com.br\/serrafm\/2026\/03\/mendonca-proibe-acesso-a-dados-de-vorcaro-e-determina-que-pf-retire-equipamentos-da-sala-cofre\/","og_site_name":"Serra FM 87,9","article_published_time":"2026-03-17T11:07:49+00:00","og_image":[{"width":724,"height":436,"url":"http:\/\/serrafm879.com.br\/serrafm\/wp-content\/uploads\/2026\/03\/Captura-de-tela-2026-03-17-080725.png","type":"image\/png"}],"author":"serrafm87","twitter_card":"summary_large_image","twitter_misc":{"Escrito por":"serrafm87","Est. tempo de leitura":"4 minutos"},"schema":{"@context":"https:\/\/schema.org","@graph":[{"@type":"WebPage","@id":"https:\/\/serrafm879.com.br\/serrafm\/2026\/03\/mendonca-proibe-acesso-a-dados-de-vorcaro-e-determina-que-pf-retire-equipamentos-da-sala-cofre\/","url":"https:\/\/serrafm879.com.br\/serrafm\/2026\/03\/mendonca-proibe-acesso-a-dados-de-vorcaro-e-determina-que-pf-retire-equipamentos-da-sala-cofre\/","name":"Mendon\u00e7a pro\u00edbe acesso a dados de Vorcaro e determina que PF retire equipamentos da sala cofre - Serra FM 87,9","isPartOf":{"@id":"https:\/\/serrafm879.com.br\/serrafm\/#website"},"primaryImageOfPage":{"@id":"https:\/\/serrafm879.com.br\/serrafm\/2026\/03\/mendonca-proibe-acesso-a-dados-de-vorcaro-e-determina-que-pf-retire-equipamentos-da-sala-cofre\/#primaryimage"},"image":{"@id":"https:\/\/serrafm879.com.br\/serrafm\/2026\/03\/mendonca-proibe-acesso-a-dados-de-vorcaro-e-determina-que-pf-retire-equipamentos-da-sala-cofre\/#primaryimage"},"thumbnailUrl":"https:\/\/serrafm879.com.br\/serrafm\/wp-content\/uploads\/2026\/03\/Captura-de-tela-2026-03-17-080725.png","datePublished":"2026-03-17T11:07:49+00:00","author":{"@id":"https:\/\/serrafm879.com.br\/serrafm\/#\/schema\/person\/c028a197030ff8b1c03c68dfba4a787a"},"breadcrumb":{"@id":"https:\/\/serrafm879.com.br\/serrafm\/2026\/03\/mendonca-proibe-acesso-a-dados-de-vorcaro-e-determina-que-pf-retire-equipamentos-da-sala-cofre\/#breadcrumb"},"inLanguage":"pt-BR","potentialAction":[{"@type":"ReadAction","target":["https:\/\/serrafm879.com.br\/serrafm\/2026\/03\/mendonca-proibe-acesso-a-dados-de-vorcaro-e-determina-que-pf-retire-equipamentos-da-sala-cofre\/"]}]},{"@type":"ImageObject","inLanguage":"pt-BR","@id":"https:\/\/serrafm879.com.br\/serrafm\/2026\/03\/mendonca-proibe-acesso-a-dados-de-vorcaro-e-determina-que-pf-retire-equipamentos-da-sala-cofre\/#primaryimage","url":"https:\/\/serrafm879.com.br\/serrafm\/wp-content\/uploads\/2026\/03\/Captura-de-tela-2026-03-17-080725.png","contentUrl":"https:\/\/serrafm879.com.br\/serrafm\/wp-content\/uploads\/2026\/03\/Captura-de-tela-2026-03-17-080725.png","width":724,"height":436},{"@type":"BreadcrumbList","@id":"https:\/\/serrafm879.com.br\/serrafm\/2026\/03\/mendonca-proibe-acesso-a-dados-de-vorcaro-e-determina-que-pf-retire-equipamentos-da-sala-cofre\/#breadcrumb","itemListElement":[{"@type":"ListItem","position":1,"name":"In\u00edcio","item":"https:\/\/serrafm879.com.br\/serrafm\/"},{"@type":"ListItem","position":2,"name":"Mendon\u00e7a pro\u00edbe acesso a dados de Vorcaro e determina que PF retire equipamentos da sala cofre"}]},{"@type":"WebSite","@id":"https:\/\/serrafm879.com.br\/serrafm\/#website","url":"https:\/\/serrafm879.com.br\/serrafm\/","name":"Serra FM 87,9","description":"O seu novo amor!","potentialAction":[{"@type":"SearchAction","target":{"@type":"EntryPoint","urlTemplate":"https:\/\/serrafm879.com.br\/serrafm\/?s={search_term_string}"},"query-input":{"@type":"PropertyValueSpecification","valueRequired":true,"valueName":"search_term_string"}}],"inLanguage":"pt-BR"},{"@type":"Person","@id":"https:\/\/serrafm879.com.br\/serrafm\/#\/schema\/person\/c028a197030ff8b1c03c68dfba4a787a","name":"serrafm87","image":{"@type":"ImageObject","inLanguage":"pt-BR","@id":"https:\/\/serrafm879.com.br\/serrafm\/#\/schema\/person\/image\/","url":"https:\/\/secure.gravatar.com\/avatar\/a743233f1112d34f48bb3dc9559b76eb930bab8b27175856cba6362608736235?s=96&d=mm&r=g","contentUrl":"https:\/\/secure.gravatar.com\/avatar\/a743233f1112d34f48bb3dc9559b76eb930bab8b27175856cba6362608736235?s=96&d=mm&r=g","caption":"serrafm87"},"sameAs":["http:\/\/serrafm879.com.br\/"],"url":"https:\/\/serrafm879.com.br\/serrafm\/author\/serrafm87\/"}]}},"jetpack_featured_media_url":"https:\/\/serrafm879.com.br\/serrafm\/wp-content\/uploads\/2026\/03\/Captura-de-tela-2026-03-17-080725.png","jetpack_shortlink":"https:\/\/wp.me\/p7HyXg-70E","jetpack_sharing_enabled":true,"_links":{"self":[{"href":"https:\/\/serrafm879.com.br\/serrafm\/wp-json\/wp\/v2\/posts\/26948","targetHints":{"allow":["GET"]}}],"collection":[{"href":"https:\/\/serrafm879.com.br\/serrafm\/wp-json\/wp\/v2\/posts"}],"about":[{"href":"https:\/\/serrafm879.com.br\/serrafm\/wp-json\/wp\/v2\/types\/post"}],"author":[{"embeddable":true,"href":"https:\/\/serrafm879.com.br\/serrafm\/wp-json\/wp\/v2\/users\/2"}],"replies":[{"embeddable":true,"href":"https:\/\/serrafm879.com.br\/serrafm\/wp-json\/wp\/v2\/comments?post=26948"}],"version-history":[{"count":1,"href":"https:\/\/serrafm879.com.br\/serrafm\/wp-json\/wp\/v2\/posts\/26948\/revisions"}],"predecessor-version":[{"id":26950,"href":"https:\/\/serrafm879.com.br\/serrafm\/wp-json\/wp\/v2\/posts\/26948\/revisions\/26950"}],"wp:featuredmedia":[{"embeddable":true,"href":"https:\/\/serrafm879.com.br\/serrafm\/wp-json\/wp\/v2\/media\/26949"}],"wp:attachment":[{"href":"https:\/\/serrafm879.com.br\/serrafm\/wp-json\/wp\/v2\/media?parent=26948"}],"wp:term":[{"taxonomy":"category","embeddable":true,"href":"https:\/\/serrafm879.com.br\/serrafm\/wp-json\/wp\/v2\/categories?post=26948"},{"taxonomy":"post_tag","embeddable":true,"href":"https:\/\/serrafm879.com.br\/serrafm\/wp-json\/wp\/v2\/tags?post=26948"}],"curies":[{"name":"wp","href":"https:\/\/api.w.org\/{rel}","templated":true}]}}