{"id":26954,"date":"2026-03-17T08:13:05","date_gmt":"2026-03-17T11:13:05","guid":{"rendered":"https:\/\/serrafm879.com.br\/serrafm\/?p=26954"},"modified":"2026-03-17T08:13:05","modified_gmt":"2026-03-17T11:13:05","slug":"motorista-morre-apos-colisao-frontal-em-salgueiro","status":"publish","type":"post","link":"https:\/\/serrafm879.com.br\/serrafm\/2026\/03\/motorista-morre-apos-colisao-frontal-em-salgueiro\/","title":{"rendered":"Motorista morre ap\u00f3s colis\u00e3o frontal em Salgueiro"},"content":{"rendered":"<p>Mais um registro de acidente naas rodovias de Pernambuco. Ap\u00f3s um condutor perder a vida na BR-232, entre Serra Talhada e Belmonte, outro sinistro ocorreu por volta das 14h15, no Km 34 da BR 116, em Salgueiro.<\/p>\n<p>Foi uma colis\u00e3o frontal entre uma caminhonete e um caminh\u00e3o. O motorista de uma caminhonete faleceu no local.<\/p>\n<p>Na sequ\u00eancia, a caminhonete colidiu em um carro. A suspeita \u00e9 de que a caminhonete acessou a contram\u00e3o da rodovia.<\/p>\n<p>No carro, o motorista e dois passageiros ficaram feridos. Eles foram socorridos para um hospital da regi\u00e3o.<\/p>\n<p>O motorista do caminh\u00e3o n\u00e3o ficou ferido. Ele realizou o teste do baf\u00f4metro e o resultado foi normal.<\/p>\n<p>A PRF, Corpo de Bombeiros e IC est\u00e3o no local. A Pol\u00edcia Civil vai investigar o caso.<\/p>\n","protected":false},"excerpt":{"rendered":"<p>Mais um registro de acidente naas rodovias de Pernambuco. Ap\u00f3s um condutor perder a vida na BR-232, entre Serra Talhada e Belmonte, outro sinistro ocorreu por volta das 14h15, no Km 34 da BR 116, em Salgueiro. Foi uma colis\u00e3o frontal entre uma caminhonete e um caminh\u00e3o. O motorista de uma caminhonete faleceu no local. Na sequ\u00eancia, a caminhonete colidiu em um carro. A suspeita \u00e9 de que a caminhonete acessou a contram\u00e3o da rodovia. No carro, o motorista e dois passageiros ficaram feridos. Eles foram socorridos para um hospital da regi\u00e3o. O motorista do caminh\u00e3o n\u00e3o ficou ferido. Ele [&hellip;]<\/p>\n","protected":false},"author":2,"featured_media":26955,"comment_status":"open","ping_status":"open","sticky":false,"template":"","format":"standard","meta":{"_jetpack_memberships_contains_paid_content":false,"footnotes":"","jetpack_publicize_message":"","jetpack_publicize_feature_enabled":true,"jetpack_social_post_already_shared":true,"jetpack_social_options":{"image_generator_settings":{"template":"highway","enabled":false},"version":2}},"categories":[294],"tags":[80,6,305,21],"class_list":["post-26954","post","type-post","status-publish","format-standard","has-post-thumbnail","hentry","category-acidente","tag-acidente","tag-noticias","tag-salgueiro","tag-serra-talhada"],"jetpack_publicize_connections":[],"yoast_head":"<!-- This site is optimized with the Yoast SEO plugin v24.7 - https:\/\/yoast.com\/wordpress\/plugins\/seo\/ -->\n<title>Motorista morre ap\u00f3s colis\u00e3o frontal em Salgueiro - Serra FM 87,9<\/title>\n<meta name=\"robots\" content=\"index, follow, max-snippet:-1, max-image-preview:large, max-video-preview:-1\" \/>\n<link rel=\"canonical\" href=\"https:\/\/serrafm879.com.br\/serrafm\/2026\/03\/motorista-morre-apos-colisao-frontal-em-salgueiro\/\" \/>\n<meta property=\"og:locale\" content=\"pt_BR\" \/>\n<meta property=\"og:type\" content=\"article\" \/>\n<meta property=\"og:title\" content=\"Motorista morre ap\u00f3s colis\u00e3o frontal em Salgueiro - Serra FM 87,9\" \/>\n<meta property=\"og:description\" content=\"Mais um registro de acidente naas rodovias de Pernambuco. Ap\u00f3s um condutor perder a vida na BR-232, entre Serra Talhada e Belmonte, outro sinistro ocorreu por volta das 14h15, no Km 34 da BR 116, em Salgueiro. Foi uma colis\u00e3o frontal entre uma caminhonete e um caminh\u00e3o. O motorista de uma caminhonete faleceu no local. Na sequ\u00eancia, a caminhonete colidiu em um carro. A suspeita \u00e9 de que a caminhonete acessou a contram\u00e3o da rodovia. No carro, o motorista e dois passageiros ficaram feridos. Eles foram socorridos para um hospital da regi\u00e3o. O motorista do caminh\u00e3o n\u00e3o ficou ferido. Ele [&hellip;]\" \/>\n<meta property=\"og:url\" content=\"https:\/\/serrafm879.com.br\/serrafm\/2026\/03\/motorista-morre-apos-colisao-frontal-em-salgueiro\/\" \/>\n<meta property=\"og:site_name\" content=\"Serra FM 87,9\" \/>\n<meta property=\"article:published_time\" content=\"2026-03-17T11:13:05+00:00\" \/>\n<meta property=\"og:image\" content=\"http:\/\/serrafm879.com.br\/serrafm\/wp-content\/uploads\/2026\/03\/acidente-salgueiro.jpg\" \/>\n\t<meta property=\"og:image:width\" content=\"1177\" \/>\n\t<meta property=\"og:image:height\" content=\"1168\" \/>\n\t<meta property=\"og:image:type\" content=\"image\/jpeg\" \/>\n<meta name=\"author\" content=\"serrafm87\" \/>\n<meta name=\"twitter:card\" content=\"summary_large_image\" \/>\n<meta name=\"twitter:label1\" content=\"Escrito por\" \/>\n\t<meta name=\"twitter:data1\" content=\"serrafm87\" \/>\n\t<meta name=\"twitter:label2\" content=\"Est. tempo de leitura\" \/>\n\t<meta name=\"twitter:data2\" content=\"1 minuto\" \/>\n<script type=\"application\/ld+json\" class=\"yoast-schema-graph\">{\"@context\":\"https:\/\/schema.org\",\"@graph\":[{\"@type\":\"WebPage\",\"@id\":\"https:\/\/serrafm879.com.br\/serrafm\/2026\/03\/motorista-morre-apos-colisao-frontal-em-salgueiro\/\",\"url\":\"https:\/\/serrafm879.com.br\/serrafm\/2026\/03\/motorista-morre-apos-colisao-frontal-em-salgueiro\/\",\"name\":\"Motorista morre ap\u00f3s colis\u00e3o frontal em Salgueiro - Serra FM 87,9\",\"isPartOf\":{\"@id\":\"https:\/\/serrafm879.com.br\/serrafm\/#website\"},\"primaryImageOfPage\":{\"@id\":\"https:\/\/serrafm879.com.br\/serrafm\/2026\/03\/motorista-morre-apos-colisao-frontal-em-salgueiro\/#primaryimage\"},\"image\":{\"@id\":\"https:\/\/serrafm879.com.br\/serrafm\/2026\/03\/motorista-morre-apos-colisao-frontal-em-salgueiro\/#primaryimage\"},\"thumbnailUrl\":\"https:\/\/serrafm879.com.br\/serrafm\/wp-content\/uploads\/2026\/03\/acidente-salgueiro.jpg\",\"datePublished\":\"2026-03-17T11:13:05+00:00\",\"author\":{\"@id\":\"https:\/\/serrafm879.com.br\/serrafm\/#\/schema\/person\/c028a197030ff8b1c03c68dfba4a787a\"},\"breadcrumb\":{\"@id\":\"https:\/\/serrafm879.com.br\/serrafm\/2026\/03\/motorista-morre-apos-colisao-frontal-em-salgueiro\/#breadcrumb\"},\"inLanguage\":\"pt-BR\",\"potentialAction\":[{\"@type\":\"ReadAction\",\"target\":[\"https:\/\/serrafm879.com.br\/serrafm\/2026\/03\/motorista-morre-apos-colisao-frontal-em-salgueiro\/\"]}]},{\"@type\":\"ImageObject\",\"inLanguage\":\"pt-BR\",\"@id\":\"https:\/\/serrafm879.com.br\/serrafm\/2026\/03\/motorista-morre-apos-colisao-frontal-em-salgueiro\/#primaryimage\",\"url\":\"https:\/\/serrafm879.com.br\/serrafm\/wp-content\/uploads\/2026\/03\/acidente-salgueiro.jpg\",\"contentUrl\":\"https:\/\/serrafm879.com.br\/serrafm\/wp-content\/uploads\/2026\/03\/acidente-salgueiro.jpg\",\"width\":1177,\"height\":1168},{\"@type\":\"BreadcrumbList\",\"@id\":\"https:\/\/serrafm879.com.br\/serrafm\/2026\/03\/motorista-morre-apos-colisao-frontal-em-salgueiro\/#breadcrumb\",\"itemListElement\":[{\"@type\":\"ListItem\",\"position\":1,\"name\":\"In\u00edcio\",\"item\":\"https:\/\/serrafm879.com.br\/serrafm\/\"},{\"@type\":\"ListItem\",\"position\":2,\"name\":\"Motorista morre ap\u00f3s colis\u00e3o frontal em Salgueiro\"}]},{\"@type\":\"WebSite\",\"@id\":\"https:\/\/serrafm879.com.br\/serrafm\/#website\",\"url\":\"https:\/\/serrafm879.com.br\/serrafm\/\",\"name\":\"Serra FM 87,9\",\"description\":\"O seu novo amor!\",\"potentialAction\":[{\"@type\":\"SearchAction\",\"target\":{\"@type\":\"EntryPoint\",\"urlTemplate\":\"https:\/\/serrafm879.com.br\/serrafm\/?s={search_term_string}\"},\"query-input\":{\"@type\":\"PropertyValueSpecification\",\"valueRequired\":true,\"valueName\":\"search_term_string\"}}],\"inLanguage\":\"pt-BR\"},{\"@type\":\"Person\",\"@id\":\"https:\/\/serrafm879.com.br\/serrafm\/#\/schema\/person\/c028a197030ff8b1c03c68dfba4a787a\",\"name\":\"serrafm87\",\"image\":{\"@type\":\"ImageObject\",\"inLanguage\":\"pt-BR\",\"@id\":\"https:\/\/serrafm879.com.br\/serrafm\/#\/schema\/person\/image\/\",\"url\":\"https:\/\/secure.gravatar.com\/avatar\/a743233f1112d34f48bb3dc9559b76eb930bab8b27175856cba6362608736235?s=96&d=mm&r=g\",\"contentUrl\":\"https:\/\/secure.gravatar.com\/avatar\/a743233f1112d34f48bb3dc9559b76eb930bab8b27175856cba6362608736235?s=96&d=mm&r=g\",\"caption\":\"serrafm87\"},\"sameAs\":[\"http:\/\/serrafm879.com.br\/\"],\"url\":\"https:\/\/serrafm879.com.br\/serrafm\/author\/serrafm87\/\"}]}<\/script>\n<!-- \/ Yoast SEO plugin. -->","yoast_head_json":{"title":"Motorista morre ap\u00f3s colis\u00e3o frontal em Salgueiro - Serra FM 87,9","robots":{"index":"index","follow":"follow","max-snippet":"max-snippet:-1","max-image-preview":"max-image-preview:large","max-video-preview":"max-video-preview:-1"},"canonical":"https:\/\/serrafm879.com.br\/serrafm\/2026\/03\/motorista-morre-apos-colisao-frontal-em-salgueiro\/","og_locale":"pt_BR","og_type":"article","og_title":"Motorista morre ap\u00f3s colis\u00e3o frontal em Salgueiro - Serra FM 87,9","og_description":"Mais um registro de acidente naas rodovias de Pernambuco. Ap\u00f3s um condutor perder a vida na BR-232, entre Serra Talhada e Belmonte, outro sinistro ocorreu por volta das 14h15, no Km 34 da BR 116, em Salgueiro. Foi uma colis\u00e3o frontal entre uma caminhonete e um caminh\u00e3o. O motorista de uma caminhonete faleceu no local. Na sequ\u00eancia, a caminhonete colidiu em um carro. A suspeita \u00e9 de que a caminhonete acessou a contram\u00e3o da rodovia. No carro, o motorista e dois passageiros ficaram feridos. Eles foram socorridos para um hospital da regi\u00e3o. O motorista do caminh\u00e3o n\u00e3o ficou ferido. Ele [&hellip;]","og_url":"https:\/\/serrafm879.com.br\/serrafm\/2026\/03\/motorista-morre-apos-colisao-frontal-em-salgueiro\/","og_site_name":"Serra FM 87,9","article_published_time":"2026-03-17T11:13:05+00:00","og_image":[{"width":1177,"height":1168,"url":"http:\/\/serrafm879.com.br\/serrafm\/wp-content\/uploads\/2026\/03\/acidente-salgueiro.jpg","type":"image\/jpeg"}],"author":"serrafm87","twitter_card":"summary_large_image","twitter_misc":{"Escrito por":"serrafm87","Est. tempo de leitura":"1 minuto"},"schema":{"@context":"https:\/\/schema.org","@graph":[{"@type":"WebPage","@id":"https:\/\/serrafm879.com.br\/serrafm\/2026\/03\/motorista-morre-apos-colisao-frontal-em-salgueiro\/","url":"https:\/\/serrafm879.com.br\/serrafm\/2026\/03\/motorista-morre-apos-colisao-frontal-em-salgueiro\/","name":"Motorista morre ap\u00f3s colis\u00e3o frontal em Salgueiro - Serra FM 87,9","isPartOf":{"@id":"https:\/\/serrafm879.com.br\/serrafm\/#website"},"primaryImageOfPage":{"@id":"https:\/\/serrafm879.com.br\/serrafm\/2026\/03\/motorista-morre-apos-colisao-frontal-em-salgueiro\/#primaryimage"},"image":{"@id":"https:\/\/serrafm879.com.br\/serrafm\/2026\/03\/motorista-morre-apos-colisao-frontal-em-salgueiro\/#primaryimage"},"thumbnailUrl":"https:\/\/serrafm879.com.br\/serrafm\/wp-content\/uploads\/2026\/03\/acidente-salgueiro.jpg","datePublished":"2026-03-17T11:13:05+00:00","author":{"@id":"https:\/\/serrafm879.com.br\/serrafm\/#\/schema\/person\/c028a197030ff8b1c03c68dfba4a787a"},"breadcrumb":{"@id":"https:\/\/serrafm879.com.br\/serrafm\/2026\/03\/motorista-morre-apos-colisao-frontal-em-salgueiro\/#breadcrumb"},"inLanguage":"pt-BR","potentialAction":[{"@type":"ReadAction","target":["https:\/\/serrafm879.com.br\/serrafm\/2026\/03\/motorista-morre-apos-colisao-frontal-em-salgueiro\/"]}]},{"@type":"ImageObject","inLanguage":"pt-BR","@id":"https:\/\/serrafm879.com.br\/serrafm\/2026\/03\/motorista-morre-apos-colisao-frontal-em-salgueiro\/#primaryimage","url":"https:\/\/serrafm879.com.br\/serrafm\/wp-content\/uploads\/2026\/03\/acidente-salgueiro.jpg","contentUrl":"https:\/\/serrafm879.com.br\/serrafm\/wp-content\/uploads\/2026\/03\/acidente-salgueiro.jpg","width":1177,"height":1168},{"@type":"BreadcrumbList","@id":"https:\/\/serrafm879.com.br\/serrafm\/2026\/03\/motorista-morre-apos-colisao-frontal-em-salgueiro\/#breadcrumb","itemListElement":[{"@type":"ListItem","position":1,"name":"In\u00edcio","item":"https:\/\/serrafm879.com.br\/serrafm\/"},{"@type":"ListItem","position":2,"name":"Motorista morre ap\u00f3s colis\u00e3o frontal em Salgueiro"}]},{"@type":"WebSite","@id":"https:\/\/serrafm879.com.br\/serrafm\/#website","url":"https:\/\/serrafm879.com.br\/serrafm\/","name":"Serra FM 87,9","description":"O seu novo amor!","potentialAction":[{"@type":"SearchAction","target":{"@type":"EntryPoint","urlTemplate":"https:\/\/serrafm879.com.br\/serrafm\/?s={search_term_string}"},"query-input":{"@type":"PropertyValueSpecification","valueRequired":true,"valueName":"search_term_string"}}],"inLanguage":"pt-BR"},{"@type":"Person","@id":"https:\/\/serrafm879.com.br\/serrafm\/#\/schema\/person\/c028a197030ff8b1c03c68dfba4a787a","name":"serrafm87","image":{"@type":"ImageObject","inLanguage":"pt-BR","@id":"https:\/\/serrafm879.com.br\/serrafm\/#\/schema\/person\/image\/","url":"https:\/\/secure.gravatar.com\/avatar\/a743233f1112d34f48bb3dc9559b76eb930bab8b27175856cba6362608736235?s=96&d=mm&r=g","contentUrl":"https:\/\/secure.gravatar.com\/avatar\/a743233f1112d34f48bb3dc9559b76eb930bab8b27175856cba6362608736235?s=96&d=mm&r=g","caption":"serrafm87"},"sameAs":["http:\/\/serrafm879.com.br\/"],"url":"https:\/\/serrafm879.com.br\/serrafm\/author\/serrafm87\/"}]}},"jetpack_featured_media_url":"https:\/\/serrafm879.com.br\/serrafm\/wp-content\/uploads\/2026\/03\/acidente-salgueiro.jpg","jetpack_shortlink":"https:\/\/wp.me\/p7HyXg-70K","jetpack_sharing_enabled":true,"_links":{"self":[{"href":"https:\/\/serrafm879.com.br\/serrafm\/wp-json\/wp\/v2\/posts\/26954","targetHints":{"allow":["GET"]}}],"collection":[{"href":"https:\/\/serrafm879.com.br\/serrafm\/wp-json\/wp\/v2\/posts"}],"about":[{"href":"https:\/\/serrafm879.com.br\/serrafm\/wp-json\/wp\/v2\/types\/post"}],"author":[{"embeddable":true,"href":"https:\/\/serrafm879.com.br\/serrafm\/wp-json\/wp\/v2\/users\/2"}],"replies":[{"embeddable":true,"href":"https:\/\/serrafm879.com.br\/serrafm\/wp-json\/wp\/v2\/comments?post=26954"}],"version-history":[{"count":1,"href":"https:\/\/serrafm879.com.br\/serrafm\/wp-json\/wp\/v2\/posts\/26954\/revisions"}],"predecessor-version":[{"id":26956,"href":"https:\/\/serrafm879.com.br\/serrafm\/wp-json\/wp\/v2\/posts\/26954\/revisions\/26956"}],"wp:featuredmedia":[{"embeddable":true,"href":"https:\/\/serrafm879.com.br\/serrafm\/wp-json\/wp\/v2\/media\/26955"}],"wp:attachment":[{"href":"https:\/\/serrafm879.com.br\/serrafm\/wp-json\/wp\/v2\/media?parent=26954"}],"wp:term":[{"taxonomy":"category","embeddable":true,"href":"https:\/\/serrafm879.com.br\/serrafm\/wp-json\/wp\/v2\/categories?post=26954"},{"taxonomy":"post_tag","embeddable":true,"href":"https:\/\/serrafm879.com.br\/serrafm\/wp-json\/wp\/v2\/tags?post=26954"}],"curies":[{"name":"wp","href":"https:\/\/api.w.org\/{rel}","templated":true}]}}