{"id":26959,"date":"2026-03-17T08:17:03","date_gmt":"2026-03-17T11:17:03","guid":{"rendered":"https:\/\/serrafm879.com.br\/serrafm\/?p=26959"},"modified":"2026-03-17T08:17:03","modified_gmt":"2026-03-17T11:17:03","slug":"ex-vereador-do-recife-reforca-pre-campanha-de-breno-e-amplia-bases","status":"publish","type":"post","link":"https:\/\/serrafm879.com.br\/serrafm\/2026\/03\/ex-vereador-do-recife-reforca-pre-campanha-de-breno-e-amplia-bases\/","title":{"rendered":"Ex-vereador do Recife refor\u00e7a pr\u00e9-campanha de Breno e amplia bases"},"content":{"rendered":"<p>O ex-vereador do Recife e atual suplente, Jairo Brito, declarou apoio \u00e0 pr\u00e9-candidatura de Breno, fortalecendo o grupo pol\u00edtico que vem se consolidando na capital pernambucana. Nome reconhecido dentro do Partido dos Trabalhadores (PT), Jairo chega para somar experi\u00eancia e ampliar o di\u00e1logo com diferentes segmentos da popula\u00e7\u00e3o.<\/p>\n<p>Com mais de 9 mil votos nas \u00faltimas elei\u00e7\u00f5es municipais, Jairo Brito ficou na supl\u00eancia, mantendo-se como uma lideran\u00e7a ativa e influente no cen\u00e1rio pol\u00edtico recifense. Sua ades\u00e3o \u00e0 pr\u00e9-campanha representa um refor\u00e7o estrat\u00e9gico, especialmente pela capilaridade constru\u00edda ao longo de sua trajet\u00f3ria pol\u00edtica.<\/p>\n<p>A entrada de Jairo no projeto de Breno tamb\u00e9m sinaliza um movimento de uni\u00e3o dentro do campo progressista, reunindo lideran\u00e7as com hist\u00f3rico de atua\u00e7\u00e3o e presen\u00e7a nas comunidades. A expectativa \u00e9 de que o apoio contribua para fortalecer a pr\u00e9-campanha e ampliar o alcance das propostas defendidas.<\/p>\n","protected":false},"excerpt":{"rendered":"<p>O ex-vereador do Recife e atual suplente, Jairo Brito, declarou apoio \u00e0 pr\u00e9-candidatura de Breno, fortalecendo o grupo pol\u00edtico que vem se consolidando na capital pernambucana. Nome reconhecido dentro do Partido dos Trabalhadores (PT), Jairo chega para somar experi\u00eancia e ampliar o di\u00e1logo com diferentes segmentos da popula\u00e7\u00e3o. Com mais de 9 mil votos nas \u00faltimas elei\u00e7\u00f5es municipais, Jairo Brito ficou na supl\u00eancia, mantendo-se como uma lideran\u00e7a ativa e influente no cen\u00e1rio pol\u00edtico recifense. Sua ades\u00e3o \u00e0 pr\u00e9-campanha representa um refor\u00e7o estrat\u00e9gico, especialmente pela capilaridade constru\u00edda ao longo de sua trajet\u00f3ria pol\u00edtica. A entrada de Jairo no projeto de Breno [&hellip;]<\/p>\n","protected":false},"author":2,"featured_media":26960,"comment_status":"open","ping_status":"open","sticky":false,"template":"","format":"standard","meta":{"_jetpack_memberships_contains_paid_content":false,"footnotes":"","jetpack_publicize_message":"","jetpack_publicize_feature_enabled":true,"jetpack_social_post_already_shared":true,"jetpack_social_options":{"image_generator_settings":{"template":"highway","enabled":false},"version":2}},"categories":[297],"tags":[],"class_list":["post-26959","post","type-post","status-publish","format-standard","has-post-thumbnail","hentry","category-eleicoes-2026"],"jetpack_publicize_connections":[],"yoast_head":"<!-- This site is optimized with the Yoast SEO plugin v24.7 - https:\/\/yoast.com\/wordpress\/plugins\/seo\/ -->\n<title>Ex-vereador do Recife refor\u00e7a pr\u00e9-campanha de Breno e amplia bases - Serra FM 87,9<\/title>\n<meta name=\"robots\" content=\"index, follow, max-snippet:-1, max-image-preview:large, max-video-preview:-1\" \/>\n<link rel=\"canonical\" href=\"https:\/\/serrafm879.com.br\/serrafm\/2026\/03\/ex-vereador-do-recife-reforca-pre-campanha-de-breno-e-amplia-bases\/\" \/>\n<meta property=\"og:locale\" content=\"pt_BR\" \/>\n<meta property=\"og:type\" content=\"article\" \/>\n<meta property=\"og:title\" content=\"Ex-vereador do Recife refor\u00e7a pr\u00e9-campanha de Breno e amplia bases - Serra FM 87,9\" \/>\n<meta property=\"og:description\" content=\"O ex-vereador do Recife e atual suplente, Jairo Brito, declarou apoio \u00e0 pr\u00e9-candidatura de Breno, fortalecendo o grupo pol\u00edtico que vem se consolidando na capital pernambucana. Nome reconhecido dentro do Partido dos Trabalhadores (PT), Jairo chega para somar experi\u00eancia e ampliar o di\u00e1logo com diferentes segmentos da popula\u00e7\u00e3o. Com mais de 9 mil votos nas \u00faltimas elei\u00e7\u00f5es municipais, Jairo Brito ficou na supl\u00eancia, mantendo-se como uma lideran\u00e7a ativa e influente no cen\u00e1rio pol\u00edtico recifense. Sua ades\u00e3o \u00e0 pr\u00e9-campanha representa um refor\u00e7o estrat\u00e9gico, especialmente pela capilaridade constru\u00edda ao longo de sua trajet\u00f3ria pol\u00edtica. A entrada de Jairo no projeto de Breno [&hellip;]\" \/>\n<meta property=\"og:url\" content=\"https:\/\/serrafm879.com.br\/serrafm\/2026\/03\/ex-vereador-do-recife-reforca-pre-campanha-de-breno-e-amplia-bases\/\" \/>\n<meta property=\"og:site_name\" content=\"Serra FM 87,9\" \/>\n<meta property=\"article:published_time\" content=\"2026-03-17T11:17:03+00:00\" \/>\n<meta property=\"og:image\" content=\"http:\/\/serrafm879.com.br\/serrafm\/wp-content\/uploads\/2026\/03\/IMG-20260317-WA0028.jpg\" \/>\n\t<meta property=\"og:image:width\" content=\"1200\" \/>\n\t<meta property=\"og:image:height\" content=\"1600\" \/>\n\t<meta property=\"og:image:type\" content=\"image\/jpeg\" \/>\n<meta name=\"author\" content=\"serrafm87\" \/>\n<meta name=\"twitter:card\" content=\"summary_large_image\" \/>\n<meta name=\"twitter:label1\" content=\"Escrito por\" \/>\n\t<meta name=\"twitter:data1\" content=\"serrafm87\" \/>\n\t<meta name=\"twitter:label2\" content=\"Est. tempo de leitura\" \/>\n\t<meta name=\"twitter:data2\" content=\"1 minuto\" \/>\n<script type=\"application\/ld+json\" class=\"yoast-schema-graph\">{\"@context\":\"https:\/\/schema.org\",\"@graph\":[{\"@type\":\"WebPage\",\"@id\":\"https:\/\/serrafm879.com.br\/serrafm\/2026\/03\/ex-vereador-do-recife-reforca-pre-campanha-de-breno-e-amplia-bases\/\",\"url\":\"https:\/\/serrafm879.com.br\/serrafm\/2026\/03\/ex-vereador-do-recife-reforca-pre-campanha-de-breno-e-amplia-bases\/\",\"name\":\"Ex-vereador do Recife refor\u00e7a pr\u00e9-campanha de Breno e amplia bases - Serra FM 87,9\",\"isPartOf\":{\"@id\":\"https:\/\/serrafm879.com.br\/serrafm\/#website\"},\"primaryImageOfPage\":{\"@id\":\"https:\/\/serrafm879.com.br\/serrafm\/2026\/03\/ex-vereador-do-recife-reforca-pre-campanha-de-breno-e-amplia-bases\/#primaryimage\"},\"image\":{\"@id\":\"https:\/\/serrafm879.com.br\/serrafm\/2026\/03\/ex-vereador-do-recife-reforca-pre-campanha-de-breno-e-amplia-bases\/#primaryimage\"},\"thumbnailUrl\":\"https:\/\/serrafm879.com.br\/serrafm\/wp-content\/uploads\/2026\/03\/IMG-20260317-WA0028.jpg\",\"datePublished\":\"2026-03-17T11:17:03+00:00\",\"author\":{\"@id\":\"https:\/\/serrafm879.com.br\/serrafm\/#\/schema\/person\/c028a197030ff8b1c03c68dfba4a787a\"},\"breadcrumb\":{\"@id\":\"https:\/\/serrafm879.com.br\/serrafm\/2026\/03\/ex-vereador-do-recife-reforca-pre-campanha-de-breno-e-amplia-bases\/#breadcrumb\"},\"inLanguage\":\"pt-BR\",\"potentialAction\":[{\"@type\":\"ReadAction\",\"target\":[\"https:\/\/serrafm879.com.br\/serrafm\/2026\/03\/ex-vereador-do-recife-reforca-pre-campanha-de-breno-e-amplia-bases\/\"]}]},{\"@type\":\"ImageObject\",\"inLanguage\":\"pt-BR\",\"@id\":\"https:\/\/serrafm879.com.br\/serrafm\/2026\/03\/ex-vereador-do-recife-reforca-pre-campanha-de-breno-e-amplia-bases\/#primaryimage\",\"url\":\"https:\/\/serrafm879.com.br\/serrafm\/wp-content\/uploads\/2026\/03\/IMG-20260317-WA0028.jpg\",\"contentUrl\":\"https:\/\/serrafm879.com.br\/serrafm\/wp-content\/uploads\/2026\/03\/IMG-20260317-WA0028.jpg\",\"width\":1200,\"height\":1600},{\"@type\":\"BreadcrumbList\",\"@id\":\"https:\/\/serrafm879.com.br\/serrafm\/2026\/03\/ex-vereador-do-recife-reforca-pre-campanha-de-breno-e-amplia-bases\/#breadcrumb\",\"itemListElement\":[{\"@type\":\"ListItem\",\"position\":1,\"name\":\"In\u00edcio\",\"item\":\"https:\/\/serrafm879.com.br\/serrafm\/\"},{\"@type\":\"ListItem\",\"position\":2,\"name\":\"Ex-vereador do Recife refor\u00e7a pr\u00e9-campanha de Breno e amplia bases\"}]},{\"@type\":\"WebSite\",\"@id\":\"https:\/\/serrafm879.com.br\/serrafm\/#website\",\"url\":\"https:\/\/serrafm879.com.br\/serrafm\/\",\"name\":\"Serra FM 87,9\",\"description\":\"O seu novo amor!\",\"potentialAction\":[{\"@type\":\"SearchAction\",\"target\":{\"@type\":\"EntryPoint\",\"urlTemplate\":\"https:\/\/serrafm879.com.br\/serrafm\/?s={search_term_string}\"},\"query-input\":{\"@type\":\"PropertyValueSpecification\",\"valueRequired\":true,\"valueName\":\"search_term_string\"}}],\"inLanguage\":\"pt-BR\"},{\"@type\":\"Person\",\"@id\":\"https:\/\/serrafm879.com.br\/serrafm\/#\/schema\/person\/c028a197030ff8b1c03c68dfba4a787a\",\"name\":\"serrafm87\",\"image\":{\"@type\":\"ImageObject\",\"inLanguage\":\"pt-BR\",\"@id\":\"https:\/\/serrafm879.com.br\/serrafm\/#\/schema\/person\/image\/\",\"url\":\"https:\/\/secure.gravatar.com\/avatar\/a743233f1112d34f48bb3dc9559b76eb930bab8b27175856cba6362608736235?s=96&d=mm&r=g\",\"contentUrl\":\"https:\/\/secure.gravatar.com\/avatar\/a743233f1112d34f48bb3dc9559b76eb930bab8b27175856cba6362608736235?s=96&d=mm&r=g\",\"caption\":\"serrafm87\"},\"sameAs\":[\"http:\/\/serrafm879.com.br\/\"],\"url\":\"https:\/\/serrafm879.com.br\/serrafm\/author\/serrafm87\/\"}]}<\/script>\n<!-- \/ Yoast SEO plugin. -->","yoast_head_json":{"title":"Ex-vereador do Recife refor\u00e7a pr\u00e9-campanha de Breno e amplia bases - Serra FM 87,9","robots":{"index":"index","follow":"follow","max-snippet":"max-snippet:-1","max-image-preview":"max-image-preview:large","max-video-preview":"max-video-preview:-1"},"canonical":"https:\/\/serrafm879.com.br\/serrafm\/2026\/03\/ex-vereador-do-recife-reforca-pre-campanha-de-breno-e-amplia-bases\/","og_locale":"pt_BR","og_type":"article","og_title":"Ex-vereador do Recife refor\u00e7a pr\u00e9-campanha de Breno e amplia bases - Serra FM 87,9","og_description":"O ex-vereador do Recife e atual suplente, Jairo Brito, declarou apoio \u00e0 pr\u00e9-candidatura de Breno, fortalecendo o grupo pol\u00edtico que vem se consolidando na capital pernambucana. Nome reconhecido dentro do Partido dos Trabalhadores (PT), Jairo chega para somar experi\u00eancia e ampliar o di\u00e1logo com diferentes segmentos da popula\u00e7\u00e3o. Com mais de 9 mil votos nas \u00faltimas elei\u00e7\u00f5es municipais, Jairo Brito ficou na supl\u00eancia, mantendo-se como uma lideran\u00e7a ativa e influente no cen\u00e1rio pol\u00edtico recifense. Sua ades\u00e3o \u00e0 pr\u00e9-campanha representa um refor\u00e7o estrat\u00e9gico, especialmente pela capilaridade constru\u00edda ao longo de sua trajet\u00f3ria pol\u00edtica. A entrada de Jairo no projeto de Breno [&hellip;]","og_url":"https:\/\/serrafm879.com.br\/serrafm\/2026\/03\/ex-vereador-do-recife-reforca-pre-campanha-de-breno-e-amplia-bases\/","og_site_name":"Serra FM 87,9","article_published_time":"2026-03-17T11:17:03+00:00","og_image":[{"width":1200,"height":1600,"url":"http:\/\/serrafm879.com.br\/serrafm\/wp-content\/uploads\/2026\/03\/IMG-20260317-WA0028.jpg","type":"image\/jpeg"}],"author":"serrafm87","twitter_card":"summary_large_image","twitter_misc":{"Escrito por":"serrafm87","Est. tempo de leitura":"1 minuto"},"schema":{"@context":"https:\/\/schema.org","@graph":[{"@type":"WebPage","@id":"https:\/\/serrafm879.com.br\/serrafm\/2026\/03\/ex-vereador-do-recife-reforca-pre-campanha-de-breno-e-amplia-bases\/","url":"https:\/\/serrafm879.com.br\/serrafm\/2026\/03\/ex-vereador-do-recife-reforca-pre-campanha-de-breno-e-amplia-bases\/","name":"Ex-vereador do Recife refor\u00e7a pr\u00e9-campanha de Breno e amplia bases - Serra FM 87,9","isPartOf":{"@id":"https:\/\/serrafm879.com.br\/serrafm\/#website"},"primaryImageOfPage":{"@id":"https:\/\/serrafm879.com.br\/serrafm\/2026\/03\/ex-vereador-do-recife-reforca-pre-campanha-de-breno-e-amplia-bases\/#primaryimage"},"image":{"@id":"https:\/\/serrafm879.com.br\/serrafm\/2026\/03\/ex-vereador-do-recife-reforca-pre-campanha-de-breno-e-amplia-bases\/#primaryimage"},"thumbnailUrl":"https:\/\/serrafm879.com.br\/serrafm\/wp-content\/uploads\/2026\/03\/IMG-20260317-WA0028.jpg","datePublished":"2026-03-17T11:17:03+00:00","author":{"@id":"https:\/\/serrafm879.com.br\/serrafm\/#\/schema\/person\/c028a197030ff8b1c03c68dfba4a787a"},"breadcrumb":{"@id":"https:\/\/serrafm879.com.br\/serrafm\/2026\/03\/ex-vereador-do-recife-reforca-pre-campanha-de-breno-e-amplia-bases\/#breadcrumb"},"inLanguage":"pt-BR","potentialAction":[{"@type":"ReadAction","target":["https:\/\/serrafm879.com.br\/serrafm\/2026\/03\/ex-vereador-do-recife-reforca-pre-campanha-de-breno-e-amplia-bases\/"]}]},{"@type":"ImageObject","inLanguage":"pt-BR","@id":"https:\/\/serrafm879.com.br\/serrafm\/2026\/03\/ex-vereador-do-recife-reforca-pre-campanha-de-breno-e-amplia-bases\/#primaryimage","url":"https:\/\/serrafm879.com.br\/serrafm\/wp-content\/uploads\/2026\/03\/IMG-20260317-WA0028.jpg","contentUrl":"https:\/\/serrafm879.com.br\/serrafm\/wp-content\/uploads\/2026\/03\/IMG-20260317-WA0028.jpg","width":1200,"height":1600},{"@type":"BreadcrumbList","@id":"https:\/\/serrafm879.com.br\/serrafm\/2026\/03\/ex-vereador-do-recife-reforca-pre-campanha-de-breno-e-amplia-bases\/#breadcrumb","itemListElement":[{"@type":"ListItem","position":1,"name":"In\u00edcio","item":"https:\/\/serrafm879.com.br\/serrafm\/"},{"@type":"ListItem","position":2,"name":"Ex-vereador do Recife refor\u00e7a pr\u00e9-campanha de Breno e amplia bases"}]},{"@type":"WebSite","@id":"https:\/\/serrafm879.com.br\/serrafm\/#website","url":"https:\/\/serrafm879.com.br\/serrafm\/","name":"Serra FM 87,9","description":"O seu novo amor!","potentialAction":[{"@type":"SearchAction","target":{"@type":"EntryPoint","urlTemplate":"https:\/\/serrafm879.com.br\/serrafm\/?s={search_term_string}"},"query-input":{"@type":"PropertyValueSpecification","valueRequired":true,"valueName":"search_term_string"}}],"inLanguage":"pt-BR"},{"@type":"Person","@id":"https:\/\/serrafm879.com.br\/serrafm\/#\/schema\/person\/c028a197030ff8b1c03c68dfba4a787a","name":"serrafm87","image":{"@type":"ImageObject","inLanguage":"pt-BR","@id":"https:\/\/serrafm879.com.br\/serrafm\/#\/schema\/person\/image\/","url":"https:\/\/secure.gravatar.com\/avatar\/a743233f1112d34f48bb3dc9559b76eb930bab8b27175856cba6362608736235?s=96&d=mm&r=g","contentUrl":"https:\/\/secure.gravatar.com\/avatar\/a743233f1112d34f48bb3dc9559b76eb930bab8b27175856cba6362608736235?s=96&d=mm&r=g","caption":"serrafm87"},"sameAs":["http:\/\/serrafm879.com.br\/"],"url":"https:\/\/serrafm879.com.br\/serrafm\/author\/serrafm87\/"}]}},"jetpack_featured_media_url":"https:\/\/serrafm879.com.br\/serrafm\/wp-content\/uploads\/2026\/03\/IMG-20260317-WA0028.jpg","jetpack_shortlink":"https:\/\/wp.me\/p7HyXg-70P","jetpack_sharing_enabled":true,"_links":{"self":[{"href":"https:\/\/serrafm879.com.br\/serrafm\/wp-json\/wp\/v2\/posts\/26959","targetHints":{"allow":["GET"]}}],"collection":[{"href":"https:\/\/serrafm879.com.br\/serrafm\/wp-json\/wp\/v2\/posts"}],"about":[{"href":"https:\/\/serrafm879.com.br\/serrafm\/wp-json\/wp\/v2\/types\/post"}],"author":[{"embeddable":true,"href":"https:\/\/serrafm879.com.br\/serrafm\/wp-json\/wp\/v2\/users\/2"}],"replies":[{"embeddable":true,"href":"https:\/\/serrafm879.com.br\/serrafm\/wp-json\/wp\/v2\/comments?post=26959"}],"version-history":[{"count":1,"href":"https:\/\/serrafm879.com.br\/serrafm\/wp-json\/wp\/v2\/posts\/26959\/revisions"}],"predecessor-version":[{"id":26961,"href":"https:\/\/serrafm879.com.br\/serrafm\/wp-json\/wp\/v2\/posts\/26959\/revisions\/26961"}],"wp:featuredmedia":[{"embeddable":true,"href":"https:\/\/serrafm879.com.br\/serrafm\/wp-json\/wp\/v2\/media\/26960"}],"wp:attachment":[{"href":"https:\/\/serrafm879.com.br\/serrafm\/wp-json\/wp\/v2\/media?parent=26959"}],"wp:term":[{"taxonomy":"category","embeddable":true,"href":"https:\/\/serrafm879.com.br\/serrafm\/wp-json\/wp\/v2\/categories?post=26959"},{"taxonomy":"post_tag","embeddable":true,"href":"https:\/\/serrafm879.com.br\/serrafm\/wp-json\/wp\/v2\/tags?post=26959"}],"curies":[{"name":"wp","href":"https:\/\/api.w.org\/{rel}","templated":true}]}}