{"id":26962,"date":"2026-03-17T08:19:03","date_gmt":"2026-03-17T11:19:03","guid":{"rendered":"https:\/\/serrafm879.com.br\/serrafm\/?p=26962"},"modified":"2026-03-17T08:19:03","modified_gmt":"2026-03-17T11:19:03","slug":"marconi-santana-recebe-trofeu-leao-dourado-no-palacio-da-justica-de-pernambuco","status":"publish","type":"post","link":"https:\/\/serrafm879.com.br\/serrafm\/2026\/03\/marconi-santana-recebe-trofeu-leao-dourado-no-palacio-da-justica-de-pernambuco\/","title":{"rendered":"Marconi Santana recebe Trof\u00e9u Le\u00e3o Dourado no Pal\u00e1cio da Justi\u00e7a de Pernambuco"},"content":{"rendered":"<p data-start=\"84\" data-end=\"419\">O ex-prefeito\u00a0<span class=\"hover:entity-accent entity-underline inline cursor-pointer align-baseline\"><span class=\"whitespace-normal\">Marconi Santana<\/span><\/span>\u00a0foi homenageado com o Trof\u00e9u Le\u00e3o Dourado durante evento realizado no Sal\u00e3o Nobre do\u00a0<span class=\"hover:entity-accent entity-underline inline cursor-pointer align-baseline\"><span class=\"whitespace-normal\">Tribunal de Justi\u00e7a de Pernambuco<\/span><\/span>, no\u00a0<span class=\"hover:entity-accent entity-underline inline cursor-pointer align-baseline\"><span class=\"whitespace-normal\">Pal\u00e1cio da Justi\u00e7a de Pernambuco<\/span><\/span>. A premia\u00e7\u00e3o ocorreu na edi\u00e7\u00e3o do evento \u201cTotalizando o Brasil\u201d, promovido pela\u00a0<span class=\"hover:entity-accent entity-underline inline cursor-pointer align-baseline\"><span class=\"whitespace-normal\">Revista Total<\/span><\/span>.<\/p>\n<p data-start=\"421\" data-end=\"622\">A honraria \u00e9 concedida a personalidades reconhecidas por atua\u00e7\u00f5es nas \u00e1reas social e econ\u00f4mica. A solenidade reuniu representantes de institui\u00e7\u00f5es civis, militares e integrantes do Judici\u00e1rio estadual.<\/p>\n<p data-start=\"624\" data-end=\"850\">A entrega do trof\u00e9u ocorreu na sede do Judici\u00e1rio pernambucano e marcou a participa\u00e7\u00e3o de Marconi Santana na programa\u00e7\u00e3o do evento. Segundo a organiza\u00e7\u00e3o, o pr\u00eamio integra uma agenda de reconhecimentos promovidos pela revista.<\/p>\n<p data-start=\"852\" data-end=\"1022\">O ex-prefeito \u00e9 pr\u00e9-candidato \u00e0\u00a0<span class=\"hover:entity-accent entity-underline inline cursor-pointer align-baseline\"><span class=\"whitespace-normal\">Assembleia Legislativa de Pernambuco<\/span><\/span>\u00a0(Alepe). A homenagem ocorre no per\u00edodo de articula\u00e7\u00f5es pol\u00edticas para as elei\u00e7\u00f5es estaduais de 2026.<\/p>\n<p data-start=\"1024\" data-end=\"1266\" data-is-last-node=\"\" data-is-only-node=\"\">Durante a cerim\u00f4nia, foram destacadas iniciativas administrativas desenvolvidas ao longo de sua trajet\u00f3ria p\u00fablica. Marconi Santana afirmou que pretende manter atua\u00e7\u00e3o voltada ao di\u00e1logo institucional e a projetos de desenvolvimento regional.<\/p>\n","protected":false},"excerpt":{"rendered":"<p>O ex-prefeito\u00a0Marconi Santana\u00a0foi homenageado com o Trof\u00e9u Le\u00e3o Dourado durante evento realizado no Sal\u00e3o Nobre do\u00a0Tribunal de Justi\u00e7a de Pernambuco, no\u00a0Pal\u00e1cio da Justi\u00e7a de Pernambuco. A premia\u00e7\u00e3o ocorreu na edi\u00e7\u00e3o do evento \u201cTotalizando o Brasil\u201d, promovido pela\u00a0Revista Total. A honraria \u00e9 concedida a personalidades reconhecidas por atua\u00e7\u00f5es nas \u00e1reas social e econ\u00f4mica. A solenidade reuniu representantes de institui\u00e7\u00f5es civis, militares e integrantes do Judici\u00e1rio estadual. A entrega do trof\u00e9u ocorreu na sede do Judici\u00e1rio pernambucano e marcou a participa\u00e7\u00e3o de Marconi Santana na programa\u00e7\u00e3o do evento. Segundo a organiza\u00e7\u00e3o, o pr\u00eamio integra uma agenda de reconhecimentos promovidos pela revista. O [&hellip;]<\/p>\n","protected":false},"author":2,"featured_media":26963,"comment_status":"open","ping_status":"open","sticky":false,"template":"","format":"standard","meta":{"_jetpack_memberships_contains_paid_content":false,"footnotes":"","jetpack_publicize_message":"","jetpack_publicize_feature_enabled":true,"jetpack_social_post_already_shared":true,"jetpack_social_options":{"image_generator_settings":{"template":"highway","enabled":false},"version":2}},"categories":[288],"tags":[],"class_list":["post-26962","post","type-post","status-publish","format-standard","has-post-thumbnail","hentry","category-pernambuco"],"jetpack_publicize_connections":[],"yoast_head":"<!-- This site is optimized with the Yoast SEO plugin v24.7 - https:\/\/yoast.com\/wordpress\/plugins\/seo\/ -->\n<title>Marconi Santana recebe Trof\u00e9u Le\u00e3o Dourado no Pal\u00e1cio da Justi\u00e7a de Pernambuco - Serra FM 87,9<\/title>\n<meta name=\"robots\" content=\"index, follow, max-snippet:-1, max-image-preview:large, max-video-preview:-1\" \/>\n<link rel=\"canonical\" href=\"https:\/\/serrafm879.com.br\/serrafm\/2026\/03\/marconi-santana-recebe-trofeu-leao-dourado-no-palacio-da-justica-de-pernambuco\/\" \/>\n<meta property=\"og:locale\" content=\"pt_BR\" \/>\n<meta property=\"og:type\" content=\"article\" \/>\n<meta property=\"og:title\" content=\"Marconi Santana recebe Trof\u00e9u Le\u00e3o Dourado no Pal\u00e1cio da Justi\u00e7a de Pernambuco - Serra FM 87,9\" \/>\n<meta property=\"og:description\" content=\"O ex-prefeito\u00a0Marconi Santana\u00a0foi homenageado com o Trof\u00e9u Le\u00e3o Dourado durante evento realizado no Sal\u00e3o Nobre do\u00a0Tribunal de Justi\u00e7a de Pernambuco, no\u00a0Pal\u00e1cio da Justi\u00e7a de Pernambuco. A premia\u00e7\u00e3o ocorreu na edi\u00e7\u00e3o do evento \u201cTotalizando o Brasil\u201d, promovido pela\u00a0Revista Total. A honraria \u00e9 concedida a personalidades reconhecidas por atua\u00e7\u00f5es nas \u00e1reas social e econ\u00f4mica. A solenidade reuniu representantes de institui\u00e7\u00f5es civis, militares e integrantes do Judici\u00e1rio estadual. A entrega do trof\u00e9u ocorreu na sede do Judici\u00e1rio pernambucano e marcou a participa\u00e7\u00e3o de Marconi Santana na programa\u00e7\u00e3o do evento. Segundo a organiza\u00e7\u00e3o, o pr\u00eamio integra uma agenda de reconhecimentos promovidos pela revista. O [&hellip;]\" \/>\n<meta property=\"og:url\" content=\"https:\/\/serrafm879.com.br\/serrafm\/2026\/03\/marconi-santana-recebe-trofeu-leao-dourado-no-palacio-da-justica-de-pernambuco\/\" \/>\n<meta property=\"og:site_name\" content=\"Serra FM 87,9\" \/>\n<meta property=\"article:published_time\" content=\"2026-03-17T11:19:03+00:00\" \/>\n<meta property=\"og:image\" content=\"http:\/\/serrafm879.com.br\/serrafm\/wp-content\/uploads\/2026\/03\/Captura-de-tela-2026-03-17-081817.png\" \/>\n\t<meta property=\"og:image:width\" content=\"295\" \/>\n\t<meta property=\"og:image:height\" content=\"245\" \/>\n\t<meta property=\"og:image:type\" content=\"image\/png\" \/>\n<meta name=\"author\" content=\"serrafm87\" \/>\n<meta name=\"twitter:card\" content=\"summary_large_image\" \/>\n<meta name=\"twitter:label1\" content=\"Escrito por\" \/>\n\t<meta name=\"twitter:data1\" content=\"serrafm87\" \/>\n\t<meta name=\"twitter:label2\" content=\"Est. tempo de leitura\" \/>\n\t<meta name=\"twitter:data2\" content=\"1 minuto\" \/>\n<script type=\"application\/ld+json\" class=\"yoast-schema-graph\">{\"@context\":\"https:\/\/schema.org\",\"@graph\":[{\"@type\":\"WebPage\",\"@id\":\"https:\/\/serrafm879.com.br\/serrafm\/2026\/03\/marconi-santana-recebe-trofeu-leao-dourado-no-palacio-da-justica-de-pernambuco\/\",\"url\":\"https:\/\/serrafm879.com.br\/serrafm\/2026\/03\/marconi-santana-recebe-trofeu-leao-dourado-no-palacio-da-justica-de-pernambuco\/\",\"name\":\"Marconi Santana recebe Trof\u00e9u Le\u00e3o Dourado no Pal\u00e1cio da Justi\u00e7a de Pernambuco - Serra FM 87,9\",\"isPartOf\":{\"@id\":\"https:\/\/serrafm879.com.br\/serrafm\/#website\"},\"primaryImageOfPage\":{\"@id\":\"https:\/\/serrafm879.com.br\/serrafm\/2026\/03\/marconi-santana-recebe-trofeu-leao-dourado-no-palacio-da-justica-de-pernambuco\/#primaryimage\"},\"image\":{\"@id\":\"https:\/\/serrafm879.com.br\/serrafm\/2026\/03\/marconi-santana-recebe-trofeu-leao-dourado-no-palacio-da-justica-de-pernambuco\/#primaryimage\"},\"thumbnailUrl\":\"https:\/\/serrafm879.com.br\/serrafm\/wp-content\/uploads\/2026\/03\/Captura-de-tela-2026-03-17-081817.png\",\"datePublished\":\"2026-03-17T11:19:03+00:00\",\"author\":{\"@id\":\"https:\/\/serrafm879.com.br\/serrafm\/#\/schema\/person\/c028a197030ff8b1c03c68dfba4a787a\"},\"breadcrumb\":{\"@id\":\"https:\/\/serrafm879.com.br\/serrafm\/2026\/03\/marconi-santana-recebe-trofeu-leao-dourado-no-palacio-da-justica-de-pernambuco\/#breadcrumb\"},\"inLanguage\":\"pt-BR\",\"potentialAction\":[{\"@type\":\"ReadAction\",\"target\":[\"https:\/\/serrafm879.com.br\/serrafm\/2026\/03\/marconi-santana-recebe-trofeu-leao-dourado-no-palacio-da-justica-de-pernambuco\/\"]}]},{\"@type\":\"ImageObject\",\"inLanguage\":\"pt-BR\",\"@id\":\"https:\/\/serrafm879.com.br\/serrafm\/2026\/03\/marconi-santana-recebe-trofeu-leao-dourado-no-palacio-da-justica-de-pernambuco\/#primaryimage\",\"url\":\"https:\/\/serrafm879.com.br\/serrafm\/wp-content\/uploads\/2026\/03\/Captura-de-tela-2026-03-17-081817.png\",\"contentUrl\":\"https:\/\/serrafm879.com.br\/serrafm\/wp-content\/uploads\/2026\/03\/Captura-de-tela-2026-03-17-081817.png\",\"width\":295,\"height\":245},{\"@type\":\"BreadcrumbList\",\"@id\":\"https:\/\/serrafm879.com.br\/serrafm\/2026\/03\/marconi-santana-recebe-trofeu-leao-dourado-no-palacio-da-justica-de-pernambuco\/#breadcrumb\",\"itemListElement\":[{\"@type\":\"ListItem\",\"position\":1,\"name\":\"In\u00edcio\",\"item\":\"https:\/\/serrafm879.com.br\/serrafm\/\"},{\"@type\":\"ListItem\",\"position\":2,\"name\":\"Marconi Santana recebe Trof\u00e9u Le\u00e3o Dourado no Pal\u00e1cio da Justi\u00e7a de Pernambuco\"}]},{\"@type\":\"WebSite\",\"@id\":\"https:\/\/serrafm879.com.br\/serrafm\/#website\",\"url\":\"https:\/\/serrafm879.com.br\/serrafm\/\",\"name\":\"Serra FM 87,9\",\"description\":\"O seu novo amor!\",\"potentialAction\":[{\"@type\":\"SearchAction\",\"target\":{\"@type\":\"EntryPoint\",\"urlTemplate\":\"https:\/\/serrafm879.com.br\/serrafm\/?s={search_term_string}\"},\"query-input\":{\"@type\":\"PropertyValueSpecification\",\"valueRequired\":true,\"valueName\":\"search_term_string\"}}],\"inLanguage\":\"pt-BR\"},{\"@type\":\"Person\",\"@id\":\"https:\/\/serrafm879.com.br\/serrafm\/#\/schema\/person\/c028a197030ff8b1c03c68dfba4a787a\",\"name\":\"serrafm87\",\"image\":{\"@type\":\"ImageObject\",\"inLanguage\":\"pt-BR\",\"@id\":\"https:\/\/serrafm879.com.br\/serrafm\/#\/schema\/person\/image\/\",\"url\":\"https:\/\/secure.gravatar.com\/avatar\/a743233f1112d34f48bb3dc9559b76eb930bab8b27175856cba6362608736235?s=96&d=mm&r=g\",\"contentUrl\":\"https:\/\/secure.gravatar.com\/avatar\/a743233f1112d34f48bb3dc9559b76eb930bab8b27175856cba6362608736235?s=96&d=mm&r=g\",\"caption\":\"serrafm87\"},\"sameAs\":[\"http:\/\/serrafm879.com.br\/\"],\"url\":\"https:\/\/serrafm879.com.br\/serrafm\/author\/serrafm87\/\"}]}<\/script>\n<!-- \/ Yoast SEO plugin. -->","yoast_head_json":{"title":"Marconi Santana recebe Trof\u00e9u Le\u00e3o Dourado no Pal\u00e1cio da Justi\u00e7a de Pernambuco - Serra FM 87,9","robots":{"index":"index","follow":"follow","max-snippet":"max-snippet:-1","max-image-preview":"max-image-preview:large","max-video-preview":"max-video-preview:-1"},"canonical":"https:\/\/serrafm879.com.br\/serrafm\/2026\/03\/marconi-santana-recebe-trofeu-leao-dourado-no-palacio-da-justica-de-pernambuco\/","og_locale":"pt_BR","og_type":"article","og_title":"Marconi Santana recebe Trof\u00e9u Le\u00e3o Dourado no Pal\u00e1cio da Justi\u00e7a de Pernambuco - Serra FM 87,9","og_description":"O ex-prefeito\u00a0Marconi Santana\u00a0foi homenageado com o Trof\u00e9u Le\u00e3o Dourado durante evento realizado no Sal\u00e3o Nobre do\u00a0Tribunal de Justi\u00e7a de Pernambuco, no\u00a0Pal\u00e1cio da Justi\u00e7a de Pernambuco. A premia\u00e7\u00e3o ocorreu na edi\u00e7\u00e3o do evento \u201cTotalizando o Brasil\u201d, promovido pela\u00a0Revista Total. A honraria \u00e9 concedida a personalidades reconhecidas por atua\u00e7\u00f5es nas \u00e1reas social e econ\u00f4mica. A solenidade reuniu representantes de institui\u00e7\u00f5es civis, militares e integrantes do Judici\u00e1rio estadual. A entrega do trof\u00e9u ocorreu na sede do Judici\u00e1rio pernambucano e marcou a participa\u00e7\u00e3o de Marconi Santana na programa\u00e7\u00e3o do evento. Segundo a organiza\u00e7\u00e3o, o pr\u00eamio integra uma agenda de reconhecimentos promovidos pela revista. O [&hellip;]","og_url":"https:\/\/serrafm879.com.br\/serrafm\/2026\/03\/marconi-santana-recebe-trofeu-leao-dourado-no-palacio-da-justica-de-pernambuco\/","og_site_name":"Serra FM 87,9","article_published_time":"2026-03-17T11:19:03+00:00","og_image":[{"width":295,"height":245,"url":"http:\/\/serrafm879.com.br\/serrafm\/wp-content\/uploads\/2026\/03\/Captura-de-tela-2026-03-17-081817.png","type":"image\/png"}],"author":"serrafm87","twitter_card":"summary_large_image","twitter_misc":{"Escrito por":"serrafm87","Est. tempo de leitura":"1 minuto"},"schema":{"@context":"https:\/\/schema.org","@graph":[{"@type":"WebPage","@id":"https:\/\/serrafm879.com.br\/serrafm\/2026\/03\/marconi-santana-recebe-trofeu-leao-dourado-no-palacio-da-justica-de-pernambuco\/","url":"https:\/\/serrafm879.com.br\/serrafm\/2026\/03\/marconi-santana-recebe-trofeu-leao-dourado-no-palacio-da-justica-de-pernambuco\/","name":"Marconi Santana recebe Trof\u00e9u Le\u00e3o Dourado no Pal\u00e1cio da Justi\u00e7a de Pernambuco - Serra FM 87,9","isPartOf":{"@id":"https:\/\/serrafm879.com.br\/serrafm\/#website"},"primaryImageOfPage":{"@id":"https:\/\/serrafm879.com.br\/serrafm\/2026\/03\/marconi-santana-recebe-trofeu-leao-dourado-no-palacio-da-justica-de-pernambuco\/#primaryimage"},"image":{"@id":"https:\/\/serrafm879.com.br\/serrafm\/2026\/03\/marconi-santana-recebe-trofeu-leao-dourado-no-palacio-da-justica-de-pernambuco\/#primaryimage"},"thumbnailUrl":"https:\/\/serrafm879.com.br\/serrafm\/wp-content\/uploads\/2026\/03\/Captura-de-tela-2026-03-17-081817.png","datePublished":"2026-03-17T11:19:03+00:00","author":{"@id":"https:\/\/serrafm879.com.br\/serrafm\/#\/schema\/person\/c028a197030ff8b1c03c68dfba4a787a"},"breadcrumb":{"@id":"https:\/\/serrafm879.com.br\/serrafm\/2026\/03\/marconi-santana-recebe-trofeu-leao-dourado-no-palacio-da-justica-de-pernambuco\/#breadcrumb"},"inLanguage":"pt-BR","potentialAction":[{"@type":"ReadAction","target":["https:\/\/serrafm879.com.br\/serrafm\/2026\/03\/marconi-santana-recebe-trofeu-leao-dourado-no-palacio-da-justica-de-pernambuco\/"]}]},{"@type":"ImageObject","inLanguage":"pt-BR","@id":"https:\/\/serrafm879.com.br\/serrafm\/2026\/03\/marconi-santana-recebe-trofeu-leao-dourado-no-palacio-da-justica-de-pernambuco\/#primaryimage","url":"https:\/\/serrafm879.com.br\/serrafm\/wp-content\/uploads\/2026\/03\/Captura-de-tela-2026-03-17-081817.png","contentUrl":"https:\/\/serrafm879.com.br\/serrafm\/wp-content\/uploads\/2026\/03\/Captura-de-tela-2026-03-17-081817.png","width":295,"height":245},{"@type":"BreadcrumbList","@id":"https:\/\/serrafm879.com.br\/serrafm\/2026\/03\/marconi-santana-recebe-trofeu-leao-dourado-no-palacio-da-justica-de-pernambuco\/#breadcrumb","itemListElement":[{"@type":"ListItem","position":1,"name":"In\u00edcio","item":"https:\/\/serrafm879.com.br\/serrafm\/"},{"@type":"ListItem","position":2,"name":"Marconi Santana recebe Trof\u00e9u Le\u00e3o Dourado no Pal\u00e1cio da Justi\u00e7a de Pernambuco"}]},{"@type":"WebSite","@id":"https:\/\/serrafm879.com.br\/serrafm\/#website","url":"https:\/\/serrafm879.com.br\/serrafm\/","name":"Serra FM 87,9","description":"O seu novo amor!","potentialAction":[{"@type":"SearchAction","target":{"@type":"EntryPoint","urlTemplate":"https:\/\/serrafm879.com.br\/serrafm\/?s={search_term_string}"},"query-input":{"@type":"PropertyValueSpecification","valueRequired":true,"valueName":"search_term_string"}}],"inLanguage":"pt-BR"},{"@type":"Person","@id":"https:\/\/serrafm879.com.br\/serrafm\/#\/schema\/person\/c028a197030ff8b1c03c68dfba4a787a","name":"serrafm87","image":{"@type":"ImageObject","inLanguage":"pt-BR","@id":"https:\/\/serrafm879.com.br\/serrafm\/#\/schema\/person\/image\/","url":"https:\/\/secure.gravatar.com\/avatar\/a743233f1112d34f48bb3dc9559b76eb930bab8b27175856cba6362608736235?s=96&d=mm&r=g","contentUrl":"https:\/\/secure.gravatar.com\/avatar\/a743233f1112d34f48bb3dc9559b76eb930bab8b27175856cba6362608736235?s=96&d=mm&r=g","caption":"serrafm87"},"sameAs":["http:\/\/serrafm879.com.br\/"],"url":"https:\/\/serrafm879.com.br\/serrafm\/author\/serrafm87\/"}]}},"jetpack_featured_media_url":"https:\/\/serrafm879.com.br\/serrafm\/wp-content\/uploads\/2026\/03\/Captura-de-tela-2026-03-17-081817.png","jetpack_shortlink":"https:\/\/wp.me\/p7HyXg-70S","jetpack_sharing_enabled":true,"_links":{"self":[{"href":"https:\/\/serrafm879.com.br\/serrafm\/wp-json\/wp\/v2\/posts\/26962","targetHints":{"allow":["GET"]}}],"collection":[{"href":"https:\/\/serrafm879.com.br\/serrafm\/wp-json\/wp\/v2\/posts"}],"about":[{"href":"https:\/\/serrafm879.com.br\/serrafm\/wp-json\/wp\/v2\/types\/post"}],"author":[{"embeddable":true,"href":"https:\/\/serrafm879.com.br\/serrafm\/wp-json\/wp\/v2\/users\/2"}],"replies":[{"embeddable":true,"href":"https:\/\/serrafm879.com.br\/serrafm\/wp-json\/wp\/v2\/comments?post=26962"}],"version-history":[{"count":1,"href":"https:\/\/serrafm879.com.br\/serrafm\/wp-json\/wp\/v2\/posts\/26962\/revisions"}],"predecessor-version":[{"id":26964,"href":"https:\/\/serrafm879.com.br\/serrafm\/wp-json\/wp\/v2\/posts\/26962\/revisions\/26964"}],"wp:featuredmedia":[{"embeddable":true,"href":"https:\/\/serrafm879.com.br\/serrafm\/wp-json\/wp\/v2\/media\/26963"}],"wp:attachment":[{"href":"https:\/\/serrafm879.com.br\/serrafm\/wp-json\/wp\/v2\/media?parent=26962"}],"wp:term":[{"taxonomy":"category","embeddable":true,"href":"https:\/\/serrafm879.com.br\/serrafm\/wp-json\/wp\/v2\/categories?post=26962"},{"taxonomy":"post_tag","embeddable":true,"href":"https:\/\/serrafm879.com.br\/serrafm\/wp-json\/wp\/v2\/tags?post=26962"}],"curies":[{"name":"wp","href":"https:\/\/api.w.org\/{rel}","templated":true}]}}