{"id":27684,"date":"2026-04-27T10:44:09","date_gmt":"2026-04-27T13:44:09","guid":{"rendered":"https:\/\/serrafm879.com.br\/serrafm\/?p=27684"},"modified":"2026-04-27T10:44:09","modified_gmt":"2026-04-27T13:44:09","slug":"pernambuco-tem-784-vagas-abertas-em-concursos-e-selecoes-com-salarios-de-ate-r-154-mil","status":"publish","type":"post","link":"https:\/\/serrafm879.com.br\/serrafm\/2026\/04\/pernambuco-tem-784-vagas-abertas-em-concursos-e-selecoes-com-salarios-de-ate-r-154-mil\/","title":{"rendered":"Pernambuco tem 784 vagas abertas em concursos e sele\u00e7\u00f5es com sal\u00e1rios de at\u00e9 R$ 15,4 mil"},"content":{"rendered":"<p>Sele\u00e7\u00f5es simplificadas e concursos p\u00fablicos com inscri\u00e7\u00f5es abertas em Pernambuco somam, ao menos, 784 vagas de emprego em diversas regi\u00f5es do estado. As oportunidades contemplam candidatos com n\u00edveis fundamental, m\u00e9dio, t\u00e9cnico e superior, com sal\u00e1rios que podem chegar a R$ 15,4 mil.<\/p>\n<p>As vagas est\u00e3o distribu\u00eddas entre prefeituras, \u00f3rg\u00e3os estaduais e institui\u00e7\u00f5es p\u00fablicas, com prazos de inscri\u00e7\u00e3o variados ao longo das pr\u00f3ximas semanas.<\/p>\n<p>Confira as principais oportunidades:<b><\/p>\n<p>Prefeitura de Pedra<\/b><br \/>\nInscri\u00e7\u00f5es at\u00e9 27 de abril<br \/>\n170 vagas (fundamental, m\u00e9dio e superior)<br \/>\nSal\u00e1rio de at\u00e9 R$ 2 mil<b><\/p>\n<p>C\u00e2mara Municipal de S\u00e3o Jo\u00e3o<\/b><br \/>\nInscri\u00e7\u00f5es at\u00e9 27 de abril<br \/>\n12 vagas (fundamental e m\u00e9dio)<br \/>\nSal\u00e1rio de at\u00e9 R$ 3,5 mil<b><\/p>\n<p>Prefeitura de Surubim<\/b><br \/>\nInscri\u00e7\u00f5es at\u00e9 29 de abril<br \/>\n100 vagas (n\u00edvel m\u00e9dio)<br \/>\nSal\u00e1rio de R$ 1,6 mil<b><\/p>\n<p>Prefeitura de Capoeiras<\/b><br \/>\nInscri\u00e7\u00f5es at\u00e9 30 de abril<br \/>\n54 vagas (n\u00edvel m\u00e9dio \u2013 agente comunit\u00e1rio de sa\u00fade)<br \/>\nSal\u00e1rio de R$ 3,2 mil<b><\/p>\n<p>Junta Comercial do Estado de Pernambuco (Jucepe)<\/b><br \/>\nInscri\u00e7\u00f5es at\u00e9 5 de maio<br \/>\n40 vagas (n\u00edvel superior)<br \/>\nCargos: engenheiro civil, arquiteto, analistas de registro empresarial e TI<br \/>\nSal\u00e1rio de at\u00e9 R$ 5,2 mil<b><\/p>\n<p>Prefeitura de Ipubi<\/b><br \/>\nInscri\u00e7\u00f5es at\u00e9 7 de maio<br \/>\n156 vagas (fundamental, m\u00e9dio, t\u00e9cnico e superior)<br \/>\nSal\u00e1rio de at\u00e9 R$ 3,8 mil<b><\/p>\n<p>Secretaria Estadual de Sa\u00fade<\/b><br \/>\nInscri\u00e7\u00f5es at\u00e9 11 de maio<br \/>\n233 vagas (m\u00e9dio, t\u00e9cnico e superior)<br \/>\nSal\u00e1rio de at\u00e9 R$ 15,4 mil<b><\/p>\n<p>Universidade de Pernambuco (UPE)<\/b><br \/>\nInscri\u00e7\u00f5es de 27 de abril a 27 de maio<br \/>\n19 vagas (m\u00e9dio, t\u00e9cnico e superior)<br \/>\nSal\u00e1rio de at\u00e9 R$ 3,8 mil<\/p>\n<p>Os editais com todas as regras, requisitos e etapas dos processos seletivos est\u00e3o dispon\u00edveis nos canais oficiais de cada \u00f3rg\u00e3o.<\/p>\n<p>Fonte: Blog Frances News<\/p>\n","protected":false},"excerpt":{"rendered":"<p>Sele\u00e7\u00f5es simplificadas e concursos p\u00fablicos com inscri\u00e7\u00f5es abertas em Pernambuco somam, ao menos, 784 vagas de emprego em diversas regi\u00f5es do estado. As oportunidades contemplam candidatos com n\u00edveis fundamental, m\u00e9dio, t\u00e9cnico e superior, com sal\u00e1rios que podem chegar a R$ 15,4 mil. As vagas est\u00e3o distribu\u00eddas entre prefeituras, \u00f3rg\u00e3os estaduais e institui\u00e7\u00f5es p\u00fablicas, com prazos de inscri\u00e7\u00e3o variados ao longo das pr\u00f3ximas semanas. Confira as principais oportunidades: Prefeitura de Pedra Inscri\u00e7\u00f5es at\u00e9 27 de abril 170 vagas (fundamental, m\u00e9dio e superior) Sal\u00e1rio de at\u00e9 R$ 2 mil C\u00e2mara Municipal de S\u00e3o Jo\u00e3o Inscri\u00e7\u00f5es at\u00e9 27 de abril 12 vagas (fundamental [&hellip;]<\/p>\n","protected":false},"author":2,"featured_media":27685,"comment_status":"open","ping_status":"open","sticky":false,"template":"","format":"standard","meta":{"_jetpack_memberships_contains_paid_content":false,"footnotes":"","jetpack_publicize_message":"","jetpack_publicize_feature_enabled":true,"jetpack_social_post_already_shared":true,"jetpack_social_options":{"image_generator_settings":{"template":"highway","enabled":false},"version":2}},"categories":[288],"tags":[],"class_list":["post-27684","post","type-post","status-publish","format-standard","has-post-thumbnail","hentry","category-pernambuco"],"jetpack_publicize_connections":[],"yoast_head":"<!-- This site is optimized with the Yoast SEO plugin v24.7 - https:\/\/yoast.com\/wordpress\/plugins\/seo\/ -->\n<title>Pernambuco tem 784 vagas abertas em concursos e sele\u00e7\u00f5es com sal\u00e1rios de at\u00e9 R$ 15,4 mil - Serra FM 87,9<\/title>\n<meta name=\"robots\" content=\"index, follow, max-snippet:-1, max-image-preview:large, max-video-preview:-1\" \/>\n<link rel=\"canonical\" href=\"https:\/\/serrafm879.com.br\/serrafm\/2026\/04\/pernambuco-tem-784-vagas-abertas-em-concursos-e-selecoes-com-salarios-de-ate-r-154-mil\/\" \/>\n<meta property=\"og:locale\" content=\"pt_BR\" \/>\n<meta property=\"og:type\" content=\"article\" \/>\n<meta property=\"og:title\" content=\"Pernambuco tem 784 vagas abertas em concursos e sele\u00e7\u00f5es com sal\u00e1rios de at\u00e9 R$ 15,4 mil - Serra FM 87,9\" \/>\n<meta property=\"og:description\" content=\"Sele\u00e7\u00f5es simplificadas e concursos p\u00fablicos com inscri\u00e7\u00f5es abertas em Pernambuco somam, ao menos, 784 vagas de emprego em diversas regi\u00f5es do estado. As oportunidades contemplam candidatos com n\u00edveis fundamental, m\u00e9dio, t\u00e9cnico e superior, com sal\u00e1rios que podem chegar a R$ 15,4 mil. As vagas est\u00e3o distribu\u00eddas entre prefeituras, \u00f3rg\u00e3os estaduais e institui\u00e7\u00f5es p\u00fablicas, com prazos de inscri\u00e7\u00e3o variados ao longo das pr\u00f3ximas semanas. Confira as principais oportunidades: Prefeitura de Pedra Inscri\u00e7\u00f5es at\u00e9 27 de abril 170 vagas (fundamental, m\u00e9dio e superior) Sal\u00e1rio de at\u00e9 R$ 2 mil C\u00e2mara Municipal de S\u00e3o Jo\u00e3o Inscri\u00e7\u00f5es at\u00e9 27 de abril 12 vagas (fundamental [&hellip;]\" \/>\n<meta property=\"og:url\" content=\"https:\/\/serrafm879.com.br\/serrafm\/2026\/04\/pernambuco-tem-784-vagas-abertas-em-concursos-e-selecoes-com-salarios-de-ate-r-154-mil\/\" \/>\n<meta property=\"og:site_name\" content=\"Serra FM 87,9\" \/>\n<meta property=\"article:published_time\" content=\"2026-04-27T13:44:09+00:00\" \/>\n<meta property=\"og:image\" content=\"http:\/\/serrafm879.com.br\/serrafm\/wp-content\/uploads\/2026\/04\/06cebb8a6c922f5a45b6a1fb1c141c26dd6.webp\" \/>\n\t<meta property=\"og:image:width\" content=\"971\" \/>\n\t<meta property=\"og:image:height\" content=\"539\" \/>\n\t<meta property=\"og:image:type\" content=\"image\/webp\" \/>\n<meta name=\"author\" content=\"serrafm87\" \/>\n<meta name=\"twitter:card\" content=\"summary_large_image\" \/>\n<meta name=\"twitter:label1\" content=\"Escrito por\" \/>\n\t<meta name=\"twitter:data1\" content=\"serrafm87\" \/>\n\t<meta name=\"twitter:label2\" content=\"Est. tempo de leitura\" \/>\n\t<meta name=\"twitter:data2\" content=\"2 minutos\" \/>\n<script type=\"application\/ld+json\" class=\"yoast-schema-graph\">{\"@context\":\"https:\/\/schema.org\",\"@graph\":[{\"@type\":\"WebPage\",\"@id\":\"https:\/\/serrafm879.com.br\/serrafm\/2026\/04\/pernambuco-tem-784-vagas-abertas-em-concursos-e-selecoes-com-salarios-de-ate-r-154-mil\/\",\"url\":\"https:\/\/serrafm879.com.br\/serrafm\/2026\/04\/pernambuco-tem-784-vagas-abertas-em-concursos-e-selecoes-com-salarios-de-ate-r-154-mil\/\",\"name\":\"Pernambuco tem 784 vagas abertas em concursos e sele\u00e7\u00f5es com sal\u00e1rios de at\u00e9 R$ 15,4 mil - Serra FM 87,9\",\"isPartOf\":{\"@id\":\"https:\/\/serrafm879.com.br\/serrafm\/#website\"},\"primaryImageOfPage\":{\"@id\":\"https:\/\/serrafm879.com.br\/serrafm\/2026\/04\/pernambuco-tem-784-vagas-abertas-em-concursos-e-selecoes-com-salarios-de-ate-r-154-mil\/#primaryimage\"},\"image\":{\"@id\":\"https:\/\/serrafm879.com.br\/serrafm\/2026\/04\/pernambuco-tem-784-vagas-abertas-em-concursos-e-selecoes-com-salarios-de-ate-r-154-mil\/#primaryimage\"},\"thumbnailUrl\":\"https:\/\/serrafm879.com.br\/serrafm\/wp-content\/uploads\/2026\/04\/06cebb8a6c922f5a45b6a1fb1c141c26dd6.webp\",\"datePublished\":\"2026-04-27T13:44:09+00:00\",\"author\":{\"@id\":\"https:\/\/serrafm879.com.br\/serrafm\/#\/schema\/person\/c028a197030ff8b1c03c68dfba4a787a\"},\"breadcrumb\":{\"@id\":\"https:\/\/serrafm879.com.br\/serrafm\/2026\/04\/pernambuco-tem-784-vagas-abertas-em-concursos-e-selecoes-com-salarios-de-ate-r-154-mil\/#breadcrumb\"},\"inLanguage\":\"pt-BR\",\"potentialAction\":[{\"@type\":\"ReadAction\",\"target\":[\"https:\/\/serrafm879.com.br\/serrafm\/2026\/04\/pernambuco-tem-784-vagas-abertas-em-concursos-e-selecoes-com-salarios-de-ate-r-154-mil\/\"]}]},{\"@type\":\"ImageObject\",\"inLanguage\":\"pt-BR\",\"@id\":\"https:\/\/serrafm879.com.br\/serrafm\/2026\/04\/pernambuco-tem-784-vagas-abertas-em-concursos-e-selecoes-com-salarios-de-ate-r-154-mil\/#primaryimage\",\"url\":\"https:\/\/serrafm879.com.br\/serrafm\/wp-content\/uploads\/2026\/04\/06cebb8a6c922f5a45b6a1fb1c141c26dd6.webp\",\"contentUrl\":\"https:\/\/serrafm879.com.br\/serrafm\/wp-content\/uploads\/2026\/04\/06cebb8a6c922f5a45b6a1fb1c141c26dd6.webp\",\"width\":971,\"height\":539},{\"@type\":\"BreadcrumbList\",\"@id\":\"https:\/\/serrafm879.com.br\/serrafm\/2026\/04\/pernambuco-tem-784-vagas-abertas-em-concursos-e-selecoes-com-salarios-de-ate-r-154-mil\/#breadcrumb\",\"itemListElement\":[{\"@type\":\"ListItem\",\"position\":1,\"name\":\"In\u00edcio\",\"item\":\"https:\/\/serrafm879.com.br\/serrafm\/\"},{\"@type\":\"ListItem\",\"position\":2,\"name\":\"Pernambuco tem 784 vagas abertas em concursos e sele\u00e7\u00f5es com sal\u00e1rios de at\u00e9 R$ 15,4 mil\"}]},{\"@type\":\"WebSite\",\"@id\":\"https:\/\/serrafm879.com.br\/serrafm\/#website\",\"url\":\"https:\/\/serrafm879.com.br\/serrafm\/\",\"name\":\"Serra FM 87,9\",\"description\":\"O seu novo amor!\",\"potentialAction\":[{\"@type\":\"SearchAction\",\"target\":{\"@type\":\"EntryPoint\",\"urlTemplate\":\"https:\/\/serrafm879.com.br\/serrafm\/?s={search_term_string}\"},\"query-input\":{\"@type\":\"PropertyValueSpecification\",\"valueRequired\":true,\"valueName\":\"search_term_string\"}}],\"inLanguage\":\"pt-BR\"},{\"@type\":\"Person\",\"@id\":\"https:\/\/serrafm879.com.br\/serrafm\/#\/schema\/person\/c028a197030ff8b1c03c68dfba4a787a\",\"name\":\"serrafm87\",\"image\":{\"@type\":\"ImageObject\",\"inLanguage\":\"pt-BR\",\"@id\":\"https:\/\/serrafm879.com.br\/serrafm\/#\/schema\/person\/image\/\",\"url\":\"https:\/\/secure.gravatar.com\/avatar\/a743233f1112d34f48bb3dc9559b76eb930bab8b27175856cba6362608736235?s=96&d=mm&r=g\",\"contentUrl\":\"https:\/\/secure.gravatar.com\/avatar\/a743233f1112d34f48bb3dc9559b76eb930bab8b27175856cba6362608736235?s=96&d=mm&r=g\",\"caption\":\"serrafm87\"},\"sameAs\":[\"http:\/\/serrafm879.com.br\/\"],\"url\":\"https:\/\/serrafm879.com.br\/serrafm\/author\/serrafm87\/\"}]}<\/script>\n<!-- \/ Yoast SEO plugin. -->","yoast_head_json":{"title":"Pernambuco tem 784 vagas abertas em concursos e sele\u00e7\u00f5es com sal\u00e1rios de at\u00e9 R$ 15,4 mil - Serra FM 87,9","robots":{"index":"index","follow":"follow","max-snippet":"max-snippet:-1","max-image-preview":"max-image-preview:large","max-video-preview":"max-video-preview:-1"},"canonical":"https:\/\/serrafm879.com.br\/serrafm\/2026\/04\/pernambuco-tem-784-vagas-abertas-em-concursos-e-selecoes-com-salarios-de-ate-r-154-mil\/","og_locale":"pt_BR","og_type":"article","og_title":"Pernambuco tem 784 vagas abertas em concursos e sele\u00e7\u00f5es com sal\u00e1rios de at\u00e9 R$ 15,4 mil - Serra FM 87,9","og_description":"Sele\u00e7\u00f5es simplificadas e concursos p\u00fablicos com inscri\u00e7\u00f5es abertas em Pernambuco somam, ao menos, 784 vagas de emprego em diversas regi\u00f5es do estado. As oportunidades contemplam candidatos com n\u00edveis fundamental, m\u00e9dio, t\u00e9cnico e superior, com sal\u00e1rios que podem chegar a R$ 15,4 mil. As vagas est\u00e3o distribu\u00eddas entre prefeituras, \u00f3rg\u00e3os estaduais e institui\u00e7\u00f5es p\u00fablicas, com prazos de inscri\u00e7\u00e3o variados ao longo das pr\u00f3ximas semanas. Confira as principais oportunidades: Prefeitura de Pedra Inscri\u00e7\u00f5es at\u00e9 27 de abril 170 vagas (fundamental, m\u00e9dio e superior) Sal\u00e1rio de at\u00e9 R$ 2 mil C\u00e2mara Municipal de S\u00e3o Jo\u00e3o Inscri\u00e7\u00f5es at\u00e9 27 de abril 12 vagas (fundamental [&hellip;]","og_url":"https:\/\/serrafm879.com.br\/serrafm\/2026\/04\/pernambuco-tem-784-vagas-abertas-em-concursos-e-selecoes-com-salarios-de-ate-r-154-mil\/","og_site_name":"Serra FM 87,9","article_published_time":"2026-04-27T13:44:09+00:00","og_image":[{"width":971,"height":539,"url":"http:\/\/serrafm879.com.br\/serrafm\/wp-content\/uploads\/2026\/04\/06cebb8a6c922f5a45b6a1fb1c141c26dd6.webp","type":"image\/webp"}],"author":"serrafm87","twitter_card":"summary_large_image","twitter_misc":{"Escrito por":"serrafm87","Est. tempo de leitura":"2 minutos"},"schema":{"@context":"https:\/\/schema.org","@graph":[{"@type":"WebPage","@id":"https:\/\/serrafm879.com.br\/serrafm\/2026\/04\/pernambuco-tem-784-vagas-abertas-em-concursos-e-selecoes-com-salarios-de-ate-r-154-mil\/","url":"https:\/\/serrafm879.com.br\/serrafm\/2026\/04\/pernambuco-tem-784-vagas-abertas-em-concursos-e-selecoes-com-salarios-de-ate-r-154-mil\/","name":"Pernambuco tem 784 vagas abertas em concursos e sele\u00e7\u00f5es com sal\u00e1rios de at\u00e9 R$ 15,4 mil - Serra FM 87,9","isPartOf":{"@id":"https:\/\/serrafm879.com.br\/serrafm\/#website"},"primaryImageOfPage":{"@id":"https:\/\/serrafm879.com.br\/serrafm\/2026\/04\/pernambuco-tem-784-vagas-abertas-em-concursos-e-selecoes-com-salarios-de-ate-r-154-mil\/#primaryimage"},"image":{"@id":"https:\/\/serrafm879.com.br\/serrafm\/2026\/04\/pernambuco-tem-784-vagas-abertas-em-concursos-e-selecoes-com-salarios-de-ate-r-154-mil\/#primaryimage"},"thumbnailUrl":"https:\/\/serrafm879.com.br\/serrafm\/wp-content\/uploads\/2026\/04\/06cebb8a6c922f5a45b6a1fb1c141c26dd6.webp","datePublished":"2026-04-27T13:44:09+00:00","author":{"@id":"https:\/\/serrafm879.com.br\/serrafm\/#\/schema\/person\/c028a197030ff8b1c03c68dfba4a787a"},"breadcrumb":{"@id":"https:\/\/serrafm879.com.br\/serrafm\/2026\/04\/pernambuco-tem-784-vagas-abertas-em-concursos-e-selecoes-com-salarios-de-ate-r-154-mil\/#breadcrumb"},"inLanguage":"pt-BR","potentialAction":[{"@type":"ReadAction","target":["https:\/\/serrafm879.com.br\/serrafm\/2026\/04\/pernambuco-tem-784-vagas-abertas-em-concursos-e-selecoes-com-salarios-de-ate-r-154-mil\/"]}]},{"@type":"ImageObject","inLanguage":"pt-BR","@id":"https:\/\/serrafm879.com.br\/serrafm\/2026\/04\/pernambuco-tem-784-vagas-abertas-em-concursos-e-selecoes-com-salarios-de-ate-r-154-mil\/#primaryimage","url":"https:\/\/serrafm879.com.br\/serrafm\/wp-content\/uploads\/2026\/04\/06cebb8a6c922f5a45b6a1fb1c141c26dd6.webp","contentUrl":"https:\/\/serrafm879.com.br\/serrafm\/wp-content\/uploads\/2026\/04\/06cebb8a6c922f5a45b6a1fb1c141c26dd6.webp","width":971,"height":539},{"@type":"BreadcrumbList","@id":"https:\/\/serrafm879.com.br\/serrafm\/2026\/04\/pernambuco-tem-784-vagas-abertas-em-concursos-e-selecoes-com-salarios-de-ate-r-154-mil\/#breadcrumb","itemListElement":[{"@type":"ListItem","position":1,"name":"In\u00edcio","item":"https:\/\/serrafm879.com.br\/serrafm\/"},{"@type":"ListItem","position":2,"name":"Pernambuco tem 784 vagas abertas em concursos e sele\u00e7\u00f5es com sal\u00e1rios de at\u00e9 R$ 15,4 mil"}]},{"@type":"WebSite","@id":"https:\/\/serrafm879.com.br\/serrafm\/#website","url":"https:\/\/serrafm879.com.br\/serrafm\/","name":"Serra FM 87,9","description":"O seu novo amor!","potentialAction":[{"@type":"SearchAction","target":{"@type":"EntryPoint","urlTemplate":"https:\/\/serrafm879.com.br\/serrafm\/?s={search_term_string}"},"query-input":{"@type":"PropertyValueSpecification","valueRequired":true,"valueName":"search_term_string"}}],"inLanguage":"pt-BR"},{"@type":"Person","@id":"https:\/\/serrafm879.com.br\/serrafm\/#\/schema\/person\/c028a197030ff8b1c03c68dfba4a787a","name":"serrafm87","image":{"@type":"ImageObject","inLanguage":"pt-BR","@id":"https:\/\/serrafm879.com.br\/serrafm\/#\/schema\/person\/image\/","url":"https:\/\/secure.gravatar.com\/avatar\/a743233f1112d34f48bb3dc9559b76eb930bab8b27175856cba6362608736235?s=96&d=mm&r=g","contentUrl":"https:\/\/secure.gravatar.com\/avatar\/a743233f1112d34f48bb3dc9559b76eb930bab8b27175856cba6362608736235?s=96&d=mm&r=g","caption":"serrafm87"},"sameAs":["http:\/\/serrafm879.com.br\/"],"url":"https:\/\/serrafm879.com.br\/serrafm\/author\/serrafm87\/"}]}},"jetpack_featured_media_url":"https:\/\/serrafm879.com.br\/serrafm\/wp-content\/uploads\/2026\/04\/06cebb8a6c922f5a45b6a1fb1c141c26dd6.webp","jetpack_shortlink":"https:\/\/wp.me\/p7HyXg-7cw","jetpack_sharing_enabled":true,"_links":{"self":[{"href":"https:\/\/serrafm879.com.br\/serrafm\/wp-json\/wp\/v2\/posts\/27684","targetHints":{"allow":["GET"]}}],"collection":[{"href":"https:\/\/serrafm879.com.br\/serrafm\/wp-json\/wp\/v2\/posts"}],"about":[{"href":"https:\/\/serrafm879.com.br\/serrafm\/wp-json\/wp\/v2\/types\/post"}],"author":[{"embeddable":true,"href":"https:\/\/serrafm879.com.br\/serrafm\/wp-json\/wp\/v2\/users\/2"}],"replies":[{"embeddable":true,"href":"https:\/\/serrafm879.com.br\/serrafm\/wp-json\/wp\/v2\/comments?post=27684"}],"version-history":[{"count":1,"href":"https:\/\/serrafm879.com.br\/serrafm\/wp-json\/wp\/v2\/posts\/27684\/revisions"}],"predecessor-version":[{"id":27686,"href":"https:\/\/serrafm879.com.br\/serrafm\/wp-json\/wp\/v2\/posts\/27684\/revisions\/27686"}],"wp:featuredmedia":[{"embeddable":true,"href":"https:\/\/serrafm879.com.br\/serrafm\/wp-json\/wp\/v2\/media\/27685"}],"wp:attachment":[{"href":"https:\/\/serrafm879.com.br\/serrafm\/wp-json\/wp\/v2\/media?parent=27684"}],"wp:term":[{"taxonomy":"category","embeddable":true,"href":"https:\/\/serrafm879.com.br\/serrafm\/wp-json\/wp\/v2\/categories?post=27684"},{"taxonomy":"post_tag","embeddable":true,"href":"https:\/\/serrafm879.com.br\/serrafm\/wp-json\/wp\/v2\/tags?post=27684"}],"curies":[{"name":"wp","href":"https:\/\/api.w.org\/{rel}","templated":true}]}}