{"id":27690,"date":"2026-04-27T16:34:10","date_gmt":"2026-04-27T19:34:10","guid":{"rendered":"https:\/\/serrafm879.com.br\/serrafm\/?p=27690"},"modified":"2026-04-27T16:34:10","modified_gmt":"2026-04-27T19:34:10","slug":"raquel-lyra-assina-licitacao-para-duplicacao-da-br-232-entre-sao-caetano-e-belo-jardim","status":"publish","type":"post","link":"https:\/\/serrafm879.com.br\/serrafm\/2026\/04\/raquel-lyra-assina-licitacao-para-duplicacao-da-br-232-entre-sao-caetano-e-belo-jardim\/","title":{"rendered":"Raquel Lyra assina licita\u00e7\u00e3o para duplica\u00e7\u00e3o da BR-232 entre S\u00e3o Caetano e Belo Jardim"},"content":{"rendered":"<p data-start=\"211\" data-end=\"508\">A governadora <span class=\"hover:entity-accent entity-underline inline cursor-pointer align-baseline\"><span class=\"whitespace-normal\">Raquel Lyra<\/span><\/span> assinou, nesta segunda-feira (27), a licita\u00e7\u00e3o para a duplica\u00e7\u00e3o da <span class=\"hover:entity-accent entity-underline inline cursor-pointer align-baseline\"><span class=\"whitespace-normal\">BR-232<\/span><\/span> no trecho entre <span class=\"hover:entity-accent entity-underline inline cursor-pointer align-baseline\"><span class=\"whitespace-normal\">S\u00e3o Caetano<\/span><\/span> e <span class=\"hover:entity-accent entity-underline inline cursor-pointer align-baseline\"><span class=\"whitespace-normal\">Belo Jardim<\/span><\/span>. O investimento previsto \u00e9 de R$ 250 milh\u00f5es.<\/p>\n<p data-start=\"510\" data-end=\"631\">A assinatura ocorreu durante o <span class=\"hover:entity-accent entity-underline inline cursor-pointer align-baseline\"><span class=\"whitespace-normal\">Congresso da Associa\u00e7\u00e3o Municipalista de Pernambuco<\/span><\/span>, realizado no <span class=\"hover:entity-accent entity-underline inline cursor-pointer align-baseline\"><span class=\"whitespace-normal\">Recife<\/span><\/span>.<\/p>\n<p data-start=\"633\" data-end=\"849\">Segundo o Governo do Estado, as obras devem come\u00e7ar ainda este ano. A duplica\u00e7\u00e3o da rodovia \u00e9 considerada estrat\u00e9gica para melhorar a mobilidade, reduzir acidentes e impulsionar o desenvolvimento econ\u00f4mico da regi\u00e3o.<\/p>\n<p data-start=\"851\" data-end=\"1215\">Al\u00e9m da assinatura da licita\u00e7\u00e3o, a governadora tamb\u00e9m autorizou o repasse de mais de R$ 1,3 bilh\u00e3o aos munic\u00edpios pernambucanos. Os recursos s\u00e3o oriundos da outorga da concess\u00e3o dos servi\u00e7os da <span class=\"hover:entity-accent entity-underline inline cursor-pointer align-baseline\"><span class=\"whitespace-normal\">Compesa<\/span><\/span> e t\u00eam como objetivo fortalecer investimentos locais e ampliar a capacidade das prefeituras na execu\u00e7\u00e3o de obras e servi\u00e7os p\u00fablicos.<\/p>\n<p data-start=\"1217\" data-end=\"1549\">Entre os munic\u00edpios contemplados, <span class=\"hover:entity-accent entity-underline inline cursor-pointer align-baseline\"><span class=\"whitespace-normal\">Caruaru<\/span><\/span> receber\u00e1 cerca de R$ 35 milh\u00f5es. J\u00e1 <span class=\"hover:entity-accent entity-underline inline cursor-pointer align-baseline\"><span class=\"whitespace-normal\">Recife<\/span><\/span> ser\u00e1 beneficiado com aproximadamente R$ 143 milh\u00f5es, enquanto <span class=\"hover:entity-accent entity-underline inline cursor-pointer align-baseline\"><span class=\"whitespace-normal\">Jaboat\u00e3o dos Guararapes<\/span><\/span> ter\u00e1 direito a R$ 58 milh\u00f5es para investimentos em infraestrutura e melhorias urbanas.<\/p>\n<p data-start=\"1551\" data-end=\"1772\">A concess\u00e3o dos servi\u00e7os da Compesa foi adquirida por duas empresas, que dever\u00e3o investir cerca de R$ 19,5 bilh\u00f5es at\u00e9 2033, com o objetivo de universalizar o abastecimento de \u00e1gua e o esgotamento sanit\u00e1rio em Pernambuco.<\/p>\n<p data-start=\"1774\" data-end=\"2006\">O Governo do Estado informou que a concess\u00e3o foi necess\u00e1ria diante da impossibilidade de realizar, com recursos pr\u00f3prios, todos os investimentos exigidos dentro do prazo estabelecido pelo novo marco regulat\u00f3rio do saneamento b\u00e1sico.<\/p>\n","protected":false},"excerpt":{"rendered":"<p>A governadora Raquel Lyra assinou, nesta segunda-feira (27), a licita\u00e7\u00e3o para a duplica\u00e7\u00e3o da BR-232 no trecho entre S\u00e3o Caetano e Belo Jardim. O investimento previsto \u00e9 de R$ 250 milh\u00f5es. A assinatura ocorreu durante o Congresso da Associa\u00e7\u00e3o Municipalista de Pernambuco, realizado no Recife. Segundo o Governo do Estado, as obras devem come\u00e7ar ainda este ano. A duplica\u00e7\u00e3o da rodovia \u00e9 considerada estrat\u00e9gica para melhorar a mobilidade, reduzir acidentes e impulsionar o desenvolvimento econ\u00f4mico da regi\u00e3o. Al\u00e9m da assinatura da licita\u00e7\u00e3o, a governadora tamb\u00e9m autorizou o repasse de mais de R$ 1,3 bilh\u00e3o aos munic\u00edpios pernambucanos. Os recursos s\u00e3o [&hellip;]<\/p>\n","protected":false},"author":2,"featured_media":27691,"comment_status":"open","ping_status":"open","sticky":false,"template":"","format":"standard","meta":{"_jetpack_memberships_contains_paid_content":false,"footnotes":"","jetpack_publicize_message":"","jetpack_publicize_feature_enabled":true,"jetpack_social_post_already_shared":true,"jetpack_social_options":{"image_generator_settings":{"template":"highway","enabled":false},"version":2}},"categories":[288],"tags":[],"class_list":["post-27690","post","type-post","status-publish","format-standard","has-post-thumbnail","hentry","category-pernambuco"],"jetpack_publicize_connections":[],"yoast_head":"<!-- This site is optimized with the Yoast SEO plugin v24.7 - https:\/\/yoast.com\/wordpress\/plugins\/seo\/ -->\n<title>Raquel Lyra assina licita\u00e7\u00e3o para duplica\u00e7\u00e3o da BR-232 entre S\u00e3o Caetano e Belo Jardim - Serra FM 87,9<\/title>\n<meta name=\"robots\" content=\"index, follow, max-snippet:-1, max-image-preview:large, max-video-preview:-1\" \/>\n<link rel=\"canonical\" href=\"https:\/\/serrafm879.com.br\/serrafm\/2026\/04\/raquel-lyra-assina-licitacao-para-duplicacao-da-br-232-entre-sao-caetano-e-belo-jardim\/\" \/>\n<meta property=\"og:locale\" content=\"pt_BR\" \/>\n<meta property=\"og:type\" content=\"article\" \/>\n<meta property=\"og:title\" content=\"Raquel Lyra assina licita\u00e7\u00e3o para duplica\u00e7\u00e3o da BR-232 entre S\u00e3o Caetano e Belo Jardim - Serra FM 87,9\" \/>\n<meta property=\"og:description\" content=\"A governadora Raquel Lyra assinou, nesta segunda-feira (27), a licita\u00e7\u00e3o para a duplica\u00e7\u00e3o da BR-232 no trecho entre S\u00e3o Caetano e Belo Jardim. O investimento previsto \u00e9 de R$ 250 milh\u00f5es. A assinatura ocorreu durante o Congresso da Associa\u00e7\u00e3o Municipalista de Pernambuco, realizado no Recife. Segundo o Governo do Estado, as obras devem come\u00e7ar ainda este ano. A duplica\u00e7\u00e3o da rodovia \u00e9 considerada estrat\u00e9gica para melhorar a mobilidade, reduzir acidentes e impulsionar o desenvolvimento econ\u00f4mico da regi\u00e3o. Al\u00e9m da assinatura da licita\u00e7\u00e3o, a governadora tamb\u00e9m autorizou o repasse de mais de R$ 1,3 bilh\u00e3o aos munic\u00edpios pernambucanos. Os recursos s\u00e3o [&hellip;]\" \/>\n<meta property=\"og:url\" content=\"https:\/\/serrafm879.com.br\/serrafm\/2026\/04\/raquel-lyra-assina-licitacao-para-duplicacao-da-br-232-entre-sao-caetano-e-belo-jardim\/\" \/>\n<meta property=\"og:site_name\" content=\"Serra FM 87,9\" \/>\n<meta property=\"article:published_time\" content=\"2026-04-27T19:34:10+00:00\" \/>\n<meta property=\"og:image\" content=\"http:\/\/serrafm879.com.br\/serrafm\/wp-content\/uploads\/2026\/04\/raquel-2.jpeg\" \/>\n\t<meta property=\"og:image:width\" content=\"1200\" \/>\n\t<meta property=\"og:image:height\" content=\"800\" \/>\n\t<meta property=\"og:image:type\" content=\"image\/jpeg\" \/>\n<meta name=\"author\" content=\"serrafm87\" \/>\n<meta name=\"twitter:card\" content=\"summary_large_image\" \/>\n<meta name=\"twitter:label1\" content=\"Escrito por\" \/>\n\t<meta name=\"twitter:data1\" content=\"serrafm87\" \/>\n\t<meta name=\"twitter:label2\" content=\"Est. tempo de leitura\" \/>\n\t<meta name=\"twitter:data2\" content=\"2 minutos\" \/>\n<script type=\"application\/ld+json\" class=\"yoast-schema-graph\">{\"@context\":\"https:\/\/schema.org\",\"@graph\":[{\"@type\":\"WebPage\",\"@id\":\"https:\/\/serrafm879.com.br\/serrafm\/2026\/04\/raquel-lyra-assina-licitacao-para-duplicacao-da-br-232-entre-sao-caetano-e-belo-jardim\/\",\"url\":\"https:\/\/serrafm879.com.br\/serrafm\/2026\/04\/raquel-lyra-assina-licitacao-para-duplicacao-da-br-232-entre-sao-caetano-e-belo-jardim\/\",\"name\":\"Raquel Lyra assina licita\u00e7\u00e3o para duplica\u00e7\u00e3o da BR-232 entre S\u00e3o Caetano e Belo Jardim - Serra FM 87,9\",\"isPartOf\":{\"@id\":\"https:\/\/serrafm879.com.br\/serrafm\/#website\"},\"primaryImageOfPage\":{\"@id\":\"https:\/\/serrafm879.com.br\/serrafm\/2026\/04\/raquel-lyra-assina-licitacao-para-duplicacao-da-br-232-entre-sao-caetano-e-belo-jardim\/#primaryimage\"},\"image\":{\"@id\":\"https:\/\/serrafm879.com.br\/serrafm\/2026\/04\/raquel-lyra-assina-licitacao-para-duplicacao-da-br-232-entre-sao-caetano-e-belo-jardim\/#primaryimage\"},\"thumbnailUrl\":\"https:\/\/serrafm879.com.br\/serrafm\/wp-content\/uploads\/2026\/04\/raquel-2.jpeg\",\"datePublished\":\"2026-04-27T19:34:10+00:00\",\"author\":{\"@id\":\"https:\/\/serrafm879.com.br\/serrafm\/#\/schema\/person\/c028a197030ff8b1c03c68dfba4a787a\"},\"breadcrumb\":{\"@id\":\"https:\/\/serrafm879.com.br\/serrafm\/2026\/04\/raquel-lyra-assina-licitacao-para-duplicacao-da-br-232-entre-sao-caetano-e-belo-jardim\/#breadcrumb\"},\"inLanguage\":\"pt-BR\",\"potentialAction\":[{\"@type\":\"ReadAction\",\"target\":[\"https:\/\/serrafm879.com.br\/serrafm\/2026\/04\/raquel-lyra-assina-licitacao-para-duplicacao-da-br-232-entre-sao-caetano-e-belo-jardim\/\"]}]},{\"@type\":\"ImageObject\",\"inLanguage\":\"pt-BR\",\"@id\":\"https:\/\/serrafm879.com.br\/serrafm\/2026\/04\/raquel-lyra-assina-licitacao-para-duplicacao-da-br-232-entre-sao-caetano-e-belo-jardim\/#primaryimage\",\"url\":\"https:\/\/serrafm879.com.br\/serrafm\/wp-content\/uploads\/2026\/04\/raquel-2.jpeg\",\"contentUrl\":\"https:\/\/serrafm879.com.br\/serrafm\/wp-content\/uploads\/2026\/04\/raquel-2.jpeg\",\"width\":1200,\"height\":800},{\"@type\":\"BreadcrumbList\",\"@id\":\"https:\/\/serrafm879.com.br\/serrafm\/2026\/04\/raquel-lyra-assina-licitacao-para-duplicacao-da-br-232-entre-sao-caetano-e-belo-jardim\/#breadcrumb\",\"itemListElement\":[{\"@type\":\"ListItem\",\"position\":1,\"name\":\"In\u00edcio\",\"item\":\"https:\/\/serrafm879.com.br\/serrafm\/\"},{\"@type\":\"ListItem\",\"position\":2,\"name\":\"Raquel Lyra assina licita\u00e7\u00e3o para duplica\u00e7\u00e3o da BR-232 entre S\u00e3o Caetano e Belo Jardim\"}]},{\"@type\":\"WebSite\",\"@id\":\"https:\/\/serrafm879.com.br\/serrafm\/#website\",\"url\":\"https:\/\/serrafm879.com.br\/serrafm\/\",\"name\":\"Serra FM 87,9\",\"description\":\"O seu novo amor!\",\"potentialAction\":[{\"@type\":\"SearchAction\",\"target\":{\"@type\":\"EntryPoint\",\"urlTemplate\":\"https:\/\/serrafm879.com.br\/serrafm\/?s={search_term_string}\"},\"query-input\":{\"@type\":\"PropertyValueSpecification\",\"valueRequired\":true,\"valueName\":\"search_term_string\"}}],\"inLanguage\":\"pt-BR\"},{\"@type\":\"Person\",\"@id\":\"https:\/\/serrafm879.com.br\/serrafm\/#\/schema\/person\/c028a197030ff8b1c03c68dfba4a787a\",\"name\":\"serrafm87\",\"image\":{\"@type\":\"ImageObject\",\"inLanguage\":\"pt-BR\",\"@id\":\"https:\/\/serrafm879.com.br\/serrafm\/#\/schema\/person\/image\/\",\"url\":\"https:\/\/secure.gravatar.com\/avatar\/a743233f1112d34f48bb3dc9559b76eb930bab8b27175856cba6362608736235?s=96&d=mm&r=g\",\"contentUrl\":\"https:\/\/secure.gravatar.com\/avatar\/a743233f1112d34f48bb3dc9559b76eb930bab8b27175856cba6362608736235?s=96&d=mm&r=g\",\"caption\":\"serrafm87\"},\"sameAs\":[\"http:\/\/serrafm879.com.br\/\"],\"url\":\"https:\/\/serrafm879.com.br\/serrafm\/author\/serrafm87\/\"}]}<\/script>\n<!-- \/ Yoast SEO plugin. -->","yoast_head_json":{"title":"Raquel Lyra assina licita\u00e7\u00e3o para duplica\u00e7\u00e3o da BR-232 entre S\u00e3o Caetano e Belo Jardim - Serra FM 87,9","robots":{"index":"index","follow":"follow","max-snippet":"max-snippet:-1","max-image-preview":"max-image-preview:large","max-video-preview":"max-video-preview:-1"},"canonical":"https:\/\/serrafm879.com.br\/serrafm\/2026\/04\/raquel-lyra-assina-licitacao-para-duplicacao-da-br-232-entre-sao-caetano-e-belo-jardim\/","og_locale":"pt_BR","og_type":"article","og_title":"Raquel Lyra assina licita\u00e7\u00e3o para duplica\u00e7\u00e3o da BR-232 entre S\u00e3o Caetano e Belo Jardim - Serra FM 87,9","og_description":"A governadora Raquel Lyra assinou, nesta segunda-feira (27), a licita\u00e7\u00e3o para a duplica\u00e7\u00e3o da BR-232 no trecho entre S\u00e3o Caetano e Belo Jardim. O investimento previsto \u00e9 de R$ 250 milh\u00f5es. A assinatura ocorreu durante o Congresso da Associa\u00e7\u00e3o Municipalista de Pernambuco, realizado no Recife. Segundo o Governo do Estado, as obras devem come\u00e7ar ainda este ano. A duplica\u00e7\u00e3o da rodovia \u00e9 considerada estrat\u00e9gica para melhorar a mobilidade, reduzir acidentes e impulsionar o desenvolvimento econ\u00f4mico da regi\u00e3o. Al\u00e9m da assinatura da licita\u00e7\u00e3o, a governadora tamb\u00e9m autorizou o repasse de mais de R$ 1,3 bilh\u00e3o aos munic\u00edpios pernambucanos. Os recursos s\u00e3o [&hellip;]","og_url":"https:\/\/serrafm879.com.br\/serrafm\/2026\/04\/raquel-lyra-assina-licitacao-para-duplicacao-da-br-232-entre-sao-caetano-e-belo-jardim\/","og_site_name":"Serra FM 87,9","article_published_time":"2026-04-27T19:34:10+00:00","og_image":[{"width":1200,"height":800,"url":"http:\/\/serrafm879.com.br\/serrafm\/wp-content\/uploads\/2026\/04\/raquel-2.jpeg","type":"image\/jpeg"}],"author":"serrafm87","twitter_card":"summary_large_image","twitter_misc":{"Escrito por":"serrafm87","Est. tempo de leitura":"2 minutos"},"schema":{"@context":"https:\/\/schema.org","@graph":[{"@type":"WebPage","@id":"https:\/\/serrafm879.com.br\/serrafm\/2026\/04\/raquel-lyra-assina-licitacao-para-duplicacao-da-br-232-entre-sao-caetano-e-belo-jardim\/","url":"https:\/\/serrafm879.com.br\/serrafm\/2026\/04\/raquel-lyra-assina-licitacao-para-duplicacao-da-br-232-entre-sao-caetano-e-belo-jardim\/","name":"Raquel Lyra assina licita\u00e7\u00e3o para duplica\u00e7\u00e3o da BR-232 entre S\u00e3o Caetano e Belo Jardim - Serra FM 87,9","isPartOf":{"@id":"https:\/\/serrafm879.com.br\/serrafm\/#website"},"primaryImageOfPage":{"@id":"https:\/\/serrafm879.com.br\/serrafm\/2026\/04\/raquel-lyra-assina-licitacao-para-duplicacao-da-br-232-entre-sao-caetano-e-belo-jardim\/#primaryimage"},"image":{"@id":"https:\/\/serrafm879.com.br\/serrafm\/2026\/04\/raquel-lyra-assina-licitacao-para-duplicacao-da-br-232-entre-sao-caetano-e-belo-jardim\/#primaryimage"},"thumbnailUrl":"https:\/\/serrafm879.com.br\/serrafm\/wp-content\/uploads\/2026\/04\/raquel-2.jpeg","datePublished":"2026-04-27T19:34:10+00:00","author":{"@id":"https:\/\/serrafm879.com.br\/serrafm\/#\/schema\/person\/c028a197030ff8b1c03c68dfba4a787a"},"breadcrumb":{"@id":"https:\/\/serrafm879.com.br\/serrafm\/2026\/04\/raquel-lyra-assina-licitacao-para-duplicacao-da-br-232-entre-sao-caetano-e-belo-jardim\/#breadcrumb"},"inLanguage":"pt-BR","potentialAction":[{"@type":"ReadAction","target":["https:\/\/serrafm879.com.br\/serrafm\/2026\/04\/raquel-lyra-assina-licitacao-para-duplicacao-da-br-232-entre-sao-caetano-e-belo-jardim\/"]}]},{"@type":"ImageObject","inLanguage":"pt-BR","@id":"https:\/\/serrafm879.com.br\/serrafm\/2026\/04\/raquel-lyra-assina-licitacao-para-duplicacao-da-br-232-entre-sao-caetano-e-belo-jardim\/#primaryimage","url":"https:\/\/serrafm879.com.br\/serrafm\/wp-content\/uploads\/2026\/04\/raquel-2.jpeg","contentUrl":"https:\/\/serrafm879.com.br\/serrafm\/wp-content\/uploads\/2026\/04\/raquel-2.jpeg","width":1200,"height":800},{"@type":"BreadcrumbList","@id":"https:\/\/serrafm879.com.br\/serrafm\/2026\/04\/raquel-lyra-assina-licitacao-para-duplicacao-da-br-232-entre-sao-caetano-e-belo-jardim\/#breadcrumb","itemListElement":[{"@type":"ListItem","position":1,"name":"In\u00edcio","item":"https:\/\/serrafm879.com.br\/serrafm\/"},{"@type":"ListItem","position":2,"name":"Raquel Lyra assina licita\u00e7\u00e3o para duplica\u00e7\u00e3o da BR-232 entre S\u00e3o Caetano e Belo Jardim"}]},{"@type":"WebSite","@id":"https:\/\/serrafm879.com.br\/serrafm\/#website","url":"https:\/\/serrafm879.com.br\/serrafm\/","name":"Serra FM 87,9","description":"O seu novo amor!","potentialAction":[{"@type":"SearchAction","target":{"@type":"EntryPoint","urlTemplate":"https:\/\/serrafm879.com.br\/serrafm\/?s={search_term_string}"},"query-input":{"@type":"PropertyValueSpecification","valueRequired":true,"valueName":"search_term_string"}}],"inLanguage":"pt-BR"},{"@type":"Person","@id":"https:\/\/serrafm879.com.br\/serrafm\/#\/schema\/person\/c028a197030ff8b1c03c68dfba4a787a","name":"serrafm87","image":{"@type":"ImageObject","inLanguage":"pt-BR","@id":"https:\/\/serrafm879.com.br\/serrafm\/#\/schema\/person\/image\/","url":"https:\/\/secure.gravatar.com\/avatar\/a743233f1112d34f48bb3dc9559b76eb930bab8b27175856cba6362608736235?s=96&d=mm&r=g","contentUrl":"https:\/\/secure.gravatar.com\/avatar\/a743233f1112d34f48bb3dc9559b76eb930bab8b27175856cba6362608736235?s=96&d=mm&r=g","caption":"serrafm87"},"sameAs":["http:\/\/serrafm879.com.br\/"],"url":"https:\/\/serrafm879.com.br\/serrafm\/author\/serrafm87\/"}]}},"jetpack_featured_media_url":"https:\/\/serrafm879.com.br\/serrafm\/wp-content\/uploads\/2026\/04\/raquel-2.jpeg","jetpack_shortlink":"https:\/\/wp.me\/p7HyXg-7cC","jetpack_sharing_enabled":true,"_links":{"self":[{"href":"https:\/\/serrafm879.com.br\/serrafm\/wp-json\/wp\/v2\/posts\/27690","targetHints":{"allow":["GET"]}}],"collection":[{"href":"https:\/\/serrafm879.com.br\/serrafm\/wp-json\/wp\/v2\/posts"}],"about":[{"href":"https:\/\/serrafm879.com.br\/serrafm\/wp-json\/wp\/v2\/types\/post"}],"author":[{"embeddable":true,"href":"https:\/\/serrafm879.com.br\/serrafm\/wp-json\/wp\/v2\/users\/2"}],"replies":[{"embeddable":true,"href":"https:\/\/serrafm879.com.br\/serrafm\/wp-json\/wp\/v2\/comments?post=27690"}],"version-history":[{"count":1,"href":"https:\/\/serrafm879.com.br\/serrafm\/wp-json\/wp\/v2\/posts\/27690\/revisions"}],"predecessor-version":[{"id":27692,"href":"https:\/\/serrafm879.com.br\/serrafm\/wp-json\/wp\/v2\/posts\/27690\/revisions\/27692"}],"wp:featuredmedia":[{"embeddable":true,"href":"https:\/\/serrafm879.com.br\/serrafm\/wp-json\/wp\/v2\/media\/27691"}],"wp:attachment":[{"href":"https:\/\/serrafm879.com.br\/serrafm\/wp-json\/wp\/v2\/media?parent=27690"}],"wp:term":[{"taxonomy":"category","embeddable":true,"href":"https:\/\/serrafm879.com.br\/serrafm\/wp-json\/wp\/v2\/categories?post=27690"},{"taxonomy":"post_tag","embeddable":true,"href":"https:\/\/serrafm879.com.br\/serrafm\/wp-json\/wp\/v2\/tags?post=27690"}],"curies":[{"name":"wp","href":"https:\/\/api.w.org\/{rel}","templated":true}]}}