{"id":27693,"date":"2026-04-28T22:09:04","date_gmt":"2026-04-29T01:09:04","guid":{"rendered":"https:\/\/serrafm879.com.br\/serrafm\/?p=27693"},"modified":"2026-04-28T22:09:04","modified_gmt":"2026-04-29T01:09:04","slug":"aneel-aprova-alta-media-de-425-para-consumidores-da-neoenergia-pernambuco","status":"publish","type":"post","link":"https:\/\/serrafm879.com.br\/serrafm\/2026\/04\/aneel-aprova-alta-media-de-425-para-consumidores-da-neoenergia-pernambuco\/","title":{"rendered":"Aneel aprova alta m\u00e9dia de 4,25% para consumidores da Neoenergia Pernambuco"},"content":{"rendered":"<p class=\"texto\">A diretoria da\u00a0<strong>Ag\u00eancia Nacional de Energia El\u00e9trica (Aneel)<\/strong>\u00a0aprovou nesta ter\u00e7a-feira, 28, o Reajuste Tarif\u00e1rio Anual de 2026 da\u00a0<strong>Companhia Energ\u00e9tica de Pernambuco (Neoenergia PE)<\/strong>, com alta m\u00e9dia de\u00a0<strong>4,25%<\/strong>\u00a0para os consumidores da distribuidora.<\/p>\n<p class=\"texto\">Na divis\u00e3o por grupos de consumidores, aqueles na alta tens\u00e3o, como grandes ind\u00fastrias e empresas, perceber\u00e3o um efeito m\u00e9dio de 7,19%. Em outra frente, os clientes conectados na baixa tens\u00e3o, como residenciais, ir\u00e3o perceber uma alta m\u00e9dia de 3 41%.<\/p>\n<p class=\"texto\">Os custos de componentes financeiros, encargos setoriais, transmiss\u00e3o de energia e compra de energia foram os fatores que pressionaram as tarifas no atual ciclo de revis\u00e3o. Os novos patamares tarif\u00e1rios passam a valer a partir de amanh\u00e3, 29 de abril.<\/p>\n<p class=\"texto\">A Companhia Energ\u00e9tica de Pernambuco \u00e9 sediada na cidade de Recife (PE) e atende aproximadamente 4,23 milh\u00f5es de unidades consumidoras. O consumo de energia el\u00e9trica representa atualmente um faturamento anual na ordem de R$ 8,2 bilh\u00f5es.<\/p>\n<p>&nbsp;<\/p>\n<p>Fonte: Di\u00e1rio de Pernambuco<\/p>\n","protected":false},"excerpt":{"rendered":"<p>A diretoria da\u00a0Ag\u00eancia Nacional de Energia El\u00e9trica (Aneel)\u00a0aprovou nesta ter\u00e7a-feira, 28, o Reajuste Tarif\u00e1rio Anual de 2026 da\u00a0Companhia Energ\u00e9tica de Pernambuco (Neoenergia PE), com alta m\u00e9dia de\u00a04,25%\u00a0para os consumidores da distribuidora. Na divis\u00e3o por grupos de consumidores, aqueles na alta tens\u00e3o, como grandes ind\u00fastrias e empresas, perceber\u00e3o um efeito m\u00e9dio de 7,19%. Em outra frente, os clientes conectados na baixa tens\u00e3o, como residenciais, ir\u00e3o perceber uma alta m\u00e9dia de 3 41%. Os custos de componentes financeiros, encargos setoriais, transmiss\u00e3o de energia e compra de energia foram os fatores que pressionaram as tarifas no atual ciclo de revis\u00e3o. Os novos patamares [&hellip;]<\/p>\n","protected":false},"author":2,"featured_media":27694,"comment_status":"open","ping_status":"open","sticky":false,"template":"","format":"standard","meta":{"_jetpack_memberships_contains_paid_content":false,"footnotes":"","jetpack_publicize_message":"","jetpack_publicize_feature_enabled":true,"jetpack_social_post_already_shared":true,"jetpack_social_options":{"image_generator_settings":{"template":"highway","enabled":false},"version":2}},"categories":[2],"tags":[],"class_list":["post-27693","post","type-post","status-publish","format-standard","has-post-thumbnail","hentry","category-noticias"],"jetpack_publicize_connections":[],"yoast_head":"<!-- This site is optimized with the Yoast SEO plugin v24.7 - https:\/\/yoast.com\/wordpress\/plugins\/seo\/ -->\n<title>Aneel aprova alta m\u00e9dia de 4,25% para consumidores da Neoenergia Pernambuco - Serra FM 87,9<\/title>\n<meta name=\"robots\" content=\"index, follow, max-snippet:-1, max-image-preview:large, max-video-preview:-1\" \/>\n<link rel=\"canonical\" href=\"https:\/\/serrafm879.com.br\/serrafm\/2026\/04\/aneel-aprova-alta-media-de-425-para-consumidores-da-neoenergia-pernambuco\/\" \/>\n<meta property=\"og:locale\" content=\"pt_BR\" \/>\n<meta property=\"og:type\" content=\"article\" \/>\n<meta property=\"og:title\" content=\"Aneel aprova alta m\u00e9dia de 4,25% para consumidores da Neoenergia Pernambuco - Serra FM 87,9\" \/>\n<meta property=\"og:description\" content=\"A diretoria da\u00a0Ag\u00eancia Nacional de Energia El\u00e9trica (Aneel)\u00a0aprovou nesta ter\u00e7a-feira, 28, o Reajuste Tarif\u00e1rio Anual de 2026 da\u00a0Companhia Energ\u00e9tica de Pernambuco (Neoenergia PE), com alta m\u00e9dia de\u00a04,25%\u00a0para os consumidores da distribuidora. Na divis\u00e3o por grupos de consumidores, aqueles na alta tens\u00e3o, como grandes ind\u00fastrias e empresas, perceber\u00e3o um efeito m\u00e9dio de 7,19%. Em outra frente, os clientes conectados na baixa tens\u00e3o, como residenciais, ir\u00e3o perceber uma alta m\u00e9dia de 3 41%. Os custos de componentes financeiros, encargos setoriais, transmiss\u00e3o de energia e compra de energia foram os fatores que pressionaram as tarifas no atual ciclo de revis\u00e3o. Os novos patamares [&hellip;]\" \/>\n<meta property=\"og:url\" content=\"https:\/\/serrafm879.com.br\/serrafm\/2026\/04\/aneel-aprova-alta-media-de-425-para-consumidores-da-neoenergia-pernambuco\/\" \/>\n<meta property=\"og:site_name\" content=\"Serra FM 87,9\" \/>\n<meta property=\"article:published_time\" content=\"2026-04-29T01:09:04+00:00\" \/>\n<meta property=\"og:image\" content=\"http:\/\/serrafm879.com.br\/serrafm\/wp-content\/uploads\/2026\/04\/aneel.jpg\" \/>\n\t<meta property=\"og:image:width\" content=\"246\" \/>\n\t<meta property=\"og:image:height\" content=\"203\" \/>\n\t<meta property=\"og:image:type\" content=\"image\/jpeg\" \/>\n<meta name=\"author\" content=\"serrafm87\" \/>\n<meta name=\"twitter:card\" content=\"summary_large_image\" \/>\n<meta name=\"twitter:label1\" content=\"Escrito por\" \/>\n\t<meta name=\"twitter:data1\" content=\"serrafm87\" \/>\n\t<meta name=\"twitter:label2\" content=\"Est. tempo de leitura\" \/>\n\t<meta name=\"twitter:data2\" content=\"2 minutos\" \/>\n<script type=\"application\/ld+json\" class=\"yoast-schema-graph\">{\"@context\":\"https:\/\/schema.org\",\"@graph\":[{\"@type\":\"WebPage\",\"@id\":\"https:\/\/serrafm879.com.br\/serrafm\/2026\/04\/aneel-aprova-alta-media-de-425-para-consumidores-da-neoenergia-pernambuco\/\",\"url\":\"https:\/\/serrafm879.com.br\/serrafm\/2026\/04\/aneel-aprova-alta-media-de-425-para-consumidores-da-neoenergia-pernambuco\/\",\"name\":\"Aneel aprova alta m\u00e9dia de 4,25% para consumidores da Neoenergia Pernambuco - Serra FM 87,9\",\"isPartOf\":{\"@id\":\"https:\/\/serrafm879.com.br\/serrafm\/#website\"},\"primaryImageOfPage\":{\"@id\":\"https:\/\/serrafm879.com.br\/serrafm\/2026\/04\/aneel-aprova-alta-media-de-425-para-consumidores-da-neoenergia-pernambuco\/#primaryimage\"},\"image\":{\"@id\":\"https:\/\/serrafm879.com.br\/serrafm\/2026\/04\/aneel-aprova-alta-media-de-425-para-consumidores-da-neoenergia-pernambuco\/#primaryimage\"},\"thumbnailUrl\":\"https:\/\/serrafm879.com.br\/serrafm\/wp-content\/uploads\/2026\/04\/aneel.jpg\",\"datePublished\":\"2026-04-29T01:09:04+00:00\",\"author\":{\"@id\":\"https:\/\/serrafm879.com.br\/serrafm\/#\/schema\/person\/c028a197030ff8b1c03c68dfba4a787a\"},\"breadcrumb\":{\"@id\":\"https:\/\/serrafm879.com.br\/serrafm\/2026\/04\/aneel-aprova-alta-media-de-425-para-consumidores-da-neoenergia-pernambuco\/#breadcrumb\"},\"inLanguage\":\"pt-BR\",\"potentialAction\":[{\"@type\":\"ReadAction\",\"target\":[\"https:\/\/serrafm879.com.br\/serrafm\/2026\/04\/aneel-aprova-alta-media-de-425-para-consumidores-da-neoenergia-pernambuco\/\"]}]},{\"@type\":\"ImageObject\",\"inLanguage\":\"pt-BR\",\"@id\":\"https:\/\/serrafm879.com.br\/serrafm\/2026\/04\/aneel-aprova-alta-media-de-425-para-consumidores-da-neoenergia-pernambuco\/#primaryimage\",\"url\":\"https:\/\/serrafm879.com.br\/serrafm\/wp-content\/uploads\/2026\/04\/aneel.jpg\",\"contentUrl\":\"https:\/\/serrafm879.com.br\/serrafm\/wp-content\/uploads\/2026\/04\/aneel.jpg\",\"width\":246,\"height\":203},{\"@type\":\"BreadcrumbList\",\"@id\":\"https:\/\/serrafm879.com.br\/serrafm\/2026\/04\/aneel-aprova-alta-media-de-425-para-consumidores-da-neoenergia-pernambuco\/#breadcrumb\",\"itemListElement\":[{\"@type\":\"ListItem\",\"position\":1,\"name\":\"In\u00edcio\",\"item\":\"https:\/\/serrafm879.com.br\/serrafm\/\"},{\"@type\":\"ListItem\",\"position\":2,\"name\":\"Aneel aprova alta m\u00e9dia de 4,25% para consumidores da Neoenergia Pernambuco\"}]},{\"@type\":\"WebSite\",\"@id\":\"https:\/\/serrafm879.com.br\/serrafm\/#website\",\"url\":\"https:\/\/serrafm879.com.br\/serrafm\/\",\"name\":\"Serra FM 87,9\",\"description\":\"O seu novo amor!\",\"potentialAction\":[{\"@type\":\"SearchAction\",\"target\":{\"@type\":\"EntryPoint\",\"urlTemplate\":\"https:\/\/serrafm879.com.br\/serrafm\/?s={search_term_string}\"},\"query-input\":{\"@type\":\"PropertyValueSpecification\",\"valueRequired\":true,\"valueName\":\"search_term_string\"}}],\"inLanguage\":\"pt-BR\"},{\"@type\":\"Person\",\"@id\":\"https:\/\/serrafm879.com.br\/serrafm\/#\/schema\/person\/c028a197030ff8b1c03c68dfba4a787a\",\"name\":\"serrafm87\",\"image\":{\"@type\":\"ImageObject\",\"inLanguage\":\"pt-BR\",\"@id\":\"https:\/\/serrafm879.com.br\/serrafm\/#\/schema\/person\/image\/\",\"url\":\"https:\/\/secure.gravatar.com\/avatar\/a743233f1112d34f48bb3dc9559b76eb930bab8b27175856cba6362608736235?s=96&d=mm&r=g\",\"contentUrl\":\"https:\/\/secure.gravatar.com\/avatar\/a743233f1112d34f48bb3dc9559b76eb930bab8b27175856cba6362608736235?s=96&d=mm&r=g\",\"caption\":\"serrafm87\"},\"sameAs\":[\"http:\/\/serrafm879.com.br\/\"],\"url\":\"https:\/\/serrafm879.com.br\/serrafm\/author\/serrafm87\/\"}]}<\/script>\n<!-- \/ Yoast SEO plugin. -->","yoast_head_json":{"title":"Aneel aprova alta m\u00e9dia de 4,25% para consumidores da Neoenergia Pernambuco - Serra FM 87,9","robots":{"index":"index","follow":"follow","max-snippet":"max-snippet:-1","max-image-preview":"max-image-preview:large","max-video-preview":"max-video-preview:-1"},"canonical":"https:\/\/serrafm879.com.br\/serrafm\/2026\/04\/aneel-aprova-alta-media-de-425-para-consumidores-da-neoenergia-pernambuco\/","og_locale":"pt_BR","og_type":"article","og_title":"Aneel aprova alta m\u00e9dia de 4,25% para consumidores da Neoenergia Pernambuco - Serra FM 87,9","og_description":"A diretoria da\u00a0Ag\u00eancia Nacional de Energia El\u00e9trica (Aneel)\u00a0aprovou nesta ter\u00e7a-feira, 28, o Reajuste Tarif\u00e1rio Anual de 2026 da\u00a0Companhia Energ\u00e9tica de Pernambuco (Neoenergia PE), com alta m\u00e9dia de\u00a04,25%\u00a0para os consumidores da distribuidora. Na divis\u00e3o por grupos de consumidores, aqueles na alta tens\u00e3o, como grandes ind\u00fastrias e empresas, perceber\u00e3o um efeito m\u00e9dio de 7,19%. Em outra frente, os clientes conectados na baixa tens\u00e3o, como residenciais, ir\u00e3o perceber uma alta m\u00e9dia de 3 41%. Os custos de componentes financeiros, encargos setoriais, transmiss\u00e3o de energia e compra de energia foram os fatores que pressionaram as tarifas no atual ciclo de revis\u00e3o. Os novos patamares [&hellip;]","og_url":"https:\/\/serrafm879.com.br\/serrafm\/2026\/04\/aneel-aprova-alta-media-de-425-para-consumidores-da-neoenergia-pernambuco\/","og_site_name":"Serra FM 87,9","article_published_time":"2026-04-29T01:09:04+00:00","og_image":[{"width":246,"height":203,"url":"http:\/\/serrafm879.com.br\/serrafm\/wp-content\/uploads\/2026\/04\/aneel.jpg","type":"image\/jpeg"}],"author":"serrafm87","twitter_card":"summary_large_image","twitter_misc":{"Escrito por":"serrafm87","Est. tempo de leitura":"2 minutos"},"schema":{"@context":"https:\/\/schema.org","@graph":[{"@type":"WebPage","@id":"https:\/\/serrafm879.com.br\/serrafm\/2026\/04\/aneel-aprova-alta-media-de-425-para-consumidores-da-neoenergia-pernambuco\/","url":"https:\/\/serrafm879.com.br\/serrafm\/2026\/04\/aneel-aprova-alta-media-de-425-para-consumidores-da-neoenergia-pernambuco\/","name":"Aneel aprova alta m\u00e9dia de 4,25% para consumidores da Neoenergia Pernambuco - Serra FM 87,9","isPartOf":{"@id":"https:\/\/serrafm879.com.br\/serrafm\/#website"},"primaryImageOfPage":{"@id":"https:\/\/serrafm879.com.br\/serrafm\/2026\/04\/aneel-aprova-alta-media-de-425-para-consumidores-da-neoenergia-pernambuco\/#primaryimage"},"image":{"@id":"https:\/\/serrafm879.com.br\/serrafm\/2026\/04\/aneel-aprova-alta-media-de-425-para-consumidores-da-neoenergia-pernambuco\/#primaryimage"},"thumbnailUrl":"https:\/\/serrafm879.com.br\/serrafm\/wp-content\/uploads\/2026\/04\/aneel.jpg","datePublished":"2026-04-29T01:09:04+00:00","author":{"@id":"https:\/\/serrafm879.com.br\/serrafm\/#\/schema\/person\/c028a197030ff8b1c03c68dfba4a787a"},"breadcrumb":{"@id":"https:\/\/serrafm879.com.br\/serrafm\/2026\/04\/aneel-aprova-alta-media-de-425-para-consumidores-da-neoenergia-pernambuco\/#breadcrumb"},"inLanguage":"pt-BR","potentialAction":[{"@type":"ReadAction","target":["https:\/\/serrafm879.com.br\/serrafm\/2026\/04\/aneel-aprova-alta-media-de-425-para-consumidores-da-neoenergia-pernambuco\/"]}]},{"@type":"ImageObject","inLanguage":"pt-BR","@id":"https:\/\/serrafm879.com.br\/serrafm\/2026\/04\/aneel-aprova-alta-media-de-425-para-consumidores-da-neoenergia-pernambuco\/#primaryimage","url":"https:\/\/serrafm879.com.br\/serrafm\/wp-content\/uploads\/2026\/04\/aneel.jpg","contentUrl":"https:\/\/serrafm879.com.br\/serrafm\/wp-content\/uploads\/2026\/04\/aneel.jpg","width":246,"height":203},{"@type":"BreadcrumbList","@id":"https:\/\/serrafm879.com.br\/serrafm\/2026\/04\/aneel-aprova-alta-media-de-425-para-consumidores-da-neoenergia-pernambuco\/#breadcrumb","itemListElement":[{"@type":"ListItem","position":1,"name":"In\u00edcio","item":"https:\/\/serrafm879.com.br\/serrafm\/"},{"@type":"ListItem","position":2,"name":"Aneel aprova alta m\u00e9dia de 4,25% para consumidores da Neoenergia Pernambuco"}]},{"@type":"WebSite","@id":"https:\/\/serrafm879.com.br\/serrafm\/#website","url":"https:\/\/serrafm879.com.br\/serrafm\/","name":"Serra FM 87,9","description":"O seu novo amor!","potentialAction":[{"@type":"SearchAction","target":{"@type":"EntryPoint","urlTemplate":"https:\/\/serrafm879.com.br\/serrafm\/?s={search_term_string}"},"query-input":{"@type":"PropertyValueSpecification","valueRequired":true,"valueName":"search_term_string"}}],"inLanguage":"pt-BR"},{"@type":"Person","@id":"https:\/\/serrafm879.com.br\/serrafm\/#\/schema\/person\/c028a197030ff8b1c03c68dfba4a787a","name":"serrafm87","image":{"@type":"ImageObject","inLanguage":"pt-BR","@id":"https:\/\/serrafm879.com.br\/serrafm\/#\/schema\/person\/image\/","url":"https:\/\/secure.gravatar.com\/avatar\/a743233f1112d34f48bb3dc9559b76eb930bab8b27175856cba6362608736235?s=96&d=mm&r=g","contentUrl":"https:\/\/secure.gravatar.com\/avatar\/a743233f1112d34f48bb3dc9559b76eb930bab8b27175856cba6362608736235?s=96&d=mm&r=g","caption":"serrafm87"},"sameAs":["http:\/\/serrafm879.com.br\/"],"url":"https:\/\/serrafm879.com.br\/serrafm\/author\/serrafm87\/"}]}},"jetpack_featured_media_url":"https:\/\/serrafm879.com.br\/serrafm\/wp-content\/uploads\/2026\/04\/aneel.jpg","jetpack_shortlink":"https:\/\/wp.me\/p7HyXg-7cF","jetpack_sharing_enabled":true,"_links":{"self":[{"href":"https:\/\/serrafm879.com.br\/serrafm\/wp-json\/wp\/v2\/posts\/27693","targetHints":{"allow":["GET"]}}],"collection":[{"href":"https:\/\/serrafm879.com.br\/serrafm\/wp-json\/wp\/v2\/posts"}],"about":[{"href":"https:\/\/serrafm879.com.br\/serrafm\/wp-json\/wp\/v2\/types\/post"}],"author":[{"embeddable":true,"href":"https:\/\/serrafm879.com.br\/serrafm\/wp-json\/wp\/v2\/users\/2"}],"replies":[{"embeddable":true,"href":"https:\/\/serrafm879.com.br\/serrafm\/wp-json\/wp\/v2\/comments?post=27693"}],"version-history":[{"count":1,"href":"https:\/\/serrafm879.com.br\/serrafm\/wp-json\/wp\/v2\/posts\/27693\/revisions"}],"predecessor-version":[{"id":27695,"href":"https:\/\/serrafm879.com.br\/serrafm\/wp-json\/wp\/v2\/posts\/27693\/revisions\/27695"}],"wp:featuredmedia":[{"embeddable":true,"href":"https:\/\/serrafm879.com.br\/serrafm\/wp-json\/wp\/v2\/media\/27694"}],"wp:attachment":[{"href":"https:\/\/serrafm879.com.br\/serrafm\/wp-json\/wp\/v2\/media?parent=27693"}],"wp:term":[{"taxonomy":"category","embeddable":true,"href":"https:\/\/serrafm879.com.br\/serrafm\/wp-json\/wp\/v2\/categories?post=27693"},{"taxonomy":"post_tag","embeddable":true,"href":"https:\/\/serrafm879.com.br\/serrafm\/wp-json\/wp\/v2\/tags?post=27693"}],"curies":[{"name":"wp","href":"https:\/\/api.w.org\/{rel}","templated":true}]}}