{"id":27715,"date":"2026-05-02T11:18:26","date_gmt":"2026-05-02T14:18:26","guid":{"rendered":"https:\/\/serrafm879.com.br\/serrafm\/?p=27715"},"modified":"2026-05-02T11:18:26","modified_gmt":"2026-05-02T14:18:26","slug":"congresso-derruba-veto-de-lula-ao-pl-da-dosimetria","status":"publish","type":"post","link":"https:\/\/serrafm879.com.br\/serrafm\/2026\/05\/congresso-derruba-veto-de-lula-ao-pl-da-dosimetria\/","title":{"rendered":"Congresso derruba veto de Lula ao PL da Dosimetria"},"content":{"rendered":"<div data-sfc-cp=\"\" data-sfc-root=\"c\" data-sfc-cb=\"\" data-hveid=\"CAEIBhAA\" data-complete=\"true\" data-processed=\"true\" data-copy-service-computed-style=\"font-family: &quot;Google Sans&quot;, Arial, sans-serif; font-size: 16px; font-weight: 400; margin: 12px 0px 16px; text-decoration: none; border-bottom: 0px rgb(10, 10, 10);\"><\/div>\n<div data-sfc-cp=\"\" data-sfc-root=\"c\" data-sfc-cb=\"\" data-hveid=\"CAEIBhAA\" data-complete=\"true\" data-processed=\"true\" data-copy-service-computed-style=\"font-family: &quot;Google Sans&quot;, Arial, sans-serif; font-size: 16px; font-weight: 400; margin: 12px 0px 16px; text-decoration: none; border-bottom: 0px rgb(10, 10, 10);\">O Congresso\u00a0<strong>derrubou<\/strong>\u00a0nesta quinta-feira (30) o\u00a0<a href=\"https:\/\/jovempan.com.br\/noticias\/politica\/lula-veta-pl-da-dosimetria-no-aniversario-de-tres-anos-do-8-de-janeiro.html\"><strong>veto do presidente Lula<\/strong><\/a>\u00a0(PT) ao\u00a0<strong>PL da Dosimetria<\/strong>, projeto que diminui as penas aplicadas a condenados por\u00a0<strong>tentativa de golpe de Estado<\/strong>\u00a0e por\u00a0<strong>envolvimento nos atos golpistas<\/strong>\u00a0de 8 de janeiro de 2023. A decis\u00e3o\u00a0<strong>beneficiar\u00e1 o ex-presidente Jair Bolsonaro<\/strong>, com a diminui\u00e7\u00e3o de sua pena.<\/div>\n<div data-sfc-cp=\"\" data-sfc-root=\"c\" data-sfc-cb=\"\" data-hveid=\"CAEIBhAA\" data-complete=\"true\" data-processed=\"true\" data-copy-service-computed-style=\"font-family: &quot;Google Sans&quot;, Arial, sans-serif; font-size: 16px; font-weight: 400; margin: 12px 0px 16px; text-decoration: none; border-bottom: 0px rgb(10, 10, 10);\"><\/div>\n<div data-sfc-cp=\"\" data-sfc-root=\"c\" data-sfc-cb=\"\" data-hveid=\"CAEIBhAA\" data-complete=\"true\" data-processed=\"true\" data-copy-service-computed-style=\"font-family: &quot;Google Sans&quot;, Arial, sans-serif; font-size: 16px; font-weight: 400; margin: 12px 0px 16px; text-decoration: none; border-bottom: 0px rgb(10, 10, 10);\">A C\u00e2mara dos Deputados votou primeiro e formou maioria para derrubar o veto. Foram\u00a0<strong>318 votos favor\u00e1veis \u00e0 derrubada<\/strong>\u00a0e\u00a0<strong>144 contr\u00e1rios<\/strong>. J\u00e1 no Senado, foram\u00a0<strong>49 votos para a derrubada do veto<\/strong>\u00a0e\u00a0<strong>24 votos contra<\/strong>.<\/div>\n<div data-sfc-cp=\"\" data-sfc-root=\"c\" data-sfc-cb=\"\" data-hveid=\"CAEIBhAA\" data-complete=\"true\" data-processed=\"true\" data-copy-service-computed-style=\"font-family: &quot;Google Sans&quot;, Arial, sans-serif; font-size: 16px; font-weight: 400; margin: 12px 0px 16px; text-decoration: none; border-bottom: 0px rgb(10, 10, 10);\"><\/div>\n<div data-sfc-cp=\"\" data-sfc-root=\"c\" data-sfc-cb=\"\" data-hveid=\"CAEIBhAA\" data-complete=\"true\" data-processed=\"true\" data-copy-service-computed-style=\"font-family: &quot;Google Sans&quot;, Arial, sans-serif; font-size: 16px; font-weight: 400; margin: 12px 0px 16px; text-decoration: none; border-bottom: 0px rgb(10, 10, 10);\">\n<p>A derrubada do veto representa uma nova derrota\u00a0<strong>ao governo federal<\/strong>, um dia ap\u00f3s a\u00a0<a href=\"https:\/\/jovempan.com.br\/noticias\/politica\/messias-reprovacao-sabatina-ccj-do-senado-stf.html\"><strong>rejei\u00e7\u00e3o pelo Senado do indicado de Lula<\/strong><\/a>, o advogado-geral da Uni\u00e3o, Jorge Messias, a uma vaga no Supremo Tribunal Federal (STF).<\/p>\n<p>O presidente Lula\u00a0<a href=\"https:\/\/jovempan.com.br\/noticias\/politica\/lula-veta-pl-da-dosimetria-no-aniversario-de-tres-anos-do-8-de-janeiro.html\"><strong>vetou integralmente o projeto de lei<\/strong><\/a>\u00a0no dia 8 de janeiro, justamente no anivers\u00e1rio de tr\u00eas anos dos atos antidemocr\u00e1ticos de 2023.<\/p>\n<p>\u00c0 \u00e9poca, a decis\u00e3o do veto do presidente n\u00e3o surpreendeu parlamentares nos bastidores, j\u00e1 que Lula vinha sinalizando que vetaria essa medida. Como justificativa, o petista avaliou que a redu\u00e7\u00e3o da resposta penal a crimes contra o Estado Democr\u00e1tico de Direito poderia\u00a0<strong>estimular novas infra\u00e7\u00f5es<\/strong>\u00a0e\u00a0<strong>representar um retrocesso no processo de redemocratiza\u00e7\u00e3o<\/strong>\u00a0do pa\u00eds. Segundo a justificativa enviada ao Congresso, o projeto tamb\u00e9m poderia\u00a0<strong>comprometer princ\u00edpios constitucionais<\/strong>\u00a0como\u00a0<strong>proporcionalidade<\/strong>,\u00a0<strong>isonomia<\/strong>\u00a0e\u00a0<strong>impessoalidade<\/strong>.<\/p>\n<\/div>\n<p>Fonte: Jovem Pan News<\/p>\n","protected":false},"excerpt":{"rendered":"<p>O Congresso\u00a0derrubou\u00a0nesta quinta-feira (30) o\u00a0veto do presidente Lula\u00a0(PT) ao\u00a0PL da Dosimetria, projeto que diminui as penas aplicadas a condenados por\u00a0tentativa de golpe de Estado\u00a0e por\u00a0envolvimento nos atos golpistas\u00a0de 8 de janeiro de 2023. A decis\u00e3o\u00a0beneficiar\u00e1 o ex-presidente Jair Bolsonaro, com a diminui\u00e7\u00e3o de sua pena. A C\u00e2mara dos Deputados votou primeiro e formou maioria para derrubar o veto. Foram\u00a0318 votos favor\u00e1veis \u00e0 derrubada\u00a0e\u00a0144 contr\u00e1rios. J\u00e1 no Senado, foram\u00a049 votos para a derrubada do veto\u00a0e\u00a024 votos contra. A derrubada do veto representa uma nova derrota\u00a0ao governo federal, um dia ap\u00f3s a\u00a0rejei\u00e7\u00e3o pelo Senado do indicado de Lula, o advogado-geral da Uni\u00e3o, [&hellip;]<\/p>\n","protected":false},"author":2,"featured_media":27716,"comment_status":"open","ping_status":"open","sticky":false,"template":"","format":"standard","meta":{"_jetpack_memberships_contains_paid_content":false,"footnotes":"","jetpack_publicize_message":"","jetpack_publicize_feature_enabled":true,"jetpack_social_post_already_shared":true,"jetpack_social_options":{"image_generator_settings":{"template":"highway","enabled":false},"version":2}},"categories":[149],"tags":[],"class_list":["post-27715","post","type-post","status-publish","format-standard","has-post-thumbnail","hentry","category-brasil"],"jetpack_publicize_connections":[],"yoast_head":"<!-- This site is optimized with the Yoast SEO plugin v24.7 - https:\/\/yoast.com\/wordpress\/plugins\/seo\/ -->\n<title>Congresso derruba veto de Lula ao PL da Dosimetria - Serra FM 87,9<\/title>\n<meta name=\"robots\" content=\"index, follow, max-snippet:-1, max-image-preview:large, max-video-preview:-1\" \/>\n<link rel=\"canonical\" href=\"https:\/\/serrafm879.com.br\/serrafm\/2026\/05\/congresso-derruba-veto-de-lula-ao-pl-da-dosimetria\/\" \/>\n<meta property=\"og:locale\" content=\"pt_BR\" \/>\n<meta property=\"og:type\" content=\"article\" \/>\n<meta property=\"og:title\" content=\"Congresso derruba veto de Lula ao PL da Dosimetria - Serra FM 87,9\" \/>\n<meta property=\"og:description\" content=\"O Congresso\u00a0derrubou\u00a0nesta quinta-feira (30) o\u00a0veto do presidente Lula\u00a0(PT) ao\u00a0PL da Dosimetria, projeto que diminui as penas aplicadas a condenados por\u00a0tentativa de golpe de Estado\u00a0e por\u00a0envolvimento nos atos golpistas\u00a0de 8 de janeiro de 2023. A decis\u00e3o\u00a0beneficiar\u00e1 o ex-presidente Jair Bolsonaro, com a diminui\u00e7\u00e3o de sua pena. A C\u00e2mara dos Deputados votou primeiro e formou maioria para derrubar o veto. Foram\u00a0318 votos favor\u00e1veis \u00e0 derrubada\u00a0e\u00a0144 contr\u00e1rios. J\u00e1 no Senado, foram\u00a049 votos para a derrubada do veto\u00a0e\u00a024 votos contra. A derrubada do veto representa uma nova derrota\u00a0ao governo federal, um dia ap\u00f3s a\u00a0rejei\u00e7\u00e3o pelo Senado do indicado de Lula, o advogado-geral da Uni\u00e3o, [&hellip;]\" \/>\n<meta property=\"og:url\" content=\"https:\/\/serrafm879.com.br\/serrafm\/2026\/05\/congresso-derruba-veto-de-lula-ao-pl-da-dosimetria\/\" \/>\n<meta property=\"og:site_name\" content=\"Serra FM 87,9\" \/>\n<meta property=\"article:published_time\" content=\"2026-05-02T14:18:26+00:00\" \/>\n<meta property=\"og:image\" content=\"http:\/\/serrafm879.com.br\/serrafm\/wp-content\/uploads\/2026\/05\/design-sem-nome-57-750x450-1.png\" \/>\n\t<meta property=\"og:image:width\" content=\"750\" \/>\n\t<meta property=\"og:image:height\" content=\"450\" \/>\n\t<meta property=\"og:image:type\" content=\"image\/png\" \/>\n<meta name=\"author\" content=\"serrafm87\" \/>\n<meta name=\"twitter:card\" content=\"summary_large_image\" \/>\n<meta name=\"twitter:label1\" content=\"Escrito por\" \/>\n\t<meta name=\"twitter:data1\" content=\"serrafm87\" \/>\n\t<meta name=\"twitter:label2\" content=\"Est. tempo de leitura\" \/>\n\t<meta name=\"twitter:data2\" content=\"2 minutos\" \/>\n<script type=\"application\/ld+json\" class=\"yoast-schema-graph\">{\"@context\":\"https:\/\/schema.org\",\"@graph\":[{\"@type\":\"WebPage\",\"@id\":\"https:\/\/serrafm879.com.br\/serrafm\/2026\/05\/congresso-derruba-veto-de-lula-ao-pl-da-dosimetria\/\",\"url\":\"https:\/\/serrafm879.com.br\/serrafm\/2026\/05\/congresso-derruba-veto-de-lula-ao-pl-da-dosimetria\/\",\"name\":\"Congresso derruba veto de Lula ao PL da Dosimetria - Serra FM 87,9\",\"isPartOf\":{\"@id\":\"https:\/\/serrafm879.com.br\/serrafm\/#website\"},\"primaryImageOfPage\":{\"@id\":\"https:\/\/serrafm879.com.br\/serrafm\/2026\/05\/congresso-derruba-veto-de-lula-ao-pl-da-dosimetria\/#primaryimage\"},\"image\":{\"@id\":\"https:\/\/serrafm879.com.br\/serrafm\/2026\/05\/congresso-derruba-veto-de-lula-ao-pl-da-dosimetria\/#primaryimage\"},\"thumbnailUrl\":\"https:\/\/serrafm879.com.br\/serrafm\/wp-content\/uploads\/2026\/05\/design-sem-nome-57-750x450-1.png\",\"datePublished\":\"2026-05-02T14:18:26+00:00\",\"author\":{\"@id\":\"https:\/\/serrafm879.com.br\/serrafm\/#\/schema\/person\/c028a197030ff8b1c03c68dfba4a787a\"},\"breadcrumb\":{\"@id\":\"https:\/\/serrafm879.com.br\/serrafm\/2026\/05\/congresso-derruba-veto-de-lula-ao-pl-da-dosimetria\/#breadcrumb\"},\"inLanguage\":\"pt-BR\",\"potentialAction\":[{\"@type\":\"ReadAction\",\"target\":[\"https:\/\/serrafm879.com.br\/serrafm\/2026\/05\/congresso-derruba-veto-de-lula-ao-pl-da-dosimetria\/\"]}]},{\"@type\":\"ImageObject\",\"inLanguage\":\"pt-BR\",\"@id\":\"https:\/\/serrafm879.com.br\/serrafm\/2026\/05\/congresso-derruba-veto-de-lula-ao-pl-da-dosimetria\/#primaryimage\",\"url\":\"https:\/\/serrafm879.com.br\/serrafm\/wp-content\/uploads\/2026\/05\/design-sem-nome-57-750x450-1.png\",\"contentUrl\":\"https:\/\/serrafm879.com.br\/serrafm\/wp-content\/uploads\/2026\/05\/design-sem-nome-57-750x450-1.png\",\"width\":750,\"height\":450},{\"@type\":\"BreadcrumbList\",\"@id\":\"https:\/\/serrafm879.com.br\/serrafm\/2026\/05\/congresso-derruba-veto-de-lula-ao-pl-da-dosimetria\/#breadcrumb\",\"itemListElement\":[{\"@type\":\"ListItem\",\"position\":1,\"name\":\"In\u00edcio\",\"item\":\"https:\/\/serrafm879.com.br\/serrafm\/\"},{\"@type\":\"ListItem\",\"position\":2,\"name\":\"Congresso derruba veto de Lula ao PL da Dosimetria\"}]},{\"@type\":\"WebSite\",\"@id\":\"https:\/\/serrafm879.com.br\/serrafm\/#website\",\"url\":\"https:\/\/serrafm879.com.br\/serrafm\/\",\"name\":\"Serra FM 87,9\",\"description\":\"O seu novo amor!\",\"potentialAction\":[{\"@type\":\"SearchAction\",\"target\":{\"@type\":\"EntryPoint\",\"urlTemplate\":\"https:\/\/serrafm879.com.br\/serrafm\/?s={search_term_string}\"},\"query-input\":{\"@type\":\"PropertyValueSpecification\",\"valueRequired\":true,\"valueName\":\"search_term_string\"}}],\"inLanguage\":\"pt-BR\"},{\"@type\":\"Person\",\"@id\":\"https:\/\/serrafm879.com.br\/serrafm\/#\/schema\/person\/c028a197030ff8b1c03c68dfba4a787a\",\"name\":\"serrafm87\",\"image\":{\"@type\":\"ImageObject\",\"inLanguage\":\"pt-BR\",\"@id\":\"https:\/\/serrafm879.com.br\/serrafm\/#\/schema\/person\/image\/\",\"url\":\"https:\/\/secure.gravatar.com\/avatar\/a743233f1112d34f48bb3dc9559b76eb930bab8b27175856cba6362608736235?s=96&d=mm&r=g\",\"contentUrl\":\"https:\/\/secure.gravatar.com\/avatar\/a743233f1112d34f48bb3dc9559b76eb930bab8b27175856cba6362608736235?s=96&d=mm&r=g\",\"caption\":\"serrafm87\"},\"sameAs\":[\"http:\/\/serrafm879.com.br\/\"],\"url\":\"https:\/\/serrafm879.com.br\/serrafm\/author\/serrafm87\/\"}]}<\/script>\n<!-- \/ Yoast SEO plugin. -->","yoast_head_json":{"title":"Congresso derruba veto de Lula ao PL da Dosimetria - Serra FM 87,9","robots":{"index":"index","follow":"follow","max-snippet":"max-snippet:-1","max-image-preview":"max-image-preview:large","max-video-preview":"max-video-preview:-1"},"canonical":"https:\/\/serrafm879.com.br\/serrafm\/2026\/05\/congresso-derruba-veto-de-lula-ao-pl-da-dosimetria\/","og_locale":"pt_BR","og_type":"article","og_title":"Congresso derruba veto de Lula ao PL da Dosimetria - Serra FM 87,9","og_description":"O Congresso\u00a0derrubou\u00a0nesta quinta-feira (30) o\u00a0veto do presidente Lula\u00a0(PT) ao\u00a0PL da Dosimetria, projeto que diminui as penas aplicadas a condenados por\u00a0tentativa de golpe de Estado\u00a0e por\u00a0envolvimento nos atos golpistas\u00a0de 8 de janeiro de 2023. A decis\u00e3o\u00a0beneficiar\u00e1 o ex-presidente Jair Bolsonaro, com a diminui\u00e7\u00e3o de sua pena. A C\u00e2mara dos Deputados votou primeiro e formou maioria para derrubar o veto. Foram\u00a0318 votos favor\u00e1veis \u00e0 derrubada\u00a0e\u00a0144 contr\u00e1rios. J\u00e1 no Senado, foram\u00a049 votos para a derrubada do veto\u00a0e\u00a024 votos contra. A derrubada do veto representa uma nova derrota\u00a0ao governo federal, um dia ap\u00f3s a\u00a0rejei\u00e7\u00e3o pelo Senado do indicado de Lula, o advogado-geral da Uni\u00e3o, [&hellip;]","og_url":"https:\/\/serrafm879.com.br\/serrafm\/2026\/05\/congresso-derruba-veto-de-lula-ao-pl-da-dosimetria\/","og_site_name":"Serra FM 87,9","article_published_time":"2026-05-02T14:18:26+00:00","og_image":[{"width":750,"height":450,"url":"http:\/\/serrafm879.com.br\/serrafm\/wp-content\/uploads\/2026\/05\/design-sem-nome-57-750x450-1.png","type":"image\/png"}],"author":"serrafm87","twitter_card":"summary_large_image","twitter_misc":{"Escrito por":"serrafm87","Est. tempo de leitura":"2 minutos"},"schema":{"@context":"https:\/\/schema.org","@graph":[{"@type":"WebPage","@id":"https:\/\/serrafm879.com.br\/serrafm\/2026\/05\/congresso-derruba-veto-de-lula-ao-pl-da-dosimetria\/","url":"https:\/\/serrafm879.com.br\/serrafm\/2026\/05\/congresso-derruba-veto-de-lula-ao-pl-da-dosimetria\/","name":"Congresso derruba veto de Lula ao PL da Dosimetria - Serra FM 87,9","isPartOf":{"@id":"https:\/\/serrafm879.com.br\/serrafm\/#website"},"primaryImageOfPage":{"@id":"https:\/\/serrafm879.com.br\/serrafm\/2026\/05\/congresso-derruba-veto-de-lula-ao-pl-da-dosimetria\/#primaryimage"},"image":{"@id":"https:\/\/serrafm879.com.br\/serrafm\/2026\/05\/congresso-derruba-veto-de-lula-ao-pl-da-dosimetria\/#primaryimage"},"thumbnailUrl":"https:\/\/serrafm879.com.br\/serrafm\/wp-content\/uploads\/2026\/05\/design-sem-nome-57-750x450-1.png","datePublished":"2026-05-02T14:18:26+00:00","author":{"@id":"https:\/\/serrafm879.com.br\/serrafm\/#\/schema\/person\/c028a197030ff8b1c03c68dfba4a787a"},"breadcrumb":{"@id":"https:\/\/serrafm879.com.br\/serrafm\/2026\/05\/congresso-derruba-veto-de-lula-ao-pl-da-dosimetria\/#breadcrumb"},"inLanguage":"pt-BR","potentialAction":[{"@type":"ReadAction","target":["https:\/\/serrafm879.com.br\/serrafm\/2026\/05\/congresso-derruba-veto-de-lula-ao-pl-da-dosimetria\/"]}]},{"@type":"ImageObject","inLanguage":"pt-BR","@id":"https:\/\/serrafm879.com.br\/serrafm\/2026\/05\/congresso-derruba-veto-de-lula-ao-pl-da-dosimetria\/#primaryimage","url":"https:\/\/serrafm879.com.br\/serrafm\/wp-content\/uploads\/2026\/05\/design-sem-nome-57-750x450-1.png","contentUrl":"https:\/\/serrafm879.com.br\/serrafm\/wp-content\/uploads\/2026\/05\/design-sem-nome-57-750x450-1.png","width":750,"height":450},{"@type":"BreadcrumbList","@id":"https:\/\/serrafm879.com.br\/serrafm\/2026\/05\/congresso-derruba-veto-de-lula-ao-pl-da-dosimetria\/#breadcrumb","itemListElement":[{"@type":"ListItem","position":1,"name":"In\u00edcio","item":"https:\/\/serrafm879.com.br\/serrafm\/"},{"@type":"ListItem","position":2,"name":"Congresso derruba veto de Lula ao PL da Dosimetria"}]},{"@type":"WebSite","@id":"https:\/\/serrafm879.com.br\/serrafm\/#website","url":"https:\/\/serrafm879.com.br\/serrafm\/","name":"Serra FM 87,9","description":"O seu novo amor!","potentialAction":[{"@type":"SearchAction","target":{"@type":"EntryPoint","urlTemplate":"https:\/\/serrafm879.com.br\/serrafm\/?s={search_term_string}"},"query-input":{"@type":"PropertyValueSpecification","valueRequired":true,"valueName":"search_term_string"}}],"inLanguage":"pt-BR"},{"@type":"Person","@id":"https:\/\/serrafm879.com.br\/serrafm\/#\/schema\/person\/c028a197030ff8b1c03c68dfba4a787a","name":"serrafm87","image":{"@type":"ImageObject","inLanguage":"pt-BR","@id":"https:\/\/serrafm879.com.br\/serrafm\/#\/schema\/person\/image\/","url":"https:\/\/secure.gravatar.com\/avatar\/a743233f1112d34f48bb3dc9559b76eb930bab8b27175856cba6362608736235?s=96&d=mm&r=g","contentUrl":"https:\/\/secure.gravatar.com\/avatar\/a743233f1112d34f48bb3dc9559b76eb930bab8b27175856cba6362608736235?s=96&d=mm&r=g","caption":"serrafm87"},"sameAs":["http:\/\/serrafm879.com.br\/"],"url":"https:\/\/serrafm879.com.br\/serrafm\/author\/serrafm87\/"}]}},"jetpack_featured_media_url":"https:\/\/serrafm879.com.br\/serrafm\/wp-content\/uploads\/2026\/05\/design-sem-nome-57-750x450-1.png","jetpack_shortlink":"https:\/\/wp.me\/p7HyXg-7d1","jetpack_sharing_enabled":true,"_links":{"self":[{"href":"https:\/\/serrafm879.com.br\/serrafm\/wp-json\/wp\/v2\/posts\/27715","targetHints":{"allow":["GET"]}}],"collection":[{"href":"https:\/\/serrafm879.com.br\/serrafm\/wp-json\/wp\/v2\/posts"}],"about":[{"href":"https:\/\/serrafm879.com.br\/serrafm\/wp-json\/wp\/v2\/types\/post"}],"author":[{"embeddable":true,"href":"https:\/\/serrafm879.com.br\/serrafm\/wp-json\/wp\/v2\/users\/2"}],"replies":[{"embeddable":true,"href":"https:\/\/serrafm879.com.br\/serrafm\/wp-json\/wp\/v2\/comments?post=27715"}],"version-history":[{"count":1,"href":"https:\/\/serrafm879.com.br\/serrafm\/wp-json\/wp\/v2\/posts\/27715\/revisions"}],"predecessor-version":[{"id":27717,"href":"https:\/\/serrafm879.com.br\/serrafm\/wp-json\/wp\/v2\/posts\/27715\/revisions\/27717"}],"wp:featuredmedia":[{"embeddable":true,"href":"https:\/\/serrafm879.com.br\/serrafm\/wp-json\/wp\/v2\/media\/27716"}],"wp:attachment":[{"href":"https:\/\/serrafm879.com.br\/serrafm\/wp-json\/wp\/v2\/media?parent=27715"}],"wp:term":[{"taxonomy":"category","embeddable":true,"href":"https:\/\/serrafm879.com.br\/serrafm\/wp-json\/wp\/v2\/categories?post=27715"},{"taxonomy":"post_tag","embeddable":true,"href":"https:\/\/serrafm879.com.br\/serrafm\/wp-json\/wp\/v2\/tags?post=27715"}],"curies":[{"name":"wp","href":"https:\/\/api.w.org\/{rel}","templated":true}]}}