{"id":28031,"date":"2026-07-16T09:22:41","date_gmt":"2026-07-16T12:22:41","guid":{"rendered":"https:\/\/serrafm879.com.br\/serrafm\/?p=28031"},"modified":"2026-07-16T09:22:41","modified_gmt":"2026-07-16T12:22:41","slug":"em-serra-marcia-conrado-anuncia-iluminacao-do-vanete-almeida-em-mais-um-embate-com-governo-raquel","status":"publish","type":"post","link":"https:\/\/serrafm879.com.br\/serrafm\/2026\/07\/em-serra-marcia-conrado-anuncia-iluminacao-do-vanete-almeida-em-mais-um-embate-com-governo-raquel\/","title":{"rendered":"Em Serra, M\u00e1rcia Conrado anuncia ilumina\u00e7\u00e3o do Vanete Almeida, em mais um embate com governo Raquel"},"content":{"rendered":"<p>Com recursos pr\u00f3prios, Prefeitura de Serra Talhada inicia obra de ilumina\u00e7\u00e3o do acesso ao Residencial Vanete Almeida<\/p>\n<p>A prefeita de Serra Talhada, M\u00e1rcia Conrado assinou, nesta quarta-feira (15) a ordem de servi\u00e7o para a implanta\u00e7\u00e3o da ilumina\u00e7\u00e3o p\u00fablica da avenida de acesso ao Residencial Vanete Almeida. A interven\u00e7\u00e3o, que j\u00e1 teve in\u00edcio no mesmo dia, ser\u00e1 executada com recursos pr\u00f3prios do munic\u00edpio, em um investimento de aproximadamente R$ 265 mil. O projeto contempla a instala\u00e7\u00e3o de 37 postes.<\/p>\n<p>\u201cQuando a gente governa com responsabilidade, o compromisso \u00e9 com as pessoas. N\u00e3o ficamos esperando que os problemas se resolvam sozinhos. N\u00f3s vamos atr\u00e1s, planejamos, fazemos o projeto, investimos recursos pr\u00f3prios e entregamos aquilo que a popula\u00e7\u00e3o precisa. \u00c9 assim que temos transformado Serra Talhada: com muito trabalho e com obras que mudam a vida das pessoas\u201d, destacou a prefeita M\u00e1rcia Conrado.<\/p>\n<p>S\u00e3o mais de 900 fam\u00edlias beneficiadas pelo programa. A gest\u00e3o diz que o Residencial foi destravado pela prefeita M\u00e1rcia Conrado.<\/p>\n<p>\u201cNosso governo \u00e9 reconhecido por fazer acontecer. Foi assim com as grandes obras de mobilidade, sa\u00fade, educa\u00e7\u00e3o, abastecimento de \u00e1gua e pavimenta\u00e7\u00e3o que estamos entregando em toda Serra Talhada, e ser\u00e1 assim sempre que houver uma necessidade da nossa popula\u00e7\u00e3o. Trabalhamos todos os dias para construir uma cidade mais desenvolvida, mais segura e com mais qualidade de vida para todos\u201d, concluiu M\u00e1rcia Conrado.<\/p>\n<p><strong>Luciano Duque diz que estado j\u00e1 havia garantido recurso<\/strong><\/p>\n<p>O Deputado Estadual Luciano Duque disse que o investimento para a ilumina\u00e7\u00e3o do acesso ao Residencial Vanete Almeida j\u00e1 havia sido garantido pelo Governo de Pernambuco. Ou seja, a Prefeitura n\u00e3o precisaria destinar recursos pr\u00f3prios para essa obra, pois ela j\u00e1 estava assegurada pelo Estado.<\/p>\n<p>\u201cEsses recursos poderiam estar sendo aplicados em outras prioridades da popula\u00e7\u00e3o. \u00c9 dif\u00edcil entender essa escolha, principalmente depois de a gest\u00e3o municipal ter recusado uma ambul\u00e2ncia UTI disponibilizada pelo Governo do Estado, equipamento que refor\u00e7aria a rede de sa\u00fade e beneficiaria diretamente quem mais precisa\u201d, questionou.<\/p>\n<p>\u201cA popula\u00e7\u00e3o merece transpar\u00eancia, responsabilidade com o dinheiro p\u00fablico e, acima de tudo, que os interesses da cidade estejam sempre acima das disputas pol\u00edticas\u201d, disse ainda.<\/p>\n<p>&nbsp;<\/p>\n","protected":false},"excerpt":{"rendered":"<p>Com recursos pr\u00f3prios, Prefeitura de Serra Talhada inicia obra de ilumina\u00e7\u00e3o do acesso ao Residencial Vanete Almeida A prefeita de Serra Talhada, M\u00e1rcia Conrado assinou, nesta quarta-feira (15) a ordem de servi\u00e7o para a implanta\u00e7\u00e3o da ilumina\u00e7\u00e3o p\u00fablica da avenida de acesso ao Residencial Vanete Almeida. A interven\u00e7\u00e3o, que j\u00e1 teve in\u00edcio no mesmo dia, ser\u00e1 executada com recursos pr\u00f3prios do munic\u00edpio, em um investimento de aproximadamente R$ 265 mil. O projeto contempla a instala\u00e7\u00e3o de 37 postes. \u201cQuando a gente governa com responsabilidade, o compromisso \u00e9 com as pessoas. N\u00e3o ficamos esperando que os problemas se resolvam sozinhos. N\u00f3s [&hellip;]<\/p>\n","protected":false},"author":2,"featured_media":28032,"comment_status":"open","ping_status":"open","sticky":false,"template":"","format":"standard","meta":{"_jetpack_newsletter_access":"","_jetpack_dont_email_post_to_subs":false,"_jetpack_newsletter_tier_id":0,"_jetpack_memberships_contains_paywalled_content":false,"_jetpack_feature_clip_id":0,"_jetpack_memberships_contains_paid_content":false,"footnotes":"","jetpack_publicize_message":"","jetpack_publicize_feature_enabled":true,"jetpack_social_post_already_shared":true,"jetpack_social_options":{"image_generator_settings":{"template":"highway","default_image_id":0,"font":"","enabled":false},"version":2},"jetpack_post_was_ever_published":false},"categories":[290],"tags":[],"class_list":["post-28031","post","type-post","status-publish","format-standard","has-post-thumbnail","hentry","category-serra-talhada"],"aioseo_notices":[],"aioseo_head":"\n\t\t<!-- All in One SEO 4.9.10 - aioseo.com -->\n\t<meta name=\"description\" content=\"Com recursos pr\u00f3prios, Prefeitura de Serra Talhada inicia obra de ilumina\u00e7\u00e3o do acesso ao Residencial Vanete Almeida A prefeita de Serra Talhada, M\u00e1rcia Conrado assinou, nesta quarta-feira (15) a ordem de servi\u00e7o para a implanta\u00e7\u00e3o da ilumina\u00e7\u00e3o p\u00fablica da avenida de acesso ao Residencial Vanete Almeida. A interven\u00e7\u00e3o, que j\u00e1 teve in\u00edcio no mesmo dia,\" \/>\n\t<meta name=\"robots\" content=\"max-image-preview:large\" \/>\n\t<meta name=\"author\" content=\"serrafm87\"\/>\n\t<link rel=\"canonical\" href=\"https:\/\/serrafm879.com.br\/serrafm\/2026\/07\/em-serra-marcia-conrado-anuncia-iluminacao-do-vanete-almeida-em-mais-um-embate-com-governo-raquel\/\" \/>\n\t<meta name=\"generator\" content=\"All in One SEO (AIOSEO) 4.9.10\" \/>\n\t\t<meta name=\"twitter:card\" content=\"summary_large_image\" \/>\n\t\t<meta name=\"twitter:title\" content=\"Em Serra, M\u00e1rcia Conrado anuncia ilumina\u00e7\u00e3o do Vanete Almeida, em mais um embate com governo Raquel - Serra FM 87,9\" \/>\n\t\t<meta name=\"twitter:description\" content=\"Com recursos pr\u00f3prios, Prefeitura de Serra Talhada inicia obra de ilumina\u00e7\u00e3o do acesso ao Residencial Vanete Almeida A prefeita de Serra Talhada, M\u00e1rcia Conrado assinou, nesta quarta-feira (15) a ordem de servi\u00e7o para a implanta\u00e7\u00e3o da ilumina\u00e7\u00e3o p\u00fablica da avenida de acesso ao Residencial Vanete Almeida. A interven\u00e7\u00e3o, que j\u00e1 teve in\u00edcio no mesmo dia,\" \/>\n\t\t<meta name=\"twitter:image\" content=\"https:\/\/serrafm879.com.br\/serrafm\/wp-content\/uploads\/2026\/07\/IMG-20260715-WA0192-scaled-1.webp\" \/>\n\t\t<script type=\"application\/ld+json\" class=\"aioseo-schema\">\n\t\t\t{\"@context\":\"https:\\\/\\\/schema.org\",\"@graph\":[{\"@type\":\"BlogPosting\",\"@id\":\"https:\\\/\\\/serrafm879.com.br\\\/serrafm\\\/2026\\\/07\\\/em-serra-marcia-conrado-anuncia-iluminacao-do-vanete-almeida-em-mais-um-embate-com-governo-raquel\\\/#blogposting\",\"name\":\"Em Serra, M\\u00e1rcia Conrado anuncia ilumina\\u00e7\\u00e3o do Vanete Almeida, em mais um embate com governo Raquel - Serra FM 87,9\",\"headline\":\"Em Serra, M\\u00e1rcia Conrado anuncia ilumina\\u00e7\\u00e3o do Vanete Almeida, em mais um embate com governo Raquel\",\"author\":{\"@id\":\"https:\\\/\\\/serrafm879.com.br\\\/serrafm\\\/author\\\/serrafm87\\\/#author\"},\"publisher\":{\"@id\":\"https:\\\/\\\/serrafm879.com.br\\\/serrafm\\\/#organization\"},\"image\":{\"@type\":\"ImageObject\",\"url\":\"https:\\\/\\\/serrafm879.com.br\\\/serrafm\\\/wp-content\\\/uploads\\\/2026\\\/07\\\/IMG-20260715-WA0192-scaled-1.webp\",\"width\":768,\"height\":512},\"datePublished\":\"2026-07-16T09:22:41-03:00\",\"dateModified\":\"2026-07-16T09:22:41-03:00\",\"inLanguage\":\"pt-BR\",\"mainEntityOfPage\":{\"@id\":\"https:\\\/\\\/serrafm879.com.br\\\/serrafm\\\/2026\\\/07\\\/em-serra-marcia-conrado-anuncia-iluminacao-do-vanete-almeida-em-mais-um-embate-com-governo-raquel\\\/#webpage\"},\"isPartOf\":{\"@id\":\"https:\\\/\\\/serrafm879.com.br\\\/serrafm\\\/2026\\\/07\\\/em-serra-marcia-conrado-anuncia-iluminacao-do-vanete-almeida-em-mais-um-embate-com-governo-raquel\\\/#webpage\"},\"articleSection\":\"Serra Talhada\"},{\"@type\":\"BreadcrumbList\",\"@id\":\"https:\\\/\\\/serrafm879.com.br\\\/serrafm\\\/2026\\\/07\\\/em-serra-marcia-conrado-anuncia-iluminacao-do-vanete-almeida-em-mais-um-embate-com-governo-raquel\\\/#breadcrumblist\",\"itemListElement\":[{\"@type\":\"ListItem\",\"@id\":\"https:\\\/\\\/serrafm879.com.br\\\/serrafm#listItem\",\"position\":1,\"name\":\"Home\",\"item\":\"https:\\\/\\\/serrafm879.com.br\\\/serrafm\",\"nextItem\":{\"@type\":\"ListItem\",\"@id\":\"https:\\\/\\\/serrafm879.com.br\\\/serrafm\\\/categoria\\\/serra-talhada\\\/#listItem\",\"name\":\"Serra Talhada\"}},{\"@type\":\"ListItem\",\"@id\":\"https:\\\/\\\/serrafm879.com.br\\\/serrafm\\\/categoria\\\/serra-talhada\\\/#listItem\",\"position\":2,\"name\":\"Serra Talhada\",\"item\":\"https:\\\/\\\/serrafm879.com.br\\\/serrafm\\\/categoria\\\/serra-talhada\\\/\",\"nextItem\":{\"@type\":\"ListItem\",\"@id\":\"https:\\\/\\\/serrafm879.com.br\\\/serrafm\\\/2026\\\/07\\\/em-serra-marcia-conrado-anuncia-iluminacao-do-vanete-almeida-em-mais-um-embate-com-governo-raquel\\\/#listItem\",\"name\":\"Em Serra, M\\u00e1rcia Conrado anuncia ilumina\\u00e7\\u00e3o do Vanete Almeida, em mais um embate com governo Raquel\"},\"previousItem\":{\"@type\":\"ListItem\",\"@id\":\"https:\\\/\\\/serrafm879.com.br\\\/serrafm#listItem\",\"name\":\"Home\"}},{\"@type\":\"ListItem\",\"@id\":\"https:\\\/\\\/serrafm879.com.br\\\/serrafm\\\/2026\\\/07\\\/em-serra-marcia-conrado-anuncia-iluminacao-do-vanete-almeida-em-mais-um-embate-com-governo-raquel\\\/#listItem\",\"position\":3,\"name\":\"Em Serra, M\\u00e1rcia Conrado anuncia ilumina\\u00e7\\u00e3o do Vanete Almeida, em mais um embate com governo Raquel\",\"previousItem\":{\"@type\":\"ListItem\",\"@id\":\"https:\\\/\\\/serrafm879.com.br\\\/serrafm\\\/categoria\\\/serra-talhada\\\/#listItem\",\"name\":\"Serra Talhada\"}}]},{\"@type\":\"Organization\",\"@id\":\"https:\\\/\\\/serrafm879.com.br\\\/serrafm\\\/#organization\",\"name\":\"Serra FM 87,9\",\"description\":\"O seu novo amor!\",\"url\":\"https:\\\/\\\/serrafm879.com.br\\\/serrafm\\\/\"},{\"@type\":\"Person\",\"@id\":\"https:\\\/\\\/serrafm879.com.br\\\/serrafm\\\/author\\\/serrafm87\\\/#author\",\"url\":\"https:\\\/\\\/serrafm879.com.br\\\/serrafm\\\/author\\\/serrafm87\\\/\",\"name\":\"serrafm87\",\"image\":{\"@type\":\"ImageObject\",\"@id\":\"https:\\\/\\\/serrafm879.com.br\\\/serrafm\\\/2026\\\/07\\\/em-serra-marcia-conrado-anuncia-iluminacao-do-vanete-almeida-em-mais-um-embate-com-governo-raquel\\\/#authorImage\",\"url\":\"https:\\\/\\\/secure.gravatar.com\\\/avatar\\\/a743233f1112d34f48bb3dc9559b76eb930bab8b27175856cba6362608736235?s=96&d=mm&r=g\",\"width\":96,\"height\":96,\"caption\":\"serrafm87\"}},{\"@type\":\"WebPage\",\"@id\":\"https:\\\/\\\/serrafm879.com.br\\\/serrafm\\\/2026\\\/07\\\/em-serra-marcia-conrado-anuncia-iluminacao-do-vanete-almeida-em-mais-um-embate-com-governo-raquel\\\/#webpage\",\"url\":\"https:\\\/\\\/serrafm879.com.br\\\/serrafm\\\/2026\\\/07\\\/em-serra-marcia-conrado-anuncia-iluminacao-do-vanete-almeida-em-mais-um-embate-com-governo-raquel\\\/\",\"name\":\"Em Serra, M\\u00e1rcia Conrado anuncia ilumina\\u00e7\\u00e3o do Vanete Almeida, em mais um embate com governo Raquel - Serra FM 87,9\",\"description\":\"Com recursos pr\\u00f3prios, Prefeitura de Serra Talhada inicia obra de ilumina\\u00e7\\u00e3o do acesso ao Residencial Vanete Almeida A prefeita de Serra Talhada, M\\u00e1rcia Conrado assinou, nesta quarta-feira (15) a ordem de servi\\u00e7o para a implanta\\u00e7\\u00e3o da ilumina\\u00e7\\u00e3o p\\u00fablica da avenida de acesso ao Residencial Vanete Almeida. A interven\\u00e7\\u00e3o, que j\\u00e1 teve in\\u00edcio no mesmo dia,\",\"inLanguage\":\"pt-BR\",\"isPartOf\":{\"@id\":\"https:\\\/\\\/serrafm879.com.br\\\/serrafm\\\/#website\"},\"breadcrumb\":{\"@id\":\"https:\\\/\\\/serrafm879.com.br\\\/serrafm\\\/2026\\\/07\\\/em-serra-marcia-conrado-anuncia-iluminacao-do-vanete-almeida-em-mais-um-embate-com-governo-raquel\\\/#breadcrumblist\"},\"author\":{\"@id\":\"https:\\\/\\\/serrafm879.com.br\\\/serrafm\\\/author\\\/serrafm87\\\/#author\"},\"creator\":{\"@id\":\"https:\\\/\\\/serrafm879.com.br\\\/serrafm\\\/author\\\/serrafm87\\\/#author\"},\"image\":{\"@type\":\"ImageObject\",\"url\":\"https:\\\/\\\/serrafm879.com.br\\\/serrafm\\\/wp-content\\\/uploads\\\/2026\\\/07\\\/IMG-20260715-WA0192-scaled-1.webp\",\"@id\":\"https:\\\/\\\/serrafm879.com.br\\\/serrafm\\\/2026\\\/07\\\/em-serra-marcia-conrado-anuncia-iluminacao-do-vanete-almeida-em-mais-um-embate-com-governo-raquel\\\/#mainImage\",\"width\":768,\"height\":512},\"primaryImageOfPage\":{\"@id\":\"https:\\\/\\\/serrafm879.com.br\\\/serrafm\\\/2026\\\/07\\\/em-serra-marcia-conrado-anuncia-iluminacao-do-vanete-almeida-em-mais-um-embate-com-governo-raquel\\\/#mainImage\"},\"datePublished\":\"2026-07-16T09:22:41-03:00\",\"dateModified\":\"2026-07-16T09:22:41-03:00\"},{\"@type\":\"WebSite\",\"@id\":\"https:\\\/\\\/serrafm879.com.br\\\/serrafm\\\/#website\",\"url\":\"https:\\\/\\\/serrafm879.com.br\\\/serrafm\\\/\",\"name\":\"Serra FM 87,9\",\"description\":\"O seu novo amor!\",\"inLanguage\":\"pt-BR\",\"publisher\":{\"@id\":\"https:\\\/\\\/serrafm879.com.br\\\/serrafm\\\/#organization\"}}]}\n\t\t<\/script>\n\t\t<!-- All in One SEO -->\n\n","aioseo_head_json":{"title":"Em Serra, M\u00e1rcia Conrado anuncia ilumina\u00e7\u00e3o do Vanete Almeida, em mais um embate com governo Raquel - Serra FM 87,9","description":"Com recursos pr\u00f3prios, Prefeitura de Serra Talhada inicia obra de ilumina\u00e7\u00e3o do acesso ao Residencial Vanete Almeida A prefeita de Serra Talhada, M\u00e1rcia Conrado assinou, nesta quarta-feira (15) a ordem de servi\u00e7o para a implanta\u00e7\u00e3o da ilumina\u00e7\u00e3o p\u00fablica da avenida de acesso ao Residencial Vanete Almeida. A interven\u00e7\u00e3o, que j\u00e1 teve in\u00edcio no mesmo dia,","canonical_url":"https:\/\/serrafm879.com.br\/serrafm\/2026\/07\/em-serra-marcia-conrado-anuncia-iluminacao-do-vanete-almeida-em-mais-um-embate-com-governo-raquel\/","robots":"max-image-preview:large","keywords":"","webmasterTools":{"miscellaneous":""},"schema":{"@context":"https:\/\/schema.org","@graph":[{"@type":"BlogPosting","@id":"https:\/\/serrafm879.com.br\/serrafm\/2026\/07\/em-serra-marcia-conrado-anuncia-iluminacao-do-vanete-almeida-em-mais-um-embate-com-governo-raquel\/#blogposting","name":"Em Serra, M\u00e1rcia Conrado anuncia ilumina\u00e7\u00e3o do Vanete Almeida, em mais um embate com governo Raquel - Serra FM 87,9","headline":"Em Serra, M\u00e1rcia Conrado anuncia ilumina\u00e7\u00e3o do Vanete Almeida, em mais um embate com governo Raquel","author":{"@id":"https:\/\/serrafm879.com.br\/serrafm\/author\/serrafm87\/#author"},"publisher":{"@id":"https:\/\/serrafm879.com.br\/serrafm\/#organization"},"image":{"@type":"ImageObject","url":"https:\/\/serrafm879.com.br\/serrafm\/wp-content\/uploads\/2026\/07\/IMG-20260715-WA0192-scaled-1.webp","width":768,"height":512},"datePublished":"2026-07-16T09:22:41-03:00","dateModified":"2026-07-16T09:22:41-03:00","inLanguage":"pt-BR","mainEntityOfPage":{"@id":"https:\/\/serrafm879.com.br\/serrafm\/2026\/07\/em-serra-marcia-conrado-anuncia-iluminacao-do-vanete-almeida-em-mais-um-embate-com-governo-raquel\/#webpage"},"isPartOf":{"@id":"https:\/\/serrafm879.com.br\/serrafm\/2026\/07\/em-serra-marcia-conrado-anuncia-iluminacao-do-vanete-almeida-em-mais-um-embate-com-governo-raquel\/#webpage"},"articleSection":"Serra Talhada"},{"@type":"BreadcrumbList","@id":"https:\/\/serrafm879.com.br\/serrafm\/2026\/07\/em-serra-marcia-conrado-anuncia-iluminacao-do-vanete-almeida-em-mais-um-embate-com-governo-raquel\/#breadcrumblist","itemListElement":[{"@type":"ListItem","@id":"https:\/\/serrafm879.com.br\/serrafm#listItem","position":1,"name":"Home","item":"https:\/\/serrafm879.com.br\/serrafm","nextItem":{"@type":"ListItem","@id":"https:\/\/serrafm879.com.br\/serrafm\/categoria\/serra-talhada\/#listItem","name":"Serra Talhada"}},{"@type":"ListItem","@id":"https:\/\/serrafm879.com.br\/serrafm\/categoria\/serra-talhada\/#listItem","position":2,"name":"Serra Talhada","item":"https:\/\/serrafm879.com.br\/serrafm\/categoria\/serra-talhada\/","nextItem":{"@type":"ListItem","@id":"https:\/\/serrafm879.com.br\/serrafm\/2026\/07\/em-serra-marcia-conrado-anuncia-iluminacao-do-vanete-almeida-em-mais-um-embate-com-governo-raquel\/#listItem","name":"Em Serra, M\u00e1rcia Conrado anuncia ilumina\u00e7\u00e3o do Vanete Almeida, em mais um embate com governo Raquel"},"previousItem":{"@type":"ListItem","@id":"https:\/\/serrafm879.com.br\/serrafm#listItem","name":"Home"}},{"@type":"ListItem","@id":"https:\/\/serrafm879.com.br\/serrafm\/2026\/07\/em-serra-marcia-conrado-anuncia-iluminacao-do-vanete-almeida-em-mais-um-embate-com-governo-raquel\/#listItem","position":3,"name":"Em Serra, M\u00e1rcia Conrado anuncia ilumina\u00e7\u00e3o do Vanete Almeida, em mais um embate com governo Raquel","previousItem":{"@type":"ListItem","@id":"https:\/\/serrafm879.com.br\/serrafm\/categoria\/serra-talhada\/#listItem","name":"Serra Talhada"}}]},{"@type":"Organization","@id":"https:\/\/serrafm879.com.br\/serrafm\/#organization","name":"Serra FM 87,9","description":"O seu novo amor!","url":"https:\/\/serrafm879.com.br\/serrafm\/"},{"@type":"Person","@id":"https:\/\/serrafm879.com.br\/serrafm\/author\/serrafm87\/#author","url":"https:\/\/serrafm879.com.br\/serrafm\/author\/serrafm87\/","name":"serrafm87","image":{"@type":"ImageObject","@id":"https:\/\/serrafm879.com.br\/serrafm\/2026\/07\/em-serra-marcia-conrado-anuncia-iluminacao-do-vanete-almeida-em-mais-um-embate-com-governo-raquel\/#authorImage","url":"https:\/\/secure.gravatar.com\/avatar\/a743233f1112d34f48bb3dc9559b76eb930bab8b27175856cba6362608736235?s=96&d=mm&r=g","width":96,"height":96,"caption":"serrafm87"}},{"@type":"WebPage","@id":"https:\/\/serrafm879.com.br\/serrafm\/2026\/07\/em-serra-marcia-conrado-anuncia-iluminacao-do-vanete-almeida-em-mais-um-embate-com-governo-raquel\/#webpage","url":"https:\/\/serrafm879.com.br\/serrafm\/2026\/07\/em-serra-marcia-conrado-anuncia-iluminacao-do-vanete-almeida-em-mais-um-embate-com-governo-raquel\/","name":"Em Serra, M\u00e1rcia Conrado anuncia ilumina\u00e7\u00e3o do Vanete Almeida, em mais um embate com governo Raquel - Serra FM 87,9","description":"Com recursos pr\u00f3prios, Prefeitura de Serra Talhada inicia obra de ilumina\u00e7\u00e3o do acesso ao Residencial Vanete Almeida A prefeita de Serra Talhada, M\u00e1rcia Conrado assinou, nesta quarta-feira (15) a ordem de servi\u00e7o para a implanta\u00e7\u00e3o da ilumina\u00e7\u00e3o p\u00fablica da avenida de acesso ao Residencial Vanete Almeida. A interven\u00e7\u00e3o, que j\u00e1 teve in\u00edcio no mesmo dia,","inLanguage":"pt-BR","isPartOf":{"@id":"https:\/\/serrafm879.com.br\/serrafm\/#website"},"breadcrumb":{"@id":"https:\/\/serrafm879.com.br\/serrafm\/2026\/07\/em-serra-marcia-conrado-anuncia-iluminacao-do-vanete-almeida-em-mais-um-embate-com-governo-raquel\/#breadcrumblist"},"author":{"@id":"https:\/\/serrafm879.com.br\/serrafm\/author\/serrafm87\/#author"},"creator":{"@id":"https:\/\/serrafm879.com.br\/serrafm\/author\/serrafm87\/#author"},"image":{"@type":"ImageObject","url":"https:\/\/serrafm879.com.br\/serrafm\/wp-content\/uploads\/2026\/07\/IMG-20260715-WA0192-scaled-1.webp","@id":"https:\/\/serrafm879.com.br\/serrafm\/2026\/07\/em-serra-marcia-conrado-anuncia-iluminacao-do-vanete-almeida-em-mais-um-embate-com-governo-raquel\/#mainImage","width":768,"height":512},"primaryImageOfPage":{"@id":"https:\/\/serrafm879.com.br\/serrafm\/2026\/07\/em-serra-marcia-conrado-anuncia-iluminacao-do-vanete-almeida-em-mais-um-embate-com-governo-raquel\/#mainImage"},"datePublished":"2026-07-16T09:22:41-03:00","dateModified":"2026-07-16T09:22:41-03:00"},{"@type":"WebSite","@id":"https:\/\/serrafm879.com.br\/serrafm\/#website","url":"https:\/\/serrafm879.com.br\/serrafm\/","name":"Serra FM 87,9","description":"O seu novo amor!","inLanguage":"pt-BR","publisher":{"@id":"https:\/\/serrafm879.com.br\/serrafm\/#organization"}}]},"twitter:card":"summary_large_image","twitter:title":"Em Serra, M\u00e1rcia Conrado anuncia ilumina\u00e7\u00e3o do Vanete Almeida, em mais um embate com governo Raquel - Serra FM 87,9","twitter:description":"Com recursos pr\u00f3prios, Prefeitura de Serra Talhada inicia obra de ilumina\u00e7\u00e3o do acesso ao Residencial Vanete Almeida A prefeita de Serra Talhada, M\u00e1rcia Conrado assinou, nesta quarta-feira (15) a ordem de servi\u00e7o para a implanta\u00e7\u00e3o da ilumina\u00e7\u00e3o p\u00fablica da avenida de acesso ao Residencial Vanete Almeida. A interven\u00e7\u00e3o, que j\u00e1 teve in\u00edcio no mesmo dia,","twitter:image":"https:\/\/serrafm879.com.br\/serrafm\/wp-content\/uploads\/2026\/07\/IMG-20260715-WA0192-scaled-1.webp"},"aioseo_meta_data":{"post_id":"28031","title":null,"description":null,"keywords":null,"keyphrases":null,"primary_term":null,"canonical_url":null,"og_title":null,"og_description":null,"og_object_type":"default","og_image_type":"default","og_image_custom_url":null,"og_image_custom_fields":null,"og_image_url":null,"og_image_width":null,"og_image_height":null,"og_video":null,"og_custom_url":null,"og_article_section":null,"og_article_tags":null,"twitter_use_og":false,"twitter_card":"default","twitter_image_type":"default","twitter_image_custom_url":null,"twitter_image_custom_fields":null,"twitter_image_url":null,"twitter_title":null,"twitter_description":null,"schema_type":"default","schema_type_options":null,"schema":{"blockGraphs":[],"customGraphs":[],"default":{"data":{"Article":[],"Course":[],"Dataset":[],"FAQPage":[],"Movie":[],"Person":[],"Product":[],"ProductReview":[],"Car":[],"Recipe":[],"Service":[],"SoftwareApplication":[],"WebPage":[]},"graphName":"","isEnabled":true},"graphs":[]},"pillar_content":false,"robots_default":true,"robots_noindex":false,"robots_noarchive":false,"robots_nosnippet":false,"robots_nofollow":false,"robots_noimageindex":false,"robots_noodp":false,"robots_notranslate":false,"robots_max_snippet":null,"robots_max_videopreview":null,"robots_max_imagepreview":"large","priority":null,"frequency":null,"local_seo":null,"limit_modified_date":false,"ai":null,"breadcrumb_settings":null,"seo_analyzer_scan_date":null,"created":"2026-07-21 20:59:51","updated":"2026-07-21 20:59:51"},"aioseo_breadcrumb":"<div class=\"aioseo-breadcrumbs\"><span class=\"aioseo-breadcrumb\">\n\t\t\t<a href=\"https:\/\/serrafm879.com.br\/serrafm\" title=\"Home\">Home<\/a>\n\t\t<\/span><span class=\"aioseo-breadcrumb-separator\">&raquo;<\/span><span class=\"aioseo-breadcrumb\">\n\t\t\t<a href=\"https:\/\/serrafm879.com.br\/serrafm\/categoria\/serra-talhada\/\" title=\"Serra Talhada\">Serra Talhada<\/a>\n\t\t<\/span><span class=\"aioseo-breadcrumb-separator\">&raquo;<\/span><span class=\"aioseo-breadcrumb\">\n\t\t\tEm Serra, M\u00e1rcia Conrado anuncia ilumina\u00e7\u00e3o do Vanete Almeida, em mais um embate com governo Raquel\n\t\t<\/span><\/div>","aioseo_breadcrumb_json":[{"label":"Home","link":"https:\/\/serrafm879.com.br\/serrafm"},{"label":"Serra Talhada","link":"https:\/\/serrafm879.com.br\/serrafm\/categoria\/serra-talhada\/"},{"label":"Em Serra, M\u00e1rcia Conrado anuncia ilumina\u00e7\u00e3o do Vanete Almeida, em mais um embate com governo Raquel","link":"https:\/\/serrafm879.com.br\/serrafm\/2026\/07\/em-serra-marcia-conrado-anuncia-iluminacao-do-vanete-almeida-em-mais-um-embate-com-governo-raquel\/"}],"jetpack_publicize_connections":[],"jetpack_featured_media_url":"https:\/\/serrafm879.com.br\/serrafm\/wp-content\/uploads\/2026\/07\/IMG-20260715-WA0192-scaled-1.webp","jetpack_shortlink":"https:\/\/wp.me\/p7HyXg-7i7","jetpack_sharing_enabled":true,"_links":{"self":[{"href":"https:\/\/serrafm879.com.br\/serrafm\/wp-json\/wp\/v2\/posts\/28031","targetHints":{"allow":["GET"]}}],"collection":[{"href":"https:\/\/serrafm879.com.br\/serrafm\/wp-json\/wp\/v2\/posts"}],"about":[{"href":"https:\/\/serrafm879.com.br\/serrafm\/wp-json\/wp\/v2\/types\/post"}],"author":[{"embeddable":true,"href":"https:\/\/serrafm879.com.br\/serrafm\/wp-json\/wp\/v2\/users\/2"}],"replies":[{"embeddable":true,"href":"https:\/\/serrafm879.com.br\/serrafm\/wp-json\/wp\/v2\/comments?post=28031"}],"version-history":[{"count":1,"href":"https:\/\/serrafm879.com.br\/serrafm\/wp-json\/wp\/v2\/posts\/28031\/revisions"}],"predecessor-version":[{"id":28033,"href":"https:\/\/serrafm879.com.br\/serrafm\/wp-json\/wp\/v2\/posts\/28031\/revisions\/28033"}],"wp:featuredmedia":[{"embeddable":true,"href":"https:\/\/serrafm879.com.br\/serrafm\/wp-json\/wp\/v2\/media\/28032"}],"wp:attachment":[{"href":"https:\/\/serrafm879.com.br\/serrafm\/wp-json\/wp\/v2\/media?parent=28031"}],"wp:term":[{"taxonomy":"category","embeddable":true,"href":"https:\/\/serrafm879.com.br\/serrafm\/wp-json\/wp\/v2\/categories?post=28031"},{"taxonomy":"post_tag","embeddable":true,"href":"https:\/\/serrafm879.com.br\/serrafm\/wp-json\/wp\/v2\/tags?post=28031"}],"curies":[{"name":"wp","href":"https:\/\/api.w.org\/{rel}","templated":true}]}}