{"id":28037,"date":"2026-07-17T19:00:41","date_gmt":"2026-07-17T22:00:41","guid":{"rendered":"https:\/\/serrafm879.com.br\/serrafm\/?p=28037"},"modified":"2026-07-17T19:00:41","modified_gmt":"2026-07-17T22:00:41","slug":"pernambuco-lidera-crescimento-do-comercio-varejista-no-brasil-em-2026","status":"publish","type":"post","link":"https:\/\/serrafm879.com.br\/serrafm\/2026\/07\/pernambuco-lidera-crescimento-do-comercio-varejista-no-brasil-em-2026\/","title":{"rendered":"Pernambuco lidera crescimento do com\u00e9rcio varejista no Brasil em 2026"},"content":{"rendered":"<figure id=\"attachment_195030\" class=\"wp-caption alignnone\" aria-describedby=\"caption-attachment-195030\"><figcaption id=\"caption-attachment-195030\" class=\"wp-caption-text\">Foto: Allan Torres \/ SDEC<\/figcaption><\/figure>\n<p>Pernambuco registrou o maior crescimento do com\u00e9rcio varejista do pa\u00eds no acumulado de janeiro a maio de 2026 em rela\u00e7\u00e3o ao mesmo per\u00edodo de 2025, de acordo com a Pesquisa Mensal do Com\u00e9rcio (PMC), divulgada pelo Instituto Brasileiro de Geografia e Estat\u00edstica (IBGE). No per\u00edodo, o volume de vendas do varejo no estado avan\u00e7ou 11%, resultado superior ao nacional (1,7%) e \u00e0 m\u00e9dia da Regi\u00e3o Nordeste (3,2%).<\/p>\n<p>Na compara\u00e7\u00e3o entre maio de 2026 e o mesmo m\u00eas do ano anterior, Pernambuco apresentou crescimento de 7,4%, o segundo maior desempenho entre as unidades da Federa\u00e7\u00e3o e o melhor resultado da Regi\u00e3o Nordeste.<\/p>\n<p>O desempenho foi impulsionado principalmente pelos segmentos de hipermercados e supermercados (+26,8%), hipermercados, supermercados, produtos aliment\u00edcios, bebidas e fumo (+22,2%), equipamentos e materiais para escrit\u00f3rio, inform\u00e1tica e comunica\u00e7\u00e3o (+18,2%) e livros, jornais, revistas e papelaria (+19,1%) no acumulado do ano.<\/p>\n<p>Na compara\u00e7\u00e3o com abril, considerando a s\u00e9rie com ajuste sazonal, o com\u00e9rcio varejista de Pernambuco registrou varia\u00e7\u00e3o de -0,6%, movimento em linha com a acomoda\u00e7\u00e3o observada em diversas unidades da Federa\u00e7\u00e3o. Mesmo com oscila\u00e7\u00e3o mensal, o desempenho acumulado mant\u00e9m o estado na lideran\u00e7a nacional do setor em 2026.<\/p>\n<p>O levantamento tamb\u00e9m aponta que o n\u00edvel de atividade do com\u00e9rcio pernambucano permanece elevado. Em maio, o \u00edndice de volume de vendas alcan\u00e7ou 117,4 pontos, permanecendo 17,4% acima da m\u00e9dia de 2022 e pr\u00f3ximo do maior patamar da s\u00e9rie hist\u00f3rica.<\/p>\n<p>Para a secret\u00e1ria de Desenvolvimento Econ\u00f4mico, Danielle Jar Souto, os dados da Pesquisa Mensal do Com\u00e9rcio confirmam a consist\u00eancia do desempenho do varejo pernambucano ao longo de 2026.<\/p>\n<p>\u201cPernambuco lidera o crescimento nacional no acumulado do ano, resultado que reflete o dinamismo da economia estadual e a capacidade do setor produtivo de ampliar sua atividade. A Secretaria de Desenvolvimento Econ\u00f4mico segue atuando para fortalecer o ambiente de neg\u00f3cios, estimular novos investimentos e ampliar as oportunidades de desenvolvimento em todas as regi\u00f5es do estado\u201d, disse.<\/p>\n<p>Fonte: Blog Edmar Lyra<\/p>\n","protected":false},"excerpt":{"rendered":"<p>Foto: Allan Torres \/ SDEC Pernambuco registrou o maior crescimento do com\u00e9rcio varejista do pa\u00eds no acumulado de janeiro a maio de 2026 em rela\u00e7\u00e3o ao mesmo per\u00edodo de 2025, de acordo com a Pesquisa Mensal do Com\u00e9rcio (PMC), divulgada pelo Instituto Brasileiro de Geografia e Estat\u00edstica (IBGE). No per\u00edodo, o volume de vendas do varejo no estado avan\u00e7ou 11%, resultado superior ao nacional (1,7%) e \u00e0 m\u00e9dia da Regi\u00e3o Nordeste (3,2%). Na compara\u00e7\u00e3o entre maio de 2026 e o mesmo m\u00eas do ano anterior, Pernambuco apresentou crescimento de 7,4%, o segundo maior desempenho entre as unidades da Federa\u00e7\u00e3o e [&hellip;]<\/p>\n","protected":false},"author":2,"featured_media":28038,"comment_status":"open","ping_status":"open","sticky":false,"template":"","format":"standard","meta":{"_jetpack_newsletter_access":"","_jetpack_dont_email_post_to_subs":false,"_jetpack_newsletter_tier_id":0,"_jetpack_memberships_contains_paywalled_content":false,"_jetpack_feature_clip_id":0,"_jetpack_memberships_contains_paid_content":false,"footnotes":"","jetpack_publicize_message":"","jetpack_publicize_feature_enabled":true,"jetpack_social_post_already_shared":true,"jetpack_social_options":{"image_generator_settings":{"template":"highway","default_image_id":0,"font":"","enabled":false},"version":2},"jetpack_post_was_ever_published":false},"categories":[288],"tags":[],"class_list":["post-28037","post","type-post","status-publish","format-standard","has-post-thumbnail","hentry","category-pernambuco"],"aioseo_notices":[],"aioseo_head":"\n\t\t<!-- All in One SEO 4.9.10 - aioseo.com -->\n\t<meta name=\"description\" content=\"Pernambuco registrou o maior crescimento do com\u00e9rcio varejista do pa\u00eds no acumulado de janeiro a maio de 2026 em rela\u00e7\u00e3o ao mesmo per\u00edodo de 2025, de acordo com a Pesquisa Mensal do Com\u00e9rcio (PMC), divulgada pelo Instituto Brasileiro de Geografia e Estat\u00edstica (IBGE). No per\u00edodo, o volume de vendas do varejo no estado avan\u00e7ou 11%,\" \/>\n\t<meta name=\"robots\" content=\"max-image-preview:large\" \/>\n\t<meta name=\"author\" content=\"serrafm87\"\/>\n\t<link rel=\"canonical\" href=\"https:\/\/serrafm879.com.br\/serrafm\/2026\/07\/pernambuco-lidera-crescimento-do-comercio-varejista-no-brasil-em-2026\/\" \/>\n\t<meta name=\"generator\" content=\"All in One SEO (AIOSEO) 4.9.10\" \/>\n\t\t<meta name=\"twitter:card\" content=\"summary_large_image\" \/>\n\t\t<meta name=\"twitter:title\" content=\"Pernambuco lidera crescimento do com\u00e9rcio varejista no Brasil em 2026 - Serra FM 87,9\" \/>\n\t\t<meta name=\"twitter:description\" content=\"Pernambuco registrou o maior crescimento do com\u00e9rcio varejista do pa\u00eds no acumulado de janeiro a maio de 2026 em rela\u00e7\u00e3o ao mesmo per\u00edodo de 2025, de acordo com a Pesquisa Mensal do Com\u00e9rcio (PMC), divulgada pelo Instituto Brasileiro de Geografia e Estat\u00edstica (IBGE). No per\u00edodo, o volume de vendas do varejo no estado avan\u00e7ou 11%,\" \/>\n\t\t<meta name=\"twitter:image\" content=\"https:\/\/serrafm879.com.br\/serrafm\/wp-content\/uploads\/2026\/07\/b6ea1ca0-8e99-4fc6-aee0-a1d2f5ffbef6-1024x684-1.jpeg\" \/>\n\t\t<script type=\"application\/ld+json\" class=\"aioseo-schema\">\n\t\t\t{\"@context\":\"https:\\\/\\\/schema.org\",\"@graph\":[{\"@type\":\"BlogPosting\",\"@id\":\"https:\\\/\\\/serrafm879.com.br\\\/serrafm\\\/2026\\\/07\\\/pernambuco-lidera-crescimento-do-comercio-varejista-no-brasil-em-2026\\\/#blogposting\",\"name\":\"Pernambuco lidera crescimento do com\\u00e9rcio varejista no Brasil em 2026 - Serra FM 87,9\",\"headline\":\"Pernambuco lidera crescimento do com\\u00e9rcio varejista no Brasil em 2026\",\"author\":{\"@id\":\"https:\\\/\\\/serrafm879.com.br\\\/serrafm\\\/author\\\/serrafm87\\\/#author\"},\"publisher\":{\"@id\":\"https:\\\/\\\/serrafm879.com.br\\\/serrafm\\\/#organization\"},\"image\":{\"@type\":\"ImageObject\",\"url\":\"https:\\\/\\\/serrafm879.com.br\\\/serrafm\\\/wp-content\\\/uploads\\\/2026\\\/07\\\/b6ea1ca0-8e99-4fc6-aee0-a1d2f5ffbef6-1024x684-1.jpeg\",\"width\":1024,\"height\":684},\"datePublished\":\"2026-07-17T19:00:41-03:00\",\"dateModified\":\"2026-07-17T19:00:41-03:00\",\"inLanguage\":\"pt-BR\",\"mainEntityOfPage\":{\"@id\":\"https:\\\/\\\/serrafm879.com.br\\\/serrafm\\\/2026\\\/07\\\/pernambuco-lidera-crescimento-do-comercio-varejista-no-brasil-em-2026\\\/#webpage\"},\"isPartOf\":{\"@id\":\"https:\\\/\\\/serrafm879.com.br\\\/serrafm\\\/2026\\\/07\\\/pernambuco-lidera-crescimento-do-comercio-varejista-no-brasil-em-2026\\\/#webpage\"},\"articleSection\":\"Pernambuco\"},{\"@type\":\"BreadcrumbList\",\"@id\":\"https:\\\/\\\/serrafm879.com.br\\\/serrafm\\\/2026\\\/07\\\/pernambuco-lidera-crescimento-do-comercio-varejista-no-brasil-em-2026\\\/#breadcrumblist\",\"itemListElement\":[{\"@type\":\"ListItem\",\"@id\":\"https:\\\/\\\/serrafm879.com.br\\\/serrafm#listItem\",\"position\":1,\"name\":\"Home\",\"item\":\"https:\\\/\\\/serrafm879.com.br\\\/serrafm\",\"nextItem\":{\"@type\":\"ListItem\",\"@id\":\"https:\\\/\\\/serrafm879.com.br\\\/serrafm\\\/categoria\\\/pernambuco\\\/#listItem\",\"name\":\"Pernambuco\"}},{\"@type\":\"ListItem\",\"@id\":\"https:\\\/\\\/serrafm879.com.br\\\/serrafm\\\/categoria\\\/pernambuco\\\/#listItem\",\"position\":2,\"name\":\"Pernambuco\",\"item\":\"https:\\\/\\\/serrafm879.com.br\\\/serrafm\\\/categoria\\\/pernambuco\\\/\",\"nextItem\":{\"@type\":\"ListItem\",\"@id\":\"https:\\\/\\\/serrafm879.com.br\\\/serrafm\\\/2026\\\/07\\\/pernambuco-lidera-crescimento-do-comercio-varejista-no-brasil-em-2026\\\/#listItem\",\"name\":\"Pernambuco lidera crescimento do com\\u00e9rcio varejista no Brasil em 2026\"},\"previousItem\":{\"@type\":\"ListItem\",\"@id\":\"https:\\\/\\\/serrafm879.com.br\\\/serrafm#listItem\",\"name\":\"Home\"}},{\"@type\":\"ListItem\",\"@id\":\"https:\\\/\\\/serrafm879.com.br\\\/serrafm\\\/2026\\\/07\\\/pernambuco-lidera-crescimento-do-comercio-varejista-no-brasil-em-2026\\\/#listItem\",\"position\":3,\"name\":\"Pernambuco lidera crescimento do com\\u00e9rcio varejista no Brasil em 2026\",\"previousItem\":{\"@type\":\"ListItem\",\"@id\":\"https:\\\/\\\/serrafm879.com.br\\\/serrafm\\\/categoria\\\/pernambuco\\\/#listItem\",\"name\":\"Pernambuco\"}}]},{\"@type\":\"Organization\",\"@id\":\"https:\\\/\\\/serrafm879.com.br\\\/serrafm\\\/#organization\",\"name\":\"Serra FM 87,9\",\"description\":\"O seu novo amor!\",\"url\":\"https:\\\/\\\/serrafm879.com.br\\\/serrafm\\\/\"},{\"@type\":\"Person\",\"@id\":\"https:\\\/\\\/serrafm879.com.br\\\/serrafm\\\/author\\\/serrafm87\\\/#author\",\"url\":\"https:\\\/\\\/serrafm879.com.br\\\/serrafm\\\/author\\\/serrafm87\\\/\",\"name\":\"serrafm87\",\"image\":{\"@type\":\"ImageObject\",\"@id\":\"https:\\\/\\\/serrafm879.com.br\\\/serrafm\\\/2026\\\/07\\\/pernambuco-lidera-crescimento-do-comercio-varejista-no-brasil-em-2026\\\/#authorImage\",\"url\":\"https:\\\/\\\/secure.gravatar.com\\\/avatar\\\/a743233f1112d34f48bb3dc9559b76eb930bab8b27175856cba6362608736235?s=96&d=mm&r=g\",\"width\":96,\"height\":96,\"caption\":\"serrafm87\"}},{\"@type\":\"WebPage\",\"@id\":\"https:\\\/\\\/serrafm879.com.br\\\/serrafm\\\/2026\\\/07\\\/pernambuco-lidera-crescimento-do-comercio-varejista-no-brasil-em-2026\\\/#webpage\",\"url\":\"https:\\\/\\\/serrafm879.com.br\\\/serrafm\\\/2026\\\/07\\\/pernambuco-lidera-crescimento-do-comercio-varejista-no-brasil-em-2026\\\/\",\"name\":\"Pernambuco lidera crescimento do com\\u00e9rcio varejista no Brasil em 2026 - Serra FM 87,9\",\"description\":\"Pernambuco registrou o maior crescimento do com\\u00e9rcio varejista do pa\\u00eds no acumulado de janeiro a maio de 2026 em rela\\u00e7\\u00e3o ao mesmo per\\u00edodo de 2025, de acordo com a Pesquisa Mensal do Com\\u00e9rcio (PMC), divulgada pelo Instituto Brasileiro de Geografia e Estat\\u00edstica (IBGE). No per\\u00edodo, o volume de vendas do varejo no estado avan\\u00e7ou 11%,\",\"inLanguage\":\"pt-BR\",\"isPartOf\":{\"@id\":\"https:\\\/\\\/serrafm879.com.br\\\/serrafm\\\/#website\"},\"breadcrumb\":{\"@id\":\"https:\\\/\\\/serrafm879.com.br\\\/serrafm\\\/2026\\\/07\\\/pernambuco-lidera-crescimento-do-comercio-varejista-no-brasil-em-2026\\\/#breadcrumblist\"},\"author\":{\"@id\":\"https:\\\/\\\/serrafm879.com.br\\\/serrafm\\\/author\\\/serrafm87\\\/#author\"},\"creator\":{\"@id\":\"https:\\\/\\\/serrafm879.com.br\\\/serrafm\\\/author\\\/serrafm87\\\/#author\"},\"image\":{\"@type\":\"ImageObject\",\"url\":\"https:\\\/\\\/serrafm879.com.br\\\/serrafm\\\/wp-content\\\/uploads\\\/2026\\\/07\\\/b6ea1ca0-8e99-4fc6-aee0-a1d2f5ffbef6-1024x684-1.jpeg\",\"@id\":\"https:\\\/\\\/serrafm879.com.br\\\/serrafm\\\/2026\\\/07\\\/pernambuco-lidera-crescimento-do-comercio-varejista-no-brasil-em-2026\\\/#mainImage\",\"width\":1024,\"height\":684},\"primaryImageOfPage\":{\"@id\":\"https:\\\/\\\/serrafm879.com.br\\\/serrafm\\\/2026\\\/07\\\/pernambuco-lidera-crescimento-do-comercio-varejista-no-brasil-em-2026\\\/#mainImage\"},\"datePublished\":\"2026-07-17T19:00:41-03:00\",\"dateModified\":\"2026-07-17T19:00:41-03:00\"},{\"@type\":\"WebSite\",\"@id\":\"https:\\\/\\\/serrafm879.com.br\\\/serrafm\\\/#website\",\"url\":\"https:\\\/\\\/serrafm879.com.br\\\/serrafm\\\/\",\"name\":\"Serra FM 87,9\",\"description\":\"O seu novo amor!\",\"inLanguage\":\"pt-BR\",\"publisher\":{\"@id\":\"https:\\\/\\\/serrafm879.com.br\\\/serrafm\\\/#organization\"}}]}\n\t\t<\/script>\n\t\t<!-- All in One SEO -->\n\n","aioseo_head_json":{"title":"Pernambuco lidera crescimento do com\u00e9rcio varejista no Brasil em 2026 - Serra FM 87,9","description":"Pernambuco registrou o maior crescimento do com\u00e9rcio varejista do pa\u00eds no acumulado de janeiro a maio de 2026 em rela\u00e7\u00e3o ao mesmo per\u00edodo de 2025, de acordo com a Pesquisa Mensal do Com\u00e9rcio (PMC), divulgada pelo Instituto Brasileiro de Geografia e Estat\u00edstica (IBGE). No per\u00edodo, o volume de vendas do varejo no estado avan\u00e7ou 11%,","canonical_url":"https:\/\/serrafm879.com.br\/serrafm\/2026\/07\/pernambuco-lidera-crescimento-do-comercio-varejista-no-brasil-em-2026\/","robots":"max-image-preview:large","keywords":"","webmasterTools":{"miscellaneous":""},"schema":{"@context":"https:\/\/schema.org","@graph":[{"@type":"BlogPosting","@id":"https:\/\/serrafm879.com.br\/serrafm\/2026\/07\/pernambuco-lidera-crescimento-do-comercio-varejista-no-brasil-em-2026\/#blogposting","name":"Pernambuco lidera crescimento do com\u00e9rcio varejista no Brasil em 2026 - Serra FM 87,9","headline":"Pernambuco lidera crescimento do com\u00e9rcio varejista no Brasil em 2026","author":{"@id":"https:\/\/serrafm879.com.br\/serrafm\/author\/serrafm87\/#author"},"publisher":{"@id":"https:\/\/serrafm879.com.br\/serrafm\/#organization"},"image":{"@type":"ImageObject","url":"https:\/\/serrafm879.com.br\/serrafm\/wp-content\/uploads\/2026\/07\/b6ea1ca0-8e99-4fc6-aee0-a1d2f5ffbef6-1024x684-1.jpeg","width":1024,"height":684},"datePublished":"2026-07-17T19:00:41-03:00","dateModified":"2026-07-17T19:00:41-03:00","inLanguage":"pt-BR","mainEntityOfPage":{"@id":"https:\/\/serrafm879.com.br\/serrafm\/2026\/07\/pernambuco-lidera-crescimento-do-comercio-varejista-no-brasil-em-2026\/#webpage"},"isPartOf":{"@id":"https:\/\/serrafm879.com.br\/serrafm\/2026\/07\/pernambuco-lidera-crescimento-do-comercio-varejista-no-brasil-em-2026\/#webpage"},"articleSection":"Pernambuco"},{"@type":"BreadcrumbList","@id":"https:\/\/serrafm879.com.br\/serrafm\/2026\/07\/pernambuco-lidera-crescimento-do-comercio-varejista-no-brasil-em-2026\/#breadcrumblist","itemListElement":[{"@type":"ListItem","@id":"https:\/\/serrafm879.com.br\/serrafm#listItem","position":1,"name":"Home","item":"https:\/\/serrafm879.com.br\/serrafm","nextItem":{"@type":"ListItem","@id":"https:\/\/serrafm879.com.br\/serrafm\/categoria\/pernambuco\/#listItem","name":"Pernambuco"}},{"@type":"ListItem","@id":"https:\/\/serrafm879.com.br\/serrafm\/categoria\/pernambuco\/#listItem","position":2,"name":"Pernambuco","item":"https:\/\/serrafm879.com.br\/serrafm\/categoria\/pernambuco\/","nextItem":{"@type":"ListItem","@id":"https:\/\/serrafm879.com.br\/serrafm\/2026\/07\/pernambuco-lidera-crescimento-do-comercio-varejista-no-brasil-em-2026\/#listItem","name":"Pernambuco lidera crescimento do com\u00e9rcio varejista no Brasil em 2026"},"previousItem":{"@type":"ListItem","@id":"https:\/\/serrafm879.com.br\/serrafm#listItem","name":"Home"}},{"@type":"ListItem","@id":"https:\/\/serrafm879.com.br\/serrafm\/2026\/07\/pernambuco-lidera-crescimento-do-comercio-varejista-no-brasil-em-2026\/#listItem","position":3,"name":"Pernambuco lidera crescimento do com\u00e9rcio varejista no Brasil em 2026","previousItem":{"@type":"ListItem","@id":"https:\/\/serrafm879.com.br\/serrafm\/categoria\/pernambuco\/#listItem","name":"Pernambuco"}}]},{"@type":"Organization","@id":"https:\/\/serrafm879.com.br\/serrafm\/#organization","name":"Serra FM 87,9","description":"O seu novo amor!","url":"https:\/\/serrafm879.com.br\/serrafm\/"},{"@type":"Person","@id":"https:\/\/serrafm879.com.br\/serrafm\/author\/serrafm87\/#author","url":"https:\/\/serrafm879.com.br\/serrafm\/author\/serrafm87\/","name":"serrafm87","image":{"@type":"ImageObject","@id":"https:\/\/serrafm879.com.br\/serrafm\/2026\/07\/pernambuco-lidera-crescimento-do-comercio-varejista-no-brasil-em-2026\/#authorImage","url":"https:\/\/secure.gravatar.com\/avatar\/a743233f1112d34f48bb3dc9559b76eb930bab8b27175856cba6362608736235?s=96&d=mm&r=g","width":96,"height":96,"caption":"serrafm87"}},{"@type":"WebPage","@id":"https:\/\/serrafm879.com.br\/serrafm\/2026\/07\/pernambuco-lidera-crescimento-do-comercio-varejista-no-brasil-em-2026\/#webpage","url":"https:\/\/serrafm879.com.br\/serrafm\/2026\/07\/pernambuco-lidera-crescimento-do-comercio-varejista-no-brasil-em-2026\/","name":"Pernambuco lidera crescimento do com\u00e9rcio varejista no Brasil em 2026 - Serra FM 87,9","description":"Pernambuco registrou o maior crescimento do com\u00e9rcio varejista do pa\u00eds no acumulado de janeiro a maio de 2026 em rela\u00e7\u00e3o ao mesmo per\u00edodo de 2025, de acordo com a Pesquisa Mensal do Com\u00e9rcio (PMC), divulgada pelo Instituto Brasileiro de Geografia e Estat\u00edstica (IBGE). No per\u00edodo, o volume de vendas do varejo no estado avan\u00e7ou 11%,","inLanguage":"pt-BR","isPartOf":{"@id":"https:\/\/serrafm879.com.br\/serrafm\/#website"},"breadcrumb":{"@id":"https:\/\/serrafm879.com.br\/serrafm\/2026\/07\/pernambuco-lidera-crescimento-do-comercio-varejista-no-brasil-em-2026\/#breadcrumblist"},"author":{"@id":"https:\/\/serrafm879.com.br\/serrafm\/author\/serrafm87\/#author"},"creator":{"@id":"https:\/\/serrafm879.com.br\/serrafm\/author\/serrafm87\/#author"},"image":{"@type":"ImageObject","url":"https:\/\/serrafm879.com.br\/serrafm\/wp-content\/uploads\/2026\/07\/b6ea1ca0-8e99-4fc6-aee0-a1d2f5ffbef6-1024x684-1.jpeg","@id":"https:\/\/serrafm879.com.br\/serrafm\/2026\/07\/pernambuco-lidera-crescimento-do-comercio-varejista-no-brasil-em-2026\/#mainImage","width":1024,"height":684},"primaryImageOfPage":{"@id":"https:\/\/serrafm879.com.br\/serrafm\/2026\/07\/pernambuco-lidera-crescimento-do-comercio-varejista-no-brasil-em-2026\/#mainImage"},"datePublished":"2026-07-17T19:00:41-03:00","dateModified":"2026-07-17T19:00:41-03:00"},{"@type":"WebSite","@id":"https:\/\/serrafm879.com.br\/serrafm\/#website","url":"https:\/\/serrafm879.com.br\/serrafm\/","name":"Serra FM 87,9","description":"O seu novo amor!","inLanguage":"pt-BR","publisher":{"@id":"https:\/\/serrafm879.com.br\/serrafm\/#organization"}}]},"twitter:card":"summary_large_image","twitter:title":"Pernambuco lidera crescimento do com\u00e9rcio varejista no Brasil em 2026 - Serra FM 87,9","twitter:description":"Pernambuco registrou o maior crescimento do com\u00e9rcio varejista do pa\u00eds no acumulado de janeiro a maio de 2026 em rela\u00e7\u00e3o ao mesmo per\u00edodo de 2025, de acordo com a Pesquisa Mensal do Com\u00e9rcio (PMC), divulgada pelo Instituto Brasileiro de Geografia e Estat\u00edstica (IBGE). No per\u00edodo, o volume de vendas do varejo no estado avan\u00e7ou 11%,","twitter:image":"https:\/\/serrafm879.com.br\/serrafm\/wp-content\/uploads\/2026\/07\/b6ea1ca0-8e99-4fc6-aee0-a1d2f5ffbef6-1024x684-1.jpeg"},"aioseo_meta_data":{"post_id":"28037","title":null,"description":null,"keywords":null,"keyphrases":null,"primary_term":null,"canonical_url":null,"og_title":null,"og_description":null,"og_object_type":"default","og_image_type":"default","og_image_custom_url":null,"og_image_custom_fields":null,"og_image_url":null,"og_image_width":null,"og_image_height":null,"og_video":null,"og_custom_url":null,"og_article_section":null,"og_article_tags":null,"twitter_use_og":false,"twitter_card":"default","twitter_image_type":"default","twitter_image_custom_url":null,"twitter_image_custom_fields":null,"twitter_image_url":null,"twitter_title":null,"twitter_description":null,"schema_type":"default","schema_type_options":null,"schema":{"blockGraphs":[],"customGraphs":[],"default":{"data":{"Article":[],"Course":[],"Dataset":[],"FAQPage":[],"Movie":[],"Person":[],"Product":[],"ProductReview":[],"Car":[],"Recipe":[],"Service":[],"SoftwareApplication":[],"WebPage":[]},"graphName":"","isEnabled":true},"graphs":[]},"pillar_content":false,"robots_default":true,"robots_noindex":false,"robots_noarchive":false,"robots_nosnippet":false,"robots_nofollow":false,"robots_noimageindex":false,"robots_noodp":false,"robots_notranslate":false,"robots_max_snippet":null,"robots_max_videopreview":null,"robots_max_imagepreview":"large","priority":null,"frequency":null,"local_seo":null,"limit_modified_date":false,"ai":null,"breadcrumb_settings":null,"seo_analyzer_scan_date":null,"created":"2026-07-21 20:59:51","updated":"2026-07-21 20:59:51"},"aioseo_breadcrumb":"<div class=\"aioseo-breadcrumbs\"><span class=\"aioseo-breadcrumb\">\n\t\t\t<a href=\"https:\/\/serrafm879.com.br\/serrafm\" title=\"Home\">Home<\/a>\n\t\t<\/span><span class=\"aioseo-breadcrumb-separator\">&raquo;<\/span><span class=\"aioseo-breadcrumb\">\n\t\t\t<a href=\"https:\/\/serrafm879.com.br\/serrafm\/categoria\/pernambuco\/\" title=\"Pernambuco\">Pernambuco<\/a>\n\t\t<\/span><span class=\"aioseo-breadcrumb-separator\">&raquo;<\/span><span class=\"aioseo-breadcrumb\">\n\t\t\tPernambuco lidera crescimento do com\u00e9rcio varejista no Brasil em 2026\n\t\t<\/span><\/div>","aioseo_breadcrumb_json":[{"label":"Home","link":"https:\/\/serrafm879.com.br\/serrafm"},{"label":"Pernambuco","link":"https:\/\/serrafm879.com.br\/serrafm\/categoria\/pernambuco\/"},{"label":"Pernambuco lidera crescimento do com\u00e9rcio varejista no Brasil em 2026","link":"https:\/\/serrafm879.com.br\/serrafm\/2026\/07\/pernambuco-lidera-crescimento-do-comercio-varejista-no-brasil-em-2026\/"}],"jetpack_publicize_connections":[],"jetpack_featured_media_url":"https:\/\/serrafm879.com.br\/serrafm\/wp-content\/uploads\/2026\/07\/b6ea1ca0-8e99-4fc6-aee0-a1d2f5ffbef6-1024x684-1.jpeg","jetpack_shortlink":"https:\/\/wp.me\/p7HyXg-7id","jetpack_sharing_enabled":true,"_links":{"self":[{"href":"https:\/\/serrafm879.com.br\/serrafm\/wp-json\/wp\/v2\/posts\/28037","targetHints":{"allow":["GET"]}}],"collection":[{"href":"https:\/\/serrafm879.com.br\/serrafm\/wp-json\/wp\/v2\/posts"}],"about":[{"href":"https:\/\/serrafm879.com.br\/serrafm\/wp-json\/wp\/v2\/types\/post"}],"author":[{"embeddable":true,"href":"https:\/\/serrafm879.com.br\/serrafm\/wp-json\/wp\/v2\/users\/2"}],"replies":[{"embeddable":true,"href":"https:\/\/serrafm879.com.br\/serrafm\/wp-json\/wp\/v2\/comments?post=28037"}],"version-history":[{"count":1,"href":"https:\/\/serrafm879.com.br\/serrafm\/wp-json\/wp\/v2\/posts\/28037\/revisions"}],"predecessor-version":[{"id":28039,"href":"https:\/\/serrafm879.com.br\/serrafm\/wp-json\/wp\/v2\/posts\/28037\/revisions\/28039"}],"wp:featuredmedia":[{"embeddable":true,"href":"https:\/\/serrafm879.com.br\/serrafm\/wp-json\/wp\/v2\/media\/28038"}],"wp:attachment":[{"href":"https:\/\/serrafm879.com.br\/serrafm\/wp-json\/wp\/v2\/media?parent=28037"}],"wp:term":[{"taxonomy":"category","embeddable":true,"href":"https:\/\/serrafm879.com.br\/serrafm\/wp-json\/wp\/v2\/categories?post=28037"},{"taxonomy":"post_tag","embeddable":true,"href":"https:\/\/serrafm879.com.br\/serrafm\/wp-json\/wp\/v2\/tags?post=28037"}],"curies":[{"name":"wp","href":"https:\/\/api.w.org\/{rel}","templated":true}]}}